{"id":12086,"date":"2009-02-23T22:30:13","date_gmt":"2009-02-23T21:30:13","guid":{"rendered":"http:\/\/www.visit-ulcinj.com\/blog\/?p=12086"},"modified":"2009-02-23T23:19:25","modified_gmt":"2009-02-23T22:19:25","slug":"amir-hollaj-strategjia-per-pushtet-do-te-ju-coje-ne-fiasko-politike","status":"publish","type":"post","link":"https:\/\/www.visit-ulcinj.com\/blog\/2009\/02\/23\/amir-hollaj-strategjia-per-pushtet-do-te-ju-coje-ne-fiasko-politike\/","title":{"rendered":"Amir Hollaj: Strategjia p\u00ebr pushtet do t\u00eb ju \u00e7oj\u00eb n\u00eb fiasko politike"},"content":{"rendered":"<p><strong><a href=\"http:\/\/www.visit-ulcinj.com\/blog\/wp-content\/uploads\/2009\/02\/ppd-ja_amir-holli.jpg\"><img loading=\"lazy\" class=\"alignleft size-full wp-image-12087\" title=\"ppd-ja_amir-holli\" src=\"http:\/\/www.visit-ulcinj.com\/blog\/wp-content\/uploads\/2009\/02\/ppd-ja_amir-holli.jpg\" alt=\"ppd-ja_amir-holli\" width=\"570\" height=\"329\" srcset=\"https:\/\/www.visit-ulcinj.com\/blog\/wp-content\/uploads\/2009\/02\/ppd-ja_amir-holli.jpg 570w, https:\/\/www.visit-ulcinj.com\/blog\/wp-content\/uploads\/2009\/02\/ppd-ja_amir-holli-300x173.jpg 300w\" sizes=\"(max-width: 570px) 100vw, 570px\" \/><\/a>Reagim:<\/strong><br \/>\nS\u00eb pari k\u00ebrkoi ndjes\u00eb lexuesve q\u00eb p\u00ebrmes k\u00ebtij reagimi duhet t`ju drejtohem 2\/3 t\u00eb an\u00ebtar\u00ebve t\u00eb K\u00ebshillit Drejtues te Partis\u00eb s\u00eb Prosperitetit Demokratik, mir\u00ebpo k\u00ebt\u00eb nuk e b\u00ebj p\u00ebr hir t\u00eb tyre por p\u00ebr hir t\u00eb s\u00eb v\u00ebrtet\u00ebs dhe q\u00eb an\u00ebtar\u00ebve dhe votuesve t\u00eb PPD-s\u00eb, por dhe mbar\u00eb opinionit shqip\u00ebtar t\u2019u sqaroj dhe t`i njoftoj me t\u00eb pav\u00ebrtetat dhe q\u00ebndrimet q\u00ebllimk\u00ebqia t\u00eb 2\/3 t\u00eb K\u00ebshillit drejtues t\u00eb PPD-s\u00eb, e qe nuk bazohen ne Statutin e PPD-se.<br \/>\nN\u00eb tekstin e lartpermendur t\u00eb n\u00ebnshkruar nga n\u00ebnkryetari i PPD-s\u00eb z. Taipi i cili nj\u00ebherit \u00ebsht\u00eb dhe ushtrues detyre i Drejtorit (n\u00eb baz\u00eb t\u00eb marrveshjes s\u00eb 3 k\u00ebshilltareve t\u00eb PPD-s\u00eb dhe koalicionit \u201cP\u00ebr Ulqinin Evropian\u201d), n\u00eb nd\u00ebrmarrjen p\u00ebr Urbaniz\u00ebm, Projektim dhe Mbikqyrje \u201cUPIN\u201d, n\u00eb lidhje me q\u00ebndrimin e 2\/3 t\u00eb antar\u00ebve t\u00eb KD-es ku thuhet q\u00eb sipas nenit 30 t\u00eb statutit t\u00eb partis\u00eb\u201d Kryetarit Hollaj i merret e drejta p\u00ebr p\u00ebrfaq\u00ebsim\u201d si dhe i ndalohet q\u00eb t\u00eb b\u00ebj bisedime me \u201cpartit\u00eb shqiptare\u201d, tregon qart\u00eb q\u00eb gjat\u00eb p\u00ebrpilimit t\u00eb k\u00ebsaj kumtese nuk kan\u00eb patur p\u00ebrpara Statutin e partis\u00eb t\u00eb cil\u00ebs i p\u00ebrkasin, pasi q\u00eb statuti valid i PPD-s\u00eb nuk p\u00ebrmban nenin 30 dhe n\u00eb an\u00ebn tjet\u00ebr n\u00eb asnj\u00eb nen t\u00eb Statutit nuk ekziston asnj\u00eb nen e as aline q\u00eb kryetarit t\u00eb nj\u00eb partie nacionali shqiptare si\u00e7 \u00ebsht\u00eb PPD, t`i merret e drejta t\u00eb bisedoj\u00eb me parti shqiptare.<br \/>\nQ\u00ebndron fakti q\u00eb 2\/3 e KD-s\u00eb s`kan; t\u00eb drejt\u00eb t\u00eb inicojn\u00eb mbledhje t\u00eb KD-s\u00eb apo me votat e 2\/3 t\u00eb marrin vendim p\u00ebr mbajtjen e Kongresit t\u00eb partis\u00eb, por t\u00eb gjitha k\u00ebto n\u00ebse ma par\u00eb ia kan\u00eb ofruar Kryetarit t\u00eb Partis dhe t\u00eb gjith\u00eb antar\u00ebve t\u00eb KD-s\u00eb,dhe n\u00ebse ai nuk e pranon, \u00e7ka nuk ka ndodhur, pasi q\u00eb zot\u00ebrinjt\u00eb t\u00eb cil\u00ebt deklarohen p\u00ebrms z.Taipi nuk e pat\u00ebn guximin q\u00eb t`i b\u00ebjn\u00eb publike ato n\u00ebnshkrime as p\u00ebrpara partis por as n\u00eb massmedia, v\u00eb n\u00eb dyshim q\u00ebndrimet p\u00ebr q\u00ebllimet jo t\u00eb mira t\u00eb tyre. Q\u00ebndron fakti q\u00eb nga momenti i zgjedhjes sime p\u00ebr kryetar t\u00eb PPD-s\u00eb n\u00eb Kongresin e III-te, nj\u00eb pjes\u00eb mbeti e pak\u00ebnaqur, edhe pse nuk kishte nevoj\u00eb p\u00ebr nj\u00eb gj\u00eb t\u00eb till\u00eb, dhe pasi q\u00eb 3 k\u00ebshilltar\u00ebt e PPD-s\u00eb i b\u00ebn shumic\u00ebn n\u00eb Kuvendin Komunal koalicionit p\u00ebr \u201cUlqinin Evropian\u201dUDSH-PDS-PSD\u201d, me t\u00eb cilin veprim b\u00ebn shkeljen e Statutit t\u00eb Partis\u00eb, dhe kur nj\u00eb pjes\u00eb e mir\u00eb e antar\u00ebve t\u00eb K\u00ebshillit drejtues pa q\u00ebndrim t\u00eb mir\u00ebfillt\u00eb partiak b\u00ebn\u00eb ndarjen e posteve dhe foteleve per interesesa t\u00eb ngushta, filluan dhe me k\u00ebrc\u00ebnimet me 2\/3 &#8211; shumic\u00ebs n\u00eb KD te PPD-se, e q\u00eb n\u00eb fakt kurr\u00eb nuk i ofruan publikisht n\u00eb mbledhjet e mbajtura n\u00eb Parti, \u00e7ka l\u00eb dhe dyshimin q\u00eb me nj\u00eb pjes\u00eb t\u00eb n\u00ebnshkrimeve manipulohet.<br \/>\nT\u00eb thirren n\u00eb tubimin e mbajtur n\u00eb Kat\u00ebrkoll\u00eb t\u00eb An\u00ebs s\u00eb Malit n\u00eb lidhje me gjetjen e strategjis\u00eb p\u00ebr arritjen e deputetit t\u00eb k\u00ebsaj treve i cili mund t\u00eb jet\u00eb vet\u00ebm nj\u00eb aleanc\u00eb \u2013l\u00ebvizjeje e re dhe q\u00ebllimmir\u00eb, q\u00eb Kryetari i PPD-s\u00eb ka l\u00ebshuar partin\u00eb, \u00ebsht\u00eb apsurditeti m\u00eb i madh, apo m\u00eb mir\u00eb t\u00eb themi tragjikomedia m\u00eb e madhe, sepse dhe vet\u00eb nj\u00ebri prej personave q\u00eb kan\u00eb inicuar k\u00ebt\u00eb q\u00ebndrim t\u00eb 2\/3 t\u00eb KD, dit\u00eb m\u00eb par\u00eb n\u00eb mediat e shkruara Malazeze (si\u00e7 duket k\u00ebt\u00eb e preferojn\u00eb m\u00eb s\u00eb shumti koh\u00ebn e fundit) e jep nj\u00eb propozim q\u00eb bashk\u00ebpunimi n\u00eb mes t\u00eb PPD-s\u00eb, BDSH-s\u00eb si dhe deg\u00ebs s\u00eb LD n\u00eb MZ dhe intelektual\u00ebve t\u00eb pavarur mund t\u00eb jet\u00eb fitimprur\u00ebs, nd\u00ebrsa n\u00eb an\u00ebn tjeter t\u00eb bijn\u00eb vendime jostatutare, nuk m\u00eb l\u00eb t\u00eb mendoj asgj\u00eb tjet\u00ebr, vet\u00ebm at\u00eb q\u00eb nuk jan\u00eb aspak serioz\u00eb dhe lojal n\u00eb fjal\u00ebt dhe veprimet e tyre. T\u00eb thirren sot pas 3 viteve t\u00eb Referendumit p\u00ebr Pavar\u00ebsin\u00eb e Malit t\u00eb Zi, apo n\u00eb Pavar\u00ebsin\u00eb e Kosov\u00ebs e cila dje festoi nj\u00ebvjetorin e saj, nuk \u00ebsht\u00eb asgj\u00eb tjet\u00ebr vet\u00ebm nj\u00eb m\u00ebnyr\u00eb e d\u00ebshtur q\u00eb t\u00eb manipulohet me qytetar\u00eb.<br \/>\nT\u00eb kemi t\u00eb qart q\u00eb disa individ\u00eb t\u00eb KD-s\u00eb dhe funksionar\u00eb t\u00eb lart\u00eb n\u00eb Kuvendin komunal t\u00eb Ulqinit q\u00eb nj\u00eb koh\u00eb t\u00eb gjat\u00eb manipulojn\u00eb n\u00eb mediat e shkruara malazez m\u00eb emrin tim dhe me at\u00eb q\u00eb kam \u201cdh\u00ebn\u00eb dor\u00ebheqje\u201d e deri n\u00eb at\u00eb q\u00eb t\u00eb m\u00eb \u201ck\u00ebrc\u00ebnohen\u201d se do t\u00eb m\u00eb nd\u00ebrrojn-shkarkojn\u00eb nga posti i Kryetarit t\u00eb partis\u00eb (thua se partia \u00ebsht\u00eb pron\u00eb private), nuk e kam par\u00eb asnj\u00ebher\u00eb t\u00eb nevojshme t\u00eb reagoj sepse e kam kuptuar q\u00eb e kan\u00eb t\u00eb nevojshme t\u00eb jen\u00eb n\u00eb mediat e shkruara Malazeze, dhe n\u00eb asnj\u00eb moment nuk e kam kuptuar q\u00eb i drejtohen elektoratit shqiptar apo dhe m\u00eb qart\u00eb votuesve dhe an\u00ebtar\u00ebve t\u00eb PPD-s\u00eb, pasi q\u00eb gjuha amtare e tyre \u00ebsht\u00eb gjuha shqipe, por e kam kuptuar si nj\u00eb nevoj\u00eb personale t\u00eb tyre q\u00eb t\u00eb jen\u00eb n\u00eb ato media dhe t\u00eb arsytojn\u00eb lojalitetin ndaj partis\u00eb n\u00eb pushtet (edhe pse nuk mendoj n\u00eb asnj\u00eb moment q\u00eb dikush e k\u00ebrkon nj\u00eb gj\u00eb t\u00eb till\u00eb nga k\u00ebto persona)<br \/>\nP\u00ebr fund do ju drejtohem 2\/3 t\u00eb an\u00ebtar\u00ebve t\u00eb k\u00ebshillit drejtues q\u00eb t\u00eb mos b\u00ebhemi persona mediatik\u00eb tragjikomik, dhe t\u00eb shkojm\u00eb dhe deri atje q\u00eb t\u00eb k\u00ebrcenojm\u00eb dhe me organet shtet\u00ebrore, ndoshta k\u00ebt\u00eb t\u00eb drejt ua jep pozita n\u00eb t\u00eb cil\u00ebn ndodhen, por n\u00eb asnj\u00eb moment jo Statuti partiak, dhe q\u00eb mos t\u00eb n\u00ebnvlersojn\u00eb dhe partner\u00ebt e tyre t\u00eb koalicionit sepsa jan\u00eb parti serioze, dhe ju lus publikisht q\u00eb disa nga Ju t\u00eb mos keqp\u00ebrdorin postet dhe pozitat n\u00eb t\u00eb cilat ndodhen, kryetar apo drejtor, si dhe mjetet financiare t\u00eb nd\u00ebrmarrjeve p\u00ebr promovime personale, t\u00eb cilat i ushtroni n\u00eb pushtetin lokal, sepse me keqp\u00ebrdorimin e k\u00ebtyre pozitave do degradoni pushtetin dhe s\u00eb fundi q\u00eb t\u00eb zgjidhni problemin dhe hutin\u00eb t\u00eb cil\u00ebn e keni krijuar te votuesit e PPD-s\u00eb duke vepruar jasht\u00eb \u00e7do norme etike dhe politike t`i kthehen seriozitetit dhe politik\u00ebs s\u00eb zyrave e jo t\u00eb kafeneve dhe t\u00eb gjitha ato q\u00eb i kan\u00eb th\u00ebn\u00eb n\u00eb media, t`i shtrojm\u00eb n\u00eb m\u00ebnyr\u00eb serioze dhe statutare n\u00eb zyrat e PPD-s\u00eb dhe n\u00eb baz\u00eb t\u00eb 2\/3 t\u00eb n\u00ebnshkrimeve, por me siguri dhe t\u00eb atyre jasht k\u00ebsaj shumice interesi. Un\u00eb si Kryetar aktual i PPD-s\u00eb dhe ju si an\u00ebtar\u00eb t\u00eb KD-s\u00eb, t\u00eb dalur nga i nj\u00ebjti Kongres \u2013si organi m\u00eb i lart\u00eb partiak, t\u00eb b\u00ebjm\u00eb p\u00ebrpjekje q\u00eb t\u00eb organizojm\u00eb at\u00eb \u00e7ka ju k\u00ebrkoni, dhe un\u00eb delegat\u00ebve t\u00eb Kongresit t`ua ofroj postin q\u00eb ma kan\u00eb besuar ata dhe jo Ju zot\u00ebrinj.<br \/>\nN\u00ebse n\u00eb veprimet Tuaja keni parasysh vet\u00ebm ruajtjen e pozitave t\u00eb cilat sot i keni dhe i mbuloni at\u00ebher\u00eb nuk m\u00eb mbetet asgj\u00eb tjet\u00ebr t\u00eb ju them p\u00ebrve\u00e7 q\u00eb \u201cStrategjia vet\u00ebm dhe vet\u00ebm q\u00eb t\u00eb vini apo t\u00eb rrini n\u00eb pushtet nuk \u00ebsht\u00eb starategji largpam\u00ebse dhe afatgjat\u00eb, por \u00ebsht\u00eb strategji e cila shum\u00eb shpejt do t\u00eb ju \u00e7oij\u00eb n\u00eb fiasko politik!!!!<br \/>\nVet\u00ebm dhe vet\u00ebm q\u00ebndrimet t\u00eb cilat do t\u00eb merren n\u00eb mbledhjet legjitime t\u00eb Partis\u00eb do t\u00eb jen\u00eb statutare, vet\u00ebm thirrja e ndergjegjes q\u00eb t\u00eb mos n\u00ebn\u00e7mojm\u00eb dhe manipulojm\u00eb me votues \u00ebsht\u00eb n\u00eb vij\u00ebn partiake. T\u00eb gjitha veprimet e tjera t\u00eb cilat po i b\u00ebni nuk do jen\u00eb asgj\u00eb tjet\u00ebr vet\u00ebm veprim i juaji p\u00ebr t\u00eb krijuar \u201dParti t\u00eb re\u201d-p\u00ebr interesa personale, p\u00ebr \u00e7ka un\u00eb mendoj q\u00eb ka kaluar koha. Nuk ka m\u00eb nevoj\u00eb p\u00ebr p\u00ebr\u00e7arje t\u00eb m\u00ebtutjeshme t\u00eb trupit zgjedhor t\u00eb shqip\u00ebtar\u00ebve n\u00eb p\u00ebrgjith\u00ebsi dhe t\u00eb Anamal\u00ebsve n\u00eb ve\u00e7anti. Koha \u00ebsht\u00eb p\u00ebr bashk\u00ebpunim dhe tejkalim t\u00eb inateve personale dhe ripozicionim t\u00eb p\u00ebrbashk\u00ebt t\u00eb subjekteve politike shqiptare cilatdo qofshin ato, n\u00ebse q\u00ebllim i formimit \u2013ekzistimit t\u00eb tyre \u00ebsht\u00eb ruajtjen e identitetit, inkuadrimin dhe mbrojtja e t\u00eb mirave t\u00eb p\u00ebrgjith\u00ebshme p\u00ebr shqiptaret. Kur t\u00eb m\u00ebsojm\u00eb t\u00eb \u00e7mojm\u00eb vetveten-votuesit tan, at\u00ebher\u00eb do t\u00eb m\u00ebsojm\u00eb dhe t\u00eb tjer\u00ebt t\u00eb na \u00e7mojn\u00eb dhe respektojn\u00eb.<\/p>\n<p><strong>Kryetari i PPD-s\u00eb<\/strong><\/p>\n<p><strong>Amir Hollaj<br \/>\nKoha Javore<\/strong><\/p>\n","protected":false},"excerpt":{"rendered":"<p>Reagim: S\u00eb pari k\u00ebrkoi ndjes\u00eb lexuesve q\u00eb p\u00ebrmes k\u00ebtij reagimi duhet t`ju drejtohem 2\/3 t\u00eb an\u00ebtar\u00ebve t\u00eb K\u00ebshillit Drejtues te Partis\u00eb s\u00eb Prosperitetit Demokratik, mir\u00ebpo k\u00ebt\u00eb nuk e b\u00ebj p\u00ebr hir t\u00eb tyre por p\u00ebr hir t\u00eb s\u00eb v\u00ebrtet\u00ebs dhe q\u00eb an\u00ebtar\u00ebve dhe votuesve t\u00eb PPD-s\u00eb, por dhe mbar\u00eb opinionit shqip\u00ebtar t\u2019u sqaroj dhe t`i [&hellip;]<\/p>\n","protected":false},"author":1,"featured_media":0,"comment_status":"open","ping_status":"closed","sticky":false,"template":"","format":"standard","meta":{"spay_email":"","jetpack_publicize_message":"","jetpack_is_tweetstorm":false,"jetpack_publicize_feature_enabled":true},"categories":[13],"tags":[7101,1303,7100,7095,7097,7102,7096,7099,7098],"jetpack_publicize_connections":[],"yoast_head":"<!-- This site is optimized with the Yoast SEO plugin v19.1 - https:\/\/yoast.com\/wordpress\/plugins\/seo\/ -->\n<title>Amir Hollaj: Strategjia p\u00ebr pushtet do t\u00eb ju \u00e7oj\u00eb n\u00eb fiasko politike - Lajme nga Ulqini<\/title>\n<meta name=\"description\" content=\"Reagim: S\u00eb pari k\u00ebrkoi ndjes\u00eb lexuesve q\u00eb p\u00ebrmes k\u00ebtij reagimi duhet t`ju drejtohem 2\/3 t\u00eb an\u00ebtar\u00ebve t\u00eb K\u00ebshillit Drejtues te Partis\u00eb s\u00eb Prosperitetit\" \/>\n<meta name=\"robots\" content=\"index, follow, max-snippet:-1, max-image-preview:large, max-video-preview:-1\" \/>\n<link rel=\"canonical\" href=\"https:\/\/www.visit-ulcinj.com\/blog\/2009\/02\/23\/amir-hollaj-strategjia-per-pushtet-do-te-ju-coje-ne-fiasko-politike\/\" \/>\n<meta property=\"og:locale\" content=\"en_US\" \/>\n<meta property=\"og:type\" content=\"article\" \/>\n<meta property=\"og:title\" content=\"Amir Hollaj: Strategjia p\u00ebr pushtet do t\u00eb ju \u00e7oj\u00eb n\u00eb fiasko politike - Lajme nga Ulqini\" \/>\n<meta property=\"og:description\" content=\"Reagim: S\u00eb pari k\u00ebrkoi ndjes\u00eb lexuesve q\u00eb p\u00ebrmes k\u00ebtij reagimi duhet t`ju drejtohem 2\/3 t\u00eb an\u00ebtar\u00ebve t\u00eb K\u00ebshillit Drejtues te Partis\u00eb s\u00eb Prosperitetit\" \/>\n<meta property=\"og:url\" content=\"https:\/\/www.visit-ulcinj.com\/blog\/2009\/02\/23\/amir-hollaj-strategjia-per-pushtet-do-te-ju-coje-ne-fiasko-politike\/\" \/>\n<meta property=\"og:site_name\" content=\"Lajme nga Ulqini\" \/>\n<meta property=\"article:published_time\" content=\"2009-02-23T21:30:13+00:00\" \/>\n<meta property=\"article:modified_time\" content=\"2009-02-23T22:19:25+00:00\" \/>\n<meta property=\"og:image\" content=\"http:\/\/www.visit-ulcinj.com\/blog\/wp-content\/uploads\/2009\/02\/ppd-ja_amir-holli.jpg\" \/>\n<meta name=\"twitter:label1\" content=\"Written by\" \/>\n\t<meta name=\"twitter:data1\" content=\"ulqini\" \/>\n\t<meta name=\"twitter:label2\" content=\"Est. reading time\" \/>\n\t<meta name=\"twitter:data2\" content=\"7 minutes\" \/>\n<script type=\"application\/ld+json\" class=\"yoast-schema-graph\">{\"@context\":\"https:\/\/schema.org\",\"@graph\":[{\"@type\":\"WebSite\",\"@id\":\"https:\/\/www.visit-ulcinj.com\/blog\/#website\",\"url\":\"https:\/\/www.visit-ulcinj.com\/blog\/\",\"name\":\"Lajme nga Ulqini\",\"description\":\"Lajme,Vijesti,Ulqini,Ulqin,Crna Gora,Mali i Zi\",\"potentialAction\":[{\"@type\":\"SearchAction\",\"target\":{\"@type\":\"EntryPoint\",\"urlTemplate\":\"https:\/\/www.visit-ulcinj.com\/blog\/?s={search_term_string}\"},\"query-input\":\"required name=search_term_string\"}],\"inLanguage\":\"en-US\"},{\"@type\":\"ImageObject\",\"inLanguage\":\"en-US\",\"@id\":\"https:\/\/www.visit-ulcinj.com\/blog\/2009\/02\/23\/amir-hollaj-strategjia-per-pushtet-do-te-ju-coje-ne-fiasko-politike\/#primaryimage\",\"url\":\"https:\/\/www.visit-ulcinj.com\/blog\/wp-content\/uploads\/2009\/02\/ppd-ja_amir-holli.jpg\",\"contentUrl\":\"https:\/\/www.visit-ulcinj.com\/blog\/wp-content\/uploads\/2009\/02\/ppd-ja_amir-holli.jpg\",\"width\":\"570\",\"height\":\"329\"},{\"@type\":\"WebPage\",\"@id\":\"https:\/\/www.visit-ulcinj.com\/blog\/2009\/02\/23\/amir-hollaj-strategjia-per-pushtet-do-te-ju-coje-ne-fiasko-politike\/#webpage\",\"url\":\"https:\/\/www.visit-ulcinj.com\/blog\/2009\/02\/23\/amir-hollaj-strategjia-per-pushtet-do-te-ju-coje-ne-fiasko-politike\/\",\"name\":\"Amir Hollaj: Strategjia p\u00ebr pushtet do t\u00eb ju \u00e7oj\u00eb n\u00eb fiasko politike - Lajme nga Ulqini\",\"isPartOf\":{\"@id\":\"https:\/\/www.visit-ulcinj.com\/blog\/#website\"},\"primaryImageOfPage\":{\"@id\":\"https:\/\/www.visit-ulcinj.com\/blog\/2009\/02\/23\/amir-hollaj-strategjia-per-pushtet-do-te-ju-coje-ne-fiasko-politike\/#primaryimage\"},\"datePublished\":\"2009-02-23T21:30:13+00:00\",\"dateModified\":\"2009-02-23T22:19:25+00:00\",\"author\":{\"@id\":\"https:\/\/www.visit-ulcinj.com\/blog\/#\/schema\/person\/dcab619c614d3038751c63bc2aadc06d\"},\"description\":\"Reagim: S\u00eb pari k\u00ebrkoi ndjes\u00eb lexuesve q\u00eb p\u00ebrmes k\u00ebtij reagimi duhet t`ju drejtohem 2\/3 t\u00eb an\u00ebtar\u00ebve t\u00eb K\u00ebshillit Drejtues te Partis\u00eb s\u00eb Prosperitetit\",\"breadcrumb\":{\"@id\":\"https:\/\/www.visit-ulcinj.com\/blog\/2009\/02\/23\/amir-hollaj-strategjia-per-pushtet-do-te-ju-coje-ne-fiasko-politike\/#breadcrumb\"},\"inLanguage\":\"en-US\",\"potentialAction\":[{\"@type\":\"ReadAction\",\"target\":[\"https:\/\/www.visit-ulcinj.com\/blog\/2009\/02\/23\/amir-hollaj-strategjia-per-pushtet-do-te-ju-coje-ne-fiasko-politike\/\"]}]},{\"@type\":\"BreadcrumbList\",\"@id\":\"https:\/\/www.visit-ulcinj.com\/blog\/2009\/02\/23\/amir-hollaj-strategjia-per-pushtet-do-te-ju-coje-ne-fiasko-politike\/#breadcrumb\",\"itemListElement\":[{\"@type\":\"ListItem\",\"position\":1,\"name\":\"Amir Hollaj: Strategjia p\u00ebr pushtet do t\u00eb ju \u00e7oj\u00eb n\u00eb fiasko politike\"}]},{\"@type\":\"Person\",\"@id\":\"https:\/\/www.visit-ulcinj.com\/blog\/#\/schema\/person\/dcab619c614d3038751c63bc2aadc06d\",\"name\":\"ulqini\",\"sameAs\":[\"http:\/\/www.visit-ulcinj.com\"],\"url\":\"https:\/\/www.visit-ulcinj.com\/blog\/author\/admin\/\"}]}<\/script>\n<!-- \/ Yoast SEO plugin. -->","yoast_head_json":{"title":"Amir Hollaj: Strategjia p\u00ebr pushtet do t\u00eb ju \u00e7oj\u00eb n\u00eb fiasko politike - Lajme nga Ulqini","description":"Reagim: S\u00eb pari k\u00ebrkoi ndjes\u00eb lexuesve q\u00eb p\u00ebrmes k\u00ebtij reagimi duhet t`ju drejtohem 2\/3 t\u00eb an\u00ebtar\u00ebve t\u00eb K\u00ebshillit Drejtues te Partis\u00eb s\u00eb Prosperitetit","robots":{"index":"index","follow":"follow","max-snippet":"max-snippet:-1","max-image-preview":"max-image-preview:large","max-video-preview":"max-video-preview:-1"},"canonical":"https:\/\/www.visit-ulcinj.com\/blog\/2009\/02\/23\/amir-hollaj-strategjia-per-pushtet-do-te-ju-coje-ne-fiasko-politike\/","og_locale":"en_US","og_type":"article","og_title":"Amir Hollaj: Strategjia p\u00ebr pushtet do t\u00eb ju \u00e7oj\u00eb n\u00eb fiasko politike - Lajme nga Ulqini","og_description":"Reagim: S\u00eb pari k\u00ebrkoi ndjes\u00eb lexuesve q\u00eb p\u00ebrmes k\u00ebtij reagimi duhet t`ju drejtohem 2\/3 t\u00eb an\u00ebtar\u00ebve t\u00eb K\u00ebshillit Drejtues te Partis\u00eb s\u00eb Prosperitetit","og_url":"https:\/\/www.visit-ulcinj.com\/blog\/2009\/02\/23\/amir-hollaj-strategjia-per-pushtet-do-te-ju-coje-ne-fiasko-politike\/","og_site_name":"Lajme nga Ulqini","article_published_time":"2009-02-23T21:30:13+00:00","article_modified_time":"2009-02-23T22:19:25+00:00","og_image":[{"url":"http:\/\/www.visit-ulcinj.com\/blog\/wp-content\/uploads\/2009\/02\/ppd-ja_amir-holli.jpg"}],"twitter_misc":{"Written by":"ulqini","Est. reading time":"7 minutes"},"schema":{"@context":"https:\/\/schema.org","@graph":[{"@type":"WebSite","@id":"https:\/\/www.visit-ulcinj.com\/blog\/#website","url":"https:\/\/www.visit-ulcinj.com\/blog\/","name":"Lajme nga Ulqini","description":"Lajme,Vijesti,Ulqini,Ulqin,Crna Gora,Mali i Zi","potentialAction":[{"@type":"SearchAction","target":{"@type":"EntryPoint","urlTemplate":"https:\/\/www.visit-ulcinj.com\/blog\/?s={search_term_string}"},"query-input":"required name=search_term_string"}],"inLanguage":"en-US"},{"@type":"ImageObject","inLanguage":"en-US","@id":"https:\/\/www.visit-ulcinj.com\/blog\/2009\/02\/23\/amir-hollaj-strategjia-per-pushtet-do-te-ju-coje-ne-fiasko-politike\/#primaryimage","url":"https:\/\/www.visit-ulcinj.com\/blog\/wp-content\/uploads\/2009\/02\/ppd-ja_amir-holli.jpg","contentUrl":"https:\/\/www.visit-ulcinj.com\/blog\/wp-content\/uploads\/2009\/02\/ppd-ja_amir-holli.jpg","width":"570","height":"329"},{"@type":"WebPage","@id":"https:\/\/www.visit-ulcinj.com\/blog\/2009\/02\/23\/amir-hollaj-strategjia-per-pushtet-do-te-ju-coje-ne-fiasko-politike\/#webpage","url":"https:\/\/www.visit-ulcinj.com\/blog\/2009\/02\/23\/amir-hollaj-strategjia-per-pushtet-do-te-ju-coje-ne-fiasko-politike\/","name":"Amir Hollaj: Strategjia p\u00ebr pushtet do t\u00eb ju \u00e7oj\u00eb n\u00eb fiasko politike - Lajme nga Ulqini","isPartOf":{"@id":"https:\/\/www.visit-ulcinj.com\/blog\/#website"},"primaryImageOfPage":{"@id":"https:\/\/www.visit-ulcinj.com\/blog\/2009\/02\/23\/amir-hollaj-strategjia-per-pushtet-do-te-ju-coje-ne-fiasko-politike\/#primaryimage"},"datePublished":"2009-02-23T21:30:13+00:00","dateModified":"2009-02-23T22:19:25+00:00","author":{"@id":"https:\/\/www.visit-ulcinj.com\/blog\/#\/schema\/person\/dcab619c614d3038751c63bc2aadc06d"},"description":"Reagim: S\u00eb pari k\u00ebrkoi ndjes\u00eb lexuesve q\u00eb p\u00ebrmes k\u00ebtij reagimi duhet t`ju drejtohem 2\/3 t\u00eb an\u00ebtar\u00ebve t\u00eb K\u00ebshillit Drejtues te Partis\u00eb s\u00eb Prosperitetit","breadcrumb":{"@id":"https:\/\/www.visit-ulcinj.com\/blog\/2009\/02\/23\/amir-hollaj-strategjia-per-pushtet-do-te-ju-coje-ne-fiasko-politike\/#breadcrumb"},"inLanguage":"en-US","potentialAction":[{"@type":"ReadAction","target":["https:\/\/www.visit-ulcinj.com\/blog\/2009\/02\/23\/amir-hollaj-strategjia-per-pushtet-do-te-ju-coje-ne-fiasko-politike\/"]}]},{"@type":"BreadcrumbList","@id":"https:\/\/www.visit-ulcinj.com\/blog\/2009\/02\/23\/amir-hollaj-strategjia-per-pushtet-do-te-ju-coje-ne-fiasko-politike\/#breadcrumb","itemListElement":[{"@type":"ListItem","position":1,"name":"Amir Hollaj: Strategjia p\u00ebr pushtet do t\u00eb ju \u00e7oj\u00eb n\u00eb fiasko politike"}]},{"@type":"Person","@id":"https:\/\/www.visit-ulcinj.com\/blog\/#\/schema\/person\/dcab619c614d3038751c63bc2aadc06d","name":"ulqini","sameAs":["http:\/\/www.visit-ulcinj.com"],"url":"https:\/\/www.visit-ulcinj.com\/blog\/author\/admin\/"}]}},"jetpack_featured_media_url":"","jetpack_sharing_enabled":true,"jetpack_shortlink":"https:\/\/wp.me\/pe6lTn-38W","_links":{"self":[{"href":"https:\/\/www.visit-ulcinj.com\/blog\/wp-json\/wp\/v2\/posts\/12086"}],"collection":[{"href":"https:\/\/www.visit-ulcinj.com\/blog\/wp-json\/wp\/v2\/posts"}],"about":[{"href":"https:\/\/www.visit-ulcinj.com\/blog\/wp-json\/wp\/v2\/types\/post"}],"author":[{"embeddable":true,"href":"https:\/\/www.visit-ulcinj.com\/blog\/wp-json\/wp\/v2\/users\/1"}],"replies":[{"embeddable":true,"href":"https:\/\/www.visit-ulcinj.com\/blog\/wp-json\/wp\/v2\/comments?post=12086"}],"version-history":[{"count":0,"href":"https:\/\/www.visit-ulcinj.com\/blog\/wp-json\/wp\/v2\/posts\/12086\/revisions"}],"wp:attachment":[{"href":"https:\/\/www.visit-ulcinj.com\/blog\/wp-json\/wp\/v2\/media?parent=12086"}],"wp:term":[{"taxonomy":"category","embeddable":true,"href":"https:\/\/www.visit-ulcinj.com\/blog\/wp-json\/wp\/v2\/categories?post=12086"},{"taxonomy":"post_tag","embeddable":true,"href":"https:\/\/www.visit-ulcinj.com\/blog\/wp-json\/wp\/v2\/tags?post=12086"}],"curies":[{"name":"wp","href":"https:\/\/api.w.org\/{rel}","templated":true}]}}