{"id":12155,"date":"2009-02-24T14:28:54","date_gmt":"2009-02-24T13:28:54","guid":{"rendered":"http:\/\/www.visit-ulcinj.com\/blog\/?p=12155"},"modified":"2009-02-24T14:28:54","modified_gmt":"2009-02-24T13:28:54","slug":"keshilli-i-ministrave-i-be-do-te-diskutoje-mbi-serbine-dhe-malin-e-zi","status":"publish","type":"post","link":"https:\/\/www.visit-ulcinj.com\/blog\/2009\/02\/24\/keshilli-i-ministrave-i-be-do-te-diskutoje-mbi-serbine-dhe-malin-e-zi\/","title":{"rendered":"K\u00ebshilli i Ministrave i BE do t\u00eb diskutoj\u00eb mbi Serbin\u00eb dhe Malin e Zi"},"content":{"rendered":"<p><a href=\"http:\/\/www.visit-ulcinj.com\/blog\/wp-content\/uploads\/2009\/02\/keshilli-i-ministrave-i-be.jpg\"><img loading=\"lazy\" class=\"alignleft size-full wp-image-12156\" title=\"keshilli-i-ministrave-i-be\" src=\"http:\/\/www.visit-ulcinj.com\/blog\/wp-content\/uploads\/2009\/02\/keshilli-i-ministrave-i-be.jpg\" alt=\"keshilli-i-ministrave-i-be\" width=\"350\" height=\"281\" \/><\/a>BRUKSEL, Belgjik\u00eb:23\/02\/2009 &#8212; K\u00ebshilli i Ministrave i BE u mblodh n\u00eb Bruksel t\u00eb h\u00ebn\u00ebn (23 shkurt) p\u00ebr t\u00eb diskutuar nj\u00eb sfer\u00eb t\u00eb gjer\u00eb \u00e7\u00ebshtjesh, duke p\u00ebrfshir\u00eb bashk\u00ebpunimin e Serbis\u00eb me gjykat\u00ebn e krimeve t\u00eb luft\u00ebs n\u00eb Hag\u00eb dhe k\u00ebrkes\u00ebn e Malit t\u00eb Zi p\u00ebr t\u00eb marr\u00eb statusin e kandidatit t\u00eb BE. Media njoftoi se diplomat\u00ebt e lart\u00eb t\u00eb Europ\u00ebs do t\u00eb diskutojn\u00eb gjithashtu mund\u00ebsin\u00eb e d\u00ebrgimit t\u00eb nj\u00eb misioni t\u00eb posat\u00e7\u00ebm t\u00eb BE n\u00eb Serbi p\u00ebr t\u00eb vler\u00ebsuar bashk\u00ebpunimin e Beogradit me gjykat\u00ebn e OKB. Nj\u00eb tem\u00eb tjet\u00ebr n\u00eb rendin e dit\u00ebs do t\u00eb jet\u00eb gjendja n\u00eb Kosov\u00eb, si dhe kandidat\u00ebt e mundsh\u00ebm p\u00ebr p\u00ebrfaq\u00ebsuesin e lart\u00eb n\u00eb Bosnje dhe Herzegovin\u00eb, tani q\u00eb Miroslav Laj\u00e7ak \u00ebsht\u00eb b\u00ebr\u00eb minist\u00ebr i jasht\u00ebm i Sllovakis\u00eb.<br \/>\n<strong>(RTS, Makfax, BTA, Netpress)<\/strong><\/p>\n","protected":false},"excerpt":{"rendered":"<p>BRUKSEL, Belgjik\u00eb:23\/02\/2009 &#8212; K\u00ebshilli i Ministrave i BE u mblodh n\u00eb Bruksel t\u00eb h\u00ebn\u00ebn (23 shkurt) p\u00ebr t\u00eb diskutuar nj\u00eb sfer\u00eb t\u00eb gjer\u00eb \u00e7\u00ebshtjesh, duke p\u00ebrfshir\u00eb bashk\u00ebpunimin e Serbis\u00eb me gjykat\u00ebn e krimeve t\u00eb luft\u00ebs n\u00eb Hag\u00eb dhe k\u00ebrkes\u00ebn e Malit t\u00eb Zi p\u00ebr t\u00eb marr\u00eb statusin e kandidatit t\u00eb BE. Media njoftoi se diplomat\u00ebt [&hellip;]<\/p>\n","protected":false},"author":1,"featured_media":0,"comment_status":"open","ping_status":"closed","sticky":false,"template":"","format":"standard","meta":{"spay_email":"","jetpack_publicize_message":"","jetpack_is_tweetstorm":false,"jetpack_publicize_feature_enabled":true},"categories":[14],"tags":[7110,7112,7114,7109,7113],"jetpack_publicize_connections":[],"yoast_head":"<!-- This site is optimized with the Yoast SEO plugin v19.1 - https:\/\/yoast.com\/wordpress\/plugins\/seo\/ -->\n<title>K\u00ebshilli i Ministrave i BE do t\u00eb diskutoj\u00eb mbi Serbin\u00eb dhe Malin e Zi - Lajme nga Ulqini<\/title>\n<meta name=\"description\" content=\"BRUKSEL, Belgjik\u00eb:23\/02\/2009 -- K\u00ebshilli i Ministrave i BE u mblodh n\u00eb Bruksel t\u00eb h\u00ebn\u00ebn (23 shkurt) p\u00ebr t\u00eb diskutuar nj\u00eb sfer\u00eb t\u00eb gjer\u00eb \u00e7\u00ebshtjesh, duke\" \/>\n<meta name=\"robots\" content=\"index, follow, max-snippet:-1, max-image-preview:large, max-video-preview:-1\" \/>\n<link rel=\"canonical\" href=\"https:\/\/www.visit-ulcinj.com\/blog\/2009\/02\/24\/keshilli-i-ministrave-i-be-do-te-diskutoje-mbi-serbine-dhe-malin-e-zi\/\" \/>\n<meta property=\"og:locale\" content=\"en_US\" \/>\n<meta property=\"og:type\" content=\"article\" \/>\n<meta property=\"og:title\" content=\"K\u00ebshilli i Ministrave i BE do t\u00eb diskutoj\u00eb mbi Serbin\u00eb dhe Malin e Zi - Lajme nga Ulqini\" \/>\n<meta property=\"og:description\" content=\"BRUKSEL, Belgjik\u00eb:23\/02\/2009 -- K\u00ebshilli i Ministrave i BE u mblodh n\u00eb Bruksel t\u00eb h\u00ebn\u00ebn (23 shkurt) p\u00ebr t\u00eb diskutuar nj\u00eb sfer\u00eb t\u00eb gjer\u00eb \u00e7\u00ebshtjesh, duke\" \/>\n<meta property=\"og:url\" content=\"https:\/\/www.visit-ulcinj.com\/blog\/2009\/02\/24\/keshilli-i-ministrave-i-be-do-te-diskutoje-mbi-serbine-dhe-malin-e-zi\/\" \/>\n<meta property=\"og:site_name\" content=\"Lajme nga Ulqini\" \/>\n<meta property=\"article:published_time\" content=\"2009-02-24T13:28:54+00:00\" \/>\n<meta property=\"og:image\" content=\"http:\/\/www.visit-ulcinj.com\/blog\/wp-content\/uploads\/2009\/02\/keshilli-i-ministrave-i-be.jpg\" \/>\n<meta name=\"twitter:label1\" content=\"Written by\" \/>\n\t<meta name=\"twitter:data1\" content=\"ulqini\" \/>\n\t<meta name=\"twitter:label2\" content=\"Est. reading time\" \/>\n\t<meta name=\"twitter:data2\" content=\"1 minute\" \/>\n<script type=\"application\/ld+json\" class=\"yoast-schema-graph\">{\"@context\":\"https:\/\/schema.org\",\"@graph\":[{\"@type\":\"WebSite\",\"@id\":\"https:\/\/www.visit-ulcinj.com\/blog\/#website\",\"url\":\"https:\/\/www.visit-ulcinj.com\/blog\/\",\"name\":\"Lajme nga Ulqini\",\"description\":\"Lajme,Vijesti,Ulqini,Ulqin,Crna Gora,Mali i Zi\",\"potentialAction\":[{\"@type\":\"SearchAction\",\"target\":{\"@type\":\"EntryPoint\",\"urlTemplate\":\"https:\/\/www.visit-ulcinj.com\/blog\/?s={search_term_string}\"},\"query-input\":\"required name=search_term_string\"}],\"inLanguage\":\"en-US\"},{\"@type\":\"ImageObject\",\"inLanguage\":\"en-US\",\"@id\":\"https:\/\/www.visit-ulcinj.com\/blog\/2009\/02\/24\/keshilli-i-ministrave-i-be-do-te-diskutoje-mbi-serbine-dhe-malin-e-zi\/#primaryimage\",\"url\":\"https:\/\/www.visit-ulcinj.com\/blog\/wp-content\/uploads\/2009\/02\/keshilli-i-ministrave-i-be.jpg\",\"contentUrl\":\"https:\/\/www.visit-ulcinj.com\/blog\/wp-content\/uploads\/2009\/02\/keshilli-i-ministrave-i-be.jpg\",\"width\":\"288\",\"height\":\"231\"},{\"@type\":\"WebPage\",\"@id\":\"https:\/\/www.visit-ulcinj.com\/blog\/2009\/02\/24\/keshilli-i-ministrave-i-be-do-te-diskutoje-mbi-serbine-dhe-malin-e-zi\/#webpage\",\"url\":\"https:\/\/www.visit-ulcinj.com\/blog\/2009\/02\/24\/keshilli-i-ministrave-i-be-do-te-diskutoje-mbi-serbine-dhe-malin-e-zi\/\",\"name\":\"K\u00ebshilli i Ministrave i BE do t\u00eb diskutoj\u00eb mbi Serbin\u00eb dhe Malin e Zi - Lajme nga Ulqini\",\"isPartOf\":{\"@id\":\"https:\/\/www.visit-ulcinj.com\/blog\/#website\"},\"primaryImageOfPage\":{\"@id\":\"https:\/\/www.visit-ulcinj.com\/blog\/2009\/02\/24\/keshilli-i-ministrave-i-be-do-te-diskutoje-mbi-serbine-dhe-malin-e-zi\/#primaryimage\"},\"datePublished\":\"2009-02-24T13:28:54+00:00\",\"dateModified\":\"2009-02-24T13:28:54+00:00\",\"author\":{\"@id\":\"https:\/\/www.visit-ulcinj.com\/blog\/#\/schema\/person\/dcab619c614d3038751c63bc2aadc06d\"},\"description\":\"BRUKSEL, Belgjik\u00eb:23\/02\/2009 -- K\u00ebshilli i Ministrave i BE u mblodh n\u00eb Bruksel t\u00eb h\u00ebn\u00ebn (23 shkurt) p\u00ebr t\u00eb diskutuar nj\u00eb sfer\u00eb t\u00eb gjer\u00eb \u00e7\u00ebshtjesh, duke\",\"breadcrumb\":{\"@id\":\"https:\/\/www.visit-ulcinj.com\/blog\/2009\/02\/24\/keshilli-i-ministrave-i-be-do-te-diskutoje-mbi-serbine-dhe-malin-e-zi\/#breadcrumb\"},\"inLanguage\":\"en-US\",\"potentialAction\":[{\"@type\":\"ReadAction\",\"target\":[\"https:\/\/www.visit-ulcinj.com\/blog\/2009\/02\/24\/keshilli-i-ministrave-i-be-do-te-diskutoje-mbi-serbine-dhe-malin-e-zi\/\"]}]},{\"@type\":\"BreadcrumbList\",\"@id\":\"https:\/\/www.visit-ulcinj.com\/blog\/2009\/02\/24\/keshilli-i-ministrave-i-be-do-te-diskutoje-mbi-serbine-dhe-malin-e-zi\/#breadcrumb\",\"itemListElement\":[{\"@type\":\"ListItem\",\"position\":1,\"name\":\"K\u00ebshilli i Ministrave i BE do t\u00eb diskutoj\u00eb mbi Serbin\u00eb dhe Malin e Zi\"}]},{\"@type\":\"Person\",\"@id\":\"https:\/\/www.visit-ulcinj.com\/blog\/#\/schema\/person\/dcab619c614d3038751c63bc2aadc06d\",\"name\":\"ulqini\",\"sameAs\":[\"http:\/\/www.visit-ulcinj.com\"],\"url\":\"https:\/\/www.visit-ulcinj.com\/blog\/author\/admin\/\"}]}<\/script>\n<!-- \/ Yoast SEO plugin. -->","yoast_head_json":{"title":"K\u00ebshilli i Ministrave i BE do t\u00eb diskutoj\u00eb mbi Serbin\u00eb dhe Malin e Zi - Lajme nga Ulqini","description":"BRUKSEL, Belgjik\u00eb:23\/02\/2009 -- K\u00ebshilli i Ministrave i BE u mblodh n\u00eb Bruksel t\u00eb h\u00ebn\u00ebn (23 shkurt) p\u00ebr t\u00eb diskutuar nj\u00eb sfer\u00eb t\u00eb gjer\u00eb \u00e7\u00ebshtjesh, duke","robots":{"index":"index","follow":"follow","max-snippet":"max-snippet:-1","max-image-preview":"max-image-preview:large","max-video-preview":"max-video-preview:-1"},"canonical":"https:\/\/www.visit-ulcinj.com\/blog\/2009\/02\/24\/keshilli-i-ministrave-i-be-do-te-diskutoje-mbi-serbine-dhe-malin-e-zi\/","og_locale":"en_US","og_type":"article","og_title":"K\u00ebshilli i Ministrave i BE do t\u00eb diskutoj\u00eb mbi Serbin\u00eb dhe Malin e Zi - Lajme nga Ulqini","og_description":"BRUKSEL, Belgjik\u00eb:23\/02\/2009 -- K\u00ebshilli i Ministrave i BE u mblodh n\u00eb Bruksel t\u00eb h\u00ebn\u00ebn (23 shkurt) p\u00ebr t\u00eb diskutuar nj\u00eb sfer\u00eb t\u00eb gjer\u00eb \u00e7\u00ebshtjesh, duke","og_url":"https:\/\/www.visit-ulcinj.com\/blog\/2009\/02\/24\/keshilli-i-ministrave-i-be-do-te-diskutoje-mbi-serbine-dhe-malin-e-zi\/","og_site_name":"Lajme nga Ulqini","article_published_time":"2009-02-24T13:28:54+00:00","og_image":[{"url":"http:\/\/www.visit-ulcinj.com\/blog\/wp-content\/uploads\/2009\/02\/keshilli-i-ministrave-i-be.jpg"}],"twitter_misc":{"Written by":"ulqini","Est. reading time":"1 minute"},"schema":{"@context":"https:\/\/schema.org","@graph":[{"@type":"WebSite","@id":"https:\/\/www.visit-ulcinj.com\/blog\/#website","url":"https:\/\/www.visit-ulcinj.com\/blog\/","name":"Lajme nga Ulqini","description":"Lajme,Vijesti,Ulqini,Ulqin,Crna Gora,Mali i Zi","potentialAction":[{"@type":"SearchAction","target":{"@type":"EntryPoint","urlTemplate":"https:\/\/www.visit-ulcinj.com\/blog\/?s={search_term_string}"},"query-input":"required name=search_term_string"}],"inLanguage":"en-US"},{"@type":"ImageObject","inLanguage":"en-US","@id":"https:\/\/www.visit-ulcinj.com\/blog\/2009\/02\/24\/keshilli-i-ministrave-i-be-do-te-diskutoje-mbi-serbine-dhe-malin-e-zi\/#primaryimage","url":"https:\/\/www.visit-ulcinj.com\/blog\/wp-content\/uploads\/2009\/02\/keshilli-i-ministrave-i-be.jpg","contentUrl":"https:\/\/www.visit-ulcinj.com\/blog\/wp-content\/uploads\/2009\/02\/keshilli-i-ministrave-i-be.jpg","width":"288","height":"231"},{"@type":"WebPage","@id":"https:\/\/www.visit-ulcinj.com\/blog\/2009\/02\/24\/keshilli-i-ministrave-i-be-do-te-diskutoje-mbi-serbine-dhe-malin-e-zi\/#webpage","url":"https:\/\/www.visit-ulcinj.com\/blog\/2009\/02\/24\/keshilli-i-ministrave-i-be-do-te-diskutoje-mbi-serbine-dhe-malin-e-zi\/","name":"K\u00ebshilli i Ministrave i BE do t\u00eb diskutoj\u00eb mbi Serbin\u00eb dhe Malin e Zi - Lajme nga Ulqini","isPartOf":{"@id":"https:\/\/www.visit-ulcinj.com\/blog\/#website"},"primaryImageOfPage":{"@id":"https:\/\/www.visit-ulcinj.com\/blog\/2009\/02\/24\/keshilli-i-ministrave-i-be-do-te-diskutoje-mbi-serbine-dhe-malin-e-zi\/#primaryimage"},"datePublished":"2009-02-24T13:28:54+00:00","dateModified":"2009-02-24T13:28:54+00:00","author":{"@id":"https:\/\/www.visit-ulcinj.com\/blog\/#\/schema\/person\/dcab619c614d3038751c63bc2aadc06d"},"description":"BRUKSEL, Belgjik\u00eb:23\/02\/2009 -- K\u00ebshilli i Ministrave i BE u mblodh n\u00eb Bruksel t\u00eb h\u00ebn\u00ebn (23 shkurt) p\u00ebr t\u00eb diskutuar nj\u00eb sfer\u00eb t\u00eb gjer\u00eb \u00e7\u00ebshtjesh, duke","breadcrumb":{"@id":"https:\/\/www.visit-ulcinj.com\/blog\/2009\/02\/24\/keshilli-i-ministrave-i-be-do-te-diskutoje-mbi-serbine-dhe-malin-e-zi\/#breadcrumb"},"inLanguage":"en-US","potentialAction":[{"@type":"ReadAction","target":["https:\/\/www.visit-ulcinj.com\/blog\/2009\/02\/24\/keshilli-i-ministrave-i-be-do-te-diskutoje-mbi-serbine-dhe-malin-e-zi\/"]}]},{"@type":"BreadcrumbList","@id":"https:\/\/www.visit-ulcinj.com\/blog\/2009\/02\/24\/keshilli-i-ministrave-i-be-do-te-diskutoje-mbi-serbine-dhe-malin-e-zi\/#breadcrumb","itemListElement":[{"@type":"ListItem","position":1,"name":"K\u00ebshilli i Ministrave i BE do t\u00eb diskutoj\u00eb mbi Serbin\u00eb dhe Malin e Zi"}]},{"@type":"Person","@id":"https:\/\/www.visit-ulcinj.com\/blog\/#\/schema\/person\/dcab619c614d3038751c63bc2aadc06d","name":"ulqini","sameAs":["http:\/\/www.visit-ulcinj.com"],"url":"https:\/\/www.visit-ulcinj.com\/blog\/author\/admin\/"}]}},"jetpack_featured_media_url":"","jetpack_sharing_enabled":true,"jetpack_shortlink":"https:\/\/wp.me\/pe6lTn-3a3","_links":{"self":[{"href":"https:\/\/www.visit-ulcinj.com\/blog\/wp-json\/wp\/v2\/posts\/12155"}],"collection":[{"href":"https:\/\/www.visit-ulcinj.com\/blog\/wp-json\/wp\/v2\/posts"}],"about":[{"href":"https:\/\/www.visit-ulcinj.com\/blog\/wp-json\/wp\/v2\/types\/post"}],"author":[{"embeddable":true,"href":"https:\/\/www.visit-ulcinj.com\/blog\/wp-json\/wp\/v2\/users\/1"}],"replies":[{"embeddable":true,"href":"https:\/\/www.visit-ulcinj.com\/blog\/wp-json\/wp\/v2\/comments?post=12155"}],"version-history":[{"count":0,"href":"https:\/\/www.visit-ulcinj.com\/blog\/wp-json\/wp\/v2\/posts\/12155\/revisions"}],"wp:attachment":[{"href":"https:\/\/www.visit-ulcinj.com\/blog\/wp-json\/wp\/v2\/media?parent=12155"}],"wp:term":[{"taxonomy":"category","embeddable":true,"href":"https:\/\/www.visit-ulcinj.com\/blog\/wp-json\/wp\/v2\/categories?post=12155"},{"taxonomy":"post_tag","embeddable":true,"href":"https:\/\/www.visit-ulcinj.com\/blog\/wp-json\/wp\/v2\/tags?post=12155"}],"curies":[{"name":"wp","href":"https:\/\/api.w.org\/{rel}","templated":true}]}}