{"id":12173,"date":"2009-02-24T15:05:30","date_gmt":"2009-02-24T14:05:30","guid":{"rendered":"http:\/\/www.visit-ulcinj.com\/blog\/?p=12173"},"modified":"2009-02-24T15:05:30","modified_gmt":"2009-02-24T14:05:30","slug":"mali-i-zi-druan-nga-recesioni","status":"publish","type":"post","link":"https:\/\/www.visit-ulcinj.com\/blog\/2009\/02\/24\/mali-i-zi-druan-nga-recesioni\/","title":{"rendered":"Mali i Zi druan nga recesioni"},"content":{"rendered":"<p><a href=\"http:\/\/www.visit-ulcinj.com\/blog\/wp-content\/uploads\/2009\/02\/igor-lukshiq.jpg\"><img loading=\"lazy\" class=\"alignleft size-full wp-image-12185\" title=\"igor-lukshiq\" src=\"http:\/\/www.visit-ulcinj.com\/blog\/wp-content\/uploads\/2009\/02\/igor-lukshiq.jpg\" alt=\"igor-lukshiq\" width=\"570\" height=\"400\" \/><\/a>Z\u00ebvend\u00ebskryeministri malazez dhe minist\u00ebr i Financave, Igor Lukshiq nuk p\u00ebrjashtoi mund\u00ebsin\u00eb q\u00eb shteti t\u00eb goditet nga recesioni si pasoj\u00eb e kriz\u00ebs bot\u00ebrore ekonomike<br \/>\n&#8220;N\u00ebse nuk arrijm\u00eb privatizimin e planifikuar t\u00eb &#8220;Elektroekonomis\u00eb&#8221;, Qeveria do t\u00eb hap\u00ebroj\u00eb drejt firmosjes s\u00eb aranzhmnit t\u00eb ri me FMN-n\u00eb&#8221;, thekson Lukshiq.<br \/>\nSipas tij, shum\u00eb \u00ebsht\u00eb v\u00ebshtir\u00eb n\u00eb k\u00ebto momente t\u00eb parashikohet n\u00ebse Mali i Zi deri n\u00eb fund t\u00eb vitit do t\u00eb ket\u00eb saldo negative financiare apo do t\u00eb realizoj\u00eb nj\u00ebfar\u00eb shkalle t\u00eb caktuar t\u00eb rritjes.<br \/>\n&#8220;Ministria e Financave \u00ebsht\u00eb duke analizuar t\u00eb gjitha skenaret e mundshme dhe n\u00eb var\u00ebsi t\u00eb situat\u00ebs, \u00ebsht\u00eb e gatshme t\u00eb reagoj\u00eb n\u00eb m\u00ebnyra t\u00eb ndryshme&#8221;, tha Lukshiq.<br \/>\nAi informoi se \u00ebsht\u00eb v\u00ebrejtur tendenc\u00eb e ngecjes s\u00eb t\u00eb ardhurave buxhetore, q\u00eb ishte e pranishme edhe n\u00eb vendet tjera n\u00eb rajon, porse ende \u00ebsht\u00eb her\u00ebt p\u00ebr projektime t\u00eb ribalancit t\u00eb buxhetit.<\/p>\n<p>Nd\u00ebrkoh\u00eb Lukshiq porositi qytetar\u00ebt se pensionet dhe t\u00eb ardhurat sociale me garanci do t\u00eb paguhen me koh\u00eb.<br \/>\n<strong>Makfaks<\/strong><\/p>\n<!--YouTube Error: bad URL entered-->\n","protected":false},"excerpt":{"rendered":"<p>Z\u00ebvend\u00ebskryeministri malazez dhe minist\u00ebr i Financave, Igor Lukshiq nuk p\u00ebrjashtoi mund\u00ebsin\u00eb q\u00eb shteti t\u00eb goditet nga recesioni si pasoj\u00eb e kriz\u00ebs bot\u00ebrore ekonomike &#8220;N\u00ebse nuk arrijm\u00eb privatizimin e planifikuar t\u00eb &#8220;Elektroekonomis\u00eb&#8221;, Qeveria do t\u00eb hap\u00ebroj\u00eb drejt firmosjes s\u00eb aranzhmnit t\u00eb ri me FMN-n\u00eb&#8221;, thekson Lukshiq. Sipas tij, shum\u00eb \u00ebsht\u00eb v\u00ebshtir\u00eb n\u00eb k\u00ebto momente t\u00eb parashikohet [&hellip;]<\/p>\n","protected":false},"author":1,"featured_media":0,"comment_status":"open","ping_status":"closed","sticky":false,"template":"","format":"standard","meta":{"spay_email":"","jetpack_publicize_message":"","jetpack_is_tweetstorm":false,"jetpack_publicize_feature_enabled":true},"categories":[10],"tags":[5613,7130,7132,7131],"jetpack_publicize_connections":[],"yoast_head":"<!-- This site is optimized with the Yoast SEO plugin v19.1 - https:\/\/yoast.com\/wordpress\/plugins\/seo\/ -->\n<title>Mali i Zi druan nga recesioni - Lajme nga Ulqini<\/title>\n<meta name=\"description\" content=\"Z\u00ebvend\u00ebskryeministri malazez dhe minist\u00ebr i Financave, Igor Lukshiq nuk p\u00ebrjashtoi mund\u00ebsin\u00eb q\u00eb shteti t\u00eb goditet nga recesioni si pasoj\u00eb e kriz\u00ebs\" \/>\n<meta name=\"robots\" content=\"index, follow, max-snippet:-1, max-image-preview:large, max-video-preview:-1\" \/>\n<link rel=\"canonical\" href=\"https:\/\/www.visit-ulcinj.com\/blog\/2009\/02\/24\/mali-i-zi-druan-nga-recesioni\/\" \/>\n<meta property=\"og:locale\" content=\"en_US\" \/>\n<meta property=\"og:type\" content=\"article\" \/>\n<meta property=\"og:title\" content=\"Mali i Zi druan nga recesioni - Lajme nga Ulqini\" \/>\n<meta property=\"og:description\" content=\"Z\u00ebvend\u00ebskryeministri malazez dhe minist\u00ebr i Financave, Igor Lukshiq nuk p\u00ebrjashtoi mund\u00ebsin\u00eb q\u00eb shteti t\u00eb goditet nga recesioni si pasoj\u00eb e kriz\u00ebs\" \/>\n<meta property=\"og:url\" content=\"https:\/\/www.visit-ulcinj.com\/blog\/2009\/02\/24\/mali-i-zi-druan-nga-recesioni\/\" \/>\n<meta property=\"og:site_name\" content=\"Lajme nga Ulqini\" \/>\n<meta property=\"article:published_time\" content=\"2009-02-24T14:05:30+00:00\" \/>\n<meta property=\"og:image\" content=\"http:\/\/www.visit-ulcinj.com\/blog\/wp-content\/uploads\/2009\/02\/igor-lukshiq.jpg\" \/>\n<meta name=\"twitter:label1\" content=\"Written by\" \/>\n\t<meta name=\"twitter:data1\" content=\"ulqini\" \/>\n\t<meta name=\"twitter:label2\" content=\"Est. reading time\" \/>\n\t<meta name=\"twitter:data2\" content=\"1 minute\" \/>\n<script type=\"application\/ld+json\" class=\"yoast-schema-graph\">{\"@context\":\"https:\/\/schema.org\",\"@graph\":[{\"@type\":\"WebSite\",\"@id\":\"https:\/\/www.visit-ulcinj.com\/blog\/#website\",\"url\":\"https:\/\/www.visit-ulcinj.com\/blog\/\",\"name\":\"Lajme nga Ulqini\",\"description\":\"Lajme,Vijesti,Ulqini,Ulqin,Crna Gora,Mali i Zi\",\"potentialAction\":[{\"@type\":\"SearchAction\",\"target\":{\"@type\":\"EntryPoint\",\"urlTemplate\":\"https:\/\/www.visit-ulcinj.com\/blog\/?s={search_term_string}\"},\"query-input\":\"required name=search_term_string\"}],\"inLanguage\":\"en-US\"},{\"@type\":\"ImageObject\",\"inLanguage\":\"en-US\",\"@id\":\"https:\/\/www.visit-ulcinj.com\/blog\/2009\/02\/24\/mali-i-zi-druan-nga-recesioni\/#primaryimage\",\"url\":\"https:\/\/www.visit-ulcinj.com\/blog\/wp-content\/uploads\/2009\/02\/igor-lukshiq.jpg\",\"contentUrl\":\"https:\/\/www.visit-ulcinj.com\/blog\/wp-content\/uploads\/2009\/02\/igor-lukshiq.jpg\",\"width\":\"892\",\"height\":\"1162\"},{\"@type\":\"WebPage\",\"@id\":\"https:\/\/www.visit-ulcinj.com\/blog\/2009\/02\/24\/mali-i-zi-druan-nga-recesioni\/#webpage\",\"url\":\"https:\/\/www.visit-ulcinj.com\/blog\/2009\/02\/24\/mali-i-zi-druan-nga-recesioni\/\",\"name\":\"Mali i Zi druan nga recesioni - Lajme nga Ulqini\",\"isPartOf\":{\"@id\":\"https:\/\/www.visit-ulcinj.com\/blog\/#website\"},\"primaryImageOfPage\":{\"@id\":\"https:\/\/www.visit-ulcinj.com\/blog\/2009\/02\/24\/mali-i-zi-druan-nga-recesioni\/#primaryimage\"},\"datePublished\":\"2009-02-24T14:05:30+00:00\",\"dateModified\":\"2009-02-24T14:05:30+00:00\",\"author\":{\"@id\":\"https:\/\/www.visit-ulcinj.com\/blog\/#\/schema\/person\/dcab619c614d3038751c63bc2aadc06d\"},\"description\":\"Z\u00ebvend\u00ebskryeministri malazez dhe minist\u00ebr i Financave, Igor Lukshiq nuk p\u00ebrjashtoi mund\u00ebsin\u00eb q\u00eb shteti t\u00eb goditet nga recesioni si pasoj\u00eb e kriz\u00ebs\",\"breadcrumb\":{\"@id\":\"https:\/\/www.visit-ulcinj.com\/blog\/2009\/02\/24\/mali-i-zi-druan-nga-recesioni\/#breadcrumb\"},\"inLanguage\":\"en-US\",\"potentialAction\":[{\"@type\":\"ReadAction\",\"target\":[\"https:\/\/www.visit-ulcinj.com\/blog\/2009\/02\/24\/mali-i-zi-druan-nga-recesioni\/\"]}]},{\"@type\":\"BreadcrumbList\",\"@id\":\"https:\/\/www.visit-ulcinj.com\/blog\/2009\/02\/24\/mali-i-zi-druan-nga-recesioni\/#breadcrumb\",\"itemListElement\":[{\"@type\":\"ListItem\",\"position\":1,\"name\":\"Mali i Zi druan nga recesioni\"}]},{\"@type\":\"Person\",\"@id\":\"https:\/\/www.visit-ulcinj.com\/blog\/#\/schema\/person\/dcab619c614d3038751c63bc2aadc06d\",\"name\":\"ulqini\",\"sameAs\":[\"http:\/\/www.visit-ulcinj.com\"],\"url\":\"https:\/\/www.visit-ulcinj.com\/blog\/author\/admin\/\"}]}<\/script>\n<!-- \/ Yoast SEO plugin. -->","yoast_head_json":{"title":"Mali i Zi druan nga recesioni - Lajme nga Ulqini","description":"Z\u00ebvend\u00ebskryeministri malazez dhe minist\u00ebr i Financave, Igor Lukshiq nuk p\u00ebrjashtoi mund\u00ebsin\u00eb q\u00eb shteti t\u00eb goditet nga recesioni si pasoj\u00eb e kriz\u00ebs","robots":{"index":"index","follow":"follow","max-snippet":"max-snippet:-1","max-image-preview":"max-image-preview:large","max-video-preview":"max-video-preview:-1"},"canonical":"https:\/\/www.visit-ulcinj.com\/blog\/2009\/02\/24\/mali-i-zi-druan-nga-recesioni\/","og_locale":"en_US","og_type":"article","og_title":"Mali i Zi druan nga recesioni - Lajme nga Ulqini","og_description":"Z\u00ebvend\u00ebskryeministri malazez dhe minist\u00ebr i Financave, Igor Lukshiq nuk p\u00ebrjashtoi mund\u00ebsin\u00eb q\u00eb shteti t\u00eb goditet nga recesioni si pasoj\u00eb e kriz\u00ebs","og_url":"https:\/\/www.visit-ulcinj.com\/blog\/2009\/02\/24\/mali-i-zi-druan-nga-recesioni\/","og_site_name":"Lajme nga Ulqini","article_published_time":"2009-02-24T14:05:30+00:00","og_image":[{"url":"http:\/\/www.visit-ulcinj.com\/blog\/wp-content\/uploads\/2009\/02\/igor-lukshiq.jpg"}],"twitter_misc":{"Written by":"ulqini","Est. reading time":"1 minute"},"schema":{"@context":"https:\/\/schema.org","@graph":[{"@type":"WebSite","@id":"https:\/\/www.visit-ulcinj.com\/blog\/#website","url":"https:\/\/www.visit-ulcinj.com\/blog\/","name":"Lajme nga Ulqini","description":"Lajme,Vijesti,Ulqini,Ulqin,Crna Gora,Mali i Zi","potentialAction":[{"@type":"SearchAction","target":{"@type":"EntryPoint","urlTemplate":"https:\/\/www.visit-ulcinj.com\/blog\/?s={search_term_string}"},"query-input":"required name=search_term_string"}],"inLanguage":"en-US"},{"@type":"ImageObject","inLanguage":"en-US","@id":"https:\/\/www.visit-ulcinj.com\/blog\/2009\/02\/24\/mali-i-zi-druan-nga-recesioni\/#primaryimage","url":"https:\/\/www.visit-ulcinj.com\/blog\/wp-content\/uploads\/2009\/02\/igor-lukshiq.jpg","contentUrl":"https:\/\/www.visit-ulcinj.com\/blog\/wp-content\/uploads\/2009\/02\/igor-lukshiq.jpg","width":"892","height":"1162"},{"@type":"WebPage","@id":"https:\/\/www.visit-ulcinj.com\/blog\/2009\/02\/24\/mali-i-zi-druan-nga-recesioni\/#webpage","url":"https:\/\/www.visit-ulcinj.com\/blog\/2009\/02\/24\/mali-i-zi-druan-nga-recesioni\/","name":"Mali i Zi druan nga recesioni - Lajme nga Ulqini","isPartOf":{"@id":"https:\/\/www.visit-ulcinj.com\/blog\/#website"},"primaryImageOfPage":{"@id":"https:\/\/www.visit-ulcinj.com\/blog\/2009\/02\/24\/mali-i-zi-druan-nga-recesioni\/#primaryimage"},"datePublished":"2009-02-24T14:05:30+00:00","dateModified":"2009-02-24T14:05:30+00:00","author":{"@id":"https:\/\/www.visit-ulcinj.com\/blog\/#\/schema\/person\/dcab619c614d3038751c63bc2aadc06d"},"description":"Z\u00ebvend\u00ebskryeministri malazez dhe minist\u00ebr i Financave, Igor Lukshiq nuk p\u00ebrjashtoi mund\u00ebsin\u00eb q\u00eb shteti t\u00eb goditet nga recesioni si pasoj\u00eb e kriz\u00ebs","breadcrumb":{"@id":"https:\/\/www.visit-ulcinj.com\/blog\/2009\/02\/24\/mali-i-zi-druan-nga-recesioni\/#breadcrumb"},"inLanguage":"en-US","potentialAction":[{"@type":"ReadAction","target":["https:\/\/www.visit-ulcinj.com\/blog\/2009\/02\/24\/mali-i-zi-druan-nga-recesioni\/"]}]},{"@type":"BreadcrumbList","@id":"https:\/\/www.visit-ulcinj.com\/blog\/2009\/02\/24\/mali-i-zi-druan-nga-recesioni\/#breadcrumb","itemListElement":[{"@type":"ListItem","position":1,"name":"Mali i Zi druan nga recesioni"}]},{"@type":"Person","@id":"https:\/\/www.visit-ulcinj.com\/blog\/#\/schema\/person\/dcab619c614d3038751c63bc2aadc06d","name":"ulqini","sameAs":["http:\/\/www.visit-ulcinj.com"],"url":"https:\/\/www.visit-ulcinj.com\/blog\/author\/admin\/"}]}},"jetpack_featured_media_url":"","jetpack_sharing_enabled":true,"jetpack_shortlink":"https:\/\/wp.me\/pe6lTn-3al","_links":{"self":[{"href":"https:\/\/www.visit-ulcinj.com\/blog\/wp-json\/wp\/v2\/posts\/12173"}],"collection":[{"href":"https:\/\/www.visit-ulcinj.com\/blog\/wp-json\/wp\/v2\/posts"}],"about":[{"href":"https:\/\/www.visit-ulcinj.com\/blog\/wp-json\/wp\/v2\/types\/post"}],"author":[{"embeddable":true,"href":"https:\/\/www.visit-ulcinj.com\/blog\/wp-json\/wp\/v2\/users\/1"}],"replies":[{"embeddable":true,"href":"https:\/\/www.visit-ulcinj.com\/blog\/wp-json\/wp\/v2\/comments?post=12173"}],"version-history":[{"count":0,"href":"https:\/\/www.visit-ulcinj.com\/blog\/wp-json\/wp\/v2\/posts\/12173\/revisions"}],"wp:attachment":[{"href":"https:\/\/www.visit-ulcinj.com\/blog\/wp-json\/wp\/v2\/media?parent=12173"}],"wp:term":[{"taxonomy":"category","embeddable":true,"href":"https:\/\/www.visit-ulcinj.com\/blog\/wp-json\/wp\/v2\/categories?post=12173"},{"taxonomy":"post_tag","embeddable":true,"href":"https:\/\/www.visit-ulcinj.com\/blog\/wp-json\/wp\/v2\/tags?post=12173"}],"curies":[{"name":"wp","href":"https:\/\/api.w.org\/{rel}","templated":true}]}}