{"id":12193,"date":"2009-02-24T15:22:59","date_gmt":"2009-02-24T14:22:59","guid":{"rendered":"http:\/\/www.visit-ulcinj.com\/blog\/?p=12193"},"modified":"2009-02-24T15:22:59","modified_gmt":"2009-02-24T14:22:59","slug":"mimoza-bjordin-e-kam-si-vella","status":"publish","type":"post","link":"https:\/\/www.visit-ulcinj.com\/blog\/2009\/02\/24\/mimoza-bjordin-e-kam-si-vella\/","title":{"rendered":"Mimoza &#8211; Bjordin e kam si v\u00eblla!"},"content":{"rendered":"<p><a href=\"http:\/\/www.visit-ulcinj.com\/blog\/wp-content\/uploads\/2009\/02\/mimoza-dhe-lirita.jpg\"><img loading=\"lazy\" class=\"alignleft size-full wp-image-12196\" title=\"mimoza-dhe-lirita-big-brother-albania\" src=\"http:\/\/www.visit-ulcinj.com\/blog\/wp-content\/uploads\/2009\/02\/mimoza-dhe-lirita.jpg\" alt=\"mimoza-dhe-lirita-big-brother-albania\" width=\"400\" height=\"273\" \/><\/a>24\/02\/09 02:15<\/p>\n<p>Duket qart\u00eb se pyetja e Arban\u00ebs gjat\u00eb spektaklit n\u00eb lidhje me Mimoz\u00ebn dhe Polin, konkurentin e vjetsh\u00ebm t\u00eb Big Brother, ka ngjallur kureshtjen e t\u00eb gjith\u00eb banor\u00ebve t\u00eb sht\u00ebpis\u00eb. Po ashtu si t\u00eb tjer\u00ebt, edhe Adi, ka shfryt\u00ebzuar q\u00ebndrimin bashk\u00eb gjat\u00eb turnit, p\u00ebr ta pyetur Mimoz\u00ebn. Ajo i ka th\u00ebn\u00eb atij t\u00eb nj\u00ebjtat gj\u00ebra q\u00eb i ka th\u00ebn\u00eb t\u00eb gjith\u00ebve, pra q\u00eb me Polin e lidhte ve\u00e7se miq\u00ebsia, q\u00eb ishin njohur n\u00eb internet e m\u00eb pas ishin takuar n\u00eb Kosov\u00eb e q\u00eb ai ishte me t\u00eb v\u00ebrtet\u00eb nj\u00eb djal\u00eb i mir\u00eb. At\u00ebher\u00eb Ardjani i ka th\u00ebn\u00eb se k\u00ebtu brenda ka kandidad edhe Bjordin, gj\u00eb t\u00eb cil\u00ebn ajo e ka hedhur posht\u00eb duke th\u00ebn\u00eb se e sheh dhe e konsideron at\u00eb, vet\u00ebm si v\u00eblla. \u201cMegjithat\u00eb, nuk e di si e mendon ai,- ka shtuar ajo, &#8211; por un\u00eb e kam si v\u00eblla!\u201d<\/p>\n<p><strong><em>TCH<\/em><\/strong><\/p>\n","protected":false},"excerpt":{"rendered":"<p>24\/02\/09 02:15 Duket qart\u00eb se pyetja e Arban\u00ebs gjat\u00eb spektaklit n\u00eb lidhje me Mimoz\u00ebn dhe Polin, konkurentin e vjetsh\u00ebm t\u00eb Big Brother, ka ngjallur kureshtjen e t\u00eb gjith\u00eb banor\u00ebve t\u00eb sht\u00ebpis\u00eb. Po ashtu si t\u00eb tjer\u00ebt, edhe Adi, ka shfryt\u00ebzuar q\u00ebndrimin bashk\u00eb gjat\u00eb turnit, p\u00ebr ta pyetur Mimoz\u00ebn. Ajo i ka th\u00ebn\u00eb atij t\u00eb nj\u00ebjtat [&hellip;]<\/p>\n","protected":false},"author":1,"featured_media":0,"comment_status":"open","ping_status":"closed","sticky":false,"template":"","format":"standard","meta":{"spay_email":"","jetpack_publicize_message":"","jetpack_is_tweetstorm":false,"jetpack_publicize_feature_enabled":true},"categories":[6502],"tags":[5057,6506,6712,7129,6665,6522,6568,6544,6540,6891,6693,6887],"jetpack_publicize_connections":[],"yoast_head":"<!-- This site is optimized with the Yoast SEO plugin v19.1 - https:\/\/yoast.com\/wordpress\/plugins\/seo\/ -->\n<title>Mimoza - Bjordin e kam si v\u00c3\u00ablla! | Big Brother Albania<\/title>\n<meta name=\"description\" content=\"Big Brother Albania - Duket qart\u00c3\u00ab se pyetja e Arban\u00c3\u00abs gjat\u00c3\u00ab spektaklit n\u00c3\u00ab lidhje me Mimoz\u00c3\u00abn dhe Polin, konkurentin e vjetsh\u00c3\u00abm t\u00c3\u00ab Big Brother, ka ngjallur kureshtjen e t\u00c3\u00ab gjith\u00c3\u00ab banor\u00c3\u00abve t\u00c3\u00ab sht\u00c3\u00abpis\u00c3\u00ab.\" \/>\n<meta name=\"robots\" content=\"index, follow, max-snippet:-1, max-image-preview:large, max-video-preview:-1\" \/>\n<link rel=\"canonical\" href=\"https:\/\/www.visit-ulcinj.com\/blog\/2009\/02\/24\/mimoza-bjordin-e-kam-si-vella\/\" \/>\n<meta property=\"og:locale\" content=\"en_US\" \/>\n<meta property=\"og:type\" content=\"article\" \/>\n<meta property=\"og:title\" content=\"Mimoza - Bjordin e kam si v\u00c3\u00ablla! | Big Brother Albania\" \/>\n<meta property=\"og:description\" content=\"Big Brother Albania - Duket qart\u00c3\u00ab se pyetja e Arban\u00c3\u00abs gjat\u00c3\u00ab spektaklit n\u00c3\u00ab lidhje me Mimoz\u00c3\u00abn dhe Polin, konkurentin e vjetsh\u00c3\u00abm t\u00c3\u00ab Big Brother, ka ngjallur kureshtjen e t\u00c3\u00ab gjith\u00c3\u00ab banor\u00c3\u00abve t\u00c3\u00ab sht\u00c3\u00abpis\u00c3\u00ab.\" \/>\n<meta property=\"og:url\" content=\"https:\/\/www.visit-ulcinj.com\/blog\/2009\/02\/24\/mimoza-bjordin-e-kam-si-vella\/\" \/>\n<meta property=\"og:site_name\" content=\"Lajme nga Ulqini\" \/>\n<meta property=\"article:published_time\" content=\"2009-02-24T14:22:59+00:00\" \/>\n<meta property=\"og:image\" content=\"http:\/\/www.visit-ulcinj.com\/blog\/wp-content\/uploads\/2009\/02\/mimoza-dhe-lirita.jpg\" \/>\n<meta name=\"twitter:label1\" content=\"Written by\" \/>\n\t<meta name=\"twitter:data1\" content=\"ulqini\" \/>\n\t<meta name=\"twitter:label2\" content=\"Est. reading time\" \/>\n\t<meta name=\"twitter:data2\" content=\"1 minute\" \/>\n<script type=\"application\/ld+json\" class=\"yoast-schema-graph\">{\"@context\":\"https:\/\/schema.org\",\"@graph\":[{\"@type\":\"WebSite\",\"@id\":\"https:\/\/www.visit-ulcinj.com\/blog\/#website\",\"url\":\"https:\/\/www.visit-ulcinj.com\/blog\/\",\"name\":\"Lajme nga Ulqini\",\"description\":\"Lajme,Vijesti,Ulqini,Ulqin,Crna Gora,Mali i Zi\",\"potentialAction\":[{\"@type\":\"SearchAction\",\"target\":{\"@type\":\"EntryPoint\",\"urlTemplate\":\"https:\/\/www.visit-ulcinj.com\/blog\/?s={search_term_string}\"},\"query-input\":\"required name=search_term_string\"}],\"inLanguage\":\"en-US\"},{\"@type\":\"ImageObject\",\"inLanguage\":\"en-US\",\"@id\":\"https:\/\/www.visit-ulcinj.com\/blog\/2009\/02\/24\/mimoza-bjordin-e-kam-si-vella\/#primaryimage\",\"url\":\"http:\/\/www.visit-ulcinj.com\/blog\/wp-content\/uploads\/2009\/02\/mimoza-dhe-lirita.jpg\",\"contentUrl\":\"http:\/\/www.visit-ulcinj.com\/blog\/wp-content\/uploads\/2009\/02\/mimoza-dhe-lirita.jpg\"},{\"@type\":\"WebPage\",\"@id\":\"https:\/\/www.visit-ulcinj.com\/blog\/2009\/02\/24\/mimoza-bjordin-e-kam-si-vella\/#webpage\",\"url\":\"https:\/\/www.visit-ulcinj.com\/blog\/2009\/02\/24\/mimoza-bjordin-e-kam-si-vella\/\",\"name\":\"Mimoza - Bjordin e kam si v\u00c3\u00ablla! | Big Brother Albania\",\"isPartOf\":{\"@id\":\"https:\/\/www.visit-ulcinj.com\/blog\/#website\"},\"primaryImageOfPage\":{\"@id\":\"https:\/\/www.visit-ulcinj.com\/blog\/2009\/02\/24\/mimoza-bjordin-e-kam-si-vella\/#primaryimage\"},\"datePublished\":\"2009-02-24T14:22:59+00:00\",\"dateModified\":\"2009-02-24T14:22:59+00:00\",\"author\":{\"@id\":\"https:\/\/www.visit-ulcinj.com\/blog\/#\/schema\/person\/dcab619c614d3038751c63bc2aadc06d\"},\"description\":\"Big Brother Albania - Duket qart\u00c3\u00ab se pyetja e Arban\u00c3\u00abs gjat\u00c3\u00ab spektaklit n\u00c3\u00ab lidhje me Mimoz\u00c3\u00abn dhe Polin, konkurentin e vjetsh\u00c3\u00abm t\u00c3\u00ab Big Brother, ka ngjallur kureshtjen e t\u00c3\u00ab gjith\u00c3\u00ab banor\u00c3\u00abve t\u00c3\u00ab sht\u00c3\u00abpis\u00c3\u00ab.\",\"breadcrumb\":{\"@id\":\"https:\/\/www.visit-ulcinj.com\/blog\/2009\/02\/24\/mimoza-bjordin-e-kam-si-vella\/#breadcrumb\"},\"inLanguage\":\"en-US\",\"potentialAction\":[{\"@type\":\"ReadAction\",\"target\":[\"https:\/\/www.visit-ulcinj.com\/blog\/2009\/02\/24\/mimoza-bjordin-e-kam-si-vella\/\"]}]},{\"@type\":\"BreadcrumbList\",\"@id\":\"https:\/\/www.visit-ulcinj.com\/blog\/2009\/02\/24\/mimoza-bjordin-e-kam-si-vella\/#breadcrumb\",\"itemListElement\":[{\"@type\":\"ListItem\",\"position\":1,\"name\":\"Mimoza &#8211; Bjordin e kam si v\u00eblla!\"}]},{\"@type\":\"Person\",\"@id\":\"https:\/\/www.visit-ulcinj.com\/blog\/#\/schema\/person\/dcab619c614d3038751c63bc2aadc06d\",\"name\":\"ulqini\",\"sameAs\":[\"http:\/\/www.visit-ulcinj.com\"],\"url\":\"https:\/\/www.visit-ulcinj.com\/blog\/author\/admin\/\"}]}<\/script>\n<!-- \/ Yoast SEO plugin. -->","yoast_head_json":{"title":"Mimoza - Bjordin e kam si v\u00c3\u00ablla! | Big Brother Albania","description":"Big Brother Albania - Duket qart\u00c3\u00ab se pyetja e Arban\u00c3\u00abs gjat\u00c3\u00ab spektaklit n\u00c3\u00ab lidhje me Mimoz\u00c3\u00abn dhe Polin, konkurentin e vjetsh\u00c3\u00abm t\u00c3\u00ab Big Brother, ka ngjallur kureshtjen e t\u00c3\u00ab gjith\u00c3\u00ab banor\u00c3\u00abve t\u00c3\u00ab sht\u00c3\u00abpis\u00c3\u00ab.","robots":{"index":"index","follow":"follow","max-snippet":"max-snippet:-1","max-image-preview":"max-image-preview:large","max-video-preview":"max-video-preview:-1"},"canonical":"https:\/\/www.visit-ulcinj.com\/blog\/2009\/02\/24\/mimoza-bjordin-e-kam-si-vella\/","og_locale":"en_US","og_type":"article","og_title":"Mimoza - Bjordin e kam si v\u00c3\u00ablla! | Big Brother Albania","og_description":"Big Brother Albania - Duket qart\u00c3\u00ab se pyetja e Arban\u00c3\u00abs gjat\u00c3\u00ab spektaklit n\u00c3\u00ab lidhje me Mimoz\u00c3\u00abn dhe Polin, konkurentin e vjetsh\u00c3\u00abm t\u00c3\u00ab Big Brother, ka ngjallur kureshtjen e t\u00c3\u00ab gjith\u00c3\u00ab banor\u00c3\u00abve t\u00c3\u00ab sht\u00c3\u00abpis\u00c3\u00ab.","og_url":"https:\/\/www.visit-ulcinj.com\/blog\/2009\/02\/24\/mimoza-bjordin-e-kam-si-vella\/","og_site_name":"Lajme nga Ulqini","article_published_time":"2009-02-24T14:22:59+00:00","og_image":[{"url":"http:\/\/www.visit-ulcinj.com\/blog\/wp-content\/uploads\/2009\/02\/mimoza-dhe-lirita.jpg"}],"twitter_misc":{"Written by":"ulqini","Est. reading time":"1 minute"},"schema":{"@context":"https:\/\/schema.org","@graph":[{"@type":"WebSite","@id":"https:\/\/www.visit-ulcinj.com\/blog\/#website","url":"https:\/\/www.visit-ulcinj.com\/blog\/","name":"Lajme nga Ulqini","description":"Lajme,Vijesti,Ulqini,Ulqin,Crna Gora,Mali i Zi","potentialAction":[{"@type":"SearchAction","target":{"@type":"EntryPoint","urlTemplate":"https:\/\/www.visit-ulcinj.com\/blog\/?s={search_term_string}"},"query-input":"required name=search_term_string"}],"inLanguage":"en-US"},{"@type":"ImageObject","inLanguage":"en-US","@id":"https:\/\/www.visit-ulcinj.com\/blog\/2009\/02\/24\/mimoza-bjordin-e-kam-si-vella\/#primaryimage","url":"http:\/\/www.visit-ulcinj.com\/blog\/wp-content\/uploads\/2009\/02\/mimoza-dhe-lirita.jpg","contentUrl":"http:\/\/www.visit-ulcinj.com\/blog\/wp-content\/uploads\/2009\/02\/mimoza-dhe-lirita.jpg"},{"@type":"WebPage","@id":"https:\/\/www.visit-ulcinj.com\/blog\/2009\/02\/24\/mimoza-bjordin-e-kam-si-vella\/#webpage","url":"https:\/\/www.visit-ulcinj.com\/blog\/2009\/02\/24\/mimoza-bjordin-e-kam-si-vella\/","name":"Mimoza - Bjordin e kam si v\u00c3\u00ablla! | Big Brother Albania","isPartOf":{"@id":"https:\/\/www.visit-ulcinj.com\/blog\/#website"},"primaryImageOfPage":{"@id":"https:\/\/www.visit-ulcinj.com\/blog\/2009\/02\/24\/mimoza-bjordin-e-kam-si-vella\/#primaryimage"},"datePublished":"2009-02-24T14:22:59+00:00","dateModified":"2009-02-24T14:22:59+00:00","author":{"@id":"https:\/\/www.visit-ulcinj.com\/blog\/#\/schema\/person\/dcab619c614d3038751c63bc2aadc06d"},"description":"Big Brother Albania - Duket qart\u00c3\u00ab se pyetja e Arban\u00c3\u00abs gjat\u00c3\u00ab spektaklit n\u00c3\u00ab lidhje me Mimoz\u00c3\u00abn dhe Polin, konkurentin e vjetsh\u00c3\u00abm t\u00c3\u00ab Big Brother, ka ngjallur kureshtjen e t\u00c3\u00ab gjith\u00c3\u00ab banor\u00c3\u00abve t\u00c3\u00ab sht\u00c3\u00abpis\u00c3\u00ab.","breadcrumb":{"@id":"https:\/\/www.visit-ulcinj.com\/blog\/2009\/02\/24\/mimoza-bjordin-e-kam-si-vella\/#breadcrumb"},"inLanguage":"en-US","potentialAction":[{"@type":"ReadAction","target":["https:\/\/www.visit-ulcinj.com\/blog\/2009\/02\/24\/mimoza-bjordin-e-kam-si-vella\/"]}]},{"@type":"BreadcrumbList","@id":"https:\/\/www.visit-ulcinj.com\/blog\/2009\/02\/24\/mimoza-bjordin-e-kam-si-vella\/#breadcrumb","itemListElement":[{"@type":"ListItem","position":1,"name":"Mimoza &#8211; Bjordin e kam si v\u00eblla!"}]},{"@type":"Person","@id":"https:\/\/www.visit-ulcinj.com\/blog\/#\/schema\/person\/dcab619c614d3038751c63bc2aadc06d","name":"ulqini","sameAs":["http:\/\/www.visit-ulcinj.com"],"url":"https:\/\/www.visit-ulcinj.com\/blog\/author\/admin\/"}]}},"jetpack_featured_media_url":"","jetpack_sharing_enabled":true,"jetpack_shortlink":"https:\/\/wp.me\/pe6lTn-3aF","_links":{"self":[{"href":"https:\/\/www.visit-ulcinj.com\/blog\/wp-json\/wp\/v2\/posts\/12193"}],"collection":[{"href":"https:\/\/www.visit-ulcinj.com\/blog\/wp-json\/wp\/v2\/posts"}],"about":[{"href":"https:\/\/www.visit-ulcinj.com\/blog\/wp-json\/wp\/v2\/types\/post"}],"author":[{"embeddable":true,"href":"https:\/\/www.visit-ulcinj.com\/blog\/wp-json\/wp\/v2\/users\/1"}],"replies":[{"embeddable":true,"href":"https:\/\/www.visit-ulcinj.com\/blog\/wp-json\/wp\/v2\/comments?post=12193"}],"version-history":[{"count":0,"href":"https:\/\/www.visit-ulcinj.com\/blog\/wp-json\/wp\/v2\/posts\/12193\/revisions"}],"wp:attachment":[{"href":"https:\/\/www.visit-ulcinj.com\/blog\/wp-json\/wp\/v2\/media?parent=12193"}],"wp:term":[{"taxonomy":"category","embeddable":true,"href":"https:\/\/www.visit-ulcinj.com\/blog\/wp-json\/wp\/v2\/categories?post=12193"},{"taxonomy":"post_tag","embeddable":true,"href":"https:\/\/www.visit-ulcinj.com\/blog\/wp-json\/wp\/v2\/tags?post=12193"}],"curies":[{"name":"wp","href":"https:\/\/api.w.org\/{rel}","templated":true}]}}