{"id":12203,"date":"2009-02-24T18:36:21","date_gmt":"2009-02-24T17:36:21","guid":{"rendered":"http:\/\/www.visit-ulcinj.com\/blog\/?p=12203"},"modified":"2009-02-24T18:36:21","modified_gmt":"2009-02-24T17:36:21","slug":"shperaj-mendimi-per-mire","status":"publish","type":"post","link":"https:\/\/www.visit-ulcinj.com\/blog\/2009\/02\/24\/shperaj-mendimi-per-mire\/","title":{"rendered":"Sh.Peraj: Mendimi p\u00ebr mir\u00eb&#8230;&#8230;&#8230;&#8230;"},"content":{"rendered":"<p><a href=\"http:\/\/www.visit-ulcinj.com\/blog\/wp-content\/uploads\/2009\/02\/shaban-peraj-2.jpg\"><img loading=\"lazy\" class=\"alignleft size-full wp-image-12209\" title=\"shaban-peraj-2\" src=\"http:\/\/www.visit-ulcinj.com\/blog\/wp-content\/uploads\/2009\/02\/shaban-peraj-2.jpg\" alt=\"shaban-peraj-2\" width=\"570\" height=\"400\" \/><\/a>Fakti q\u00eb secili nga subjektet politike shqiptare n\u00eb Mal t\u00eb Zi i sheh udh\u00ebheq\u00ebsit dhe prij\u00ebsit e vet si novator\u00eb, i jep shkak p\u00ebr\u00e7arjes edhe n\u00ebse ky k\u00ebndv\u00ebshtrim \u00ebsht\u00eb naiv.<br \/>\nDukuria e mos\u00e7uarjes deri n\u00eb fund e shum\u00eb proceseve politike t\u00eb nisura mbar\u00eb, p\u00ebrve\u00e7se i k\u00ebnaq interesat strategjike t\u00eb armiqve tan\u00eb, ajo karakterizohet edhe me bekimin dhe p\u00ebrkrahjen e parezerv\u00eb t\u00eb elit\u00ebs son\u00eb politike. Se \u00e7far\u00eb ishin pasojat politike n\u00eb t\u00eb kaluar\u00ebn historike kjo tashm\u00eb dihet, ajo q\u00eb nuk dihet p\u00ebr momentin \u00ebsht\u00eb stopimi i k\u00ebsaj mos\u00e7uarjeje deri n\u00eb fund t\u00eb amanetit t\u00eb atyre q\u00eb u flijuan p\u00ebr t\u00eb mir\u00ebn e kombit pa menduar fare p\u00ebr pasoja, dhe kjo mbetet t\u00eb shikohet. Dukurit\u00eb anomale n\u00eb rrethin politik t\u00eb shqiptar\u00ebve n\u00eb Mal t\u00eb Zi t\u00eb b\u00ebjn\u00eb p\u00ebr t\u00eb qeshur (kjo m\u00eb tep\u00ebr nga marazi) karshi \u00e7oroditjeve t\u00eb paraqitura q\u00eb i ka opinioni i k\u00ebtush\u00ebm shqiptar gjoja se shum\u00eb k\u00ebrkesa i b\u00ebjn\u00eb sipas rekomandimeve t\u00eb atyre q\u00eb jetojn\u00eb e veprojn\u00eb jasht\u00eb k\u00ebtyre rrethanave pa u konsultuar e pa u marr\u00eb vesh brenda vet\u00eb korpusit politik p\u00ebr mbar\u00ebvajtje t\u00eb mir\u00ebqenies qytetare. Kaq b\u00ebjn\u00eb k\u00ebta, ky \u00ebsht\u00eb kapaciteti i tyre p\u00ebr t\u00eb t\u00ebrhequr mbrapsht\u00eb politik\u00ebn komb\u00ebtare, si k\u00ebtu po edhe n\u00eb bashk\u00ebpunim me qendrat n\u00eb Tiran\u00eb e Prishtin\u00eb. Si t\u00eb shpjegohen ndryshe veprimet e lider\u00ebve t\u00eb partive shqiptare n\u00eb Mal t\u00eb Zi rreth mosbashkimit p\u00ebr zgjedhje t\u00eb parakohshme parlamentare q\u00eb do t\u00eb mbahen m\u00eb 29 mars, \u00e7ka me veprimet e tyre t\u00eb nj\u00ebkahshme pa pasur ndonj\u00eb platform\u00eb t\u00eb re politike i japin t\u00eb drejt\u00eb vetes secili nga k\u00ebta q\u00eb t\u00eb vet\u00ebshpallet sikur p\u00ebrfaq\u00ebson shqiptar\u00ebt n\u00eb Mal t\u00eb Zi! Ky veprim i p\u00ebr\u00e7arjes nuk do koment, ajo q\u00eb shqet\u00ebson n\u00eb k\u00ebto momente \u00ebsht\u00eb se ku mbeti strategjia komb\u00ebtare Kush \u00ebsht\u00eb k\u00ebtu komb\u00ebtar, kush i ndan shqiptar\u00ebt e nj\u00eb trungu n\u00eb grupacione t\u00eb tilla, kujt i sh\u00ebrbejn\u00eb me veprime t\u00eb tilla ndar\u00ebse karshi asaj q\u00eb \u00ebsht\u00eb e p\u00ebrgjithshme kur mir\u00ebfilli dihet se n\u00eb k\u00ebto troje shqiptare veprojn\u00eb jo m\u00eb pak se gjasht\u00eb subjekte politike shqiptare?! A nuk \u00ebsht\u00eb ky tregues se k\u00ebtu dikush punon me nj\u00eb prapavi p\u00ebr t\u00eb avancuar vet\u00ebn dhe p\u00ebr t\u00eb ndalur t\u00eb drejt\u00ebn e subjekteve t\u00eb tjera politike n\u00eb m\u00ebnyr\u00eb q\u00eb ata t\u00eb shpallen jokomb\u00ebtar\u00eb e jodemokratik\u00eb.A nuk u d\u00ebshmua kjo edhe me koncertin e mbajtur n\u00eb Tuz, po takimi i deputet\u00ebve serb\u00eb n\u00eb veriun e Mitrovic\u00ebs pik\u00ebrisht n\u00eb dit\u00ebn kur i gjith\u00eb kombi shqiptar po festonte Pavar\u00ebsin\u00eb e Kosov\u00ebs nuk e d\u00ebshmoi ndarjen ton\u00eb p\u00ebr t\u00eb mos qen\u00eb t\u00eb zot\u00ebt q\u00eb t\u2019i japim secilit qytetar\u00eb t\u00eb atjesh\u00ebm at\u00eb q\u00eb i nevojitet e at\u00eb q\u00eb e meriton. Kjo q\u00eb disa nga lider\u00ebt tan\u00eb i dhan\u00eb detyr\u00eb vet\u00ebs \u00ebsht\u00eb nj\u00eb politik\u00eb me vija t\u00eb kund\u00ebrta nga interesi i p\u00ebrgjithsh\u00ebm komb\u00ebtar. Nj\u00eb ndarje apo dallim i till\u00eb gjoja se n\u00eb Mal t\u00eb Zi ka vet\u00ebm nj\u00eb subjekt politik, ka vet\u00ebm nj\u00eb lider \u00ebsht\u00eb m\u00eb tep\u00ebr munges\u00eb e unitetit brendaetnik t\u00eb shqiptar\u00ebve, gj\u00eb q\u00eb n\u00eb periudha t\u00eb ndryshme na ka kushtuar shtrenjt\u00eb. Nj\u00eb form\u00eb e till\u00eb e veprimit t\u00eb atyre q\u00eb b\u00ebn\u00eb t\u00eb realizohet ky projekt mund t\u00eb shaktoj\u00eb telashe n\u00eb raportet nd\u00ebretnike. Nuk duhet anashkaluar edhe momentin n\u00eb t\u00eb cilin ndodhen shqiptar\u00ebt n\u00eb Mal t\u00eb Zi tani n\u00eb prag t\u00eb zgjedhjeve t\u00eb parakohshme parlamentare. Politkan\u00ebt shqiptar\u00eb n\u00eb Mal t\u00eb Zi kan\u00eb pasur, po edhe kan\u00eb shansin e duhur t\u00eb k\u00ebrkojn\u00eb bashk\u00ebveprim lidhur me interesin komb\u00ebtar dhe n\u00eb asnj\u00eb rast t\u00eb mos veprojn\u00eb q\u00eb hesapet t\u2019i b\u00ebjn\u00eb sipas rasteve personale. P\u00ebr k\u00ebt\u00eb duhet pasur nj\u00eb konsult\u00eb m\u00eb t\u00eb gj\u00ebr\u00eb, nj\u00eb bashk\u00ebpunim t\u00eb mir\u00ebfillt\u00eb t\u00eb atyre q\u00eb merren me organizime politike n\u00eb m\u00ebnyr\u00eb q\u00eb vet ata t\u00eb jen\u00eb t\u00eb bindur se shumica shqiptare n\u00eb Mal t\u00eb Zi \u00ebsht\u00eb n\u00eb krahun tjet\u00ebr, at\u00eb t\u00eb shumic\u00ebs komb\u00ebtare. N\u00ebse hartuesit e k\u00ebtyre projekteve mendojn\u00eb se jan\u00eb m\u00eb t\u00eb mir\u00ebt n\u00eb politik\u00ebn komb\u00ebtare, at\u00ebher\u00eb t\u00eb nj\u00ebjtit nuk kan\u00eb p\u00ebr t\u00eb g\u00ebzuar frytet e votuesve shqiptar\u00eb, sepse me aq p\u00ebrqindje sa jan\u00eb shqipta\u00ebt n\u00eb Mal t\u00eb Zi, ata jan\u00eb akoma gjall\u00eb, duke u d\u00ebshmuar para se t\u00eb veprojn\u00eb lider\u00ebt e k\u00ebtush\u00ebm dhe k\u00ebt\u00eb do ta vazhdojn\u00eb edhe p\u00ebr shum\u00eb koh\u00eb. Pavar\u00ebsisht se kritikohen k\u00ebto veprime, vet pozita e shqiptar\u00ebve t\u00eb k\u00ebtush\u00ebm k\u00ebrkon nj\u00eb ridefilim t\u00eb ri politik e ideologjik t\u00eb secilit prej nesh duke pasur kurajo q\u00eb brenda k\u00ebtij ridefilimi t\u00eb jemi t\u00eb p\u00ebrfshir\u00eb t\u00eb gjith\u00eb, t\u00eb mos jemi t\u00eb ndar\u00eb n\u00eb kampe e parti lagjesh. Meqen\u00ebse besimi dhe fjala e dh\u00ebn\u00eb (Besa) jan\u00eb pjes\u00eb e padiskutueshme e identitetit shqiptar, mendoj se p\u00ebrkrahja kaq e madhe e k\u00ebtij termi, sipas nj\u00eb analisti, duhet t\u00eb konsiderohet si element shqet\u00ebsues dhe jo nj\u00eb shprehje e zakont\u00eb dhe e \u201cpa gjeder\u201d! Koha \u00ebsht\u00eb q\u00eb t\u00eb flasim e t\u00eb veprojm\u00eb m\u00eb me p\u00ebrgjegj\u00ebsi p\u00ebr fjal\u00ebn e dh\u00ebn\u00eb (bes\u00ebn) dhe t\u00eb mos kemi frik\u00eb p\u00ebr at\u00eb q\u00eb themi dhe m\u00ebnyr\u00ebn se si e themi p\u00ebr t\u00eb l\u00ebvizur drejt q\u00ebllimit komb\u00ebtar. Prandaj k\u00ebrkohet q\u00eb baza e t\u00eb komunikuarit t\u00eb mos jet\u00eb dhuna, diktati e paragjykimi, por mir\u00ebkuptimi, d\u00ebshira p\u00ebr dialog, toleranc\u00eb maksimale e shpirtmadh\u00ebsi ndaj t\u00eb tjer\u00ebve, aq m\u00eb shum\u00eb kur t\u00eb gjith\u00eb jemi shqiptar\u00eb. T\u00eb vjen i habitsh\u00ebm fakti, se n\u00eb dit\u00ebt e sensibilizimit t\u00eb problemeve mbar\u00ebkomb\u00ebtare, shqiptar\u00ebve brendap\u00ebrbrenda u d\u00ebgjohet z\u00ebri, por s\u2019u shihet kontributi, ndaj sot na nevojitet p\u00ebr t\u00eb vepruar sepse ky \u00ebsht\u00eb obligim i t\u00eb gjith\u00eb neve. Kjo gj\u00eb merr r\u00ebnd\u00ebsi dhe p\u00ebrmasa krejt t\u00eb ve\u00e7anta kur \u00ebsht\u00eb fjala p\u00ebr c\u00ebshtje delikate si k\u00ebto tonat q\u00eb kan\u00eb lidhje me jet\u00ebn dhe t\u00eb ardhmen e nj\u00eb kombi.<br \/>\n<strong>Shaban Peraj<br \/>\nKoha Javore<\/strong><\/p>\n","protected":false},"excerpt":{"rendered":"<p>Fakti q\u00eb secili nga subjektet politike shqiptare n\u00eb Mal t\u00eb Zi i sheh udh\u00ebheq\u00ebsit dhe prij\u00ebsit e vet si novator\u00eb, i jep shkak p\u00ebr\u00e7arjes edhe n\u00ebse ky k\u00ebndv\u00ebshtrim \u00ebsht\u00eb naiv. Dukuria e mos\u00e7uarjes deri n\u00eb fund e shum\u00eb proceseve politike t\u00eb nisura mbar\u00eb, p\u00ebrve\u00e7se i k\u00ebnaq interesat strategjike t\u00eb armiqve tan\u00eb, ajo karakterizohet edhe me [&hellip;]<\/p>\n","protected":false},"author":1,"featured_media":0,"comment_status":"open","ping_status":"closed","sticky":false,"template":"","format":"standard","meta":{"spay_email":"","jetpack_publicize_message":"","jetpack_is_tweetstorm":false,"jetpack_publicize_feature_enabled":true},"categories":[11],"tags":[7143,7142,4266,95,3180,7141,2450,200,18],"jetpack_publicize_connections":[],"yoast_head":"<!-- This site is optimized with the Yoast SEO plugin v19.1 - https:\/\/yoast.com\/wordpress\/plugins\/seo\/ -->\n<title>Sh.Peraj: Mendimi p\u00ebr mir\u00eb............ - Lajme nga Ulqini<\/title>\n<meta name=\"description\" content=\"Fakti q\u00eb secili nga subjektet politike shqiptare n\u00eb Mal t\u00eb Zi i sheh udh\u00ebheq\u00ebsit dhe prij\u00ebsit e vet si novator\u00eb, i jep shkak p\u00ebr\u00e7arjes edhe n\u00ebse ky\" \/>\n<meta name=\"robots\" content=\"index, follow, max-snippet:-1, max-image-preview:large, max-video-preview:-1\" \/>\n<link rel=\"canonical\" href=\"https:\/\/www.visit-ulcinj.com\/blog\/2009\/02\/24\/shperaj-mendimi-per-mire\/\" \/>\n<meta property=\"og:locale\" content=\"en_US\" \/>\n<meta property=\"og:type\" content=\"article\" \/>\n<meta property=\"og:title\" content=\"Sh.Peraj: Mendimi p\u00ebr mir\u00eb............ - Lajme nga Ulqini\" \/>\n<meta property=\"og:description\" content=\"Fakti q\u00eb secili nga subjektet politike shqiptare n\u00eb Mal t\u00eb Zi i sheh udh\u00ebheq\u00ebsit dhe prij\u00ebsit e vet si novator\u00eb, i jep shkak p\u00ebr\u00e7arjes edhe n\u00ebse ky\" \/>\n<meta property=\"og:url\" content=\"https:\/\/www.visit-ulcinj.com\/blog\/2009\/02\/24\/shperaj-mendimi-per-mire\/\" \/>\n<meta property=\"og:site_name\" content=\"Lajme nga Ulqini\" \/>\n<meta property=\"article:published_time\" content=\"2009-02-24T17:36:21+00:00\" \/>\n<meta property=\"og:image\" content=\"http:\/\/www.visit-ulcinj.com\/blog\/wp-content\/uploads\/2009\/02\/shaban-peraj-2.jpg\" \/>\n<meta name=\"twitter:label1\" content=\"Written by\" \/>\n\t<meta name=\"twitter:data1\" content=\"ulqini\" \/>\n\t<meta name=\"twitter:label2\" content=\"Est. reading time\" \/>\n\t<meta name=\"twitter:data2\" content=\"5 minutes\" \/>\n<script type=\"application\/ld+json\" class=\"yoast-schema-graph\">{\"@context\":\"https:\/\/schema.org\",\"@graph\":[{\"@type\":\"WebSite\",\"@id\":\"https:\/\/www.visit-ulcinj.com\/blog\/#website\",\"url\":\"https:\/\/www.visit-ulcinj.com\/blog\/\",\"name\":\"Lajme nga Ulqini\",\"description\":\"Lajme,Vijesti,Ulqini,Ulqin,Crna Gora,Mali i Zi\",\"potentialAction\":[{\"@type\":\"SearchAction\",\"target\":{\"@type\":\"EntryPoint\",\"urlTemplate\":\"https:\/\/www.visit-ulcinj.com\/blog\/?s={search_term_string}\"},\"query-input\":\"required name=search_term_string\"}],\"inLanguage\":\"en-US\"},{\"@type\":\"ImageObject\",\"inLanguage\":\"en-US\",\"@id\":\"https:\/\/www.visit-ulcinj.com\/blog\/2009\/02\/24\/shperaj-mendimi-per-mire\/#primaryimage\",\"url\":\"https:\/\/www.visit-ulcinj.com\/blog\/wp-content\/uploads\/2009\/02\/shaban-peraj-2.jpg\",\"contentUrl\":\"https:\/\/www.visit-ulcinj.com\/blog\/wp-content\/uploads\/2009\/02\/shaban-peraj-2.jpg\",\"width\":\"522\",\"height\":\"515\"},{\"@type\":\"WebPage\",\"@id\":\"https:\/\/www.visit-ulcinj.com\/blog\/2009\/02\/24\/shperaj-mendimi-per-mire\/#webpage\",\"url\":\"https:\/\/www.visit-ulcinj.com\/blog\/2009\/02\/24\/shperaj-mendimi-per-mire\/\",\"name\":\"Sh.Peraj: Mendimi p\u00ebr mir\u00eb............ - Lajme nga Ulqini\",\"isPartOf\":{\"@id\":\"https:\/\/www.visit-ulcinj.com\/blog\/#website\"},\"primaryImageOfPage\":{\"@id\":\"https:\/\/www.visit-ulcinj.com\/blog\/2009\/02\/24\/shperaj-mendimi-per-mire\/#primaryimage\"},\"datePublished\":\"2009-02-24T17:36:21+00:00\",\"dateModified\":\"2009-02-24T17:36:21+00:00\",\"author\":{\"@id\":\"https:\/\/www.visit-ulcinj.com\/blog\/#\/schema\/person\/dcab619c614d3038751c63bc2aadc06d\"},\"description\":\"Fakti q\u00eb secili nga subjektet politike shqiptare n\u00eb Mal t\u00eb Zi i sheh udh\u00ebheq\u00ebsit dhe prij\u00ebsit e vet si novator\u00eb, i jep shkak p\u00ebr\u00e7arjes edhe n\u00ebse ky\",\"breadcrumb\":{\"@id\":\"https:\/\/www.visit-ulcinj.com\/blog\/2009\/02\/24\/shperaj-mendimi-per-mire\/#breadcrumb\"},\"inLanguage\":\"en-US\",\"potentialAction\":[{\"@type\":\"ReadAction\",\"target\":[\"https:\/\/www.visit-ulcinj.com\/blog\/2009\/02\/24\/shperaj-mendimi-per-mire\/\"]}]},{\"@type\":\"BreadcrumbList\",\"@id\":\"https:\/\/www.visit-ulcinj.com\/blog\/2009\/02\/24\/shperaj-mendimi-per-mire\/#breadcrumb\",\"itemListElement\":[{\"@type\":\"ListItem\",\"position\":1,\"name\":\"Sh.Peraj: Mendimi p\u00ebr mir\u00eb&#8230;&#8230;&#8230;&#8230;\"}]},{\"@type\":\"Person\",\"@id\":\"https:\/\/www.visit-ulcinj.com\/blog\/#\/schema\/person\/dcab619c614d3038751c63bc2aadc06d\",\"name\":\"ulqini\",\"sameAs\":[\"http:\/\/www.visit-ulcinj.com\"],\"url\":\"https:\/\/www.visit-ulcinj.com\/blog\/author\/admin\/\"}]}<\/script>\n<!-- \/ Yoast SEO plugin. -->","yoast_head_json":{"title":"Sh.Peraj: Mendimi p\u00ebr mir\u00eb............ - Lajme nga Ulqini","description":"Fakti q\u00eb secili nga subjektet politike shqiptare n\u00eb Mal t\u00eb Zi i sheh udh\u00ebheq\u00ebsit dhe prij\u00ebsit e vet si novator\u00eb, i jep shkak p\u00ebr\u00e7arjes edhe n\u00ebse ky","robots":{"index":"index","follow":"follow","max-snippet":"max-snippet:-1","max-image-preview":"max-image-preview:large","max-video-preview":"max-video-preview:-1"},"canonical":"https:\/\/www.visit-ulcinj.com\/blog\/2009\/02\/24\/shperaj-mendimi-per-mire\/","og_locale":"en_US","og_type":"article","og_title":"Sh.Peraj: Mendimi p\u00ebr mir\u00eb............ - Lajme nga Ulqini","og_description":"Fakti q\u00eb secili nga subjektet politike shqiptare n\u00eb Mal t\u00eb Zi i sheh udh\u00ebheq\u00ebsit dhe prij\u00ebsit e vet si novator\u00eb, i jep shkak p\u00ebr\u00e7arjes edhe n\u00ebse ky","og_url":"https:\/\/www.visit-ulcinj.com\/blog\/2009\/02\/24\/shperaj-mendimi-per-mire\/","og_site_name":"Lajme nga Ulqini","article_published_time":"2009-02-24T17:36:21+00:00","og_image":[{"url":"http:\/\/www.visit-ulcinj.com\/blog\/wp-content\/uploads\/2009\/02\/shaban-peraj-2.jpg"}],"twitter_misc":{"Written by":"ulqini","Est. reading time":"5 minutes"},"schema":{"@context":"https:\/\/schema.org","@graph":[{"@type":"WebSite","@id":"https:\/\/www.visit-ulcinj.com\/blog\/#website","url":"https:\/\/www.visit-ulcinj.com\/blog\/","name":"Lajme nga Ulqini","description":"Lajme,Vijesti,Ulqini,Ulqin,Crna Gora,Mali i Zi","potentialAction":[{"@type":"SearchAction","target":{"@type":"EntryPoint","urlTemplate":"https:\/\/www.visit-ulcinj.com\/blog\/?s={search_term_string}"},"query-input":"required name=search_term_string"}],"inLanguage":"en-US"},{"@type":"ImageObject","inLanguage":"en-US","@id":"https:\/\/www.visit-ulcinj.com\/blog\/2009\/02\/24\/shperaj-mendimi-per-mire\/#primaryimage","url":"https:\/\/www.visit-ulcinj.com\/blog\/wp-content\/uploads\/2009\/02\/shaban-peraj-2.jpg","contentUrl":"https:\/\/www.visit-ulcinj.com\/blog\/wp-content\/uploads\/2009\/02\/shaban-peraj-2.jpg","width":"522","height":"515"},{"@type":"WebPage","@id":"https:\/\/www.visit-ulcinj.com\/blog\/2009\/02\/24\/shperaj-mendimi-per-mire\/#webpage","url":"https:\/\/www.visit-ulcinj.com\/blog\/2009\/02\/24\/shperaj-mendimi-per-mire\/","name":"Sh.Peraj: Mendimi p\u00ebr mir\u00eb............ - Lajme nga Ulqini","isPartOf":{"@id":"https:\/\/www.visit-ulcinj.com\/blog\/#website"},"primaryImageOfPage":{"@id":"https:\/\/www.visit-ulcinj.com\/blog\/2009\/02\/24\/shperaj-mendimi-per-mire\/#primaryimage"},"datePublished":"2009-02-24T17:36:21+00:00","dateModified":"2009-02-24T17:36:21+00:00","author":{"@id":"https:\/\/www.visit-ulcinj.com\/blog\/#\/schema\/person\/dcab619c614d3038751c63bc2aadc06d"},"description":"Fakti q\u00eb secili nga subjektet politike shqiptare n\u00eb Mal t\u00eb Zi i sheh udh\u00ebheq\u00ebsit dhe prij\u00ebsit e vet si novator\u00eb, i jep shkak p\u00ebr\u00e7arjes edhe n\u00ebse ky","breadcrumb":{"@id":"https:\/\/www.visit-ulcinj.com\/blog\/2009\/02\/24\/shperaj-mendimi-per-mire\/#breadcrumb"},"inLanguage":"en-US","potentialAction":[{"@type":"ReadAction","target":["https:\/\/www.visit-ulcinj.com\/blog\/2009\/02\/24\/shperaj-mendimi-per-mire\/"]}]},{"@type":"BreadcrumbList","@id":"https:\/\/www.visit-ulcinj.com\/blog\/2009\/02\/24\/shperaj-mendimi-per-mire\/#breadcrumb","itemListElement":[{"@type":"ListItem","position":1,"name":"Sh.Peraj: Mendimi p\u00ebr mir\u00eb&#8230;&#8230;&#8230;&#8230;"}]},{"@type":"Person","@id":"https:\/\/www.visit-ulcinj.com\/blog\/#\/schema\/person\/dcab619c614d3038751c63bc2aadc06d","name":"ulqini","sameAs":["http:\/\/www.visit-ulcinj.com"],"url":"https:\/\/www.visit-ulcinj.com\/blog\/author\/admin\/"}]}},"jetpack_featured_media_url":"","jetpack_sharing_enabled":true,"jetpack_shortlink":"https:\/\/wp.me\/pe6lTn-3aP","_links":{"self":[{"href":"https:\/\/www.visit-ulcinj.com\/blog\/wp-json\/wp\/v2\/posts\/12203"}],"collection":[{"href":"https:\/\/www.visit-ulcinj.com\/blog\/wp-json\/wp\/v2\/posts"}],"about":[{"href":"https:\/\/www.visit-ulcinj.com\/blog\/wp-json\/wp\/v2\/types\/post"}],"author":[{"embeddable":true,"href":"https:\/\/www.visit-ulcinj.com\/blog\/wp-json\/wp\/v2\/users\/1"}],"replies":[{"embeddable":true,"href":"https:\/\/www.visit-ulcinj.com\/blog\/wp-json\/wp\/v2\/comments?post=12203"}],"version-history":[{"count":0,"href":"https:\/\/www.visit-ulcinj.com\/blog\/wp-json\/wp\/v2\/posts\/12203\/revisions"}],"wp:attachment":[{"href":"https:\/\/www.visit-ulcinj.com\/blog\/wp-json\/wp\/v2\/media?parent=12203"}],"wp:term":[{"taxonomy":"category","embeddable":true,"href":"https:\/\/www.visit-ulcinj.com\/blog\/wp-json\/wp\/v2\/categories?post=12203"},{"taxonomy":"post_tag","embeddable":true,"href":"https:\/\/www.visit-ulcinj.com\/blog\/wp-json\/wp\/v2\/tags?post=12203"}],"curies":[{"name":"wp","href":"https:\/\/api.w.org\/{rel}","templated":true}]}}