{"id":12204,"date":"2009-02-24T18:31:25","date_gmt":"2009-02-24T17:31:25","guid":{"rendered":"http:\/\/www.visit-ulcinj.com\/blog\/?p=12204"},"modified":"2009-02-24T18:33:13","modified_gmt":"2009-02-24T17:33:13","slug":"jeta-enigmatike-e-zhuljetes-dhe-e-verteta-e-ngjashmerise-me-ciljeten","status":"publish","type":"post","link":"https:\/\/www.visit-ulcinj.com\/blog\/2009\/02\/24\/jeta-enigmatike-e-zhuljetes-dhe-e-verteta-e-ngjashmerise-me-ciljeten\/","title":{"rendered":"Jeta enigmatike e Zhuljet\u00ebs dhe e v\u00ebrteta e ngjashm\u00ebris\u00eb me \u00c7iljet\u00ebn"},"content":{"rendered":"<p><a href=\"http:\/\/www.visit-ulcinj.com\/blog\/wp-content\/uploads\/2009\/02\/zhuljeta5.jpg\"><img loading=\"lazy\" class=\"alignleft size-full wp-image-12205\" title=\"zhuljeta-big-brother-albania\" src=\"http:\/\/www.visit-ulcinj.com\/blog\/wp-content\/uploads\/2009\/02\/zhuljeta5.jpg\" alt=\"zhuljeta-big-brother-albania\" width=\"398\" height=\"560\" \/><\/a>N\u00ebse do dal\u00eb apo do q\u00ebndroj\u00eb n\u00eb sht\u00ebpi, at\u00eb do ta m\u00ebsojm\u00eb vet\u00ebm sot n\u00eb mbr\u00ebmje n\u00eb spektaklin \u201cBig Brother\u201d, sipas votimit t\u00eb publikut, q\u00eb ka nisur plot nj\u00eb jav\u00eb m\u00eb par\u00eb. Por gjat\u00eb gjith\u00eb k\u00ebsaj jave, n\u00eb blogjet e ndryshme n\u00eb internet kan\u00eb filluar komentet n\u00eb lidhje me dy t\u00eb nominuarat e para nga pjes\u00ebtar\u00ebt e tjer\u00eb t\u00eb sht\u00ebpis\u00eb \u201cBig Brother\u201d, Zhuljet\u00ebn dhe Erjol\u00ebn.<br \/>\nDisa komentojn\u00eb se ajo q\u00eb duhet t\u00eb dal\u00eb nga sht\u00ebpia e famshme \u00ebsht\u00eb Erjola, pasi e pret n\u00eb sht\u00ebpi vajza e vog\u00ebl n\u00eb Fier, nd\u00ebrsa t\u00eb tjer\u00eb thon\u00eb se duhet t\u00eb dal\u00eb nga sht\u00ebpia Zhuljeta, p\u00ebr faktin se nuk \u00ebsht\u00eb vetvetja, s\u2019\u00ebsht\u00eb aspak aktive brenda sht\u00ebpis\u00eb.<br \/>\nPor p\u00ebr k\u00ebt\u00eb le t\u00eb presim. Zhuljeta e ka motivuar arsyen, se pse ka hyr\u00eb n\u00eb k\u00ebt\u00eb \u201creality show\u201d, p\u00ebr t\u00eb<br \/>\nfituar 70 mij\u00eb eurot, t\u00eb cilat do t\u2019i shpenzoj\u00eb pastaj vet\u00ebm p\u00ebr qejf. Ne kemi gjetur disa foto t\u00eb dat\u00ebs 15 n\u00ebntor 2008, ku Zhuljeta ka qen\u00eb e pranishme n\u00eb \u201cSharm Fashion Party\u201d, dhe ku \u00ebsht\u00eb fotografuar, duke k\u00ebrcyer e d\u00ebfryer me Lirio Nushin, nj\u00eb k\u00ebng\u00ebtar t\u00eb njohur. P\u00ebr m\u00eb shum\u00eb mund t\u00eb shihni vet\u00eb fotot q\u00eb po publikojm\u00eb, ku Zhuljeta ka t\u00eb nj\u00ebjt\u00ebn pamje dhe model flok\u00ebsh me t\u00eb cil\u00ebn e shohim n\u00eb \u201cBig Brother\u201d, nd\u00ebrsa shihet t\u00eb jet\u00eb veshur me t\u00eb zeza. Por faktin q\u00eb ajo \u00ebsht\u00eb nj\u00eb vajz\u00eb e hedhur dhe q\u00eb e p\u00eblqen shum\u00eb jet\u00ebn e nat\u00ebs, e kan\u00eb pohuar dhe t\u00eb njohura t\u00eb saj, q\u00eb nuk jan\u00eb pak, p\u00ebr shkak edhe t\u00eb tipit t\u00eb saj jo shum\u00eb t\u00eb q\u00ebndruesh\u00ebm. Disa prej tyre, t\u00eb cilat ajo i ka njohur n\u00eb k\u00ebto ambiente, kan\u00eb pohuar se brenda sht\u00ebpis\u00eb, Zhuljeta \u00ebsht\u00eb treguar e rezervuar p\u00ebr jet\u00ebn e saj. E n\u00eb fakt cila \u00ebsht\u00eb ajo e v\u00ebrtet\u00eb, q\u00eb ka shfaqur shum\u00eb interes, cila ka qen\u00eb Zhuljeta e v\u00ebrtet\u00eb para se t\u00eb hynte n\u00eb \u201cBig Brother\u201d dhe \u00e7far\u00eb mund t\u00eb<br \/>\nzbulohej n\u00eb jet\u00ebn enigmatike t\u00eb vajz\u00ebs 28-vje\u00e7are me origjin\u00eb nga Dibra, rritur n\u00eb Fier, q\u00eb jeton n\u00eb Tiran\u00eb,<br \/>\ndhe q\u00eb ka \u00ebnd\u00ebrr t\u00eb jetoj\u00eb p\u00ebrgjithnj\u00eb n\u00eb Gjermani? \u201cAjo q\u00eb po shohim n\u00eb ekran \u00ebsht\u00eb vajza e moderuar dhe q\u00eb s\u2019ka fare lidhje me Zhuljet\u00ebn q\u00eb e njohin t\u00eb gjith\u00eb\u201d, shprehet nj\u00eb nga t\u00eb njohurat e saj, q\u00eb nuk i p\u00eblqen t\u00eb identifikohet, p\u00ebr faktin se nuk do t\u00eb ket\u00eb t\u00eb b\u00ebj\u00eb me t\u00eb. E \u00e7far\u00eb fshihet pas Zhuljet\u00ebs, tek e cila shum\u00eb persona kan\u00eb gjetur nj\u00eb lloj ngjashm\u00ebrie n\u00eb tiparet e k\u00ebng\u00ebtares seksi \u00c7iljeta Xhilaga?<span id=\"more-1329\"><br \/>\n<\/span><\/p>\n<p>N\u00eb fakt, k\u00ebt\u00eb ngjashm\u00ebri ia kan\u00eb v\u00ebn\u00eb n\u00eb dukje edhe m\u00eb par\u00eb. Ngjashm\u00ebria e saj me \u00c7ilin nuk \u00ebsht\u00eb nj\u00eb<br \/>\nloj\u00eb, q\u00eb ka nisur brenda sht\u00ebpis\u00eb \u201cBig Brother\u201d. Mikeshat e saj kan\u00eb pohuar se shum\u00eb thoshin se ajo ngjasonte me \u00c7iljet\u00ebn, madje dhe vet\u00eb k\u00ebng\u00ebtarja e kishte d\u00ebgjuar se ekzistonte nj\u00eb sozi e saj, me emrin shum\u00eb t\u00eb ngjash\u00ebm me t\u00eb dhe q\u00eb kishte nj\u00eb v\u00eblla shum\u00eb t\u00eb vog\u00ebl me emrin Romeo, nj\u00ebsoj si i fejuari i saj. Por, jan\u00eb interesuar t\u00eb dyja, n\u00ebse kan\u00eb lidhje gjaku me nj\u00ebra-tjetr\u00ebn dhe e kan\u00eb v\u00ebrtetuar se kjo \u00ebsht\u00eb thjesht nj\u00eb rast\u00ebsi. Dy vajzat nuk kan\u00eb asnj\u00eb lidhje farefisnore, edhe pse origjina e t\u00eb dyjave \u00ebsht\u00eb nga Dibra. Zhuljeta \u00ebsht\u00eb rritur n\u00eb Fier, nd\u00ebrsa \u00c7iljeta n\u00eb Tiran\u00eb. Dhe nj\u00eb e p\u00ebrbashk\u00ebt tjet\u00ebr e tyre \u00ebsht\u00eb edhe mania p\u00ebr t\u00eb ndryshuar ekstremisht ngjyr\u00ebn dhe stilin e flok\u00ebve, nga t\u00eb verdha, t\u00eb kuqe, pastaj t\u00eb zeza, ose nga t\u00eb gjata, shum\u00eb t\u00eb shkurtra, dhe prap\u00eb t\u00eb gjata. Tani po l\u00ebm\u00eb \u00c7iljet\u00ebn, dhe po merremi vet\u00ebm me Zhuljet\u00ebn. Vet\u00ebm nj\u00eb vit m\u00eb par\u00eb, ajo shkurtoi dy her\u00eb flok\u00ebt, n\u00eb stilin shum\u00eb shkurt dhe anash t\u00eb shkurtuara zero. Gjithashtu, ajo vetullat i ka b\u00ebr\u00eb tatuazh dhe vazhdon t\u2019i mbaj\u00eb ashtu, edhe pse ka m\u00eb se dy vite, q\u00eb shum\u00eb vajza jan\u00eb penduar p\u00ebr vetullat e vizatuara, duke b\u00ebr\u00eb operacione plastike p\u00ebr t\u2019i hequr. Po Zhuljeta njihet p\u00ebr tip \u201cstrange\u201d. \u00cbsht\u00eb nj\u00eb nga pes\u00eb vajzat e dy prind\u00ebrve, q\u00eb aktualisht jetojn\u00eb n\u00eb nj\u00eb sht\u00ebpi me qera n\u00eb zon\u00ebn e Freskut n\u00eb Tiran\u00eb. Nj\u00eb mot\u00ebr jeton n\u00eb Greqi, nj\u00eb n\u00eb Gjermani, nj\u00eb n\u00eb Fier, dhe nj\u00eb n\u00eb Tiran\u00eb. N\u00ebse do pyesni p\u00ebr nj\u00eb shoqe t\u00eb ngusht\u00eb t\u00eb Zhuljet\u00ebs, ajo nuk ekziston pasi nuk mban shum\u00eb shoq\u00ebri, madje dhe kur jetonte si studente me shoqe n\u00eb nj\u00eb nga vilat pran\u00eb Qytetit Studenti. P\u00ebrsa i p\u00ebrket veshjes, t\u00eb gjith\u00eb q\u00eb e njohin thon\u00eb q\u00eb ajo vishej sa zyrtare, aq edhe sportive, ose i nd\u00ebrthurte t\u00eb dyja stilet. Jasht\u00eb sht\u00ebpis\u00eb e th\u00ebrrasin Xhuli, nd\u00ebrkoh\u00eb q\u00eb \u00ebsht\u00eb tipi q\u00eb n\u00eb shumic\u00ebn e rasteve frekuenton pubet e vetme. \u00cbsht\u00eb shum\u00eb impulsive, dhe q\u00eb shum\u00eb vajza thon\u00eb se me t\u00eb m\u00eb mir\u00eb t\u00eb mos kesh t\u00eb b\u00ebsh, pasi \u00ebsht\u00eb tip i fsheht\u00eb. Madje ato q\u00eb e ndjekin n\u00eb \u201cBig Brother\u201d thon\u00eb se \u201c\u00ebsht\u00eb jasht\u00eb tipit t\u00eb saj real, ende nuk ka zbuluar natyr\u00ebn e v\u00ebrtet\u00eb, pasi \u00ebsht\u00eb shum\u00eb xheloze n\u00eb marr\u00ebdh\u00ebnie me meshkujt dhe impulsive\u201d.<br \/>\nN\u00eb lidhje me dashurin\u00eb e saj thuhet se ajo ka pasur nj\u00eb t\u00eb dashur nga Kosova, me t\u00eb cilin nuk ekspozohej.<br \/>\nN\u00eb bisedat e saj, t\u00eb vetmen d\u00ebshir\u00eb q\u00eb shprehte vazhdimisht ishte jeta n\u00eb Gjermani, ku ka jetuar m\u00eb par\u00eb, por nuk ka mundur dot t\u00eb mbyll\u00eb dokumentet. N\u00ebse do t\u00eb flisnim p\u00ebr pasione t\u00eb saj, natyrisht q\u00eb i p\u00eblqen t\u00eb jet\u00eb gjithmon\u00eb n\u00eb l\u00ebvizje, ka pasion dhe tatuazhet dhe nj\u00eb t\u00eb till\u00eb e ka n\u00eb gisht n\u00eb form\u00ebn e unaz\u00ebs. Asnj\u00ebher\u00eb nuk e kishte shprehur d\u00ebshir\u00ebn p\u00ebr t\u00eb hyr\u00eb n\u00eb \u201cBig Brother\u201d, vet\u00ebm e kishte pohuar vazhdimisht se vitin e kaluar kishte qen\u00eb nj\u00eb ndjek\u00ebse e rregullt e reality show-t, dhe i komentonte vazhdimisht banor\u00ebt. P\u00ebrsa i p\u00ebrket pun\u00ebs s\u00eb saj si operatore pran\u00eb Drejtoris\u00eb s\u00eb Shfryt\u00ebzimit t\u00eb Ambienteve, n\u00eb<br \/>\nSektorin e kolaudimit t\u00eb makinave, thuhet se nuk i k\u00ebrkohet orar. Por askush nuk do t\u00eb flas\u00eb hapur p\u00ebr Zhuljet\u00ebn. T\u00eb gjitha t\u00eb njohurat e saj, q\u00eb kan\u00eb pasur rastin t\u00eb shoq\u00ebrohen me t\u00eb sadopak, pohojn\u00eb se nga ajo duhet pasur frik\u00eb, \u00ebsht\u00eb e paparashikueshme dhe nuk mund t\u2019i zihet bes\u00eb kollaj.<\/p>\n<p><em>Panorama Plus<\/em><\/p>\n","protected":false},"excerpt":{"rendered":"<p>N\u00ebse do dal\u00eb apo do q\u00ebndroj\u00eb n\u00eb sht\u00ebpi, at\u00eb do ta m\u00ebsojm\u00eb vet\u00ebm sot n\u00eb mbr\u00ebmje n\u00eb spektaklin \u201cBig Brother\u201d, sipas votimit t\u00eb publikut, q\u00eb ka nisur plot nj\u00eb jav\u00eb m\u00eb par\u00eb. Por gjat\u00eb gjith\u00eb k\u00ebsaj jave, n\u00eb blogjet e ndryshme n\u00eb internet kan\u00eb filluar komentet n\u00eb lidhje me dy t\u00eb nominuarat e para nga [&hellip;]<\/p>\n","protected":false},"author":1,"featured_media":0,"comment_status":"open","ping_status":"closed","sticky":false,"template":"","format":"standard","meta":{"spay_email":"","jetpack_publicize_message":"","jetpack_is_tweetstorm":false,"jetpack_publicize_feature_enabled":true},"categories":[6502],"tags":[5057,6506,6712,7129,5191,6891,6693,6887,6564],"jetpack_publicize_connections":[],"yoast_head":"<!-- This site is optimized with the Yoast SEO plugin v19.1 - https:\/\/yoast.com\/wordpress\/plugins\/seo\/ -->\n<title>Jeta enigmatike e Zhuljet\u00c3\u00abs dhe e v\u00c3\u00abrteta e ngjashm\u00c3\u00abris\u00c3\u00ab me \u00c3\u2021iljet\u00c3\u00abn<\/title>\n<meta name=\"description\" content=\"N\u00c3\u00abse do dal\u00c3\u00ab apo do q\u00c3\u00abndroj\u00c3\u00ab n\u00c3\u00ab sht\u00c3\u00abpi, at\u00c3\u00ab do ta m\u00c3\u00absojm\u00c3\u00ab vet\u00c3\u00abm sot n\u00c3\u00ab mbr\u00c3\u00abmje n\u00c3\u00ab spektaklin \u00e2\u20ac\u0153Big Brother\u00e2\u20ac\u009d, sipas votimit t\u00c3\u00ab publikut, q\u00c3\u00ab ka nisur plot nj\u00c3\u00ab jav\u00c3\u00ab m\u00c3\u00ab par\u00c3\u00ab.\" \/>\n<meta name=\"robots\" content=\"index, follow, max-snippet:-1, max-image-preview:large, max-video-preview:-1\" \/>\n<link rel=\"canonical\" href=\"https:\/\/www.visit-ulcinj.com\/blog\/2009\/02\/24\/jeta-enigmatike-e-zhuljetes-dhe-e-verteta-e-ngjashmerise-me-ciljeten\/\" \/>\n<meta property=\"og:locale\" content=\"en_US\" \/>\n<meta property=\"og:type\" content=\"article\" \/>\n<meta property=\"og:title\" content=\"Jeta enigmatike e Zhuljet\u00c3\u00abs dhe e v\u00c3\u00abrteta e ngjashm\u00c3\u00abris\u00c3\u00ab me \u00c3\u2021iljet\u00c3\u00abn\" \/>\n<meta property=\"og:description\" content=\"N\u00c3\u00abse do dal\u00c3\u00ab apo do q\u00c3\u00abndroj\u00c3\u00ab n\u00c3\u00ab sht\u00c3\u00abpi, at\u00c3\u00ab do ta m\u00c3\u00absojm\u00c3\u00ab vet\u00c3\u00abm sot n\u00c3\u00ab mbr\u00c3\u00abmje n\u00c3\u00ab spektaklin \u00e2\u20ac\u0153Big Brother\u00e2\u20ac\u009d, sipas votimit t\u00c3\u00ab publikut, q\u00c3\u00ab ka nisur plot nj\u00c3\u00ab jav\u00c3\u00ab m\u00c3\u00ab par\u00c3\u00ab.\" \/>\n<meta property=\"og:url\" content=\"https:\/\/www.visit-ulcinj.com\/blog\/2009\/02\/24\/jeta-enigmatike-e-zhuljetes-dhe-e-verteta-e-ngjashmerise-me-ciljeten\/\" \/>\n<meta property=\"og:site_name\" content=\"Lajme nga Ulqini\" \/>\n<meta property=\"article:published_time\" content=\"2009-02-24T17:31:25+00:00\" \/>\n<meta property=\"article:modified_time\" content=\"2009-02-24T17:33:13+00:00\" \/>\n<meta property=\"og:image\" content=\"http:\/\/www.visit-ulcinj.com\/blog\/wp-content\/uploads\/2009\/02\/zhuljeta5.jpg\" \/>\n<meta name=\"twitter:label1\" content=\"Written by\" \/>\n\t<meta name=\"twitter:data1\" content=\"ulqini\" \/>\n\t<meta name=\"twitter:label2\" content=\"Est. reading time\" \/>\n\t<meta name=\"twitter:data2\" content=\"6 minutes\" \/>\n<script type=\"application\/ld+json\" class=\"yoast-schema-graph\">{\"@context\":\"https:\/\/schema.org\",\"@graph\":[{\"@type\":\"WebSite\",\"@id\":\"https:\/\/www.visit-ulcinj.com\/blog\/#website\",\"url\":\"https:\/\/www.visit-ulcinj.com\/blog\/\",\"name\":\"Lajme nga Ulqini\",\"description\":\"Lajme,Vijesti,Ulqini,Ulqin,Crna Gora,Mali i Zi\",\"potentialAction\":[{\"@type\":\"SearchAction\",\"target\":{\"@type\":\"EntryPoint\",\"urlTemplate\":\"https:\/\/www.visit-ulcinj.com\/blog\/?s={search_term_string}\"},\"query-input\":\"required name=search_term_string\"}],\"inLanguage\":\"en-US\"},{\"@type\":\"ImageObject\",\"inLanguage\":\"en-US\",\"@id\":\"https:\/\/www.visit-ulcinj.com\/blog\/2009\/02\/24\/jeta-enigmatike-e-zhuljetes-dhe-e-verteta-e-ngjashmerise-me-ciljeten\/#primaryimage\",\"url\":\"http:\/\/www.visit-ulcinj.com\/blog\/wp-content\/uploads\/2009\/02\/zhuljeta5.jpg\",\"contentUrl\":\"http:\/\/www.visit-ulcinj.com\/blog\/wp-content\/uploads\/2009\/02\/zhuljeta5.jpg\"},{\"@type\":\"WebPage\",\"@id\":\"https:\/\/www.visit-ulcinj.com\/blog\/2009\/02\/24\/jeta-enigmatike-e-zhuljetes-dhe-e-verteta-e-ngjashmerise-me-ciljeten\/#webpage\",\"url\":\"https:\/\/www.visit-ulcinj.com\/blog\/2009\/02\/24\/jeta-enigmatike-e-zhuljetes-dhe-e-verteta-e-ngjashmerise-me-ciljeten\/\",\"name\":\"Jeta enigmatike e Zhuljet\u00c3\u00abs dhe e v\u00c3\u00abrteta e ngjashm\u00c3\u00abris\u00c3\u00ab me \u00c3\u2021iljet\u00c3\u00abn\",\"isPartOf\":{\"@id\":\"https:\/\/www.visit-ulcinj.com\/blog\/#website\"},\"primaryImageOfPage\":{\"@id\":\"https:\/\/www.visit-ulcinj.com\/blog\/2009\/02\/24\/jeta-enigmatike-e-zhuljetes-dhe-e-verteta-e-ngjashmerise-me-ciljeten\/#primaryimage\"},\"datePublished\":\"2009-02-24T17:31:25+00:00\",\"dateModified\":\"2009-02-24T17:33:13+00:00\",\"author\":{\"@id\":\"https:\/\/www.visit-ulcinj.com\/blog\/#\/schema\/person\/dcab619c614d3038751c63bc2aadc06d\"},\"description\":\"N\u00c3\u00abse do dal\u00c3\u00ab apo do q\u00c3\u00abndroj\u00c3\u00ab n\u00c3\u00ab sht\u00c3\u00abpi, at\u00c3\u00ab do ta m\u00c3\u00absojm\u00c3\u00ab vet\u00c3\u00abm sot n\u00c3\u00ab mbr\u00c3\u00abmje n\u00c3\u00ab spektaklin \u00e2\u20ac\u0153Big Brother\u00e2\u20ac\u009d, sipas votimit t\u00c3\u00ab publikut, q\u00c3\u00ab ka nisur plot nj\u00c3\u00ab jav\u00c3\u00ab m\u00c3\u00ab par\u00c3\u00ab.\",\"breadcrumb\":{\"@id\":\"https:\/\/www.visit-ulcinj.com\/blog\/2009\/02\/24\/jeta-enigmatike-e-zhuljetes-dhe-e-verteta-e-ngjashmerise-me-ciljeten\/#breadcrumb\"},\"inLanguage\":\"en-US\",\"potentialAction\":[{\"@type\":\"ReadAction\",\"target\":[\"https:\/\/www.visit-ulcinj.com\/blog\/2009\/02\/24\/jeta-enigmatike-e-zhuljetes-dhe-e-verteta-e-ngjashmerise-me-ciljeten\/\"]}]},{\"@type\":\"BreadcrumbList\",\"@id\":\"https:\/\/www.visit-ulcinj.com\/blog\/2009\/02\/24\/jeta-enigmatike-e-zhuljetes-dhe-e-verteta-e-ngjashmerise-me-ciljeten\/#breadcrumb\",\"itemListElement\":[{\"@type\":\"ListItem\",\"position\":1,\"name\":\"Jeta enigmatike e Zhuljet\u00ebs dhe e v\u00ebrteta e ngjashm\u00ebris\u00eb me \u00c7iljet\u00ebn\"}]},{\"@type\":\"Person\",\"@id\":\"https:\/\/www.visit-ulcinj.com\/blog\/#\/schema\/person\/dcab619c614d3038751c63bc2aadc06d\",\"name\":\"ulqini\",\"sameAs\":[\"http:\/\/www.visit-ulcinj.com\"],\"url\":\"https:\/\/www.visit-ulcinj.com\/blog\/author\/admin\/\"}]}<\/script>\n<!-- \/ Yoast SEO plugin. -->","yoast_head_json":{"title":"Jeta enigmatike e Zhuljet\u00c3\u00abs dhe e v\u00c3\u00abrteta e ngjashm\u00c3\u00abris\u00c3\u00ab me \u00c3\u2021iljet\u00c3\u00abn","description":"N\u00c3\u00abse do dal\u00c3\u00ab apo do q\u00c3\u00abndroj\u00c3\u00ab n\u00c3\u00ab sht\u00c3\u00abpi, at\u00c3\u00ab do ta m\u00c3\u00absojm\u00c3\u00ab vet\u00c3\u00abm sot n\u00c3\u00ab mbr\u00c3\u00abmje n\u00c3\u00ab spektaklin \u00e2\u20ac\u0153Big Brother\u00e2\u20ac\u009d, sipas votimit t\u00c3\u00ab publikut, q\u00c3\u00ab ka nisur plot nj\u00c3\u00ab jav\u00c3\u00ab m\u00c3\u00ab par\u00c3\u00ab.","robots":{"index":"index","follow":"follow","max-snippet":"max-snippet:-1","max-image-preview":"max-image-preview:large","max-video-preview":"max-video-preview:-1"},"canonical":"https:\/\/www.visit-ulcinj.com\/blog\/2009\/02\/24\/jeta-enigmatike-e-zhuljetes-dhe-e-verteta-e-ngjashmerise-me-ciljeten\/","og_locale":"en_US","og_type":"article","og_title":"Jeta enigmatike e Zhuljet\u00c3\u00abs dhe e v\u00c3\u00abrteta e ngjashm\u00c3\u00abris\u00c3\u00ab me \u00c3\u2021iljet\u00c3\u00abn","og_description":"N\u00c3\u00abse do dal\u00c3\u00ab apo do q\u00c3\u00abndroj\u00c3\u00ab n\u00c3\u00ab sht\u00c3\u00abpi, at\u00c3\u00ab do ta m\u00c3\u00absojm\u00c3\u00ab vet\u00c3\u00abm sot n\u00c3\u00ab mbr\u00c3\u00abmje n\u00c3\u00ab spektaklin \u00e2\u20ac\u0153Big Brother\u00e2\u20ac\u009d, sipas votimit t\u00c3\u00ab publikut, q\u00c3\u00ab ka nisur plot nj\u00c3\u00ab jav\u00c3\u00ab m\u00c3\u00ab par\u00c3\u00ab.","og_url":"https:\/\/www.visit-ulcinj.com\/blog\/2009\/02\/24\/jeta-enigmatike-e-zhuljetes-dhe-e-verteta-e-ngjashmerise-me-ciljeten\/","og_site_name":"Lajme nga Ulqini","article_published_time":"2009-02-24T17:31:25+00:00","article_modified_time":"2009-02-24T17:33:13+00:00","og_image":[{"url":"http:\/\/www.visit-ulcinj.com\/blog\/wp-content\/uploads\/2009\/02\/zhuljeta5.jpg"}],"twitter_misc":{"Written by":"ulqini","Est. reading time":"6 minutes"},"schema":{"@context":"https:\/\/schema.org","@graph":[{"@type":"WebSite","@id":"https:\/\/www.visit-ulcinj.com\/blog\/#website","url":"https:\/\/www.visit-ulcinj.com\/blog\/","name":"Lajme nga Ulqini","description":"Lajme,Vijesti,Ulqini,Ulqin,Crna Gora,Mali i Zi","potentialAction":[{"@type":"SearchAction","target":{"@type":"EntryPoint","urlTemplate":"https:\/\/www.visit-ulcinj.com\/blog\/?s={search_term_string}"},"query-input":"required name=search_term_string"}],"inLanguage":"en-US"},{"@type":"ImageObject","inLanguage":"en-US","@id":"https:\/\/www.visit-ulcinj.com\/blog\/2009\/02\/24\/jeta-enigmatike-e-zhuljetes-dhe-e-verteta-e-ngjashmerise-me-ciljeten\/#primaryimage","url":"http:\/\/www.visit-ulcinj.com\/blog\/wp-content\/uploads\/2009\/02\/zhuljeta5.jpg","contentUrl":"http:\/\/www.visit-ulcinj.com\/blog\/wp-content\/uploads\/2009\/02\/zhuljeta5.jpg"},{"@type":"WebPage","@id":"https:\/\/www.visit-ulcinj.com\/blog\/2009\/02\/24\/jeta-enigmatike-e-zhuljetes-dhe-e-verteta-e-ngjashmerise-me-ciljeten\/#webpage","url":"https:\/\/www.visit-ulcinj.com\/blog\/2009\/02\/24\/jeta-enigmatike-e-zhuljetes-dhe-e-verteta-e-ngjashmerise-me-ciljeten\/","name":"Jeta enigmatike e Zhuljet\u00c3\u00abs dhe e v\u00c3\u00abrteta e ngjashm\u00c3\u00abris\u00c3\u00ab me \u00c3\u2021iljet\u00c3\u00abn","isPartOf":{"@id":"https:\/\/www.visit-ulcinj.com\/blog\/#website"},"primaryImageOfPage":{"@id":"https:\/\/www.visit-ulcinj.com\/blog\/2009\/02\/24\/jeta-enigmatike-e-zhuljetes-dhe-e-verteta-e-ngjashmerise-me-ciljeten\/#primaryimage"},"datePublished":"2009-02-24T17:31:25+00:00","dateModified":"2009-02-24T17:33:13+00:00","author":{"@id":"https:\/\/www.visit-ulcinj.com\/blog\/#\/schema\/person\/dcab619c614d3038751c63bc2aadc06d"},"description":"N\u00c3\u00abse do dal\u00c3\u00ab apo do q\u00c3\u00abndroj\u00c3\u00ab n\u00c3\u00ab sht\u00c3\u00abpi, at\u00c3\u00ab do ta m\u00c3\u00absojm\u00c3\u00ab vet\u00c3\u00abm sot n\u00c3\u00ab mbr\u00c3\u00abmje n\u00c3\u00ab spektaklin \u00e2\u20ac\u0153Big Brother\u00e2\u20ac\u009d, sipas votimit t\u00c3\u00ab publikut, q\u00c3\u00ab ka nisur plot nj\u00c3\u00ab jav\u00c3\u00ab m\u00c3\u00ab par\u00c3\u00ab.","breadcrumb":{"@id":"https:\/\/www.visit-ulcinj.com\/blog\/2009\/02\/24\/jeta-enigmatike-e-zhuljetes-dhe-e-verteta-e-ngjashmerise-me-ciljeten\/#breadcrumb"},"inLanguage":"en-US","potentialAction":[{"@type":"ReadAction","target":["https:\/\/www.visit-ulcinj.com\/blog\/2009\/02\/24\/jeta-enigmatike-e-zhuljetes-dhe-e-verteta-e-ngjashmerise-me-ciljeten\/"]}]},{"@type":"BreadcrumbList","@id":"https:\/\/www.visit-ulcinj.com\/blog\/2009\/02\/24\/jeta-enigmatike-e-zhuljetes-dhe-e-verteta-e-ngjashmerise-me-ciljeten\/#breadcrumb","itemListElement":[{"@type":"ListItem","position":1,"name":"Jeta enigmatike e Zhuljet\u00ebs dhe e v\u00ebrteta e ngjashm\u00ebris\u00eb me \u00c7iljet\u00ebn"}]},{"@type":"Person","@id":"https:\/\/www.visit-ulcinj.com\/blog\/#\/schema\/person\/dcab619c614d3038751c63bc2aadc06d","name":"ulqini","sameAs":["http:\/\/www.visit-ulcinj.com"],"url":"https:\/\/www.visit-ulcinj.com\/blog\/author\/admin\/"}]}},"jetpack_featured_media_url":"","jetpack_sharing_enabled":true,"jetpack_shortlink":"https:\/\/wp.me\/pe6lTn-3aQ","_links":{"self":[{"href":"https:\/\/www.visit-ulcinj.com\/blog\/wp-json\/wp\/v2\/posts\/12204"}],"collection":[{"href":"https:\/\/www.visit-ulcinj.com\/blog\/wp-json\/wp\/v2\/posts"}],"about":[{"href":"https:\/\/www.visit-ulcinj.com\/blog\/wp-json\/wp\/v2\/types\/post"}],"author":[{"embeddable":true,"href":"https:\/\/www.visit-ulcinj.com\/blog\/wp-json\/wp\/v2\/users\/1"}],"replies":[{"embeddable":true,"href":"https:\/\/www.visit-ulcinj.com\/blog\/wp-json\/wp\/v2\/comments?post=12204"}],"version-history":[{"count":0,"href":"https:\/\/www.visit-ulcinj.com\/blog\/wp-json\/wp\/v2\/posts\/12204\/revisions"}],"wp:attachment":[{"href":"https:\/\/www.visit-ulcinj.com\/blog\/wp-json\/wp\/v2\/media?parent=12204"}],"wp:term":[{"taxonomy":"category","embeddable":true,"href":"https:\/\/www.visit-ulcinj.com\/blog\/wp-json\/wp\/v2\/categories?post=12204"},{"taxonomy":"post_tag","embeddable":true,"href":"https:\/\/www.visit-ulcinj.com\/blog\/wp-json\/wp\/v2\/tags?post=12204"}],"curies":[{"name":"wp","href":"https:\/\/api.w.org\/{rel}","templated":true}]}}