{"id":12211,"date":"2009-02-24T18:47:22","date_gmt":"2009-02-24T17:47:22","guid":{"rendered":"http:\/\/www.visit-ulcinj.com\/blog\/?p=12211"},"modified":"2009-02-24T18:48:49","modified_gmt":"2009-02-24T17:48:49","slug":"situata-parazgjedhore-parlamentare-ne-vitin-2009","status":"publish","type":"post","link":"https:\/\/www.visit-ulcinj.com\/blog\/2009\/02\/24\/situata-parazgjedhore-parlamentare-ne-vitin-2009\/","title":{"rendered":"Situata parazgjedhore parlamentare ne vitin 2009"},"content":{"rendered":"<p><strong><a href=\"http:\/\/www.visit-ulcinj.com\/blog\/wp-content\/uploads\/2009\/02\/muhamet-nika_ulqin.jpg\"><img loading=\"lazy\" class=\"alignleft size-full wp-image-12212\" title=\"muhamet-nika_ulqin\" src=\"http:\/\/www.visit-ulcinj.com\/blog\/wp-content\/uploads\/2009\/02\/muhamet-nika_ulqin.jpg\" alt=\"muhamet-nika_ulqin\" width=\"570\" height=\"400\" \/><\/a>Lokalizmat e vonuar<\/strong><br \/>\nImagjinoni nj\u00eb got\u00eb t\u00eb thyer q\u00eb bie nga tavolina dhe thyhet cop\u00eb-cop\u00eb n\u00eb dysheme. Po ta filmonim aktin e thyerjes dhe ta zhvillonim filmin mbrapsht do t\u00eb shikonim copat e mbledhura p\u00ebrnj\u00ebher\u00eb n\u00eb dysheme, q\u00eb k\u00ebrcenin n\u00eb aj\u00ebr, p\u00ebr t\u00eb formuar nj\u00eb got\u00eb t\u00eb plot\u00eb mbi tavolin\u00eb. Duke e par\u00eb rastin shohim q\u00eb kjo \u00ebsht\u00eb iluzion filmik sepse proceset n\u00eb natyr\u00eb nuk mund t\u00eb ndodhin k\u00ebshtu. Kjo nuk lejohet nga ligji i dyt\u00eb i termodinamik\u00ebs. Ligji thot\u00eb se n\u00eb sistemet e mbyllura gj\u00ebrat gjithmon\u00eb kan\u00eb tendenc\u00eb t\u00eb shkojn\u00eb keq!. Dhe se me kalimin e koh\u00ebs \u00e7rregullsia shtohet. Ky ligj rrjedh nga fakti se gjithmon\u00eb ka shum\u00eb m\u00eb tep\u00ebr gjendje t\u00eb \u00e7rregullta sesa gjendje t\u00eb rregullta. Ligjin e p\u00ebrmendim p\u00ebr t\u00eb shpjeguar disa ftesa, t\u00eb personave dhe lider\u00ebve politik\u00eb, p\u00ebr krijimin e koalicionit gjith\u00ebshqiptar, q\u00eb sipas parimit \u00abt\u00eb got\u00ebs s\u00eb thyer\u00bb &#8211; ligji i fizikes nuk e lejon.<br \/>\nMeq\u00eb n\u00eb shoq\u00ebrin\u00eb shqiptare n\u00eb Mal t\u00eb Zi ende mungojn\u00eb opinionist\u00ebt t\u00eb cil\u00ebt, te zgjedhesit duhet t\u00eb formojn\u00eb opininet e mira apo t\u00eb k\u00ebqi p\u00ebr politikan\u00ebt n\u00eb m\u00ebnyr\u00eb t\u00eb pavarur si\u00e7 ndodh\u00eb p.sh. ne Kroaci, Shqip\u00ebri ku opinionist\u00ebt p\u00ebr mendimin e pavarur nd\u00ebshkohen, nd\u00ebrkoh\u00eb p\u00ebr opinionet e (pa)formuara konstatojm\u00eb sa vijon:<br \/>\nZakonet e biznesit vlejn\u00eb edhe p\u00ebr zakonet shoq\u00ebrore \u2013 politik\u00ebn, andaj p\u00ebr t\u00eb kuptuar disa aktualitete politike do t\u00eb shk\u00ebpusim nj\u00eb mendim t\u00eb Bennisit i cili shprehet: \u00abMenaxhim do t\u00eb thot\u00eb t`i b\u00ebsh gj\u00ebrat sakt\u00eb, lidershipi \u00ebsht\u00eb t\u00eb b\u00ebsh gj\u00ebrat e duhura\u00bb. Menaxhimi \u00ebsht\u00eb efikasiteti n\u00eb ngjitjen e shkall\u00ebs s\u00eb suksesit; lidershipi p\u00ebrcakton n\u00ebse shkalla \u00ebsht\u00eb mb\u00ebshtetur pas murit t\u00eb duhur\u00bb. Nga kjo mund ta rrokim shpejt se nuk ka dallime t\u00eb r\u00ebnd\u00ebsishme nd\u00ebrmjet menaxhimit dhe lidershipit politik. Gjithnj\u00eb n\u00eb k\u00ebt\u00eb vij\u00eb m\u00eb duket se menaxher\u00ebt politik\u00eb shqiptar\u00eb pat\u00ebn sukses q\u00eb t\u00eb grumbullojn\u00eb votat n\u00eb partit\u00eb shqiptare, mir\u00ebpo sken\u00ebs politike iu ngjit\u00ebn \u00abdisa lider\u00eb\u00bb t\u00eb cil\u00ebt urdh\u00ebruan q\u00eb shkall\u00ebn ta v\u00ebjn\u00eb n\u00eb murin e pasigurt\u00eb. Kjo situat\u00eb u hetua q\u00eb n\u00eb zgjedhjet p\u00ebr President t\u00eb Republik\u00ebs e kjo do t\u00eb thot\u00eb q\u00eb, sado t\u00eb m\u00ebdha t\u00eb jen\u00eb sukseset e menaxherit politik ashtu si n\u00eb biznes ato asnj\u00ebher\u00eb nuk mund t\u00eb mbulojn\u00eb humbjet e lidershipit politik i cili te ne shqiptar\u00ebt n\u00eb Mal t\u00eb Zi mjerisht pothuajse nuk ekziston.<br \/>\nP\u00ebr kahjet e lidershipit t\u00eb partive shqiptare, gjat\u00eb k\u00ebsaj kohe e sidomos pas prishjes s\u00eb koalicionit n\u00eb Komun\u00ebn e Ulqinit e duke ftuar haptas q\u00eb t\u00eb votohet kandidati i opozit\u00ebs Medojeviq, si bumerang t\u00eb k\u00ebtyre veprimeve do t\u00eb formohet nj\u00eb realitet krejt i ri te shqiptar\u00ebt, n\u00eb aspektin e grupimit politik. P\u00ebr at\u00eb q\u00eb ndodhi mund t\u00eb thuhet: N\u00ebse jemi t\u00eb lir\u00eb t\u00eb zgjedhim veprimet tona ne nuk jemi t\u00eb lir\u00eb t\u00eb zgjedhim pasojat e veprimeve. Pasojat udh\u00ebhiqen nga ligjet natyrale pra, ne zgjedhim reagimin ton\u00eb n\u00eb \u00e7do situat\u00eb, por duke vepruar k\u00ebshtu ne zgjedhim edhe pasoj\u00ebn shoq\u00ebruese. \u00abKur ngrejm\u00eb njer\u00ebn an\u00eb t\u00eb shkopit, nj\u00ebkoh\u00ebsisht kemi ngritur edhe an\u00ebn tjet\u00ebr\u00bb, Po ta incizojm\u00eb situat\u00ebn p\u00ebrmes pik\u00ebnisjeve t\u00eb dh\u00ebna nga subjektet e ndryshme rezulton k\u00ebshtu:<br \/>\nPozita 1 \u2013 LD n\u00eb MZ, m\u00eb 29 janar 2009 \u00abKoha Javore\u00bb shkruan: LD n\u00eb MZ fton partit\u00eb politike shqiptare p\u00ebr bisedime lidhur me zgjedhjet e ardhshme parlamentare n\u00eb Mal t\u00eb Zi p\u00ebr t\u00eb krijuar nj\u00eb list\u00eb t\u00eb p\u00ebrbashk\u00ebt, si\u00e7 thuhet&#8230; nisur nga interesat e p\u00ebrgjithshme komb\u00ebtare shqiptare. Sipas saj zgjedhjet e shpallura nuk jan\u00eb brenda mandatit (2010) e as brenda afatit t\u00eb paralajm\u00ebruar me marr\u00ebveshjen e ve\u00e7ant\u00eb pozit\u00eb \u2013 PZP (nentor-dhjetor) 2008 t\u00eb arritur para aprovimit t\u00eb Kushtetut\u00ebs p\u00ebr \u00e7gj\u00eb duheshin 2\/3 e votave n\u00eb Kuvend.<br \/>\nKomenti:<br \/>\nLD n\u00eb MZ dhe mjerisht t\u00eb gjith\u00eb deputet\u00ebt shqiptar\u00eb t\u00eb partive nacionale shqiptare n\u00eb momentin e miratimit t\u00eb Kushtetut\u00ebs nuk ishin n\u00eb sall\u00eb, e mos t\u00eb harrojm\u00eb q\u00eb m\u00eb her\u00ebt n\u00eb kuad\u00ebr t\u00eb opozit\u00ebs, kishin menduar q\u00eb pozit\u00ebn kushtetuese t\u00eb shqiptar\u00ebve ta p\u00ebrmir\u00ebsojn\u00eb me nj\u00eb kushtetut\u00eb t\u00eb hartuar nga partit\u00eb opozitare serbe e proserbe q\u00eb dihej se nuk do t\u00eb p\u00ebrkrahnin proceset e demokratizimit t\u00eb Malit t\u00eb Zi, pasi q\u00eb m\u00eb par\u00eb nuk njoh\u00ebn pavar\u00ebsin\u00eb e Malit t\u00eb Zi e m\u00eb pas e as t\u00eb Kosov\u00ebs!<br \/>\nPozita 2 \u2013 LD n\u00eb MZ, 4 shkurt 2009 \u2013 Nikoll\u00eb Camaj, gazeta \u00abDan\u00bb<br \/>\nCitoj: 6 parti dhe disa OJQ deri tash p\u00ebrkrahin list\u00ebn e p\u00ebrbashk\u00ebt&#8230; Lider\u00ebt politik\u00eb shqiptar\u00eb t\u00eb shtun\u00ebn q\u00eb shkoi zhvilluan bisedime p\u00ebr list\u00ebn e p\u00ebrbashk\u00ebt n\u00eb zgjedhjet e marsit. Rrethin e par\u00eb t\u00eb bisedimeve e b\u00ebn\u00eb Alternativa shqiptare, Lidhja Demokratike n\u00eb Mal t\u00eb Zi dhe Forca e Re Demokratike t\u00eb enjt\u00ebn fillojn\u00eb bisedimet me Partin\u00eb e Prosperitetit dhe me Partin\u00eb e Bashkimit Demokratik si dhe me grupin e Aleanc\u00ebs s\u00eb Re. Gjithashtu thot\u00eb q\u00eb partit\u00eb opozitare SNP, Nova (ish lista serbe), dhe \u00abPZP\u00bb ende nuk kan\u00eb kontaktuar me partit\u00eb shqiptare. Nj\u00eb gj\u00eb t\u00eb till\u00eb po n\u00eb k\u00ebt\u00eb dit\u00eb e v\u00ebrteton se ka ngjar\u00eb edhe Genc Nimanbegu p\u00ebr gazet\u00ebn &#8220;Vijesti&#8221;. Po n\u00eb k\u00ebt\u00eb dit\u00eb njohtohemi se Amir Hollaj nga PPD kishte d\u00ebrguar ftes\u00eb publike p\u00ebr tubim t\u00eb qytetar\u00ebve n\u00eb Kat\u00ebrkoll\u00eb me moton: T\u00eb zgjedhim deputetin e An\u00ebs s\u00eb Malit?!<br \/>\nKomenti: Sa p\u00ebr deputetin e An\u00ebs s\u00eb Malit si veteran i organizimit politik mendoj se kemi t\u00eb b\u00ebjm\u00eb me nj\u00eb lokaliz\u00ebm t\u00eb vonuar i cili gjat\u00eb viteve 90 pat p\u00ebrfshi Deg\u00ebn e Lidhjes Demokratike t\u00eb Ulqinit e cila pastaj u transformua n\u00eb UDSH, kurse t\u00eb nj\u00ebjt\u00ebn gj\u00eb pat b\u00ebr\u00eb edhe Dega LD n\u00eb MZ e Mal\u00ebsis\u00eb e cila vendosi t\u00eb shkoj\u00eb me Deg\u00ebn e Ulqinit t\u00eb LD-s\u00eb (UDSH-se), por kur u \u00abzhg\u00ebnjye\u00bb n\u00eb t\u00eb formoi Alternativ\u00ebn Shqiptare.!<br \/>\nBisedat e politikan\u00ebve shqiptar\u00eb me ato q\u00eb deklarohen si serb\u00eb, q\u00eb votojn\u00eb partit\u00eb serbe e q\u00eb prir\u00ebs shpirt\u00ebror kan\u00eb Amfillohijen kurse d\u00ebshirojn\u00eb sSerbin\u00eb, e adhurojn\u00eb Rusin\u00eb, mund t\u00eb b\u00ebhen pasi q\u00eb t\u00eb ken\u00eb njohur pavar\u00ebsin\u00eb e Kosov\u00ebs dhe kur t\u00eb garantojn\u00eb q\u00eb shqiptar\u00ebve do t`u zbardh\u00eb kur opozita t\u00eb vij\u00eb n\u00eb pushtet. P\u00ebrndryshe shkuarja pas tyre sot, ia p\u00ebrngjet pun\u00ebs s\u00eb asaj deles q\u00eb u plagua nga ujku dhe kur u takua p\u00ebrs\u00ebri n\u00eb rrug\u00eb me t\u00eb, harroi dhe vazhdoi t`i shkoj\u00eb pas&#8230;! Th\u00ebnien e Camajt e v\u00ebrtetoi Bardhi, gjithashtu n\u00eb \u00abDan\u00bb m\u00eb 6 shkurt, ku siguroi q\u00eb shqiptar\u00ebt do t\u00eb fitojn\u00eb 4 mandate dhe se do t`i p\u00ebrgjigjet ftes\u00ebs s\u00eb Miliqit&#8230; (po t\u00eb ndodhte)!<br \/>\nPozita 3 \u2013Amir Hollaj deklaron p\u00ebr \u00abBota Sot\u00bb m\u00eb 7 shkurt 2009:<br \/>\nN\u00eb t\u00eb v\u00ebrtet\u00eb n\u00eb sken\u00eb ka dal\u00eb edhe nj\u00eb em\u00ebr i ri &#8211; Aleanca e Re. Nj\u00ebri prej nism\u00ebtar\u00ebve Amir Hollaj, kryetari aktual i Partis\u00eb s\u00eb Prosperitetit Demokratik, e prekur tash 2 vjet\u00eb e m\u00eb shum\u00eb nga f\u00ebrkimet e brendshme, thot\u00eb se Aleanca e Re \u00ebsht\u00eb nj\u00eb l\u00ebvizje, por ai nuk mohon se nes\u00ebr mund t\u00eb shnd\u00ebrrohet n\u00eb parti politike. Bashk\u00ebnism\u00ebtar i k\u00ebsaj iniciative \u00ebsht\u00eb edhe Ali Doda, kryetar i Bashkimit Demokratik t\u00eb shqiptar\u00ebve i cili, si\u00e7 spekullohet, \u00abi ka ikur an\u00ebtar\u00ebsia m\u00eb vitale\u00bb, si dhe nj\u00eb grup qytetar\u00ebsh q\u00eb kan\u00eb zgjedhur p\u00ebr moto: \u00abt\u00eb gjith\u00eb s\u00eb bashku p\u00ebr deputetin e An\u00ebs s\u00eb Malit\u00bb&#8230; K\u00ebt\u00eb lajm e v\u00ebrteton edhe Koha Javore\u00bb e dat\u00ebs, 12.02.2009.<\/p>\n<p>Pozita 4 \u2013 Kryetari i Kuvendit t\u00eb Komun\u00ebs s\u00eb Ulqinit Muhamet Nika p\u00ebr &#8220;Vijesti&#8221; t\u00eb dat\u00ebs 10 shkurt 2009, deklaron: \u201cNika k\u00ebrc\u00ebnon me nd\u00ebrrime\u201c.<br \/>\nM\u00eb 11 shkurt po e nj\u00ebjta gazet\u00eb sjell lajmin q\u00eb K\u00ebshilli Drejtues i PPD, bazuar n\u00eb Statut m\u00eb 2\/3 ia merr t\u00eb drejt\u00ebn z. Hollaj t\u00eb flas\u00eb n\u00eb em\u00ebr t\u00eb Partis\u00eb t\u00eb lidh\u00eb koalicione, duke u t\u00ebrhequr v\u00ebrejtjen negociator\u00ebve t\u00eb mundsh\u00ebm p\u00ebr pasojat q\u00eb mund t\u00eb ken\u00eb n\u00ebse nuk merren parasysh vendimet e K\u00ebshillit Drejtues.<\/p>\n<p>Pozita 5 \u2013 Vasel Sinishtaj, deputet i Alternativ\u00ebs Shqiptare, p\u00ebr gazet\u00ebn \u00abDan\u00bb t\u00eb dat\u00ebs me 10 shkurt 2009, hedh tez\u00ebn q\u00eb shqiptar\u00ebt d\u00ebshirojn\u00eb nj\u00eb parti, dhe se kjo do t\u00eb ndodh\u00eb diku n\u00eb t\u00eb ardhmen, pas k\u00ebtyre zgjedhjeve.<br \/>\n\u00cbsht\u00eb interesant t\u00eb p\u00ebrmendet q\u00eb n\u00eb nj\u00eb emision televiziv, m\u00eb 13 shkurt n\u00eb TV Tetut\u00eb, Amir Hollaj duke u p\u00ebrgjigjur n\u00eb pyetjen e gazetarit Berjashi se \u00e7far\u00eb do t\u00eb ndodh\u00eb me spekulimet n\u00eb opinion se Amir Hollaj do t\u00eb jet\u00eb kryetar i Partis\u00eb s\u00eb vetme shqiptare n\u00eb formim dhe se a do t\u00eb kishte pranuar k\u00ebt\u00eb post! Hollaj u p\u00ebrgjegj se nuk do ta refuzonte. Kjo \u00ebsht\u00eb e r\u00ebnd\u00ebsishme ndoshta si nj\u00eb prapasken\u00eb e deklarat\u00ebs s\u00eb z. Sinishtaj?!<\/p>\n<p>Pozita 6 \u2013 Gazeta \u00abDan\u00bb 11 shkurt 2009 shkruan: \u00abKonfliktet deri te bart\u00ebsi i list\u00ebs kan\u00eb sjell\u00eb n\u00eb pik\u00ebpyetje formimin e Koalicionit parazgjedhor shqiptar\u00bb.<br \/>\nCitojm\u00eb gazet\u00ebn: Formimi i Koalicionit t\u00eb madh shqiptar ka ardhur n\u00eb pik\u00ebpyetje&#8230; n\u00eb njer\u00ebn an\u00eb jan\u00eb partit\u00eb Ulqinake (!?), Forca e Re Demokraktike, Bashkimi Demokratik, Partia e Prosperitetit Demokratik dhe Aleanca e Re&#8230; K\u00ebta i p\u00ebrkrah edhe Alternativa Shqiptare q\u00eb bart\u00ebs t\u00eb list\u00ebs t\u00eb jet\u00eb n\u00ebnkryetari i Forc\u00ebs Genc Nimanbegu i cili d\u00ebshiron ta shoh\u00eb veten si bart\u00ebs i list\u00ebs &#8230; kurse n\u00eb an\u00ebn tjet\u00ebr \u00ebsht\u00eb Lidhja Demokratike e cila d\u00ebshiron q\u00eb bart\u00ebs i list\u00ebs t\u00eb jet\u00eb Mehmet Bardhi&#8230;, mir\u00ebpo pun\u00ebt disi edhe brenda Lidhjes nuk jan\u00eb si duhet ngase disa an\u00ebtar\u00eb t\u00eb kryesis\u00eb jan\u00eb q\u00eb z. Genci t\u00eb jet\u00eb bart\u00ebs i list\u00ebs, p\u00ebrfundon gazeta.<br \/>\nAspiratat e z. Hollaj p\u00ebr t\u00eb p\u00ebrvet\u00ebsuar t\u00eb drejt\u00ebn e K\u00ebshillit Drejtues q\u00eb me Statut t\u00eb PPD &#8211; s\u00eb koalicionet n\u00eb nivel Republikan lidh\u00eb vet\u00ebm K\u00ebshilli Drejtuar me sa duket i vet\u00ebdijesuan politikan\u00ebt e Lidhjes q\u00eb z. Hollaj ta refuzojn\u00eb n\u00eb bisedimet shumpal\u00ebshe, e kjo m\u00ebsohet nga disa burime t\u00eb t\u00ebrthorta, kurse vet\u00eb deklarimi i z. Hollaj n\u00eb TV Tetute q\u00eb do t\u00eb p\u00ebrkrah\u00eb kandidatin e Deg\u00ebs s\u00eb An\u00ebs Malit p\u00ebr deputet z. Fatmir Gjeka (UDSH) n\u00ebse \u00ebsht\u00eb bart\u00ebs i list\u00ebs. P\u00ebr k\u00ebt\u00eb mund t\u00eb kontaktoj\u00eb si Aleanc\u00eb e Re edhe me z. Dinosha, d\u00ebshmon q\u00eb z. Hollaj tashm\u00eb ndihet i braktisur nga subjektet shqiptare me t\u00eb cil\u00ebt pat b\u00ebr\u00eb negociata p\u00ebr t\u00eb p\u00ebrforcuar pozitat e veta personale!<br \/>\nK\u00ebshilli Drejtues i PPD-s\u00eb ashtu si\u00e7 nuk d\u00ebshiron q\u00eb grupe formale dhe informale t\u00eb subjekteve t\u00eb tjera t\u00eb p\u00ebrzihen n\u00eb politik\u00ebn e brendshme t\u00eb K\u00ebshillit Drejtues nuk p\u00ebrkrah as p\u00ebrzierjet e z. Hollaj n\u00eb pun\u00ebt e brendshme t\u00eb subjekteve t\u00eb tjera.<\/p>\n<p>Pozita 7 \u2013 Partia e Prosperitetit Demokratik n\u00eb nj\u00eb kumtes\u00eb p\u00ebr opinion njofton se kjo parti mbi baz\u00ebn e Programit dhe Statutit t\u00eb saj \u00ebsht\u00eb e gatshme p\u00ebr bisedime me partit\u00eb politike q\u00eb u angazhuan p\u00ebr pavar\u00ebsin\u00eb e Malit t\u00eb Zi, dhe p\u00ebr njohjen e Shtetit t\u00eb Kosov\u00ebs.<br \/>\nNga kjo po duket se shqiptar\u00ebt n\u00eb Mal t\u00eb Zi jan\u00eb t\u00eb ndar\u00eb n\u00eb dy grupime politike. N\u00eb ato q\u00eb p\u00ebrkrahin pozit\u00ebn n\u00eb pushtet e q\u00eb jan\u00eb UDSH dhe PPD si dhe partit\u00eb e tjera, t\u00eb cilave nuk u pengon ardhja e opozit\u00ebs n\u00eb pushtet.<br \/>\nT\u00eb mart\u00ebn, m\u00eb 17 shkurt nga gazeta \u00abDan\u00bb m\u00ebsuam se marr\u00ebveshja e shqiptar\u00ebve p\u00ebr nj\u00eb koalicion t\u00eb madh duket se do t\u00eb d\u00ebshtoj\u00eb, dhe q\u00eb FORCA \u00ebsht\u00eb e gatshme t\u00eb dal\u00eb vet\u00eb n\u00eb zgjedhje; P\u00ebr t`i kuptuar vlimet politike partiake t\u00eb subjekteve shqiptare n\u00eb Mal t\u00eb Zi p\u00ebrmendim ligjet e fizik\u00ebs e sidomos at\u00eb i cili thot\u00eb se energjia (partia) nuk mund t\u00eb krijohet nga hi\u00e7i, e kjo vlen edhe p\u00ebr koalicionin. Pasi q\u00eb koha sipas fizik\u00ebs nuk mund t\u00eb kthehet mbrapsht (shembulli i got\u00ebs s\u00ebthyer) p\u00ebrmendim parimin e mund\u00ebsis\u00eb s\u00eb ndarjes s\u00eb materijes (partive) n\u00eb fizik\u00eb, n\u00eb \u00e7ifte grimcash ku nj\u00ebra prej tyre detyrimisht do t\u00eb jet\u00eb grimc\u00eb, e tjetra anti grimc\u00eb. K\u00ebshtu \u00e7iftet grimc\u00eb-anti grimc\u00eb ndahen pastaj s\u00ebrish bashkohen duke gjetur secila partnerin e vet dhe pastaj asgj\u00ebsohen p\u00ebrfundimisht n\u00eb vrim\u00ebn e zez\u00eb ku \u00abhorizonti i ngjarjeve, zihet n\u00eb grack\u00eb\u00bb. Ligjet e fizik\u00ebs do t\u00eb vlejn\u00eb edhe p\u00ebr koalicionin shqiptar n\u00eb m\u00ebnyr\u00eb ekzakte, (materie, antimaterie \u2013 parti e antiparti) Ata pasi u ndan\u00eb detyrimisht u bashkuan me partner\u00ebt e vet \u201cgjoja p\u00ebr koalicion\u201d dhe sipas ligjit t\u00eb p\u00ebrmendur t\u00eb natyr\u00ebs, p\u00ebrfundimisht u asgj\u00ebsuan.<br \/>\nP\u00ebr t\u00eb mos qen\u00eb pesimist n\u00eb k\u00ebto zgjedhje parlamentare po e p\u00ebrmbylli me nj\u00eb parim nga libri i shenjt\u00eb \u2013 Kur`ani, t\u00eb cilin e bazoj n\u00eb p\u00ebrvoj\u00ebn time personale e q\u00eb \u00ebsht\u00eb: ka do gj\u00ebra q\u00eb ju mendoni se jan\u00eb mir\u00eb p\u00ebr ju e ato jan\u00eb keq p\u00ebr ju, dhe ka do gj\u00ebra q\u00eb ju mendoni se jan\u00eb keq p\u00ebr ju e ato jan\u00eb mir\u00eb p\u00ebr ju!<\/p>\n<p><strong>Muhamet Nika<br \/>\nKoha Javore<\/strong><\/p>\n","protected":false},"excerpt":{"rendered":"<p>Lokalizmat e vonuar Imagjinoni nj\u00eb got\u00eb t\u00eb thyer q\u00eb bie nga tavolina dhe thyhet cop\u00eb-cop\u00eb n\u00eb dysheme. Po ta filmonim aktin e thyerjes dhe ta zhvillonim filmin mbrapsht do t\u00eb shikonim copat e mbledhura p\u00ebrnj\u00ebher\u00eb n\u00eb dysheme, q\u00eb k\u00ebrcenin n\u00eb aj\u00ebr, p\u00ebr t\u00eb formuar nj\u00eb got\u00eb t\u00eb plot\u00eb mbi tavolin\u00eb. Duke e par\u00eb rastin shohim [&hellip;]<\/p>\n","protected":false},"author":1,"featured_media":0,"comment_status":"open","ping_status":"closed","sticky":false,"template":"","format":"standard","meta":{"spay_email":"","jetpack_publicize_message":"","jetpack_is_tweetstorm":false,"jetpack_publicize_feature_enabled":true},"categories":[11],"tags":[6533,3461,7151,1303,7148,7147,7145,7146,7150,128,7152,944,189,7144,7149],"jetpack_publicize_connections":[],"yoast_head":"<!-- This site is optimized with the Yoast SEO plugin v19.1 - https:\/\/yoast.com\/wordpress\/plugins\/seo\/ -->\n<title>Situata parazgjedhore parlamentare ne vitin 2009 - Lajme nga Ulqini<\/title>\n<meta name=\"description\" content=\"Lokalizmat e vonuar Imagjinoni nj\u00eb got\u00eb t\u00eb thyer q\u00eb bie nga tavolina dhe thyhet cop\u00eb-cop\u00eb n\u00eb dysheme. Po ta filmonim aktin e thyerjes dhe ta zhvillonim\" \/>\n<meta name=\"robots\" content=\"index, follow, max-snippet:-1, max-image-preview:large, max-video-preview:-1\" \/>\n<link rel=\"canonical\" href=\"https:\/\/www.visit-ulcinj.com\/blog\/2009\/02\/24\/situata-parazgjedhore-parlamentare-ne-vitin-2009\/\" \/>\n<meta property=\"og:locale\" content=\"en_US\" \/>\n<meta property=\"og:type\" content=\"article\" \/>\n<meta property=\"og:title\" content=\"Situata parazgjedhore parlamentare ne vitin 2009 - Lajme nga Ulqini\" \/>\n<meta property=\"og:description\" content=\"Lokalizmat e vonuar Imagjinoni nj\u00eb got\u00eb t\u00eb thyer q\u00eb bie nga tavolina dhe thyhet cop\u00eb-cop\u00eb n\u00eb dysheme. Po ta filmonim aktin e thyerjes dhe ta zhvillonim\" \/>\n<meta property=\"og:url\" content=\"https:\/\/www.visit-ulcinj.com\/blog\/2009\/02\/24\/situata-parazgjedhore-parlamentare-ne-vitin-2009\/\" \/>\n<meta property=\"og:site_name\" content=\"Lajme nga Ulqini\" \/>\n<meta property=\"article:published_time\" content=\"2009-02-24T17:47:22+00:00\" \/>\n<meta property=\"article:modified_time\" content=\"2009-02-24T17:48:49+00:00\" \/>\n<meta property=\"og:image\" content=\"http:\/\/www.visit-ulcinj.com\/blog\/wp-content\/uploads\/2009\/02\/muhamet-nika_ulqin.jpg\" \/>\n<meta name=\"twitter:label1\" content=\"Written by\" \/>\n\t<meta name=\"twitter:data1\" content=\"ulqini\" \/>\n\t<meta name=\"twitter:label2\" content=\"Est. reading time\" \/>\n\t<meta name=\"twitter:data2\" content=\"11 minutes\" \/>\n<script type=\"application\/ld+json\" class=\"yoast-schema-graph\">{\"@context\":\"https:\/\/schema.org\",\"@graph\":[{\"@type\":\"WebSite\",\"@id\":\"https:\/\/www.visit-ulcinj.com\/blog\/#website\",\"url\":\"https:\/\/www.visit-ulcinj.com\/blog\/\",\"name\":\"Lajme nga Ulqini\",\"description\":\"Lajme,Vijesti,Ulqini,Ulqin,Crna Gora,Mali i Zi\",\"potentialAction\":[{\"@type\":\"SearchAction\",\"target\":{\"@type\":\"EntryPoint\",\"urlTemplate\":\"https:\/\/www.visit-ulcinj.com\/blog\/?s={search_term_string}\"},\"query-input\":\"required name=search_term_string\"}],\"inLanguage\":\"en-US\"},{\"@type\":\"ImageObject\",\"inLanguage\":\"en-US\",\"@id\":\"https:\/\/www.visit-ulcinj.com\/blog\/2009\/02\/24\/situata-parazgjedhore-parlamentare-ne-vitin-2009\/#primaryimage\",\"url\":\"https:\/\/www.visit-ulcinj.com\/blog\/wp-content\/uploads\/2009\/02\/muhamet-nika_ulqin.jpg\",\"contentUrl\":\"https:\/\/www.visit-ulcinj.com\/blog\/wp-content\/uploads\/2009\/02\/muhamet-nika_ulqin.jpg\",\"width\":\"290\",\"height\":\"218\"},{\"@type\":\"WebPage\",\"@id\":\"https:\/\/www.visit-ulcinj.com\/blog\/2009\/02\/24\/situata-parazgjedhore-parlamentare-ne-vitin-2009\/#webpage\",\"url\":\"https:\/\/www.visit-ulcinj.com\/blog\/2009\/02\/24\/situata-parazgjedhore-parlamentare-ne-vitin-2009\/\",\"name\":\"Situata parazgjedhore parlamentare ne vitin 2009 - Lajme nga Ulqini\",\"isPartOf\":{\"@id\":\"https:\/\/www.visit-ulcinj.com\/blog\/#website\"},\"primaryImageOfPage\":{\"@id\":\"https:\/\/www.visit-ulcinj.com\/blog\/2009\/02\/24\/situata-parazgjedhore-parlamentare-ne-vitin-2009\/#primaryimage\"},\"datePublished\":\"2009-02-24T17:47:22+00:00\",\"dateModified\":\"2009-02-24T17:48:49+00:00\",\"author\":{\"@id\":\"https:\/\/www.visit-ulcinj.com\/blog\/#\/schema\/person\/dcab619c614d3038751c63bc2aadc06d\"},\"description\":\"Lokalizmat e vonuar Imagjinoni nj\u00eb got\u00eb t\u00eb thyer q\u00eb bie nga tavolina dhe thyhet cop\u00eb-cop\u00eb n\u00eb dysheme. Po ta filmonim aktin e thyerjes dhe ta zhvillonim\",\"breadcrumb\":{\"@id\":\"https:\/\/www.visit-ulcinj.com\/blog\/2009\/02\/24\/situata-parazgjedhore-parlamentare-ne-vitin-2009\/#breadcrumb\"},\"inLanguage\":\"en-US\",\"potentialAction\":[{\"@type\":\"ReadAction\",\"target\":[\"https:\/\/www.visit-ulcinj.com\/blog\/2009\/02\/24\/situata-parazgjedhore-parlamentare-ne-vitin-2009\/\"]}]},{\"@type\":\"BreadcrumbList\",\"@id\":\"https:\/\/www.visit-ulcinj.com\/blog\/2009\/02\/24\/situata-parazgjedhore-parlamentare-ne-vitin-2009\/#breadcrumb\",\"itemListElement\":[{\"@type\":\"ListItem\",\"position\":1,\"name\":\"Situata parazgjedhore parlamentare ne vitin 2009\"}]},{\"@type\":\"Person\",\"@id\":\"https:\/\/www.visit-ulcinj.com\/blog\/#\/schema\/person\/dcab619c614d3038751c63bc2aadc06d\",\"name\":\"ulqini\",\"sameAs\":[\"http:\/\/www.visit-ulcinj.com\"],\"url\":\"https:\/\/www.visit-ulcinj.com\/blog\/author\/admin\/\"}]}<\/script>\n<!-- \/ Yoast SEO plugin. -->","yoast_head_json":{"title":"Situata parazgjedhore parlamentare ne vitin 2009 - Lajme nga Ulqini","description":"Lokalizmat e vonuar Imagjinoni nj\u00eb got\u00eb t\u00eb thyer q\u00eb bie nga tavolina dhe thyhet cop\u00eb-cop\u00eb n\u00eb dysheme. Po ta filmonim aktin e thyerjes dhe ta zhvillonim","robots":{"index":"index","follow":"follow","max-snippet":"max-snippet:-1","max-image-preview":"max-image-preview:large","max-video-preview":"max-video-preview:-1"},"canonical":"https:\/\/www.visit-ulcinj.com\/blog\/2009\/02\/24\/situata-parazgjedhore-parlamentare-ne-vitin-2009\/","og_locale":"en_US","og_type":"article","og_title":"Situata parazgjedhore parlamentare ne vitin 2009 - Lajme nga Ulqini","og_description":"Lokalizmat e vonuar Imagjinoni nj\u00eb got\u00eb t\u00eb thyer q\u00eb bie nga tavolina dhe thyhet cop\u00eb-cop\u00eb n\u00eb dysheme. Po ta filmonim aktin e thyerjes dhe ta zhvillonim","og_url":"https:\/\/www.visit-ulcinj.com\/blog\/2009\/02\/24\/situata-parazgjedhore-parlamentare-ne-vitin-2009\/","og_site_name":"Lajme nga Ulqini","article_published_time":"2009-02-24T17:47:22+00:00","article_modified_time":"2009-02-24T17:48:49+00:00","og_image":[{"url":"http:\/\/www.visit-ulcinj.com\/blog\/wp-content\/uploads\/2009\/02\/muhamet-nika_ulqin.jpg"}],"twitter_misc":{"Written by":"ulqini","Est. reading time":"11 minutes"},"schema":{"@context":"https:\/\/schema.org","@graph":[{"@type":"WebSite","@id":"https:\/\/www.visit-ulcinj.com\/blog\/#website","url":"https:\/\/www.visit-ulcinj.com\/blog\/","name":"Lajme nga Ulqini","description":"Lajme,Vijesti,Ulqini,Ulqin,Crna Gora,Mali i Zi","potentialAction":[{"@type":"SearchAction","target":{"@type":"EntryPoint","urlTemplate":"https:\/\/www.visit-ulcinj.com\/blog\/?s={search_term_string}"},"query-input":"required name=search_term_string"}],"inLanguage":"en-US"},{"@type":"ImageObject","inLanguage":"en-US","@id":"https:\/\/www.visit-ulcinj.com\/blog\/2009\/02\/24\/situata-parazgjedhore-parlamentare-ne-vitin-2009\/#primaryimage","url":"https:\/\/www.visit-ulcinj.com\/blog\/wp-content\/uploads\/2009\/02\/muhamet-nika_ulqin.jpg","contentUrl":"https:\/\/www.visit-ulcinj.com\/blog\/wp-content\/uploads\/2009\/02\/muhamet-nika_ulqin.jpg","width":"290","height":"218"},{"@type":"WebPage","@id":"https:\/\/www.visit-ulcinj.com\/blog\/2009\/02\/24\/situata-parazgjedhore-parlamentare-ne-vitin-2009\/#webpage","url":"https:\/\/www.visit-ulcinj.com\/blog\/2009\/02\/24\/situata-parazgjedhore-parlamentare-ne-vitin-2009\/","name":"Situata parazgjedhore parlamentare ne vitin 2009 - Lajme nga Ulqini","isPartOf":{"@id":"https:\/\/www.visit-ulcinj.com\/blog\/#website"},"primaryImageOfPage":{"@id":"https:\/\/www.visit-ulcinj.com\/blog\/2009\/02\/24\/situata-parazgjedhore-parlamentare-ne-vitin-2009\/#primaryimage"},"datePublished":"2009-02-24T17:47:22+00:00","dateModified":"2009-02-24T17:48:49+00:00","author":{"@id":"https:\/\/www.visit-ulcinj.com\/blog\/#\/schema\/person\/dcab619c614d3038751c63bc2aadc06d"},"description":"Lokalizmat e vonuar Imagjinoni nj\u00eb got\u00eb t\u00eb thyer q\u00eb bie nga tavolina dhe thyhet cop\u00eb-cop\u00eb n\u00eb dysheme. Po ta filmonim aktin e thyerjes dhe ta zhvillonim","breadcrumb":{"@id":"https:\/\/www.visit-ulcinj.com\/blog\/2009\/02\/24\/situata-parazgjedhore-parlamentare-ne-vitin-2009\/#breadcrumb"},"inLanguage":"en-US","potentialAction":[{"@type":"ReadAction","target":["https:\/\/www.visit-ulcinj.com\/blog\/2009\/02\/24\/situata-parazgjedhore-parlamentare-ne-vitin-2009\/"]}]},{"@type":"BreadcrumbList","@id":"https:\/\/www.visit-ulcinj.com\/blog\/2009\/02\/24\/situata-parazgjedhore-parlamentare-ne-vitin-2009\/#breadcrumb","itemListElement":[{"@type":"ListItem","position":1,"name":"Situata parazgjedhore parlamentare ne vitin 2009"}]},{"@type":"Person","@id":"https:\/\/www.visit-ulcinj.com\/blog\/#\/schema\/person\/dcab619c614d3038751c63bc2aadc06d","name":"ulqini","sameAs":["http:\/\/www.visit-ulcinj.com"],"url":"https:\/\/www.visit-ulcinj.com\/blog\/author\/admin\/"}]}},"jetpack_featured_media_url":"","jetpack_sharing_enabled":true,"jetpack_shortlink":"https:\/\/wp.me\/pe6lTn-3aX","_links":{"self":[{"href":"https:\/\/www.visit-ulcinj.com\/blog\/wp-json\/wp\/v2\/posts\/12211"}],"collection":[{"href":"https:\/\/www.visit-ulcinj.com\/blog\/wp-json\/wp\/v2\/posts"}],"about":[{"href":"https:\/\/www.visit-ulcinj.com\/blog\/wp-json\/wp\/v2\/types\/post"}],"author":[{"embeddable":true,"href":"https:\/\/www.visit-ulcinj.com\/blog\/wp-json\/wp\/v2\/users\/1"}],"replies":[{"embeddable":true,"href":"https:\/\/www.visit-ulcinj.com\/blog\/wp-json\/wp\/v2\/comments?post=12211"}],"version-history":[{"count":0,"href":"https:\/\/www.visit-ulcinj.com\/blog\/wp-json\/wp\/v2\/posts\/12211\/revisions"}],"wp:attachment":[{"href":"https:\/\/www.visit-ulcinj.com\/blog\/wp-json\/wp\/v2\/media?parent=12211"}],"wp:term":[{"taxonomy":"category","embeddable":true,"href":"https:\/\/www.visit-ulcinj.com\/blog\/wp-json\/wp\/v2\/categories?post=12211"},{"taxonomy":"post_tag","embeddable":true,"href":"https:\/\/www.visit-ulcinj.com\/blog\/wp-json\/wp\/v2\/tags?post=12211"}],"curies":[{"name":"wp","href":"https:\/\/api.w.org\/{rel}","templated":true}]}}