{"id":12216,"date":"2009-02-24T18:59:27","date_gmt":"2009-02-24T17:59:27","guid":{"rendered":"http:\/\/www.visit-ulcinj.com\/blog\/?p=12216"},"modified":"2009-02-24T18:59:27","modified_gmt":"2009-02-24T17:59:27","slug":"plani-i-urbanistik-i-komunes-se-ulqinit-ngjall-debate-te-shumta","status":"publish","type":"post","link":"https:\/\/www.visit-ulcinj.com\/blog\/2009\/02\/24\/plani-i-urbanistik-i-komunes-se-ulqinit-ngjall-debate-te-shumta\/","title":{"rendered":"Plani i  urbanistik i komun\u00ebs s\u00eb Ulqinit ngjall debate t\u00eb shumta"},"content":{"rendered":"<p><strong><a href=\"http:\/\/www.visit-ulcinj.com\/blog\/wp-content\/uploads\/2009\/02\/plani-hapsinor-i-ulqinit1.jpg\"><img loading=\"lazy\" class=\"alignleft size-full wp-image-12217\" title=\"plani-hapsinor-i-ulqinit1\" src=\"http:\/\/www.visit-ulcinj.com\/blog\/wp-content\/uploads\/2009\/02\/plani-hapsinor-i-ulqinit1.jpg\" alt=\"plani-hapsinor-i-ulqinit1\" width=\"570\" height=\"370\" \/><\/a>Plan q\u00eb ofron zhvillim apo pengon zhvillimin afatgjat\u00eb<\/strong><br \/>\nPas shum\u00eb vitesh, Komuna e Ulqinit ka hartuar apo m\u00eb sakt\u00eb ka plot\u00ebsuar dhe ndryshuar nj\u00eb pjes\u00eb t\u00eb Planit t\u00eb vet t\u00eb P\u00ebrgjithsh\u00ebm Urbanistik. Plani i miratuar p\u00ebrfshin zonat Gjerana 2, Kepin e Gjeranave me Port Milen\u00eb, Fush\u00ebn e Ulqinit, Kodrat, nj\u00eb pjes\u00eb t\u00eb Zogajve dhe Pinjeshin, me nj\u00eb sip\u00ebrfaqe prej 708 hektar\u00eb nga afro 25 mij\u00eb hektar\u00eb sa p\u00ebrfshin gjithsej territori i Komun\u00ebs s\u00eb Ulqinit.<br \/>\nPlani \u00ebsht\u00eb punuar nga Fakulteti i Nd\u00ebrtimtaris\u00eb n\u00eb Podgoric\u00eb dhe ka fituar drit\u00ebn jeshile nga Kuvendi i Komun\u00ebs s\u00eb Ulqinit n\u00eb seanc\u00ebn e mbajtur m\u00eb 3 shkurt. P\u00ebr t\u00eb kan\u00eb votuar k\u00ebshilltar\u00ebt e shumic\u00ebs n\u00eb Kuvendin e Komun\u00ebs s\u00eb Ulqinit, nd\u00ebrsa k\u00ebshilltar\u00ebt e Forc\u00ebs s\u00eb Re Demokratike (me p\u00ebrjashtim t\u00eb nj\u00eb k\u00ebshilltari q\u00eb ka votuar kund\u00ebr) kan\u00eb abstenuar, kurse ata t\u00eb LD n\u00eb MZ, BDSH, PPS dhe List\u00ebs Serbe nuk kan\u00eb marr\u00eb pjes\u00eb n\u00eb votim.<br \/>\nEdhe pse p\u00ebrpunimi i PPU ekzistuese p\u00ebr zonat n\u00eb fjal\u00eb ka qen\u00eb m\u00eb se i nevojsh\u00ebm dhe t\u00eb gjith\u00eb jan\u00eb pajtuar p\u00ebr plot\u00ebsimin dhe ndryshimin e tij, Plani i propozuar ka ngjallur reagime t\u00eb shumta.<br \/>\nN\u00eb nd\u00ebrkoh\u00eb, Parlamenti i Malit t\u00eb Zi n\u00eb gusht t\u00eb vitit t\u00eb kaluar ka miratuar Ligjin p\u00ebr Rregullimin Hap\u00ebsinor dhe Nd\u00ebrtimin e Objekteve, me t\u00eb cilin parashikohet q\u00eb planet e nivelit shtet\u00ebror jan\u00eb t\u00eb nivelit m\u00eb t\u00eb lart\u00eb. N\u00eb k\u00ebt\u00eb m\u00ebnyr\u00eb, \u00e7do plan q\u00eb aprovohet n\u00eb nivele lokale, rrjedhimisht edhe n\u00eb Kuvendin e Komun\u00ebs s\u00eb Ulqinit, p\u00ebrfshir\u00eb edhe Planin e P\u00ebrgjithsh\u00ebm Urbanistik, duhet t\u00eb jet\u00eb i harmonizuar me planet e nivelit m\u00eb t\u00eb lart\u00eb. Kjo ka b\u00ebr\u00eb q\u00eb edhe miratimi i PPU-s\u00eb p\u00ebr nj\u00eb pjes\u00eb t\u00eb territorit t\u00eb komun\u00ebs s\u00eb Ulqinit t\u00eb cil\u00ebsohet si i vonuar duke qen\u00eb se PPU me Ligjin e ri p\u00ebr Rregullimin Hap\u00ebsinor dhe Nd\u00ebrtimin e Objekteve nuk e ka m\u00eb r\u00ebnd\u00ebsin\u00eb q\u00eb ka pasur m\u00eb par\u00eb.<br \/>\nSipas n\u00ebnkryetarit t\u00eb Forc\u00ebs s\u00eb Re Demokratike, Genci Nimanbegu, kryetar i Klubit t\u00eb k\u00ebshilltar\u00ebve t\u00eb Forc\u00ebs n\u00eb Kuvendin e Komun\u00ebs s\u00eb Ulqinit dhe i vetmi k\u00ebshilltar q\u00eb ka votuar kund\u00ebr PPU-s\u00eb, arsyet q\u00eb e kan\u00eb b\u00ebr\u00eb t\u00eb votoj\u00eb kund\u00ebr jan\u00eb t\u00eb shumta.<br \/>\n\u201cNga m\u00eb se 400 v\u00ebrejtje ndaj propozimit t\u00eb PPU-s\u00eb, shum\u00eb pak prej tyre jan\u00eb marr\u00eb parasysh dhe nuk jan\u00eb informuar as k\u00ebshilltar\u00ebt, as opinioni se cilat jan\u00eb marr\u00eb parasysh e cilat jo dhe se \u00e7far\u00eb \u00ebsht\u00eb b\u00ebr\u00eb me to. K\u00ebshilltar\u00ebt nuk kan\u00eb pasur mund\u00ebsi q\u00eb ta shohin dokumentin p\u00ebrfundimtar. K\u00ebtu mendoj n\u00eb pjes\u00ebn grafike\u201d, thot\u00eb ai.<br \/>\nSekretari i Sekretariatit p\u00ebr Urbaniz\u00ebm dhe Rregullim Hap\u00ebsinor, Nazif Hoxhiq, thot\u00eb se numri i v\u00ebrejtjeve ndaj Propozimit t\u00eb PPU-s\u00eb kan\u00eb qen\u00eb rreth 220, kurse gjithsej di\u00e7ka m\u00eb tep\u00ebr se 400.<br \/>\nSipas tij, pjesa m\u00eb e madhe e v\u00ebrejtjeve q\u00eb jan\u00eb konsideruar t\u00eb arsyeshme nga Komisioni revidues dhe p\u00ebrpunuesi i PPU-s\u00eb jan\u00eb marr\u00eb parasysh.<br \/>\n\u201c\u00cbsht\u00eb obligim ligjor q\u00eb v\u00ebrejtjet t\u00eb shkojn\u00eb n\u00eb komisionin revidues, i cili i jep mendim dhe q\u00ebndrim p\u00ebrpunuesit t\u00eb Planit \u2013 Fakultetit t\u00eb Nd\u00ebrtimtaris\u00eb n\u00eb Podgoric\u00eb, dhe aty ku ka pasur v\u00ebrejtje t\u00eb arsyeshme, ashtu si\u00e7 i ka \u00e7muar p\u00ebrpunuesi me Komisionin, m\u00eb se 90 p\u00ebr qind jan\u00eb aprovuar sepse nuk ka mundur q\u00eb t\u00eb aprovohen absolutisht t\u00eb gjitha v\u00ebrejtjet\u201d, thot\u00eb Hoxhiq.<br \/>\nAi thot\u00eb se pik\u00ebrisht v\u00ebrejtjet dhe d\u00ebshira p\u00ebr t\u00eb plot\u00ebsuar k\u00ebrkesat e qytetar\u00ebve aty ku ka pasur mund\u00ebsi dhe hap\u00ebsir\u00eb, ka qen\u00eb arsyeja kryesore e shtyrjes s\u00eb miratimit t\u00eb PPU-s\u00eb.<br \/>\nP\u00ebr kryetarin e K\u00ebshillit Komunal t\u00eb PDS-s\u00eb n\u00eb Ulqin, Luigj Shkreli, deputet n\u00eb Parlamentin e Malit t\u00eb Zi dhe k\u00ebshilltar n\u00eb Kuvendin e Komun\u00ebs s\u00eb Ulqinit, Plani i miratuar p\u00ebrb\u00ebn nj\u00eb hap p\u00ebrpara n\u00eb rregullimin e kaosit urbanistik q\u00eb ekziston n\u00eb komun\u00ebn e Ulqinit dhe kjo ka ndikuar q\u00eb t\u00eb p\u00ebrcaktohesh pozitivisht p\u00ebr t\u00eb.<br \/>\nAi pranon se Plani i miratuar ka t\u00eb meta sa i p\u00ebrket zgjidhjeve q\u00eb ofron e po ashtu edhe p\u00ebr shkak t\u00eb vones\u00ebs n\u00eb miratimin e tij gj\u00eb q\u00eb ka b\u00ebr\u00eb q\u00eb n\u00eb disa segmente bien ndoshta edhe n\u00eb kund\u00ebrshtim me zgjidhjet e reja ligjore q\u00eb rregullojn\u00eb k\u00ebt\u00eb materie.<br \/>\n\u201cSidoqoft\u00eb, un\u00eb e \u00e7moj si hap p\u00ebrpara n\u00eb zgjidhjen e problematik\u00ebs urbanistike q\u00eb \u00ebsht\u00eb evidente dhe e pranishme n\u00eb komun\u00ebn e Ulqinit\u201d, thot\u00eb Shkreli.<br \/>\nForca e Re Demokratike e ka kritikuar PPU-n\u00eb e propozuar dhe t\u00eb miratuar nga Kuvendi i Komun\u00ebs s\u00eb Ulqinit edhe p\u00ebr shkak t\u00eb konfliktit q\u00eb ky plan ka me planet e tjera dhe konfliktet e mundshme me planet p\u00ebr t\u00ebr\u00eb komun\u00ebn.<br \/>\n\u201cKy plan p\u00ebrfshin vet\u00ebm 2.8 p\u00ebr qind t\u00eb territorit t\u00eb Komun\u00ebs s\u00eb Ulqinit, kurse n\u00eb t\u00eb jan\u00eb parashikuar q\u00eb t\u00eb nd\u00ebrtohen bruto 1.7 milion\u00eb metra katror\u00eb sip\u00ebrfaqe nd\u00ebrtimi, nd\u00ebrkoh\u00eb q\u00eb sipas Entit p\u00ebr Statistika t\u00eb Malit t\u00eb Zi n\u00eb Ulqin ka di\u00e7ka m\u00eb pak se nj\u00eb milion metra katror\u00eb sip\u00ebrfaqe t\u00eb nd\u00ebrtuara\u201d, thot\u00eb Genci Nimanbegu.<br \/>\nSipas tij, ajo \u00e7far\u00eb parashikon plani do t\u00eb sillte nj\u00eb hipernd\u00ebrtim dhe sigurisht q\u00eb do t\u00eb b\u00ebj\u00eb nj\u00eb lloj \u201cbudvanizimi\u201d t\u00eb k\u00ebsaj zone.<br \/>\nPor sekretari i Sekretariatit p\u00ebr Urbaniz\u00ebm dhe Rregullim Hap\u00ebsinor, Nazif Hoxhiq, thot\u00eb se sa i p\u00ebrket v\u00ebrejtjeve lidhur me kapacitetet e tepruara t\u00eb nd\u00ebrtimit, n\u00eb draftin e ri t\u00eb punuar pas sygjerimeve dhe q\u00ebndrimit t\u00eb Komisionit revidues, jan\u00eb ofruar numra t\u00eb arsyesh\u00ebm dhe se versioni i fundit i propozuar dhe i aprovuar n\u00eb Kuvend ka qen\u00eb i pranuesh\u00ebm dhe s\u2019ka t\u00eb b\u00ebj\u00eb me at\u00eb \u00e7far\u00eb ka qen\u00eb propozimi i par\u00eb.<br \/>\nNj\u00eb v\u00ebrejtje tjet\u00ebr e Forc\u00ebs s\u00eb Re Demokratike lidhet me rrezikun nga ndryshimi i struktur\u00ebs demografike t\u00eb popullsis\u00eb n\u00ebse realizohet ajo q\u00eb \u00ebsht\u00eb parashikuar n\u00eb PPU.<br \/>\n\u201cNumri i popullsis\u00eb s\u00eb mundshme nga di\u00e7ka m\u00eb shum\u00eb se tri mij\u00eb banor\u00eb q\u00eb \u00ebsht\u00eb tani n\u00eb zonat q\u00eb p\u00ebrfshin Plani, do t\u00eb mund\u00ebsohet p\u00ebr 25 mij\u00eb banor\u00eb t\u00eb p\u00ebrhersh\u00ebm. N\u00ebse arrihet kjo, do t\u00eb ndryshohet struktura demografike e popullsis\u00eb n\u00eb komun\u00ebn e Ulqinit\u201d, thot\u00eb Genci Nimanbegu.<br \/>\nP\u00ebr kryetarin e K\u00ebshillit Komunal t\u00eb PDS-s\u00eb n\u00eb Ulqin, Luigj Shkreli, kritikat rreth rrezikimit t\u00eb struktur\u00ebs demografike t\u00eb popullsis\u00eb s\u00eb Ulqinit jan\u00eb t\u00eb pabaza.<br \/>\n\u201cNuk shoh elemente p\u00ebr nj\u00eb konstatim t\u00eb till\u00eb duke marr\u00eb parasysh se me plane kontrollohet nd\u00ebrtimi, kurse me kaos dhe munges\u00ebn e planeve ecet n\u00eb kahjen e kund\u00ebrt. Nuk jam ithtar q\u00eb dikush duhet t\u00eb frikohet prej dikujt n\u00ebse mendon se ekzistenc\u00ebn e vet duhet ta lidh\u00eb s\u00eb bashku me ne, por jam ithtar i toleranc\u00ebs, bashk\u00ebjetes\u00ebs dhe mir\u00ebkuptimit. Ithtar\u00ebt m\u00eb t\u00eb fort\u00eb t\u00eb tez\u00ebs s\u00eb ndryshimit t\u00eb struktur\u00ebs demografike, n\u00eb \u00e7do qytet t\u00eb Malit t\u00eb Zi zhvillojn\u00eb afariz\u00ebm, kan\u00eb troje tok\u00ebsore, infrastruktur\u00eb tregtare dhe nuk e di se me \u00e7far\u00eb t\u00eb drejte d\u00ebshirojn\u00eb t\u2019ia mohojn\u00eb dikujt k\u00ebt\u00eb t\u00eb drejt\u00eb n\u00eb Ulqin\u201d, thot\u00eb ai.<br \/>\nForca e Re Demokratike ka pasur edhe nj\u00eb varg v\u00ebrejtjesh t\u00eb tjera n\u00eb PPU-n\u00eb e miratuar nga Kuvendi i Komun\u00ebs s\u00eb Ulqinit.<br \/>\nParashikimi i nd\u00ebrtimit t\u00eb mbi 6000 shtret\u00ebrve n\u00eb sektorin hotelier nga hoteli \u201cAlbatros\u201d deri te Kepi i Gjeranave, mbyllja p\u00ebr trafik e rrug\u00ebs nga hoteli \u201cGaleb\u201d deri n\u00eb hotelin \u201cAlbatros\u201d, q\u00eb sipas Forc\u00ebs, duket ka t\u00eb b\u00ebj\u00eb me p\u00ebrmbushjen e d\u00ebshir\u00ebs s\u00eb investitor\u00ebve e jo t\u00eb qytetar\u00ebve t\u00eb Ulqinit, pozicionimi i marin\u00ebs s\u00eb parashikuar q\u00eb sipas Forc\u00ebs p\u00ebrb\u00ebn nj\u00eb d\u00ebshir\u00eb t\u00eb parealizueshme, jan\u00eb vet\u00ebm disa nga v\u00ebrejtjet e tjera ndaj PPU-s\u00eb s\u00eb miratuar.<br \/>\n\u201cFatkeq\u00ebsisht \u00ebsht\u00eb plan q\u00eb \u00ebsht\u00eb aprovuar n\u00eb kund\u00ebrshtim me interesat afatgjate t\u00eb komun\u00ebs son\u00eb. Pjesa e vog\u00ebl q\u00eb p\u00ebrfshihet n\u00eb t\u00eb \u2013 2.8% e territorit t\u00eb Komun\u00ebs, dyfishimi i sip\u00ebrfaqes s\u00eb parashikuar p\u00ebr nd\u00ebrtim n\u00eb k\u00ebt\u00eb zon\u00eb, mbipopullimi i k\u00ebsaj zone me rrezik t\u00eb ndryshimit t\u00eb struktur\u00ebs demografike, jan\u00eb elemente q\u00eb k\u00ebt\u00eb plan e b\u00ebjn\u00eb t\u00eb papranuesh\u00ebm\u201d, thot\u00eb Genci Nimanbegu.<br \/>\nSekretari i Sekretariatit p\u00ebr Urbaniz\u00ebm dhe Rregullim Hap\u00ebsinor, Nazif Hoxhiq, thot\u00eb se me aprovimin e k\u00ebtij plani ofrohen kushte p\u00ebr punimin e planeve rregulluese, si\u00e7 e parashikon Ligji i ri p\u00ebr Rregullimin Hap\u00ebsinor dhe Nd\u00ebrtimin e Objekteve.<br \/>\n<strong>I.Kallaba<br \/>\nKoha Javore<\/strong><\/p>\n","protected":false},"excerpt":{"rendered":"<p>Plan q\u00eb ofron zhvillim apo pengon zhvillimin afatgjat\u00eb Pas shum\u00eb vitesh, Komuna e Ulqinit ka hartuar apo m\u00eb sakt\u00eb ka plot\u00ebsuar dhe ndryshuar nj\u00eb pjes\u00eb t\u00eb Planit t\u00eb vet t\u00eb P\u00ebrgjithsh\u00ebm Urbanistik. Plani i miratuar p\u00ebrfshin zonat Gjerana 2, Kepin e Gjeranave me Port Milen\u00eb, Fush\u00ebn e Ulqinit, Kodrat, nj\u00eb pjes\u00eb t\u00eb Zogajve dhe Pinjeshin, [&hellip;]<\/p>\n","protected":false},"author":1,"featured_media":0,"comment_status":"open","ping_status":"closed","sticky":false,"template":"","format":"standard","meta":{"spay_email":"","jetpack_publicize_message":"","jetpack_is_tweetstorm":false,"jetpack_publicize_feature_enabled":true},"categories":[13],"tags":[7154,3863,1073,7156,872,128,7158,7153,7155,7157,7159],"jetpack_publicize_connections":[],"yoast_head":"<!-- This site is optimized with the Yoast SEO plugin v19.1 - https:\/\/yoast.com\/wordpress\/plugins\/seo\/ -->\n<title>Plani i urbanistik i komun\u00ebs s\u00eb Ulqinit ngjall debate t\u00eb shumta - Lajme nga Ulqini<\/title>\n<meta name=\"description\" content=\"Plan q\u00eb ofron zhvillim apo pengon zhvillimin afatgjat\u00eb Pas shum\u00eb vitesh, Komuna e Ulqinit ka hartuar apo m\u00eb sakt\u00eb ka plot\u00ebsuar dhe ndryshuar nj\u00eb pjes\u00eb t\u00eb\" \/>\n<meta name=\"robots\" content=\"index, follow, max-snippet:-1, max-image-preview:large, max-video-preview:-1\" \/>\n<link rel=\"canonical\" href=\"https:\/\/www.visit-ulcinj.com\/blog\/2009\/02\/24\/plani-i-urbanistik-i-komunes-se-ulqinit-ngjall-debate-te-shumta\/\" \/>\n<meta property=\"og:locale\" content=\"en_US\" \/>\n<meta property=\"og:type\" content=\"article\" \/>\n<meta property=\"og:title\" content=\"Plani i urbanistik i komun\u00ebs s\u00eb Ulqinit ngjall debate t\u00eb shumta - Lajme nga Ulqini\" \/>\n<meta property=\"og:description\" content=\"Plan q\u00eb ofron zhvillim apo pengon zhvillimin afatgjat\u00eb Pas shum\u00eb vitesh, Komuna e Ulqinit ka hartuar apo m\u00eb sakt\u00eb ka plot\u00ebsuar dhe ndryshuar nj\u00eb pjes\u00eb t\u00eb\" \/>\n<meta property=\"og:url\" content=\"https:\/\/www.visit-ulcinj.com\/blog\/2009\/02\/24\/plani-i-urbanistik-i-komunes-se-ulqinit-ngjall-debate-te-shumta\/\" \/>\n<meta property=\"og:site_name\" content=\"Lajme nga Ulqini\" \/>\n<meta property=\"article:published_time\" content=\"2009-02-24T17:59:27+00:00\" \/>\n<meta property=\"og:image\" content=\"http:\/\/www.visit-ulcinj.com\/blog\/wp-content\/uploads\/2009\/02\/plani-hapsinor-i-ulqinit1.jpg\" \/>\n<meta name=\"twitter:label1\" content=\"Written by\" \/>\n\t<meta name=\"twitter:data1\" content=\"ulqini\" \/>\n\t<meta name=\"twitter:label2\" content=\"Est. reading time\" \/>\n\t<meta name=\"twitter:data2\" content=\"7 minutes\" \/>\n<script type=\"application\/ld+json\" class=\"yoast-schema-graph\">{\"@context\":\"https:\/\/schema.org\",\"@graph\":[{\"@type\":\"WebSite\",\"@id\":\"https:\/\/www.visit-ulcinj.com\/blog\/#website\",\"url\":\"https:\/\/www.visit-ulcinj.com\/blog\/\",\"name\":\"Lajme nga Ulqini\",\"description\":\"Lajme,Vijesti,Ulqini,Ulqin,Crna Gora,Mali i Zi\",\"potentialAction\":[{\"@type\":\"SearchAction\",\"target\":{\"@type\":\"EntryPoint\",\"urlTemplate\":\"https:\/\/www.visit-ulcinj.com\/blog\/?s={search_term_string}\"},\"query-input\":\"required name=search_term_string\"}],\"inLanguage\":\"en-US\"},{\"@type\":\"ImageObject\",\"inLanguage\":\"en-US\",\"@id\":\"https:\/\/www.visit-ulcinj.com\/blog\/2009\/02\/24\/plani-i-urbanistik-i-komunes-se-ulqinit-ngjall-debate-te-shumta\/#primaryimage\",\"url\":\"https:\/\/www.visit-ulcinj.com\/blog\/wp-content\/uploads\/2009\/02\/plani-hapsinor-i-ulqinit1.jpg\",\"contentUrl\":\"https:\/\/www.visit-ulcinj.com\/blog\/wp-content\/uploads\/2009\/02\/plani-hapsinor-i-ulqinit1.jpg\",\"width\":\"290\",\"height\":\"190\"},{\"@type\":\"WebPage\",\"@id\":\"https:\/\/www.visit-ulcinj.com\/blog\/2009\/02\/24\/plani-i-urbanistik-i-komunes-se-ulqinit-ngjall-debate-te-shumta\/#webpage\",\"url\":\"https:\/\/www.visit-ulcinj.com\/blog\/2009\/02\/24\/plani-i-urbanistik-i-komunes-se-ulqinit-ngjall-debate-te-shumta\/\",\"name\":\"Plani i urbanistik i komun\u00ebs s\u00eb Ulqinit ngjall debate t\u00eb shumta - Lajme nga Ulqini\",\"isPartOf\":{\"@id\":\"https:\/\/www.visit-ulcinj.com\/blog\/#website\"},\"primaryImageOfPage\":{\"@id\":\"https:\/\/www.visit-ulcinj.com\/blog\/2009\/02\/24\/plani-i-urbanistik-i-komunes-se-ulqinit-ngjall-debate-te-shumta\/#primaryimage\"},\"datePublished\":\"2009-02-24T17:59:27+00:00\",\"dateModified\":\"2009-02-24T17:59:27+00:00\",\"author\":{\"@id\":\"https:\/\/www.visit-ulcinj.com\/blog\/#\/schema\/person\/dcab619c614d3038751c63bc2aadc06d\"},\"description\":\"Plan q\u00eb ofron zhvillim apo pengon zhvillimin afatgjat\u00eb Pas shum\u00eb vitesh, Komuna e Ulqinit ka hartuar apo m\u00eb sakt\u00eb ka plot\u00ebsuar dhe ndryshuar nj\u00eb pjes\u00eb t\u00eb\",\"breadcrumb\":{\"@id\":\"https:\/\/www.visit-ulcinj.com\/blog\/2009\/02\/24\/plani-i-urbanistik-i-komunes-se-ulqinit-ngjall-debate-te-shumta\/#breadcrumb\"},\"inLanguage\":\"en-US\",\"potentialAction\":[{\"@type\":\"ReadAction\",\"target\":[\"https:\/\/www.visit-ulcinj.com\/blog\/2009\/02\/24\/plani-i-urbanistik-i-komunes-se-ulqinit-ngjall-debate-te-shumta\/\"]}]},{\"@type\":\"BreadcrumbList\",\"@id\":\"https:\/\/www.visit-ulcinj.com\/blog\/2009\/02\/24\/plani-i-urbanistik-i-komunes-se-ulqinit-ngjall-debate-te-shumta\/#breadcrumb\",\"itemListElement\":[{\"@type\":\"ListItem\",\"position\":1,\"name\":\"Plani i urbanistik i komun\u00ebs s\u00eb Ulqinit ngjall debate t\u00eb shumta\"}]},{\"@type\":\"Person\",\"@id\":\"https:\/\/www.visit-ulcinj.com\/blog\/#\/schema\/person\/dcab619c614d3038751c63bc2aadc06d\",\"name\":\"ulqini\",\"sameAs\":[\"http:\/\/www.visit-ulcinj.com\"],\"url\":\"https:\/\/www.visit-ulcinj.com\/blog\/author\/admin\/\"}]}<\/script>\n<!-- \/ Yoast SEO plugin. -->","yoast_head_json":{"title":"Plani i urbanistik i komun\u00ebs s\u00eb Ulqinit ngjall debate t\u00eb shumta - Lajme nga Ulqini","description":"Plan q\u00eb ofron zhvillim apo pengon zhvillimin afatgjat\u00eb Pas shum\u00eb vitesh, Komuna e Ulqinit ka hartuar apo m\u00eb sakt\u00eb ka plot\u00ebsuar dhe ndryshuar nj\u00eb pjes\u00eb t\u00eb","robots":{"index":"index","follow":"follow","max-snippet":"max-snippet:-1","max-image-preview":"max-image-preview:large","max-video-preview":"max-video-preview:-1"},"canonical":"https:\/\/www.visit-ulcinj.com\/blog\/2009\/02\/24\/plani-i-urbanistik-i-komunes-se-ulqinit-ngjall-debate-te-shumta\/","og_locale":"en_US","og_type":"article","og_title":"Plani i urbanistik i komun\u00ebs s\u00eb Ulqinit ngjall debate t\u00eb shumta - Lajme nga Ulqini","og_description":"Plan q\u00eb ofron zhvillim apo pengon zhvillimin afatgjat\u00eb Pas shum\u00eb vitesh, Komuna e Ulqinit ka hartuar apo m\u00eb sakt\u00eb ka plot\u00ebsuar dhe ndryshuar nj\u00eb pjes\u00eb t\u00eb","og_url":"https:\/\/www.visit-ulcinj.com\/blog\/2009\/02\/24\/plani-i-urbanistik-i-komunes-se-ulqinit-ngjall-debate-te-shumta\/","og_site_name":"Lajme nga Ulqini","article_published_time":"2009-02-24T17:59:27+00:00","og_image":[{"url":"http:\/\/www.visit-ulcinj.com\/blog\/wp-content\/uploads\/2009\/02\/plani-hapsinor-i-ulqinit1.jpg"}],"twitter_misc":{"Written by":"ulqini","Est. reading time":"7 minutes"},"schema":{"@context":"https:\/\/schema.org","@graph":[{"@type":"WebSite","@id":"https:\/\/www.visit-ulcinj.com\/blog\/#website","url":"https:\/\/www.visit-ulcinj.com\/blog\/","name":"Lajme nga Ulqini","description":"Lajme,Vijesti,Ulqini,Ulqin,Crna Gora,Mali i Zi","potentialAction":[{"@type":"SearchAction","target":{"@type":"EntryPoint","urlTemplate":"https:\/\/www.visit-ulcinj.com\/blog\/?s={search_term_string}"},"query-input":"required name=search_term_string"}],"inLanguage":"en-US"},{"@type":"ImageObject","inLanguage":"en-US","@id":"https:\/\/www.visit-ulcinj.com\/blog\/2009\/02\/24\/plani-i-urbanistik-i-komunes-se-ulqinit-ngjall-debate-te-shumta\/#primaryimage","url":"https:\/\/www.visit-ulcinj.com\/blog\/wp-content\/uploads\/2009\/02\/plani-hapsinor-i-ulqinit1.jpg","contentUrl":"https:\/\/www.visit-ulcinj.com\/blog\/wp-content\/uploads\/2009\/02\/plani-hapsinor-i-ulqinit1.jpg","width":"290","height":"190"},{"@type":"WebPage","@id":"https:\/\/www.visit-ulcinj.com\/blog\/2009\/02\/24\/plani-i-urbanistik-i-komunes-se-ulqinit-ngjall-debate-te-shumta\/#webpage","url":"https:\/\/www.visit-ulcinj.com\/blog\/2009\/02\/24\/plani-i-urbanistik-i-komunes-se-ulqinit-ngjall-debate-te-shumta\/","name":"Plani i urbanistik i komun\u00ebs s\u00eb Ulqinit ngjall debate t\u00eb shumta - Lajme nga Ulqini","isPartOf":{"@id":"https:\/\/www.visit-ulcinj.com\/blog\/#website"},"primaryImageOfPage":{"@id":"https:\/\/www.visit-ulcinj.com\/blog\/2009\/02\/24\/plani-i-urbanistik-i-komunes-se-ulqinit-ngjall-debate-te-shumta\/#primaryimage"},"datePublished":"2009-02-24T17:59:27+00:00","dateModified":"2009-02-24T17:59:27+00:00","author":{"@id":"https:\/\/www.visit-ulcinj.com\/blog\/#\/schema\/person\/dcab619c614d3038751c63bc2aadc06d"},"description":"Plan q\u00eb ofron zhvillim apo pengon zhvillimin afatgjat\u00eb Pas shum\u00eb vitesh, Komuna e Ulqinit ka hartuar apo m\u00eb sakt\u00eb ka plot\u00ebsuar dhe ndryshuar nj\u00eb pjes\u00eb t\u00eb","breadcrumb":{"@id":"https:\/\/www.visit-ulcinj.com\/blog\/2009\/02\/24\/plani-i-urbanistik-i-komunes-se-ulqinit-ngjall-debate-te-shumta\/#breadcrumb"},"inLanguage":"en-US","potentialAction":[{"@type":"ReadAction","target":["https:\/\/www.visit-ulcinj.com\/blog\/2009\/02\/24\/plani-i-urbanistik-i-komunes-se-ulqinit-ngjall-debate-te-shumta\/"]}]},{"@type":"BreadcrumbList","@id":"https:\/\/www.visit-ulcinj.com\/blog\/2009\/02\/24\/plani-i-urbanistik-i-komunes-se-ulqinit-ngjall-debate-te-shumta\/#breadcrumb","itemListElement":[{"@type":"ListItem","position":1,"name":"Plani i urbanistik i komun\u00ebs s\u00eb Ulqinit ngjall debate t\u00eb shumta"}]},{"@type":"Person","@id":"https:\/\/www.visit-ulcinj.com\/blog\/#\/schema\/person\/dcab619c614d3038751c63bc2aadc06d","name":"ulqini","sameAs":["http:\/\/www.visit-ulcinj.com"],"url":"https:\/\/www.visit-ulcinj.com\/blog\/author\/admin\/"}]}},"jetpack_featured_media_url":"","jetpack_sharing_enabled":true,"jetpack_shortlink":"https:\/\/wp.me\/pe6lTn-3b2","_links":{"self":[{"href":"https:\/\/www.visit-ulcinj.com\/blog\/wp-json\/wp\/v2\/posts\/12216"}],"collection":[{"href":"https:\/\/www.visit-ulcinj.com\/blog\/wp-json\/wp\/v2\/posts"}],"about":[{"href":"https:\/\/www.visit-ulcinj.com\/blog\/wp-json\/wp\/v2\/types\/post"}],"author":[{"embeddable":true,"href":"https:\/\/www.visit-ulcinj.com\/blog\/wp-json\/wp\/v2\/users\/1"}],"replies":[{"embeddable":true,"href":"https:\/\/www.visit-ulcinj.com\/blog\/wp-json\/wp\/v2\/comments?post=12216"}],"version-history":[{"count":0,"href":"https:\/\/www.visit-ulcinj.com\/blog\/wp-json\/wp\/v2\/posts\/12216\/revisions"}],"wp:attachment":[{"href":"https:\/\/www.visit-ulcinj.com\/blog\/wp-json\/wp\/v2\/media?parent=12216"}],"wp:term":[{"taxonomy":"category","embeddable":true,"href":"https:\/\/www.visit-ulcinj.com\/blog\/wp-json\/wp\/v2\/categories?post=12216"},{"taxonomy":"post_tag","embeddable":true,"href":"https:\/\/www.visit-ulcinj.com\/blog\/wp-json\/wp\/v2\/tags?post=12216"}],"curies":[{"name":"wp","href":"https:\/\/api.w.org\/{rel}","templated":true}]}}