{"id":12260,"date":"2009-02-25T20:32:21","date_gmt":"2009-02-25T19:32:21","guid":{"rendered":"http:\/\/www.visit-ulcinj.com\/blog\/?p=12260"},"modified":"2009-02-25T20:32:21","modified_gmt":"2009-02-25T19:32:21","slug":"escluzive-foto-lidhja-e-bleones-me-miliarderin-rahr","status":"publish","type":"post","link":"https:\/\/www.visit-ulcinj.com\/blog\/2009\/02\/25\/escluzive-foto-lidhja-e-bleones-me-miliarderin-rahr\/","title":{"rendered":"Escluzive Foto: Lidhja e Bleon\u00ebs me miliarderin Rahr"},"content":{"rendered":"<p><a href=\"http:\/\/www.visit-ulcinj.com\/blog\/wp-content\/uploads\/2009\/02\/stevart-rahr-_bleona-qereti.jpg\"><img loading=\"lazy\" class=\"alignleft size-full wp-image-12261\" title=\"stevart-rahr-_bleona-qereti\" src=\"http:\/\/www.visit-ulcinj.com\/blog\/wp-content\/uploads\/2009\/02\/stevart-rahr-_bleona-qereti.jpg\" alt=\"stevart-rahr-_bleona-qereti\" width=\"570\" height=\"347\" \/><\/a>Deri m\u00eb sot i fejuari i saj \u00ebsht\u00eb cil\u00ebsuar se b\u00ebnte gjith\u00e7ka p\u00ebr t\u00eb madje edhe duke e mbrotur n\u00eb situata t\u00eb ndryshme si nj\u00eb bash k\u00ebshort shum\u00eb i devotsh\u00ebm. Por ja q\u00eb p\u00ebr Bleon\u00ebn nuk \u00ebsht\u00eb vet\u00ebm Ganiu ai q\u00eb kujdeset p\u00ebr \u00e7do gj\u00eb. K\u00ebng\u00ebtarja Bleona Qerreti dit\u00ebve t\u00eb fundit ka gjetur nj\u00eb p\u00ebrkrah\u00ebs t\u00eb ri p\u00ebr karrier\u00ebn e saj muzikore dhe b\u00ebhet fjal\u00eb pik\u00ebrisht p\u00ebr miliarderin e farmaceutik\u00ebs Stewart Rahr.<\/p>\n<p>Sipas thashethemeve q\u00eb kan\u00eb qarkulluar n\u00eb \u201cNew Daily News\u201d dhe m\u00eb gjer\u00eb, Stewart Rahr po provon t\u00eb futet n\u00eb biznesin e muzik\u00ebs, p\u00ebrmes Ballkanit. \u201cAi po shqyrton p\u00ebr k\u00ebt\u00eb k\u00ebng\u00ebtaren Bleona Qerreti, t\u00eb njohur sipas k\u00ebsaj gazete si \u201cMadonna e Shqip\u00ebris\u00eb\u201d, p\u00ebr ta takuar at\u00eb me producent\u00ebt Timbaland dhe David Foster\u201d. Gjithashtu kjo gazet\u00eb shton se Bleona dhe Rahr kan\u00eb pasur nj\u00eb takim edhe me humoristin Jay Leno, drejtues i nj\u00eb talk-sho\u00eb t\u00eb famsh\u00ebm amerikan n\u00eb \u201cNBC\u201d, q\u00eb quhet \u201cThe Tonight Show\u201d.<\/p>\n<p>Thashethemet dhe goj\u00ebt e liga i referohen gjithashtu edhe nj\u00eb flirti t\u00eb mundsh\u00ebm mes kn\u00ebg\u00ebtares dhe miliarderit, por kjo \u00ebsht\u00eb mohuar automatikisht nga k\u00ebng\u00ebtarja duke u shprehur se kjo \u00ebsht\u00eb nj\u00eb marr\u00ebdh\u00ebnie profesionale, ku synohet t\u00eb b\u00ebhet di\u00e7ka e arritur jo m\u00eb par\u00eb nga ndonj\u00eb k\u00ebng\u00ebtare shqiptare.<\/p>\n<p>Bleona n\u00eb p\u00ebrvjetorin e pavar\u00ebsis\u00eb s\u00eb Kosov\u00ebs E teksa k\u00ebng\u00ebtar\u00ebt kosovare gjykohen p\u00ebr munges\u00eb t\u00eb pjes\u00ebmarrjes s\u00eb tyre n\u00eb sken\u00eb, p\u00ebr t\u00eb k\u00ebnduar dhe k\u00ebnaqur publikun n\u00eb nj\u00eb dit\u00eb t\u00eb ve\u00e7ant\u00eb si ajo e p\u00ebrvjetorit t\u00eb Pavar\u00ebsis\u00eb s\u00eb Kosov\u00ebs, shum\u00eb k\u00ebng\u00ebtar\u00eb shqiptar\u00eb, kan\u00eb vendosur t\u00eb udh\u00ebtojn\u00eb drejt shtetit m\u00eb t\u00eb ri, p\u00ebr t\u00eb ndjekur nga af\u00ebr dhe p\u00ebr t\u00eb qen\u00eb t\u00eb pranish\u00ebm n\u00eb aktivitetet q\u00eb do t\u00eb zhvilloheshin n\u00eb prishtin\u00eb. Nj\u00eb nd\u00ebr to \u00ebsht\u00eb edhe Bleona, ku si\u00e7 e shihni n\u00eb k\u00ebto foto, k\u00ebng\u00ebtarja ndodhet n\u00eb aeroportin e Prishtin\u00ebs dhe sapo ka zbritur nga avioni.<\/p>\n<p><strong>Bluetooth<\/strong><\/p>\n<p><strong><\/p>\n<p><\/strong><\/p>\n<p><!--YouTube Error: bad URL entered--><strong><br \/>\n<\/strong><\/p>\n<p><strong><br \/>\n<\/strong><\/p>\n","protected":false},"excerpt":{"rendered":"<p>Deri m\u00eb sot i fejuari i saj \u00ebsht\u00eb cil\u00ebsuar se b\u00ebnte gjith\u00e7ka p\u00ebr t\u00eb madje edhe duke e mbrotur n\u00eb situata t\u00eb ndryshme si nj\u00eb bash k\u00ebshort shum\u00eb i devotsh\u00ebm. Por ja q\u00eb p\u00ebr Bleon\u00ebn nuk \u00ebsht\u00eb vet\u00ebm Ganiu ai q\u00eb kujdeset p\u00ebr \u00e7do gj\u00eb. K\u00ebng\u00ebtarja Bleona Qerreti dit\u00ebve t\u00eb fundit ka gjetur nj\u00eb p\u00ebrkrah\u00ebs [&hellip;]<\/p>\n","protected":false},"author":1,"featured_media":0,"comment_status":"open","ping_status":"closed","sticky":false,"template":"","format":"standard","meta":{"spay_email":"","jetpack_publicize_message":"","jetpack_is_tweetstorm":false,"jetpack_publicize_feature_enabled":true},"categories":[1],"tags":[4947,7182,7181,7179,7174,7180,7177,7175,7176,7178],"jetpack_publicize_connections":[],"yoast_head":"<!-- This site is optimized with the Yoast SEO plugin v19.1 - https:\/\/yoast.com\/wordpress\/plugins\/seo\/ -->\n<title>Escluzive Foto: Lidhja e Bleon\u00ebs me miliarderin Rahr - Lajme nga Ulqini<\/title>\n<meta name=\"description\" content=\"Deri m\u00eb sot i fejuari i saj \u00ebsht\u00eb cil\u00ebsuar se b\u00ebnte gjith\u00e7ka p\u00ebr t\u00eb madje edhe duke e mbrotur n\u00eb situata t\u00eb ndryshme si nj\u00eb bash k\u00ebshort shum\u00eb i\" \/>\n<meta name=\"robots\" content=\"index, follow, max-snippet:-1, max-image-preview:large, max-video-preview:-1\" \/>\n<link rel=\"canonical\" href=\"https:\/\/www.visit-ulcinj.com\/blog\/2009\/02\/25\/escluzive-foto-lidhja-e-bleones-me-miliarderin-rahr\/\" \/>\n<meta property=\"og:locale\" content=\"en_US\" \/>\n<meta property=\"og:type\" content=\"article\" \/>\n<meta property=\"og:title\" content=\"Escluzive Foto: Lidhja e Bleon\u00ebs me miliarderin Rahr - Lajme nga Ulqini\" \/>\n<meta property=\"og:description\" content=\"Deri m\u00eb sot i fejuari i saj \u00ebsht\u00eb cil\u00ebsuar se b\u00ebnte gjith\u00e7ka p\u00ebr t\u00eb madje edhe duke e mbrotur n\u00eb situata t\u00eb ndryshme si nj\u00eb bash k\u00ebshort shum\u00eb i\" \/>\n<meta property=\"og:url\" content=\"https:\/\/www.visit-ulcinj.com\/blog\/2009\/02\/25\/escluzive-foto-lidhja-e-bleones-me-miliarderin-rahr\/\" \/>\n<meta property=\"og:site_name\" content=\"Lajme nga Ulqini\" \/>\n<meta property=\"article:published_time\" content=\"2009-02-25T19:32:21+00:00\" \/>\n<meta property=\"og:image\" content=\"https:\/\/www.visit-ulcinj.com\/blog\/wp-content\/uploads\/2009\/02\/stevart-rahr-_bleona-qereti-150x150.jpg\" \/>\n<meta name=\"twitter:label1\" content=\"Written by\" \/>\n\t<meta name=\"twitter:data1\" content=\"ulqini\" \/>\n\t<meta name=\"twitter:label2\" content=\"Est. reading time\" \/>\n\t<meta name=\"twitter:data2\" content=\"2 minutes\" \/>\n<script type=\"application\/ld+json\" class=\"yoast-schema-graph\">{\"@context\":\"https:\/\/schema.org\",\"@graph\":[{\"@type\":\"WebSite\",\"@id\":\"https:\/\/www.visit-ulcinj.com\/blog\/#website\",\"url\":\"https:\/\/www.visit-ulcinj.com\/blog\/\",\"name\":\"Lajme nga Ulqini\",\"description\":\"Lajme,Vijesti,Ulqini,Ulqin,Crna Gora,Mali i Zi\",\"potentialAction\":[{\"@type\":\"SearchAction\",\"target\":{\"@type\":\"EntryPoint\",\"urlTemplate\":\"https:\/\/www.visit-ulcinj.com\/blog\/?s={search_term_string}\"},\"query-input\":\"required name=search_term_string\"}],\"inLanguage\":\"en-US\"},{\"@type\":\"ImageObject\",\"inLanguage\":\"en-US\",\"@id\":\"https:\/\/www.visit-ulcinj.com\/blog\/2009\/02\/25\/escluzive-foto-lidhja-e-bleones-me-miliarderin-rahr\/#primaryimage\",\"url\":\"http:\/\/www.visit-ulcinj.com\/blog\/wp-content\/uploads\/2009\/02\/stevart-rahr-_bleona-qereti.jpg\",\"contentUrl\":\"http:\/\/www.visit-ulcinj.com\/blog\/wp-content\/uploads\/2009\/02\/stevart-rahr-_bleona-qereti.jpg\"},{\"@type\":\"WebPage\",\"@id\":\"https:\/\/www.visit-ulcinj.com\/blog\/2009\/02\/25\/escluzive-foto-lidhja-e-bleones-me-miliarderin-rahr\/#webpage\",\"url\":\"https:\/\/www.visit-ulcinj.com\/blog\/2009\/02\/25\/escluzive-foto-lidhja-e-bleones-me-miliarderin-rahr\/\",\"name\":\"Escluzive Foto: Lidhja e Bleon\u00ebs me miliarderin Rahr - Lajme nga Ulqini\",\"isPartOf\":{\"@id\":\"https:\/\/www.visit-ulcinj.com\/blog\/#website\"},\"primaryImageOfPage\":{\"@id\":\"https:\/\/www.visit-ulcinj.com\/blog\/2009\/02\/25\/escluzive-foto-lidhja-e-bleones-me-miliarderin-rahr\/#primaryimage\"},\"datePublished\":\"2009-02-25T19:32:21+00:00\",\"dateModified\":\"2009-02-25T19:32:21+00:00\",\"author\":{\"@id\":\"https:\/\/www.visit-ulcinj.com\/blog\/#\/schema\/person\/dcab619c614d3038751c63bc2aadc06d\"},\"description\":\"Deri m\u00eb sot i fejuari i saj \u00ebsht\u00eb cil\u00ebsuar se b\u00ebnte gjith\u00e7ka p\u00ebr t\u00eb madje edhe duke e mbrotur n\u00eb situata t\u00eb ndryshme si nj\u00eb bash k\u00ebshort shum\u00eb i\",\"breadcrumb\":{\"@id\":\"https:\/\/www.visit-ulcinj.com\/blog\/2009\/02\/25\/escluzive-foto-lidhja-e-bleones-me-miliarderin-rahr\/#breadcrumb\"},\"inLanguage\":\"en-US\",\"potentialAction\":[{\"@type\":\"ReadAction\",\"target\":[\"https:\/\/www.visit-ulcinj.com\/blog\/2009\/02\/25\/escluzive-foto-lidhja-e-bleones-me-miliarderin-rahr\/\"]}]},{\"@type\":\"BreadcrumbList\",\"@id\":\"https:\/\/www.visit-ulcinj.com\/blog\/2009\/02\/25\/escluzive-foto-lidhja-e-bleones-me-miliarderin-rahr\/#breadcrumb\",\"itemListElement\":[{\"@type\":\"ListItem\",\"position\":1,\"name\":\"Escluzive Foto: Lidhja e Bleon\u00ebs me miliarderin Rahr\"}]},{\"@type\":\"Person\",\"@id\":\"https:\/\/www.visit-ulcinj.com\/blog\/#\/schema\/person\/dcab619c614d3038751c63bc2aadc06d\",\"name\":\"ulqini\",\"sameAs\":[\"http:\/\/www.visit-ulcinj.com\"],\"url\":\"https:\/\/www.visit-ulcinj.com\/blog\/author\/admin\/\"}]}<\/script>\n<!-- \/ Yoast SEO plugin. -->","yoast_head_json":{"title":"Escluzive Foto: Lidhja e Bleon\u00ebs me miliarderin Rahr - Lajme nga Ulqini","description":"Deri m\u00eb sot i fejuari i saj \u00ebsht\u00eb cil\u00ebsuar se b\u00ebnte gjith\u00e7ka p\u00ebr t\u00eb madje edhe duke e mbrotur n\u00eb situata t\u00eb ndryshme si nj\u00eb bash k\u00ebshort shum\u00eb i","robots":{"index":"index","follow":"follow","max-snippet":"max-snippet:-1","max-image-preview":"max-image-preview:large","max-video-preview":"max-video-preview:-1"},"canonical":"https:\/\/www.visit-ulcinj.com\/blog\/2009\/02\/25\/escluzive-foto-lidhja-e-bleones-me-miliarderin-rahr\/","og_locale":"en_US","og_type":"article","og_title":"Escluzive Foto: Lidhja e Bleon\u00ebs me miliarderin Rahr - Lajme nga Ulqini","og_description":"Deri m\u00eb sot i fejuari i saj \u00ebsht\u00eb cil\u00ebsuar se b\u00ebnte gjith\u00e7ka p\u00ebr t\u00eb madje edhe duke e mbrotur n\u00eb situata t\u00eb ndryshme si nj\u00eb bash k\u00ebshort shum\u00eb i","og_url":"https:\/\/www.visit-ulcinj.com\/blog\/2009\/02\/25\/escluzive-foto-lidhja-e-bleones-me-miliarderin-rahr\/","og_site_name":"Lajme nga Ulqini","article_published_time":"2009-02-25T19:32:21+00:00","og_image":[{"url":"https:\/\/www.visit-ulcinj.com\/blog\/wp-content\/uploads\/2009\/02\/stevart-rahr-_bleona-qereti-150x150.jpg"}],"twitter_misc":{"Written by":"ulqini","Est. reading time":"2 minutes"},"schema":{"@context":"https:\/\/schema.org","@graph":[{"@type":"WebSite","@id":"https:\/\/www.visit-ulcinj.com\/blog\/#website","url":"https:\/\/www.visit-ulcinj.com\/blog\/","name":"Lajme nga Ulqini","description":"Lajme,Vijesti,Ulqini,Ulqin,Crna Gora,Mali i Zi","potentialAction":[{"@type":"SearchAction","target":{"@type":"EntryPoint","urlTemplate":"https:\/\/www.visit-ulcinj.com\/blog\/?s={search_term_string}"},"query-input":"required name=search_term_string"}],"inLanguage":"en-US"},{"@type":"ImageObject","inLanguage":"en-US","@id":"https:\/\/www.visit-ulcinj.com\/blog\/2009\/02\/25\/escluzive-foto-lidhja-e-bleones-me-miliarderin-rahr\/#primaryimage","url":"http:\/\/www.visit-ulcinj.com\/blog\/wp-content\/uploads\/2009\/02\/stevart-rahr-_bleona-qereti.jpg","contentUrl":"http:\/\/www.visit-ulcinj.com\/blog\/wp-content\/uploads\/2009\/02\/stevart-rahr-_bleona-qereti.jpg"},{"@type":"WebPage","@id":"https:\/\/www.visit-ulcinj.com\/blog\/2009\/02\/25\/escluzive-foto-lidhja-e-bleones-me-miliarderin-rahr\/#webpage","url":"https:\/\/www.visit-ulcinj.com\/blog\/2009\/02\/25\/escluzive-foto-lidhja-e-bleones-me-miliarderin-rahr\/","name":"Escluzive Foto: Lidhja e Bleon\u00ebs me miliarderin Rahr - Lajme nga Ulqini","isPartOf":{"@id":"https:\/\/www.visit-ulcinj.com\/blog\/#website"},"primaryImageOfPage":{"@id":"https:\/\/www.visit-ulcinj.com\/blog\/2009\/02\/25\/escluzive-foto-lidhja-e-bleones-me-miliarderin-rahr\/#primaryimage"},"datePublished":"2009-02-25T19:32:21+00:00","dateModified":"2009-02-25T19:32:21+00:00","author":{"@id":"https:\/\/www.visit-ulcinj.com\/blog\/#\/schema\/person\/dcab619c614d3038751c63bc2aadc06d"},"description":"Deri m\u00eb sot i fejuari i saj \u00ebsht\u00eb cil\u00ebsuar se b\u00ebnte gjith\u00e7ka p\u00ebr t\u00eb madje edhe duke e mbrotur n\u00eb situata t\u00eb ndryshme si nj\u00eb bash k\u00ebshort shum\u00eb i","breadcrumb":{"@id":"https:\/\/www.visit-ulcinj.com\/blog\/2009\/02\/25\/escluzive-foto-lidhja-e-bleones-me-miliarderin-rahr\/#breadcrumb"},"inLanguage":"en-US","potentialAction":[{"@type":"ReadAction","target":["https:\/\/www.visit-ulcinj.com\/blog\/2009\/02\/25\/escluzive-foto-lidhja-e-bleones-me-miliarderin-rahr\/"]}]},{"@type":"BreadcrumbList","@id":"https:\/\/www.visit-ulcinj.com\/blog\/2009\/02\/25\/escluzive-foto-lidhja-e-bleones-me-miliarderin-rahr\/#breadcrumb","itemListElement":[{"@type":"ListItem","position":1,"name":"Escluzive Foto: Lidhja e Bleon\u00ebs me miliarderin Rahr"}]},{"@type":"Person","@id":"https:\/\/www.visit-ulcinj.com\/blog\/#\/schema\/person\/dcab619c614d3038751c63bc2aadc06d","name":"ulqini","sameAs":["http:\/\/www.visit-ulcinj.com"],"url":"https:\/\/www.visit-ulcinj.com\/blog\/author\/admin\/"}]}},"jetpack_featured_media_url":"","jetpack_sharing_enabled":true,"jetpack_shortlink":"https:\/\/wp.me\/pe6lTn-3bK","_links":{"self":[{"href":"https:\/\/www.visit-ulcinj.com\/blog\/wp-json\/wp\/v2\/posts\/12260"}],"collection":[{"href":"https:\/\/www.visit-ulcinj.com\/blog\/wp-json\/wp\/v2\/posts"}],"about":[{"href":"https:\/\/www.visit-ulcinj.com\/blog\/wp-json\/wp\/v2\/types\/post"}],"author":[{"embeddable":true,"href":"https:\/\/www.visit-ulcinj.com\/blog\/wp-json\/wp\/v2\/users\/1"}],"replies":[{"embeddable":true,"href":"https:\/\/www.visit-ulcinj.com\/blog\/wp-json\/wp\/v2\/comments?post=12260"}],"version-history":[{"count":0,"href":"https:\/\/www.visit-ulcinj.com\/blog\/wp-json\/wp\/v2\/posts\/12260\/revisions"}],"wp:attachment":[{"href":"https:\/\/www.visit-ulcinj.com\/blog\/wp-json\/wp\/v2\/media?parent=12260"}],"wp:term":[{"taxonomy":"category","embeddable":true,"href":"https:\/\/www.visit-ulcinj.com\/blog\/wp-json\/wp\/v2\/categories?post=12260"},{"taxonomy":"post_tag","embeddable":true,"href":"https:\/\/www.visit-ulcinj.com\/blog\/wp-json\/wp\/v2\/tags?post=12260"}],"curies":[{"name":"wp","href":"https:\/\/api.w.org\/{rel}","templated":true}]}}