{"id":12274,"date":"2009-02-25T20:48:07","date_gmt":"2009-02-25T19:48:07","guid":{"rendered":"http:\/\/www.visit-ulcinj.com\/blog\/?p=12274"},"modified":"2009-02-28T22:38:51","modified_gmt":"2009-02-28T21:38:51","slug":"kumtese-miratimi-i-vendimit-per-kompensimin-e-rregullimit-te-tokes-ndertimore","status":"publish","type":"post","link":"https:\/\/www.visit-ulcinj.com\/blog\/2009\/02\/25\/kumtese-miratimi-i-vendimit-per-kompensimin-e-rregullimit-te-tokes-ndertimore\/","title":{"rendered":"Kumtes: Miratimi i Vendimit p\u00ebr kompensimin e rregullimit t\u00eb tok\u00ebs nd\u00ebrtimore"},"content":{"rendered":"<p class=\"MsoNormal\" style=\"line-height: normal;\"><span style=\"font-size: 10pt; font-family: &quot;Arial&quot;,&quot;sans-serif&quot;;\"><a href=\"http:\/\/www.visit-ulcinj.com\/blog\/wp-content\/uploads\/2009\/02\/forca-e-re-demokratike-_logo.jpg\"><img loading=\"lazy\" class=\"alignleft size-full wp-image-12275\" title=\"forca-e-re-demokratike-_logo\" src=\"http:\/\/www.visit-ulcinj.com\/blog\/wp-content\/uploads\/2009\/02\/forca-e-re-demokratike-_logo.jpg\" alt=\"forca-e-re-demokratike-_logo\" width=\"570\" height=\"400\" \/><\/a>Me rastin e miratimit t\u00eb Vendimitp\u00ebr kompensimin e rregullimit t\u00eb tok\u00ebs nd\u00ebrtimore Forca e Re Demokratike del mek\u00ebt\u00eb deklarat\u00eb:<\/span><\/p>\n<p class=\"MsoNormal\" style=\"line-height: normal;\"><span style=\"font-size: 10pt; font-family: &quot;Arial&quot;,&quot;sans-serif&quot;;\"> Vendimi p\u00ebr rregullimin e tok\u00ebs nd\u00ebrtimore te Komun\u00ebs se Ulqinit ose edhe memire e th\u00ebne vendimi p\u00ebr komunaljet te cil\u00ebn Koalicioni p\u00ebr Ulqinin Evropian eka miratuar ne seanc\u00ebs e jasht\u00ebzakonshme t\u00eb Komun\u00ebs s\u00eb Ulqinit m\u00eb dat\u00ebn 13.02.2009 s\u00eb shpejti do te hyje ne fuqi.<\/span><\/p>\n<p class=\"MsoNormal\" style=\"line-height: normal;\"><span style=\"font-size: 10pt; font-family: &quot;Arial&quot;,&quot;sans-serif&quot;;\">Koalicioni P\u00ebr Ulqinin evropian kamiratuar vendimin i cili sipas m\u00ebnyr\u00ebs s\u00eb miratimit dhe n\u00eb baz\u00eb t\u00eb neneve t\u00ebjasht\u00ebligjshme q\u00eb p\u00ebrmban, nuk ka asgj\u00eb q\u00eb bazohet n\u00eb deklarimet principeve evropiane:<\/span><\/p>\n<ul type=\"square\">\n<li class=\"MsoNormal\" style=\"line-height: normal;\"><span style=\"font-size: 10pt; font-family: &quot;Arial&quot;,&quot;sans-serif&quot;;\">para s\u00eb gjithash vendiminnuk      e p\u00ebrcjell, i detyruesh\u00ebm sipas ligjit, Programi p\u00ebr rregullimin e      tok\u00ebsnd\u00ebrtimore,gjegj\u00ebsisht \u00a0programi mbi pajisjet komunale.<\/span><\/li>\n<li class=\"MsoNormal\" style=\"line-height: normal;\"><span style=\"font-size: 10pt; font-family: &quot;Arial&quot;,&quot;sans-serif&quot;;\">Vendimi nuk i ky\u00e7      dispozitate domosdoshme nga Ligji p\u00ebr rregullimin hap\u00ebsinor dhe nd\u00ebrtimin      e objekteve, epo ashtu as terminologjin\u00eb e cila flet p\u00ebr rregullimin e      hap\u00ebsir\u00ebs komunale,<\/span><\/li>\n<li class=\"MsoNormal\" style=\"line-height: normal;\"><span style=\"font-size: 10pt; font-family: &quot;Arial&quot;,&quot;sans-serif&quot;;\">Vendimi nuk i ky\u00e7      principetdhe q\u00ebllimet themelore t\u00eb Ligjit p\u00ebr rregullimin hap\u00ebsinor dhe      nd\u00ebrtimit t\u00ebobjekteve, q\u00ebllimi kryesore i t\u00eb cilit \u00ebsht\u00eb rregullimi      hap\u00ebsinore,thjesht\u00ebsimi dhe p\u00ebrshpejtimi i proceseve t\u00eb marrjes s\u00eb lejes      s\u00eb nd\u00ebrtimit,shkarkimi nga obligimet fiskale p\u00ebr investitor\u00ebt n\u00eb periudh\u00ebn      e nd\u00ebrtimit t\u00ebobjektit, por bie vendimet t\u00eb cilat jan\u00eb n\u00eb kund\u00ebrshtim me      k\u00ebto principe dheq\u00ebllime.<\/span><\/li>\n<li class=\"MsoNormal\" style=\"line-height: normal;\"><span style=\"font-size: 10pt; font-family: &quot;Arial&quot;,&quot;sans-serif&quot;;\">Shqyrtimi publik      \u00ebsht\u00ebmbajtur nga data 25 shkurt deri m\u00eb dat\u00ebn 25 mars t\u00eb vitit 2008, \u00e7ka      do t\u00eb thot\u00ebpara hyrjes n\u00eb fuqi t\u00eb Ligjit t\u00eb ri, e q\u00eb nuk ka pasur t\u00eb      sh\u00ebnuara tribuna t\u00ebhapura, gj\u00eb e cila \u00ebsht\u00eb e domosdoshme p\u00ebr nj\u00eb vendim      t\u00eb till\u00eb, e Vendimi n\u00ebpreambul\u00eb thirret pik\u00ebrisht n\u00eb dispozitat\u00a0 e      Ligjit nga gushti i vitit2008.<\/span><\/li>\n<li class=\"MsoNormal\" style=\"line-height: normal;\"><span style=\"font-size: 10pt; font-family: &quot;Arial&quot;,&quot;sans-serif&quot;;\">Vendimi nuk ka p\u00ebr      q\u00ebllimrregullimin komunal por vendosjen e v\u00ebshtir\u00ebsive shtes\u00eb p\u00ebr      qytetar\u00ebt dheekonomin\u00eb, me q\u00ebllim t\u00eb shtimit t\u00eb mjeteve buxhetore e t\u00eb      cilat mesiguri do t\u00ebshpenzohen atje ku nuk jan\u00eb parapar\u00eb, gjegj\u00ebsisht p\u00ebr      q\u00ebllime operative.<\/span><\/li>\n<\/ul>\n<p class=\"MsoNormal\" style=\"line-height: normal;\"><span style=\"font-size: 10pt; font-family: &quot;Arial&quot;,&quot;sans-serif&quot;;\">Kushtet p\u00ebr q\u00ebllimin e shpenzimit t\u00ebk\u00ebtyre mjeteve nuk ekzistojn\u00eb sepse nuk jan\u00eb sjell\u00eb planet detaje urbanistike eas Programet p\u00ebr rregullimin komunal t\u00eb cilat edhe jan\u00eb baz\u00eb p\u00ebr shpenzimin ek\u00ebtyre mjeteve.<\/span><\/p>\n<p class=\"MsoNormal\" style=\"line-height: normal;\"><span style=\"font-size: 10pt; font-family: &quot;Arial&quot;,&quot;sans-serif&quot;;\">Komuna e Ulqinit nuk e ka Programine rregullimit te tok\u00ebs nd\u00ebrtimore, gj\u00eb q\u00eb cila k\u00ebt\u00eb vendim e b\u00ebn\u00eb t\u00eb paligjsh\u00ebm.<\/span><\/p>\n<p class=\"MsoNormal\" style=\"line-height: normal;\"><span style=\"font-size: 10pt; font-family: &quot;Arial&quot;,&quot;sans-serif&quot;;\"> Ligji i ri n\u00eb m\u00ebnyr\u00ebprecize e definon n\u00eb nenin 65 se \u00e7ka n\u00ebnkuptohet me rregullim komunal, dhe n\u00ebbaz\u00eb t\u00eb k\u00ebsaj \u00ebsht\u00eb i paqart\u00eb neni 6 i Vendimit se rregullimin komunal mund tab\u00ebj\u00eb investuesi, n\u00eb pajtim me dokumentin rregullues, dhe n\u00eb baz\u00eb t\u00eb k\u00ebsaj marr\u00ebveshjetb\u00ebhen n\u00eb mes t\u00eb investuesit dhe qeverisjes lokale.<\/span><\/p>\n<p class=\"MsoNormal\" style=\"line-height: normal;\"><span style=\"font-size: 10pt; font-family: &quot;Arial&quot;,&quot;sans-serif&quot;;\"> Duke shkuar nga fakti seshumica e investuesve(qytetaret dhe nd\u00ebrmarrjet) p\u00ebrmbi 90% te infrastruktur\u00ebs,si ato primare poashtu edhe ato sekondare i kane nd\u00ebrtuar nga mjetet e tyre, kaqen\u00eb e domosdoshme q\u00eb k\u00ebsaj pyetje ti kushtohet nj\u00eb kujdes i ve\u00e7ante, dhe tebihet nj\u00eb vendim se si k\u00ebto shpenzime te hiqen nga kompensimet, gjegj\u00ebsisht ngakomunaljet.<\/span><\/p>\n<p class=\"MsoNormal\" style=\"line-height: normal;\"><span style=\"font-size: 10pt; font-family: &quot;Arial&quot;,&quot;sans-serif&quot;;\"> Duke \u00a0l\u00ebn\u00eb q\u00eb p\u00ebr k\u00ebt\u00ebprocedur\u00eb, rreth kompensimit \u00a0t\u00eb mjeteve t\u00eb investuara(p\u00ebr uj\u00eb, rrym\u00eb,kanalizim,rrug\u00eb, etj.), q\u00eb t\u00eb vendosin n\u00ebpun\u00ebsit dhe kryetari i Komun\u00ebs, hapinmund\u00ebsi t\u00eb reja p\u00ebr keqp\u00ebrdorim dhe korrupsion ndaj qytetar\u00ebve.<\/span><\/p>\n<p class=\"MsoNormal\" style=\"line-height: normal;\"><span style=\"font-size: 10pt; font-family: &quot;Arial&quot;,&quot;sans-serif&quot;;\">Ligji i ri parasheh shum\u00eb leht\u00ebsime,posa\u00e7\u00ebrisht kur \u00ebsht\u00eb fjala p\u00ebr pagesat e kompensimeve. Po ashtu, p\u00ebr marrjen elejes s\u00eb nd\u00ebrtimit, m\u00eb nuk \u00ebsht\u00eb kusht parapagesa e komunaleve, kurse meVendimin e Komun\u00ebs s\u00eb Ulqinit parashihet edhe avans i kompensimit, madje edhep\u00ebr disa vendbanime p\u00ebr t\u00eb cilat akoma nuk \u00ebsht\u00eb sjell\u00eb Programi i rregullimit,gj\u00eb e cila \u00ebsht\u00eb krejt\u00ebsisht n\u00eb kund\u00ebrshtim me ligjin. <\/span><\/p>\n<p class=\"MsoNormal\" style=\"line-height: normal;\"><span style=\"font-size: 10pt; font-family: &quot;Arial&quot;,&quot;sans-serif&quot;;\">Rritja e kompensimeve p\u00ebr pajisjekomunale, n\u00eb vend q\u00eb t\u00eb inkurajoj\u00eb zhvillimin e biznesit t\u00eb mes\u00ebm dhe t\u00eb madh,me k\u00ebt\u00eb vendim do t\u00eb ndikoj\u00eb n\u00eb thellimin e trendit t\u00eb recesionit i cili edhek\u00ebshtu ve\u00e7 \u00ebsht\u00eb prezent, si dhe n\u00eb stagnimin dhe r\u00ebnien e aktiviteteveekonomike \u00a0n\u00eb territorin e Komun\u00ebs s\u00eb Ulqinit.<\/span><\/p>\n<p class=\"MsoNormal\" style=\"line-height: normal;\"><span style=\"font-size: 10pt; font-family: &quot;Arial&quot;,&quot;sans-serif&quot;;\">Forca e Re Demokratike do t\u00eb inicioj\u00ebkushtetutshm\u00ebrin\u00eb dhe ligjshm\u00ebrin\u00eb e k\u00ebtij vendimi dhe nj\u00ebkoh\u00ebsisht do t\u00ebk\u00ebrkoj\u00eb nga Ministrja p\u00ebr zhvillim ekonomik dhe Ministria p\u00ebr turiz\u00ebm q\u00eb t\u00ebky\u00e7en n\u00eb k\u00ebt\u00eb \u00e7\u00ebshtje, t\u00eb ndihmojn\u00eb dhe t\u00eb ndalojn\u00eb realizimin e k\u00ebtij Vendimii cili do t\u00eb shkat\u00ebrroj\u00eb dhe do t\u00eb ndaloj\u00eb investuesit\u00a0 q\u00eb eventualisht n\u00ebt\u00eb \u00a0ardhmen \u00a0t\u00eb destinohen p\u00ebr \u00a0investim\u00a0 n\u00eb Ulqin.<\/span><\/p>\n<p class=\"MsoNormal\" style=\"line-height: normal;\"><strong><span style=\"font-size: 10pt; font-family: &quot;Arial&quot;,&quot;sans-serif&quot;;\" lang=\"EN-US\">Kryetar i klubit t\u00eb k\u00ebshilltar\u00ebve t\u00eb Forc\u00ebs<\/span><\/strong><\/p>\n<p><strong>Genci Nimanbegu<\/strong><\/p>\n<p><strong><em><\/em><\/strong><\/p>\n<p><strong><em>Sh\u00ebrbimi Informativ i Forc\u00ebs<\/em><\/strong><\/p>\n<p><!--[if gte mso 9]><xml> <w:WordDocument> <w:View>Normal<\/w:View> <w:Zoom>0<\/w:Zoom> <w:TrackMoves \/> <w:TrackFormatting \/> <w:HyphenationZone>21<\/w:HyphenationZone> <w:PunctuationKerning \/> <w:ValidateAgainstSchemas \/> <w:SaveIfXMLInvalid>false<\/w:SaveIfXMLInvalid> <w:IgnoreMixedContent>false<\/w:IgnoreMixedContent> <w:AlwaysShowPlaceholderText>false<\/w:AlwaysShowPlaceholderText> <w:DoNotPromoteQF \/> <w:LidThemeOther>FR-CH<\/w:LidThemeOther> <w:LidThemeAsian>X-NONE<\/w:LidThemeAsian> <w:LidThemeComplexScript>X-NONE<\/w:LidThemeComplexScript> <w:Compatibility> <w:BreakWrappedTables \/> <w:SnapToGridInCell \/> <w:WrapTextWithPunct \/> <w:UseAsianBreakRules \/> <w:DontGrowAutofit \/> <w:SplitPgBreakAndParaMark \/> <w:DontVertAlignCellWithSp \/> <w:DontBreakConstrainedForcedTables \/> <w:DontVertAlignInTxbx \/> <w:Word11KerningPairs \/> <w:CachedColBalance \/> <\/w:Compatibility> <w:BrowserLevel>MicrosoftInternetExplorer4<\/w:BrowserLevel> <m:mathPr> <m:mathFont m:val=\"Cambria Math\" \/> <m:brkBin m:val=\"before\" \/> <m:brkBinSub m:val=\" \" \/> <m:smallFrac m:val=\"off\" \/> <m:dispDef \/> <m:lMargin m:val=\"0\" \/> <m:rMargin m:val=\"0\" \/> <m:defJc m:val=\"centerGroup\" \/> <m:wrapIndent m:val=\"1440\" \/> <m:intLim m:val=\"subSup\" \/> <m:naryLim m:val=\"undOvr\" \/> <\/m:mathPr><\/w:WordDocument> <\/xml><![endif]--><!--[if gte mso 9]><xml> <w:LatentStyles DefLockedState=\"false\" DefUnhideWhenUsed=\"true\"   DefSemiHidden=\"true\" DefQFormat=\"false\" DefPriority=\"99\"   LatentStyleCount=\"267\"> <w:LsdException Locked=\"false\" Priority=\"0\" SemiHidden=\"false\"    UnhideWhenUsed=\"false\" QFormat=\"true\" Name=\"Normal\" \/> <w:LsdException Locked=\"false\" Priority=\"9\" SemiHidden=\"false\"    UnhideWhenUsed=\"false\" QFormat=\"true\" Name=\"heading 1\" \/> <w:LsdException Locked=\"false\" Priority=\"9\" QFormat=\"true\" Name=\"heading 2\" \/> <w:LsdException Locked=\"false\" Priority=\"9\" QFormat=\"true\" Name=\"heading 3\" \/> <w:LsdException Locked=\"false\" Priority=\"9\" QFormat=\"true\" Name=\"heading 4\" \/> <w:LsdException Locked=\"false\" Priority=\"9\" QFormat=\"true\" Name=\"heading 5\" \/> <w:LsdException Locked=\"false\" Priority=\"9\" QFormat=\"true\" Name=\"heading 6\" \/> <w:LsdException Locked=\"false\" Priority=\"9\" QFormat=\"true\" Name=\"heading 7\" \/> <w:LsdException Locked=\"false\" Priority=\"9\" QFormat=\"true\" Name=\"heading 8\" \/> <w:LsdException Locked=\"false\" Priority=\"9\" QFormat=\"true\" Name=\"heading 9\" \/> <w:LsdException Locked=\"false\" Priority=\"39\" Name=\"toc 1\" \/> <w:LsdException Locked=\"false\" Priority=\"39\" Name=\"toc 2\" \/> <w:LsdException Locked=\"false\" Priority=\"39\" Name=\"toc 3\" \/> <w:LsdException Locked=\"false\" Priority=\"39\" Name=\"toc 4\" \/> <w:LsdException Locked=\"false\" Priority=\"39\" Name=\"toc 5\" \/> <w:LsdException Locked=\"false\" Priority=\"39\" Name=\"toc 6\" \/> <w:LsdException Locked=\"false\" Priority=\"39\" Name=\"toc 7\" \/> <w:LsdException Locked=\"false\" Priority=\"39\" Name=\"toc 8\" \/> <w:LsdException Locked=\"false\" Priority=\"39\" Name=\"toc 9\" \/> <w:LsdException Locked=\"false\" Priority=\"35\" QFormat=\"true\" Name=\"caption\" \/> <w:LsdException Locked=\"false\" Priority=\"10\" SemiHidden=\"false\"    UnhideWhenUsed=\"false\" QFormat=\"true\" Name=\"Title\" \/> <w:LsdException Locked=\"false\" Priority=\"1\" Name=\"Default Paragraph Font\" \/> <w:LsdException Locked=\"false\" Priority=\"11\" SemiHidden=\"false\"    UnhideWhenUsed=\"false\" QFormat=\"true\" Name=\"Subtitle\" \/> <w:LsdException Locked=\"false\" Priority=\"22\" SemiHidden=\"false\"    UnhideWhenUsed=\"false\" QFormat=\"true\" Name=\"Strong\" \/> <w:LsdException Locked=\"false\" Priority=\"20\" SemiHidden=\"false\"    UnhideWhenUsed=\"false\" QFormat=\"true\" Name=\"Emphasis\" \/> <w:LsdException Locked=\"false\" Priority=\"59\" SemiHidden=\"false\"    UnhideWhenUsed=\"false\" Name=\"Table Grid\" \/> <w:LsdException Locked=\"false\" UnhideWhenUsed=\"false\" Name=\"Placeholder Text\" \/> <w:LsdException Locked=\"false\" Priority=\"1\" SemiHidden=\"false\"    UnhideWhenUsed=\"false\" QFormat=\"true\" Name=\"No Spacing\" \/> <w:LsdException Locked=\"false\" Priority=\"60\" SemiHidden=\"false\"    UnhideWhenUsed=\"false\" Name=\"Light Shading\" \/> <w:LsdException Locked=\"false\" Priority=\"61\" SemiHidden=\"false\"    UnhideWhenUsed=\"false\" Name=\"Light List\" \/> <w:LsdException Locked=\"false\" Priority=\"62\" SemiHidden=\"false\"    UnhideWhenUsed=\"false\" Name=\"Light Grid\" \/> <w:LsdException Locked=\"false\" Priority=\"63\" SemiHidden=\"false\"    UnhideWhenUsed=\"false\" Name=\"Medium Shading 1\" \/> <w:LsdException Locked=\"false\" Priority=\"64\" SemiHidden=\"false\"    UnhideWhenUsed=\"false\" Name=\"Medium Shading 2\" \/> <w:LsdException Locked=\"false\" Priority=\"65\" SemiHidden=\"false\"    UnhideWhenUsed=\"false\" Name=\"Medium List 1\" \/> <w:LsdException Locked=\"false\" Priority=\"66\" SemiHidden=\"false\"    UnhideWhenUsed=\"false\" Name=\"Medium List 2\" \/> <w:LsdException Locked=\"false\" Priority=\"67\" SemiHidden=\"false\"    UnhideWhenUsed=\"false\" Name=\"Medium Grid 1\" \/> <w:LsdException Locked=\"false\" Priority=\"68\" SemiHidden=\"false\"    UnhideWhenUsed=\"false\" Name=\"Medium Grid 2\" \/> <w:LsdException Locked=\"false\" Priority=\"69\" SemiHidden=\"false\"    UnhideWhenUsed=\"false\" Name=\"Medium Grid 3\" \/> <w:LsdException Locked=\"false\" Priority=\"70\" SemiHidden=\"false\"    UnhideWhenUsed=\"false\" Name=\"Dark List\" \/> <w:LsdException Locked=\"false\" Priority=\"71\" SemiHidden=\"false\"    UnhideWhenUsed=\"false\" Name=\"Colorful Shading\" \/> <w:LsdException Locked=\"false\" Priority=\"72\" SemiHidden=\"false\"    UnhideWhenUsed=\"false\" Name=\"Colorful List\" \/> <w:LsdException Locked=\"false\" Priority=\"73\" SemiHidden=\"false\"    UnhideWhenUsed=\"false\" Name=\"Colorful Grid\" \/> <w:LsdException Locked=\"false\" Priority=\"60\" SemiHidden=\"false\"    UnhideWhenUsed=\"false\" Name=\"Light Shading Accent 1\" \/> <w:LsdException Locked=\"false\" Priority=\"61\" SemiHidden=\"false\"    UnhideWhenUsed=\"false\" Name=\"Light List Accent 1\" \/> <w:LsdException Locked=\"false\" Priority=\"62\" SemiHidden=\"false\"    UnhideWhenUsed=\"false\" Name=\"Light Grid Accent 1\" \/> <w:LsdException Locked=\"false\" Priority=\"63\" SemiHidden=\"false\"    UnhideWhenUsed=\"false\" Name=\"Medium Shading 1 Accent 1\" \/> <w:LsdException Locked=\"false\" Priority=\"64\" SemiHidden=\"false\"    UnhideWhenUsed=\"false\" Name=\"Medium Shading 2 Accent 1\" \/> <w:LsdException Locked=\"false\" Priority=\"65\" SemiHidden=\"false\"    UnhideWhenUsed=\"false\" Name=\"Medium List 1 Accent 1\" \/> <w:LsdException Locked=\"false\" UnhideWhenUsed=\"false\" Name=\"Revision\" \/> <w:LsdException Locked=\"false\" Priority=\"34\" SemiHidden=\"false\"    UnhideWhenUsed=\"false\" QFormat=\"true\" Name=\"List Paragraph\" \/> <w:LsdException Locked=\"false\" Priority=\"29\" SemiHidden=\"false\"    UnhideWhenUsed=\"false\" QFormat=\"true\" Name=\"Quote\" \/> <w:LsdException Locked=\"false\" Priority=\"30\" SemiHidden=\"false\"    UnhideWhenUsed=\"false\" QFormat=\"true\" Name=\"Intense Quote\" \/> <w:LsdException Locked=\"false\" Priority=\"66\" SemiHidden=\"false\"    UnhideWhenUsed=\"false\" Name=\"Medium List 2 Accent 1\" \/> <w:LsdException Locked=\"false\" Priority=\"67\" SemiHidden=\"false\"    UnhideWhenUsed=\"false\" Name=\"Medium Grid 1 Accent 1\" \/> <w:LsdException Locked=\"false\" Priority=\"68\" SemiHidden=\"false\"    UnhideWhenUsed=\"false\" Name=\"Medium Grid 2 Accent 1\" \/> <w:LsdException Locked=\"false\" Priority=\"69\" SemiHidden=\"false\"    UnhideWhenUsed=\"false\" Name=\"Medium Grid 3 Accent 1\" \/> <w:LsdException Locked=\"false\" Priority=\"70\" SemiHidden=\"false\"    UnhideWhenUsed=\"false\" Name=\"Dark List Accent 1\" \/> <w:LsdException Locked=\"false\" Priority=\"71\" SemiHidden=\"false\"    UnhideWhenUsed=\"false\" Name=\"Colorful Shading Accent 1\" \/> <w:LsdException Locked=\"false\" Priority=\"72\" SemiHidden=\"false\"    UnhideWhenUsed=\"false\" Name=\"Colorful List Accent 1\" \/> <w:LsdException Locked=\"false\" Priority=\"73\" SemiHidden=\"false\"    UnhideWhenUsed=\"false\" Name=\"Colorful Grid Accent 1\" \/> <w:LsdException Locked=\"false\" Priority=\"60\" SemiHidden=\"false\"    UnhideWhenUsed=\"false\" Name=\"Light Shading Accent 2\" \/> <w:LsdException Locked=\"false\" Priority=\"61\" SemiHidden=\"false\"    UnhideWhenUsed=\"false\" Name=\"Light List Accent 2\" \/> <w:LsdException Locked=\"false\" Priority=\"62\" SemiHidden=\"false\"    UnhideWhenUsed=\"false\" Name=\"Light Grid Accent 2\" \/> <w:LsdException Locked=\"false\" Priority=\"63\" SemiHidden=\"false\"    UnhideWhenUsed=\"false\" Name=\"Medium Shading 1 Accent 2\" \/> <w:LsdException Locked=\"false\" Priority=\"64\" SemiHidden=\"false\"    UnhideWhenUsed=\"false\" Name=\"Medium Shading 2 Accent 2\" \/> <w:LsdException Locked=\"false\" Priority=\"65\" SemiHidden=\"false\"    UnhideWhenUsed=\"false\" Name=\"Medium List 1 Accent 2\" \/> <w:LsdException Locked=\"false\" Priority=\"66\" SemiHidden=\"false\"    UnhideWhenUsed=\"false\" Name=\"Medium List 2 Accent 2\" \/> <w:LsdException Locked=\"false\" Priority=\"67\" SemiHidden=\"false\"    UnhideWhenUsed=\"false\" Name=\"Medium Grid 1 Accent 2\" \/> <w:LsdException Locked=\"false\" Priority=\"68\" SemiHidden=\"false\"    UnhideWhenUsed=\"false\" Name=\"Medium Grid 2 Accent 2\" \/> <w:LsdException Locked=\"false\" Priority=\"69\" SemiHidden=\"false\"    UnhideWhenUsed=\"false\" Name=\"Medium Grid 3 Accent 2\" \/> <w:LsdException Locked=\"false\" Priority=\"70\" SemiHidden=\"false\"    UnhideWhenUsed=\"false\" Name=\"Dark List Accent 2\" \/> <w:LsdException Locked=\"false\" Priority=\"71\" SemiHidden=\"false\"    UnhideWhenUsed=\"false\" Name=\"Colorful Shading Accent 2\" \/> <w:LsdException Locked=\"false\" Priority=\"72\" SemiHidden=\"false\"    UnhideWhenUsed=\"false\" Name=\"Colorful List Accent 2\" \/> <w:LsdException Locked=\"false\" Priority=\"73\" SemiHidden=\"false\"    UnhideWhenUsed=\"false\" Name=\"Colorful Grid Accent 2\" \/> <w:LsdException Locked=\"false\" Priority=\"60\" SemiHidden=\"false\"    UnhideWhenUsed=\"false\" Name=\"Light Shading Accent 3\" \/> <w:LsdException Locked=\"false\" Priority=\"61\" SemiHidden=\"false\"    UnhideWhenUsed=\"false\" Name=\"Light List Accent 3\" \/> <w:LsdException Locked=\"false\" Priority=\"62\" SemiHidden=\"false\"    UnhideWhenUsed=\"false\" Name=\"Light Grid Accent 3\" \/> <w:LsdException Locked=\"false\" Priority=\"63\" SemiHidden=\"false\"    UnhideWhenUsed=\"false\" Name=\"Medium Shading 1 Accent 3\" \/> <w:LsdException Locked=\"false\" Priority=\"64\" SemiHidden=\"false\"    UnhideWhenUsed=\"false\" Name=\"Medium Shading 2 Accent 3\" \/> <w:LsdException Locked=\"false\" Priority=\"65\" SemiHidden=\"false\"    UnhideWhenUsed=\"false\" Name=\"Medium List 1 Accent 3\" \/> <w:LsdException Locked=\"false\" Priority=\"66\" SemiHidden=\"false\"    UnhideWhenUsed=\"false\" Name=\"Medium List 2 Accent 3\" \/> <w:LsdException Locked=\"false\" Priority=\"67\" SemiHidden=\"false\"    UnhideWhenUsed=\"false\" Name=\"Medium Grid 1 Accent 3\" \/> <w:LsdException Locked=\"false\" Priority=\"68\" SemiHidden=\"false\"    UnhideWhenUsed=\"false\" Name=\"Medium Grid 2 Accent 3\" \/> <w:LsdException Locked=\"false\" Priority=\"69\" SemiHidden=\"false\"    UnhideWhenUsed=\"false\" Name=\"Medium Grid 3 Accent 3\" \/> <w:LsdException Locked=\"false\" Priority=\"70\" SemiHidden=\"false\"    UnhideWhenUsed=\"false\" Name=\"Dark List Accent 3\" \/> <w:LsdException Locked=\"false\" Priority=\"71\" SemiHidden=\"false\"    UnhideWhenUsed=\"false\" Name=\"Colorful Shading Accent 3\" \/> <w:LsdException Locked=\"false\" Priority=\"72\" SemiHidden=\"false\"    UnhideWhenUsed=\"false\" Name=\"Colorful List Accent 3\" \/> <w:LsdException Locked=\"false\" Priority=\"73\" SemiHidden=\"false\"    UnhideWhenUsed=\"false\" Name=\"Colorful Grid Accent 3\" \/> <w:LsdException Locked=\"false\" Priority=\"60\" SemiHidden=\"false\"    UnhideWhenUsed=\"false\" Name=\"Light Shading Accent 4\" \/> <w:LsdException Locked=\"false\" Priority=\"61\" SemiHidden=\"false\"    UnhideWhenUsed=\"false\" Name=\"Light List Accent 4\" \/> <w:LsdException Locked=\"false\" Priority=\"62\" SemiHidden=\"false\"    UnhideWhenUsed=\"false\" Name=\"Light Grid Accent 4\" \/> <w:LsdException Locked=\"false\" Priority=\"63\" SemiHidden=\"false\"    UnhideWhenUsed=\"false\" Name=\"Medium Shading 1 Accent 4\" \/> <w:LsdException Locked=\"false\" Priority=\"64\" SemiHidden=\"false\"    UnhideWhenUsed=\"false\" Name=\"Medium Shading 2 Accent 4\" \/> <w:LsdException Locked=\"false\" Priority=\"65\" SemiHidden=\"false\"    UnhideWhenUsed=\"false\" Name=\"Medium List 1 Accent 4\" \/> <w:LsdException Locked=\"false\" Priority=\"66\" SemiHidden=\"false\"    UnhideWhenUsed=\"false\" Name=\"Medium List 2 Accent 4\" \/> <w:LsdException Locked=\"false\" Priority=\"67\" SemiHidden=\"false\"    UnhideWhenUsed=\"false\" Name=\"Medium Grid 1 Accent 4\" \/> <w:LsdException Locked=\"false\" Priority=\"68\" SemiHidden=\"false\"    UnhideWhenUsed=\"false\" Name=\"Medium Grid 2 Accent 4\" \/> <w:LsdException Locked=\"false\" Priority=\"69\" SemiHidden=\"false\"    UnhideWhenUsed=\"false\" Name=\"Medium Grid 3 Accent 4\" \/> <w:LsdException Locked=\"false\" Priority=\"70\" SemiHidden=\"false\"    UnhideWhenUsed=\"false\" Name=\"Dark List Accent 4\" \/> <w:LsdException Locked=\"false\" Priority=\"71\" SemiHidden=\"false\"    UnhideWhenUsed=\"false\" Name=\"Colorful Shading Accent 4\" \/> <w:LsdException Locked=\"false\" Priority=\"72\" SemiHidden=\"false\"    UnhideWhenUsed=\"false\" Name=\"Colorful List Accent 4\" \/> <w:LsdException Locked=\"false\" Priority=\"73\" SemiHidden=\"false\"    UnhideWhenUsed=\"false\" Name=\"Colorful Grid Accent 4\" \/> <w:LsdException Locked=\"false\" Priority=\"60\" SemiHidden=\"false\"    UnhideWhenUsed=\"false\" Name=\"Light Shading Accent 5\" \/> <w:LsdException Locked=\"false\" Priority=\"61\" SemiHidden=\"false\"    UnhideWhenUsed=\"false\" Name=\"Light List Accent 5\" \/> <w:LsdException Locked=\"false\" Priority=\"62\" SemiHidden=\"false\"    UnhideWhenUsed=\"false\" Name=\"Light Grid Accent 5\" \/> <w:LsdException Locked=\"false\" Priority=\"63\" SemiHidden=\"false\"    UnhideWhenUsed=\"false\" Name=\"Medium Shading 1 Accent 5\" \/> <w:LsdException Locked=\"false\" Priority=\"64\" SemiHidden=\"false\"    UnhideWhenUsed=\"false\" Name=\"Medium Shading 2 Accent 5\" \/> <w:LsdException Locked=\"false\" Priority=\"65\" SemiHidden=\"false\"    UnhideWhenUsed=\"false\" Name=\"Medium List 1 Accent 5\" \/> <w:LsdException Locked=\"false\" Priority=\"66\" SemiHidden=\"false\"    UnhideWhenUsed=\"false\" Name=\"Medium List 2 Accent 5\" \/> <w:LsdException Locked=\"false\" Priority=\"67\" SemiHidden=\"false\"    UnhideWhenUsed=\"false\" Name=\"Medium Grid 1 Accent 5\" \/> <w:LsdException Locked=\"false\" Priority=\"68\" SemiHidden=\"false\"    UnhideWhenUsed=\"false\" Name=\"Medium Grid 2 Accent 5\" \/> <w:LsdException Locked=\"false\" Priority=\"69\" SemiHidden=\"false\"    UnhideWhenUsed=\"false\" Name=\"Medium Grid 3 Accent 5\" \/> <w:LsdException Locked=\"false\" Priority=\"70\" SemiHidden=\"false\"    UnhideWhenUsed=\"false\" Name=\"Dark List Accent 5\" \/> <w:LsdException Locked=\"false\" Priority=\"71\" SemiHidden=\"false\"    UnhideWhenUsed=\"false\" Name=\"Colorful Shading Accent 5\" \/> <w:LsdException Locked=\"false\" Priority=\"72\" SemiHidden=\"false\"    UnhideWhenUsed=\"false\" Name=\"Colorful List Accent 5\" \/> <w:LsdException Locked=\"false\" Priority=\"73\" SemiHidden=\"false\"    UnhideWhenUsed=\"false\" Name=\"Colorful Grid Accent 5\" \/> <w:LsdException Locked=\"false\" Priority=\"60\" SemiHidden=\"false\"    UnhideWhenUsed=\"false\" Name=\"Light Shading Accent 6\" \/> <w:LsdException Locked=\"false\" Priority=\"61\" SemiHidden=\"false\"    UnhideWhenUsed=\"false\" Name=\"Light List Accent 6\" \/> <w:LsdException Locked=\"false\" Priority=\"62\" SemiHidden=\"false\"    UnhideWhenUsed=\"false\" Name=\"Light Grid Accent 6\" \/> <w:LsdException Locked=\"false\" Priority=\"63\" SemiHidden=\"false\"    UnhideWhenUsed=\"false\" Name=\"Medium Shading 1 Accent 6\" \/> <w:LsdException Locked=\"false\" Priority=\"64\" SemiHidden=\"false\"    UnhideWhenUsed=\"false\" Name=\"Medium Shading 2 Accent 6\" \/> <w:LsdException Locked=\"false\" Priority=\"65\" SemiHidden=\"false\"    UnhideWhenUsed=\"false\" Name=\"Medium List 1 Accent 6\" \/> <w:LsdException Locked=\"false\" Priority=\"66\" SemiHidden=\"false\"    UnhideWhenUsed=\"false\" Name=\"Medium List 2 Accent 6\" \/> <w:LsdException Locked=\"false\" Priority=\"67\" SemiHidden=\"false\"    UnhideWhenUsed=\"false\" Name=\"Medium Grid 1 Accent 6\" \/> <w:LsdException Locked=\"false\" Priority=\"68\" SemiHidden=\"false\"    UnhideWhenUsed=\"false\" Name=\"Medium Grid 2 Accent 6\" \/> <w:LsdException Locked=\"false\" Priority=\"69\" SemiHidden=\"false\"    UnhideWhenUsed=\"false\" Name=\"Medium Grid 3 Accent 6\" \/> <w:LsdException Locked=\"false\" Priority=\"70\" SemiHidden=\"false\"    UnhideWhenUsed=\"false\" Name=\"Dark List Accent 6\" \/> <w:LsdException Locked=\"false\" Priority=\"71\" SemiHidden=\"false\"    UnhideWhenUsed=\"false\" Name=\"Colorful Shading Accent 6\" \/> <w:LsdException Locked=\"false\" Priority=\"72\" SemiHidden=\"false\"    UnhideWhenUsed=\"false\" Name=\"Colorful List Accent 6\" \/> <w:LsdException Locked=\"false\" Priority=\"73\" SemiHidden=\"false\"    UnhideWhenUsed=\"false\" Name=\"Colorful Grid Accent 6\" \/> <w:LsdException Locked=\"false\" Priority=\"19\" SemiHidden=\"false\"    UnhideWhenUsed=\"false\" QFormat=\"true\" Name=\"Subtle Emphasis\" \/> <w:LsdException Locked=\"false\" Priority=\"21\" SemiHidden=\"false\"    UnhideWhenUsed=\"false\" QFormat=\"true\" Name=\"Intense Emphasis\" \/> <w:LsdException Locked=\"false\" Priority=\"31\" SemiHidden=\"false\"    UnhideWhenUsed=\"false\" QFormat=\"true\" Name=\"Subtle Reference\" \/> <w:LsdException Locked=\"false\" Priority=\"32\" SemiHidden=\"false\"    UnhideWhenUsed=\"false\" QFormat=\"true\" Name=\"Intense Reference\" \/> <w:LsdException Locked=\"false\" Priority=\"33\" SemiHidden=\"false\"    UnhideWhenUsed=\"false\" QFormat=\"true\" Name=\"Book Title\" \/> <w:LsdException Locked=\"false\" Priority=\"37\" Name=\"Bibliography\" \/> <w:LsdException Locked=\"false\" Priority=\"39\" QFormat=\"true\" Name=\"TOC Heading\" \/> <\/w:LatentStyles> <\/xml><![endif]--> <!--[if gte mso 10]>\n\n<mce:style><!\n\n\/* Style Definitions *\/\n\ntable.MsoNormalTable\n\n{mso-style-name:\"Tableau Normal\";\n\nmso-tstyle-rowband-size:0;\n\nmso-tstyle-colband-size:0;\n\nmso-style-noshow:yes;\n\nmso-style-priority:99;\n\nmso-style-qformat:yes;\n\nmso-style-parent:\"\";\n\nmso-padding-alt:0cm 5.4pt 0cm 5.4pt;\n\nmso-para-margin-top:0cm;\n\nmso-para-margin-right:0cm;\n\nmso-para-margin-bottom:10.0pt;\n\nmso-para-margin-left:0cm;\n\nline-height:115%;\n\nmso-pagination:widow-orphan;\n\nfont-size:11.0pt;\n\nfont-family:\"Calibri\",\"sans-serif\";\n\nmso-ascii-font-family:Calibri;\n\nmso-ascii-theme-font:minor-latin;\n\nmso-hansi-font-family:Calibri;\n\nmso-hansi-theme-font:minor-latin;\n\nmso-fareast-language:EN-US;}\n\n--><\/p>\n<p><!--[endif]--><\/p>\n<p class=\"MsoNormal\" style=\"line-height: normal;\">\n","protected":false},"excerpt":{"rendered":"<p>Me rastin e miratimit t\u00eb Vendimitp\u00ebr kompensimin e rregullimit t\u00eb tok\u00ebs nd\u00ebrtimore Forca e Re Demokratike del mek\u00ebt\u00eb deklarat\u00eb: Vendimi p\u00ebr rregullimin e tok\u00ebs nd\u00ebrtimore te Komun\u00ebs se Ulqinit ose edhe memire e th\u00ebne vendimi p\u00ebr komunaljet te cil\u00ebn Koalicioni p\u00ebr Ulqinin Evropian eka miratuar ne seanc\u00ebs e jasht\u00ebzakonshme t\u00eb Komun\u00ebs s\u00eb Ulqinit m\u00eb dat\u00ebn [&hellip;]<\/p>\n","protected":false},"author":1,"featured_media":0,"comment_status":"open","ping_status":"closed","sticky":false,"template":"","format":"standard","meta":{"spay_email":"","jetpack_publicize_message":"","jetpack_is_tweetstorm":false,"jetpack_publicize_feature_enabled":true},"categories":[1],"tags":[874,7184,7185,7186,7183],"jetpack_publicize_connections":[],"yoast_head":"<!-- This site is optimized with the Yoast SEO plugin v19.1 - https:\/\/yoast.com\/wordpress\/plugins\/seo\/ -->\n<title>Kumtes: Miratimi i Vendimit p\u00ebr kompensimin e rregullimit t\u00eb tok\u00ebs nd\u00ebrtimore - Lajme nga Ulqini<\/title>\n<meta name=\"description\" content=\"Me rastin e miratimit t\u00eb Vendimitp\u00ebr kompensimin e rregullimit t\u00eb tok\u00ebs nd\u00ebrtimore Forca e Re Demokratike del mek\u00ebt\u00eb deklarat\u00eb: Vendimi p\u00ebr rregullimin e\" \/>\n<meta name=\"robots\" content=\"index, follow, max-snippet:-1, max-image-preview:large, max-video-preview:-1\" \/>\n<link rel=\"canonical\" href=\"https:\/\/www.visit-ulcinj.com\/blog\/2009\/02\/25\/kumtese-miratimi-i-vendimit-per-kompensimin-e-rregullimit-te-tokes-ndertimore\/\" \/>\n<meta property=\"og:locale\" content=\"en_US\" \/>\n<meta property=\"og:type\" content=\"article\" \/>\n<meta property=\"og:title\" content=\"Kumtes: Miratimi i Vendimit p\u00ebr kompensimin e rregullimit t\u00eb tok\u00ebs nd\u00ebrtimore - Lajme nga Ulqini\" \/>\n<meta property=\"og:description\" content=\"Me rastin e miratimit t\u00eb Vendimitp\u00ebr kompensimin e rregullimit t\u00eb tok\u00ebs nd\u00ebrtimore Forca e Re Demokratike del mek\u00ebt\u00eb deklarat\u00eb: Vendimi p\u00ebr rregullimin e\" \/>\n<meta property=\"og:url\" content=\"https:\/\/www.visit-ulcinj.com\/blog\/2009\/02\/25\/kumtese-miratimi-i-vendimit-per-kompensimin-e-rregullimit-te-tokes-ndertimore\/\" \/>\n<meta property=\"og:site_name\" content=\"Lajme nga Ulqini\" \/>\n<meta property=\"article:published_time\" content=\"2009-02-25T19:48:07+00:00\" \/>\n<meta property=\"article:modified_time\" content=\"2009-02-28T21:38:51+00:00\" \/>\n<meta property=\"og:image\" content=\"http:\/\/www.visit-ulcinj.com\/blog\/wp-content\/uploads\/2009\/02\/forca-e-re-demokratike-_logo.jpg\" \/>\n<meta name=\"twitter:label1\" content=\"Written by\" \/>\n\t<meta name=\"twitter:data1\" content=\"ulqini\" \/>\n\t<meta name=\"twitter:label2\" content=\"Est. reading time\" \/>\n\t<meta name=\"twitter:data2\" content=\"4 minutes\" \/>\n<script type=\"application\/ld+json\" class=\"yoast-schema-graph\">{\"@context\":\"https:\/\/schema.org\",\"@graph\":[{\"@type\":\"WebSite\",\"@id\":\"https:\/\/www.visit-ulcinj.com\/blog\/#website\",\"url\":\"https:\/\/www.visit-ulcinj.com\/blog\/\",\"name\":\"Lajme nga Ulqini\",\"description\":\"Lajme,Vijesti,Ulqini,Ulqin,Crna Gora,Mali i Zi\",\"potentialAction\":[{\"@type\":\"SearchAction\",\"target\":{\"@type\":\"EntryPoint\",\"urlTemplate\":\"https:\/\/www.visit-ulcinj.com\/blog\/?s={search_term_string}\"},\"query-input\":\"required name=search_term_string\"}],\"inLanguage\":\"en-US\"},{\"@type\":\"ImageObject\",\"inLanguage\":\"en-US\",\"@id\":\"https:\/\/www.visit-ulcinj.com\/blog\/2009\/02\/25\/kumtese-miratimi-i-vendimit-per-kompensimin-e-rregullimit-te-tokes-ndertimore\/#primaryimage\",\"url\":\"https:\/\/www.visit-ulcinj.com\/blog\/wp-content\/uploads\/2009\/02\/forca-e-re-demokratike-_logo.jpg\",\"contentUrl\":\"https:\/\/www.visit-ulcinj.com\/blog\/wp-content\/uploads\/2009\/02\/forca-e-re-demokratike-_logo.jpg\",\"width\":\"500\",\"height\":\"481\"},{\"@type\":\"WebPage\",\"@id\":\"https:\/\/www.visit-ulcinj.com\/blog\/2009\/02\/25\/kumtese-miratimi-i-vendimit-per-kompensimin-e-rregullimit-te-tokes-ndertimore\/#webpage\",\"url\":\"https:\/\/www.visit-ulcinj.com\/blog\/2009\/02\/25\/kumtese-miratimi-i-vendimit-per-kompensimin-e-rregullimit-te-tokes-ndertimore\/\",\"name\":\"Kumtes: Miratimi i Vendimit p\u00ebr kompensimin e rregullimit t\u00eb tok\u00ebs nd\u00ebrtimore - Lajme nga Ulqini\",\"isPartOf\":{\"@id\":\"https:\/\/www.visit-ulcinj.com\/blog\/#website\"},\"primaryImageOfPage\":{\"@id\":\"https:\/\/www.visit-ulcinj.com\/blog\/2009\/02\/25\/kumtese-miratimi-i-vendimit-per-kompensimin-e-rregullimit-te-tokes-ndertimore\/#primaryimage\"},\"datePublished\":\"2009-02-25T19:48:07+00:00\",\"dateModified\":\"2009-02-28T21:38:51+00:00\",\"author\":{\"@id\":\"https:\/\/www.visit-ulcinj.com\/blog\/#\/schema\/person\/dcab619c614d3038751c63bc2aadc06d\"},\"description\":\"Me rastin e miratimit t\u00eb Vendimitp\u00ebr kompensimin e rregullimit t\u00eb tok\u00ebs nd\u00ebrtimore Forca e Re Demokratike del mek\u00ebt\u00eb deklarat\u00eb: Vendimi p\u00ebr rregullimin e\",\"breadcrumb\":{\"@id\":\"https:\/\/www.visit-ulcinj.com\/blog\/2009\/02\/25\/kumtese-miratimi-i-vendimit-per-kompensimin-e-rregullimit-te-tokes-ndertimore\/#breadcrumb\"},\"inLanguage\":\"en-US\",\"potentialAction\":[{\"@type\":\"ReadAction\",\"target\":[\"https:\/\/www.visit-ulcinj.com\/blog\/2009\/02\/25\/kumtese-miratimi-i-vendimit-per-kompensimin-e-rregullimit-te-tokes-ndertimore\/\"]}]},{\"@type\":\"BreadcrumbList\",\"@id\":\"https:\/\/www.visit-ulcinj.com\/blog\/2009\/02\/25\/kumtese-miratimi-i-vendimit-per-kompensimin-e-rregullimit-te-tokes-ndertimore\/#breadcrumb\",\"itemListElement\":[{\"@type\":\"ListItem\",\"position\":1,\"name\":\"Kumtes: Miratimi i Vendimit p\u00ebr kompensimin e rregullimit t\u00eb tok\u00ebs nd\u00ebrtimore\"}]},{\"@type\":\"Person\",\"@id\":\"https:\/\/www.visit-ulcinj.com\/blog\/#\/schema\/person\/dcab619c614d3038751c63bc2aadc06d\",\"name\":\"ulqini\",\"sameAs\":[\"http:\/\/www.visit-ulcinj.com\"],\"url\":\"https:\/\/www.visit-ulcinj.com\/blog\/author\/admin\/\"}]}<\/script>\n<!-- \/ Yoast SEO plugin. -->","yoast_head_json":{"title":"Kumtes: Miratimi i Vendimit p\u00ebr kompensimin e rregullimit t\u00eb tok\u00ebs nd\u00ebrtimore - Lajme nga Ulqini","description":"Me rastin e miratimit t\u00eb Vendimitp\u00ebr kompensimin e rregullimit t\u00eb tok\u00ebs nd\u00ebrtimore Forca e Re Demokratike del mek\u00ebt\u00eb deklarat\u00eb: Vendimi p\u00ebr rregullimin e","robots":{"index":"index","follow":"follow","max-snippet":"max-snippet:-1","max-image-preview":"max-image-preview:large","max-video-preview":"max-video-preview:-1"},"canonical":"https:\/\/www.visit-ulcinj.com\/blog\/2009\/02\/25\/kumtese-miratimi-i-vendimit-per-kompensimin-e-rregullimit-te-tokes-ndertimore\/","og_locale":"en_US","og_type":"article","og_title":"Kumtes: Miratimi i Vendimit p\u00ebr kompensimin e rregullimit t\u00eb tok\u00ebs nd\u00ebrtimore - Lajme nga Ulqini","og_description":"Me rastin e miratimit t\u00eb Vendimitp\u00ebr kompensimin e rregullimit t\u00eb tok\u00ebs nd\u00ebrtimore Forca e Re Demokratike del mek\u00ebt\u00eb deklarat\u00eb: Vendimi p\u00ebr rregullimin e","og_url":"https:\/\/www.visit-ulcinj.com\/blog\/2009\/02\/25\/kumtese-miratimi-i-vendimit-per-kompensimin-e-rregullimit-te-tokes-ndertimore\/","og_site_name":"Lajme nga Ulqini","article_published_time":"2009-02-25T19:48:07+00:00","article_modified_time":"2009-02-28T21:38:51+00:00","og_image":[{"url":"http:\/\/www.visit-ulcinj.com\/blog\/wp-content\/uploads\/2009\/02\/forca-e-re-demokratike-_logo.jpg"}],"twitter_misc":{"Written by":"ulqini","Est. reading time":"4 minutes"},"schema":{"@context":"https:\/\/schema.org","@graph":[{"@type":"WebSite","@id":"https:\/\/www.visit-ulcinj.com\/blog\/#website","url":"https:\/\/www.visit-ulcinj.com\/blog\/","name":"Lajme nga Ulqini","description":"Lajme,Vijesti,Ulqini,Ulqin,Crna Gora,Mali i Zi","potentialAction":[{"@type":"SearchAction","target":{"@type":"EntryPoint","urlTemplate":"https:\/\/www.visit-ulcinj.com\/blog\/?s={search_term_string}"},"query-input":"required name=search_term_string"}],"inLanguage":"en-US"},{"@type":"ImageObject","inLanguage":"en-US","@id":"https:\/\/www.visit-ulcinj.com\/blog\/2009\/02\/25\/kumtese-miratimi-i-vendimit-per-kompensimin-e-rregullimit-te-tokes-ndertimore\/#primaryimage","url":"https:\/\/www.visit-ulcinj.com\/blog\/wp-content\/uploads\/2009\/02\/forca-e-re-demokratike-_logo.jpg","contentUrl":"https:\/\/www.visit-ulcinj.com\/blog\/wp-content\/uploads\/2009\/02\/forca-e-re-demokratike-_logo.jpg","width":"500","height":"481"},{"@type":"WebPage","@id":"https:\/\/www.visit-ulcinj.com\/blog\/2009\/02\/25\/kumtese-miratimi-i-vendimit-per-kompensimin-e-rregullimit-te-tokes-ndertimore\/#webpage","url":"https:\/\/www.visit-ulcinj.com\/blog\/2009\/02\/25\/kumtese-miratimi-i-vendimit-per-kompensimin-e-rregullimit-te-tokes-ndertimore\/","name":"Kumtes: Miratimi i Vendimit p\u00ebr kompensimin e rregullimit t\u00eb tok\u00ebs nd\u00ebrtimore - Lajme nga Ulqini","isPartOf":{"@id":"https:\/\/www.visit-ulcinj.com\/blog\/#website"},"primaryImageOfPage":{"@id":"https:\/\/www.visit-ulcinj.com\/blog\/2009\/02\/25\/kumtese-miratimi-i-vendimit-per-kompensimin-e-rregullimit-te-tokes-ndertimore\/#primaryimage"},"datePublished":"2009-02-25T19:48:07+00:00","dateModified":"2009-02-28T21:38:51+00:00","author":{"@id":"https:\/\/www.visit-ulcinj.com\/blog\/#\/schema\/person\/dcab619c614d3038751c63bc2aadc06d"},"description":"Me rastin e miratimit t\u00eb Vendimitp\u00ebr kompensimin e rregullimit t\u00eb tok\u00ebs nd\u00ebrtimore Forca e Re Demokratike del mek\u00ebt\u00eb deklarat\u00eb: Vendimi p\u00ebr rregullimin e","breadcrumb":{"@id":"https:\/\/www.visit-ulcinj.com\/blog\/2009\/02\/25\/kumtese-miratimi-i-vendimit-per-kompensimin-e-rregullimit-te-tokes-ndertimore\/#breadcrumb"},"inLanguage":"en-US","potentialAction":[{"@type":"ReadAction","target":["https:\/\/www.visit-ulcinj.com\/blog\/2009\/02\/25\/kumtese-miratimi-i-vendimit-per-kompensimin-e-rregullimit-te-tokes-ndertimore\/"]}]},{"@type":"BreadcrumbList","@id":"https:\/\/www.visit-ulcinj.com\/blog\/2009\/02\/25\/kumtese-miratimi-i-vendimit-per-kompensimin-e-rregullimit-te-tokes-ndertimore\/#breadcrumb","itemListElement":[{"@type":"ListItem","position":1,"name":"Kumtes: Miratimi i Vendimit p\u00ebr kompensimin e rregullimit t\u00eb tok\u00ebs nd\u00ebrtimore"}]},{"@type":"Person","@id":"https:\/\/www.visit-ulcinj.com\/blog\/#\/schema\/person\/dcab619c614d3038751c63bc2aadc06d","name":"ulqini","sameAs":["http:\/\/www.visit-ulcinj.com"],"url":"https:\/\/www.visit-ulcinj.com\/blog\/author\/admin\/"}]}},"jetpack_featured_media_url":"","jetpack_sharing_enabled":true,"jetpack_shortlink":"https:\/\/wp.me\/pe6lTn-3bY","_links":{"self":[{"href":"https:\/\/www.visit-ulcinj.com\/blog\/wp-json\/wp\/v2\/posts\/12274"}],"collection":[{"href":"https:\/\/www.visit-ulcinj.com\/blog\/wp-json\/wp\/v2\/posts"}],"about":[{"href":"https:\/\/www.visit-ulcinj.com\/blog\/wp-json\/wp\/v2\/types\/post"}],"author":[{"embeddable":true,"href":"https:\/\/www.visit-ulcinj.com\/blog\/wp-json\/wp\/v2\/users\/1"}],"replies":[{"embeddable":true,"href":"https:\/\/www.visit-ulcinj.com\/blog\/wp-json\/wp\/v2\/comments?post=12274"}],"version-history":[{"count":0,"href":"https:\/\/www.visit-ulcinj.com\/blog\/wp-json\/wp\/v2\/posts\/12274\/revisions"}],"wp:attachment":[{"href":"https:\/\/www.visit-ulcinj.com\/blog\/wp-json\/wp\/v2\/media?parent=12274"}],"wp:term":[{"taxonomy":"category","embeddable":true,"href":"https:\/\/www.visit-ulcinj.com\/blog\/wp-json\/wp\/v2\/categories?post=12274"},{"taxonomy":"post_tag","embeddable":true,"href":"https:\/\/www.visit-ulcinj.com\/blog\/wp-json\/wp\/v2\/tags?post=12274"}],"curies":[{"name":"wp","href":"https:\/\/api.w.org\/{rel}","templated":true}]}}