{"id":12291,"date":"2009-02-26T13:12:22","date_gmt":"2009-02-26T12:12:22","guid":{"rendered":"http:\/\/www.visit-ulcinj.com\/blog\/?p=12291"},"modified":"2009-02-26T13:12:22","modified_gmt":"2009-02-26T12:12:22","slug":"beme-gabim-me-erjolen","status":"publish","type":"post","link":"https:\/\/www.visit-ulcinj.com\/blog\/2009\/02\/26\/beme-gabim-me-erjolen\/","title":{"rendered":"B\u00ebm\u00eb gabim me Erjol\u00ebn"},"content":{"rendered":"<p><em><span class=\"newsdate\"><span style=\"font-style: normal;\"><a href=\"http:\/\/www.visit-ulcinj.com\/blog\/wp-content\/uploads\/2009\/02\/adelajdemoza.jpg\"><img loading=\"lazy\" class=\"alignleft size-full wp-image-12290\" title=\"adelajda-mimoza-big-brother-albania\" src=\"http:\/\/www.visit-ulcinj.com\/blog\/wp-content\/uploads\/2009\/02\/adelajdemoza.jpg\" alt=\"adelajda-mimoza-big-brother-albania\" width=\"300\" height=\"205\" \/><\/a><\/span>23\/02\/09 05:00<\/span><\/em><\/p>\n<p>Duke kujtuar momentin e daljes s\u00eb Erjol\u00ebs nga sht\u00ebpia e Big Brother, nat\u00ebn e tret\u00eb t\u00eb spektaklit, Adelajda \u00ebsht\u00eb shprehur se t\u00eb gjith\u00eb ishin sjell\u00eb shum\u00eb keq. \u201cErjola s\u2019kishte dal\u00eb akoma, ne p\u00ebrqafonim Zhuljet\u00ebn!\u201d- ka th\u00ebn\u00eb ajo. Adelajda i ka treguar Mimoz\u00ebs se rast\u00ebsisht kishte kthyer kok\u00ebn dhe kishte par\u00eb q\u00eb Erjola ishte kthyer prapsht p\u00ebr t\u00eb marr\u00eb xhupin n\u00eb kuzhin\u00eb, nd\u00ebrkoh\u00eb q\u00eb t\u00eb gjith\u00eb t\u00eb tjer\u00ebt i kishin kthyer kurrizin dhe kishin rrethuar Zhuljet\u00ebn p\u00ebr ta uruar. Sipas saj, duhet t\u00eb kishin pritur daljen e Erjol\u00ebs, pasi ta kishin p\u00ebrcjell\u00eb si\u00e7 duhet, e pastaj ta uronin Zhuljet\u00ebn.<\/p>\n","protected":false},"excerpt":{"rendered":"<p>23\/02\/09 05:00 Duke kujtuar momentin e daljes s\u00eb Erjol\u00ebs nga sht\u00ebpia e Big Brother, nat\u00ebn e tret\u00eb t\u00eb spektaklit, Adelajda \u00ebsht\u00eb shprehur se t\u00eb gjith\u00eb ishin sjell\u00eb shum\u00eb keq. \u201cErjola s\u2019kishte dal\u00eb akoma, ne p\u00ebrqafonim Zhuljet\u00ebn!\u201d- ka th\u00ebn\u00eb ajo. Adelajda i ka treguar Mimoz\u00ebs se rast\u00ebsisht kishte kthyer kok\u00ebn dhe kishte par\u00eb q\u00eb Erjola ishte [&hellip;]<\/p>\n","protected":false},"author":1,"featured_media":0,"comment_status":"open","ping_status":"closed","sticky":false,"template":"","format":"standard","meta":{"spay_email":"","jetpack_publicize_message":"","jetpack_is_tweetstorm":false,"jetpack_publicize_feature_enabled":true},"categories":[6502],"tags":[6562,5057,6506,6712,7129,6563,6568,6544,6891,6693,6887],"jetpack_publicize_connections":[],"yoast_head":"<!-- This site is optimized with the Yoast SEO plugin v19.1 - https:\/\/yoast.com\/wordpress\/plugins\/seo\/ -->\n<title>B\u00c3\u00abm\u00c3\u00ab gabim me Erjol\u00c3\u00abn - Big Brother Albania<\/title>\n<meta name=\"description\" content=\"Big Brother Albania Duke kujtuar momentin e daljes s\u00c3\u00ab Erjol\u00c3\u00abs nga sht\u00c3\u00abpia e Big Brother, nat\u00c3\u00abn e tret\u00c3\u00ab t\u00c3\u00ab spektaklit.\" \/>\n<meta name=\"robots\" content=\"index, follow, max-snippet:-1, max-image-preview:large, max-video-preview:-1\" \/>\n<link rel=\"canonical\" href=\"https:\/\/www.visit-ulcinj.com\/blog\/2009\/02\/26\/beme-gabim-me-erjolen\/\" \/>\n<meta property=\"og:locale\" content=\"en_US\" \/>\n<meta property=\"og:type\" content=\"article\" \/>\n<meta property=\"og:title\" content=\"B\u00c3\u00abm\u00c3\u00ab gabim me Erjol\u00c3\u00abn - Big Brother Albania\" \/>\n<meta property=\"og:description\" content=\"Big Brother Albania Duke kujtuar momentin e daljes s\u00c3\u00ab Erjol\u00c3\u00abs nga sht\u00c3\u00abpia e Big Brother, nat\u00c3\u00abn e tret\u00c3\u00ab t\u00c3\u00ab spektaklit.\" \/>\n<meta property=\"og:url\" content=\"https:\/\/www.visit-ulcinj.com\/blog\/2009\/02\/26\/beme-gabim-me-erjolen\/\" \/>\n<meta property=\"og:site_name\" content=\"Lajme nga Ulqini\" \/>\n<meta property=\"article:published_time\" content=\"2009-02-26T12:12:22+00:00\" \/>\n<meta property=\"og:image\" content=\"http:\/\/www.visit-ulcinj.com\/blog\/wp-content\/uploads\/2009\/02\/adelajdemoza.jpg\" \/>\n<meta name=\"twitter:label1\" content=\"Written by\" \/>\n\t<meta name=\"twitter:data1\" content=\"ulqini\" \/>\n\t<meta name=\"twitter:label2\" content=\"Est. reading time\" \/>\n\t<meta name=\"twitter:data2\" content=\"1 minute\" \/>\n<script type=\"application\/ld+json\" class=\"yoast-schema-graph\">{\"@context\":\"https:\/\/schema.org\",\"@graph\":[{\"@type\":\"WebSite\",\"@id\":\"https:\/\/www.visit-ulcinj.com\/blog\/#website\",\"url\":\"https:\/\/www.visit-ulcinj.com\/blog\/\",\"name\":\"Lajme nga Ulqini\",\"description\":\"Lajme,Vijesti,Ulqini,Ulqin,Crna Gora,Mali i Zi\",\"potentialAction\":[{\"@type\":\"SearchAction\",\"target\":{\"@type\":\"EntryPoint\",\"urlTemplate\":\"https:\/\/www.visit-ulcinj.com\/blog\/?s={search_term_string}\"},\"query-input\":\"required name=search_term_string\"}],\"inLanguage\":\"en-US\"},{\"@type\":\"ImageObject\",\"inLanguage\":\"en-US\",\"@id\":\"https:\/\/www.visit-ulcinj.com\/blog\/2009\/02\/26\/beme-gabim-me-erjolen\/#primaryimage\",\"url\":\"http:\/\/www.visit-ulcinj.com\/blog\/wp-content\/uploads\/2009\/02\/adelajdemoza.jpg\",\"contentUrl\":\"http:\/\/www.visit-ulcinj.com\/blog\/wp-content\/uploads\/2009\/02\/adelajdemoza.jpg\"},{\"@type\":\"WebPage\",\"@id\":\"https:\/\/www.visit-ulcinj.com\/blog\/2009\/02\/26\/beme-gabim-me-erjolen\/#webpage\",\"url\":\"https:\/\/www.visit-ulcinj.com\/blog\/2009\/02\/26\/beme-gabim-me-erjolen\/\",\"name\":\"B\u00c3\u00abm\u00c3\u00ab gabim me Erjol\u00c3\u00abn - Big Brother Albania\",\"isPartOf\":{\"@id\":\"https:\/\/www.visit-ulcinj.com\/blog\/#website\"},\"primaryImageOfPage\":{\"@id\":\"https:\/\/www.visit-ulcinj.com\/blog\/2009\/02\/26\/beme-gabim-me-erjolen\/#primaryimage\"},\"datePublished\":\"2009-02-26T12:12:22+00:00\",\"dateModified\":\"2009-02-26T12:12:22+00:00\",\"author\":{\"@id\":\"https:\/\/www.visit-ulcinj.com\/blog\/#\/schema\/person\/dcab619c614d3038751c63bc2aadc06d\"},\"description\":\"Big Brother Albania Duke kujtuar momentin e daljes s\u00c3\u00ab Erjol\u00c3\u00abs nga sht\u00c3\u00abpia e Big Brother, nat\u00c3\u00abn e tret\u00c3\u00ab t\u00c3\u00ab spektaklit.\",\"breadcrumb\":{\"@id\":\"https:\/\/www.visit-ulcinj.com\/blog\/2009\/02\/26\/beme-gabim-me-erjolen\/#breadcrumb\"},\"inLanguage\":\"en-US\",\"potentialAction\":[{\"@type\":\"ReadAction\",\"target\":[\"https:\/\/www.visit-ulcinj.com\/blog\/2009\/02\/26\/beme-gabim-me-erjolen\/\"]}]},{\"@type\":\"BreadcrumbList\",\"@id\":\"https:\/\/www.visit-ulcinj.com\/blog\/2009\/02\/26\/beme-gabim-me-erjolen\/#breadcrumb\",\"itemListElement\":[{\"@type\":\"ListItem\",\"position\":1,\"name\":\"B\u00ebm\u00eb gabim me Erjol\u00ebn\"}]},{\"@type\":\"Person\",\"@id\":\"https:\/\/www.visit-ulcinj.com\/blog\/#\/schema\/person\/dcab619c614d3038751c63bc2aadc06d\",\"name\":\"ulqini\",\"sameAs\":[\"http:\/\/www.visit-ulcinj.com\"],\"url\":\"https:\/\/www.visit-ulcinj.com\/blog\/author\/admin\/\"}]}<\/script>\n<!-- \/ Yoast SEO plugin. -->","yoast_head_json":{"title":"B\u00c3\u00abm\u00c3\u00ab gabim me Erjol\u00c3\u00abn - Big Brother Albania","description":"Big Brother Albania Duke kujtuar momentin e daljes s\u00c3\u00ab Erjol\u00c3\u00abs nga sht\u00c3\u00abpia e Big Brother, nat\u00c3\u00abn e tret\u00c3\u00ab t\u00c3\u00ab spektaklit.","robots":{"index":"index","follow":"follow","max-snippet":"max-snippet:-1","max-image-preview":"max-image-preview:large","max-video-preview":"max-video-preview:-1"},"canonical":"https:\/\/www.visit-ulcinj.com\/blog\/2009\/02\/26\/beme-gabim-me-erjolen\/","og_locale":"en_US","og_type":"article","og_title":"B\u00c3\u00abm\u00c3\u00ab gabim me Erjol\u00c3\u00abn - Big Brother Albania","og_description":"Big Brother Albania Duke kujtuar momentin e daljes s\u00c3\u00ab Erjol\u00c3\u00abs nga sht\u00c3\u00abpia e Big Brother, nat\u00c3\u00abn e tret\u00c3\u00ab t\u00c3\u00ab spektaklit.","og_url":"https:\/\/www.visit-ulcinj.com\/blog\/2009\/02\/26\/beme-gabim-me-erjolen\/","og_site_name":"Lajme nga Ulqini","article_published_time":"2009-02-26T12:12:22+00:00","og_image":[{"url":"http:\/\/www.visit-ulcinj.com\/blog\/wp-content\/uploads\/2009\/02\/adelajdemoza.jpg"}],"twitter_misc":{"Written by":"ulqini","Est. reading time":"1 minute"},"schema":{"@context":"https:\/\/schema.org","@graph":[{"@type":"WebSite","@id":"https:\/\/www.visit-ulcinj.com\/blog\/#website","url":"https:\/\/www.visit-ulcinj.com\/blog\/","name":"Lajme nga Ulqini","description":"Lajme,Vijesti,Ulqini,Ulqin,Crna Gora,Mali i Zi","potentialAction":[{"@type":"SearchAction","target":{"@type":"EntryPoint","urlTemplate":"https:\/\/www.visit-ulcinj.com\/blog\/?s={search_term_string}"},"query-input":"required name=search_term_string"}],"inLanguage":"en-US"},{"@type":"ImageObject","inLanguage":"en-US","@id":"https:\/\/www.visit-ulcinj.com\/blog\/2009\/02\/26\/beme-gabim-me-erjolen\/#primaryimage","url":"http:\/\/www.visit-ulcinj.com\/blog\/wp-content\/uploads\/2009\/02\/adelajdemoza.jpg","contentUrl":"http:\/\/www.visit-ulcinj.com\/blog\/wp-content\/uploads\/2009\/02\/adelajdemoza.jpg"},{"@type":"WebPage","@id":"https:\/\/www.visit-ulcinj.com\/blog\/2009\/02\/26\/beme-gabim-me-erjolen\/#webpage","url":"https:\/\/www.visit-ulcinj.com\/blog\/2009\/02\/26\/beme-gabim-me-erjolen\/","name":"B\u00c3\u00abm\u00c3\u00ab gabim me Erjol\u00c3\u00abn - Big Brother Albania","isPartOf":{"@id":"https:\/\/www.visit-ulcinj.com\/blog\/#website"},"primaryImageOfPage":{"@id":"https:\/\/www.visit-ulcinj.com\/blog\/2009\/02\/26\/beme-gabim-me-erjolen\/#primaryimage"},"datePublished":"2009-02-26T12:12:22+00:00","dateModified":"2009-02-26T12:12:22+00:00","author":{"@id":"https:\/\/www.visit-ulcinj.com\/blog\/#\/schema\/person\/dcab619c614d3038751c63bc2aadc06d"},"description":"Big Brother Albania Duke kujtuar momentin e daljes s\u00c3\u00ab Erjol\u00c3\u00abs nga sht\u00c3\u00abpia e Big Brother, nat\u00c3\u00abn e tret\u00c3\u00ab t\u00c3\u00ab spektaklit.","breadcrumb":{"@id":"https:\/\/www.visit-ulcinj.com\/blog\/2009\/02\/26\/beme-gabim-me-erjolen\/#breadcrumb"},"inLanguage":"en-US","potentialAction":[{"@type":"ReadAction","target":["https:\/\/www.visit-ulcinj.com\/blog\/2009\/02\/26\/beme-gabim-me-erjolen\/"]}]},{"@type":"BreadcrumbList","@id":"https:\/\/www.visit-ulcinj.com\/blog\/2009\/02\/26\/beme-gabim-me-erjolen\/#breadcrumb","itemListElement":[{"@type":"ListItem","position":1,"name":"B\u00ebm\u00eb gabim me Erjol\u00ebn"}]},{"@type":"Person","@id":"https:\/\/www.visit-ulcinj.com\/blog\/#\/schema\/person\/dcab619c614d3038751c63bc2aadc06d","name":"ulqini","sameAs":["http:\/\/www.visit-ulcinj.com"],"url":"https:\/\/www.visit-ulcinj.com\/blog\/author\/admin\/"}]}},"jetpack_featured_media_url":"","jetpack_sharing_enabled":true,"jetpack_shortlink":"https:\/\/wp.me\/pe6lTn-3cf","_links":{"self":[{"href":"https:\/\/www.visit-ulcinj.com\/blog\/wp-json\/wp\/v2\/posts\/12291"}],"collection":[{"href":"https:\/\/www.visit-ulcinj.com\/blog\/wp-json\/wp\/v2\/posts"}],"about":[{"href":"https:\/\/www.visit-ulcinj.com\/blog\/wp-json\/wp\/v2\/types\/post"}],"author":[{"embeddable":true,"href":"https:\/\/www.visit-ulcinj.com\/blog\/wp-json\/wp\/v2\/users\/1"}],"replies":[{"embeddable":true,"href":"https:\/\/www.visit-ulcinj.com\/blog\/wp-json\/wp\/v2\/comments?post=12291"}],"version-history":[{"count":0,"href":"https:\/\/www.visit-ulcinj.com\/blog\/wp-json\/wp\/v2\/posts\/12291\/revisions"}],"wp:attachment":[{"href":"https:\/\/www.visit-ulcinj.com\/blog\/wp-json\/wp\/v2\/media?parent=12291"}],"wp:term":[{"taxonomy":"category","embeddable":true,"href":"https:\/\/www.visit-ulcinj.com\/blog\/wp-json\/wp\/v2\/categories?post=12291"},{"taxonomy":"post_tag","embeddable":true,"href":"https:\/\/www.visit-ulcinj.com\/blog\/wp-json\/wp\/v2\/tags?post=12291"}],"curies":[{"name":"wp","href":"https:\/\/api.w.org\/{rel}","templated":true}]}}