{"id":123,"date":"2008-01-12T10:11:00","date_gmt":"2008-01-12T15:11:00","guid":{"rendered":"http:\/\/www.visit-ulcinj.com\/blog\/2008\/01\/12\/hotel-%e2%80%9cla-rosa-negra%e2%80%9d-na-samoj-obali-pjescane-plaze\/"},"modified":"2008-02-12T18:25:41","modified_gmt":"2008-02-12T23:25:41","slug":"hotel-%e2%80%9cla-rosa-negra%e2%80%9d-na-samoj-obali-pjescane-plaze","status":"publish","type":"post","link":"https:\/\/www.visit-ulcinj.com\/blog\/2008\/01\/12\/hotel-%e2%80%9cla-rosa-negra%e2%80%9d-na-samoj-obali-pjescane-plaze\/","title":{"rendered":"Hotel \u201cLa Rosa Negra\u201d na samoj obali pje\u0161?ane pla\u017ee"},"content":{"rendered":"<p><img loading=\"lazy\" src=\"http:\/\/www.visit-ulcinj.com\/blog\/wp-content\/uploads\/2008\/01\/hotel-la-rosa-negra-7-7.jpg\" align=\"left\" height=\"350\" hspace=\"1\" vspace=\"1\" width=\"262\" \/><strong><span class=\"style30\"><span class=\"style6\">Hotel vrijedan sedam miliona<\/span><\/span> <\/strong><\/p>\n<p>Novi hotel &#8221;La Rosa Negra&#8221; nalazi se na samom po?etku Velike pla\u017ee i raspola\u017ee sa dvadesetak luksuzno opremljenih soba sa pogledom na more. Fantasti?an pogled obuhvata kompletnu Veliku pla\u017eu, pa i u\u0161?e rijeke Bojane. Mir, ti\u0161ina, \u0161um mora, izolovan od gradske vreve i gu\u017eve &#8211; hotel La Rosa Negra pravo je mjesto za odmor.<br \/>\nA onda, tu su i neobi?no velike hotelske terase, u sobama podno grijanje, tv, mini bar&#8230;Moderno opremljen restoran hotela, na meniju egzoti?na<!--more--> mediteranska jela, uvijek svje\u017ei plodovi mora. Uz specijalitete nezaobilazne ulcinjske kuhinje, naravno&#8230;<br \/>\nU sedmospratnom hotelu nalazi se i veliki fitnes centar, kao i kongresne sale.<br \/>\n\u201eVo\u017enja\u201c panoramskim liftom hotela pru\u017ea jedinstven pogled &#8211; igra talasa, pijeska, vjetra&#8230;a rt od ?erena, smje\u0161ten u sred mora, izgleda kao da je na dohvat ruke.<br \/>\nVlasnik i direktor hotela Rifat Stankovi? navodi da se trenutna vrijednost hotela procjenjuje na sedam miliona eura, ali istovremeno isti?e da hotel nije na prodaju.<br \/>\nStankovi? ve? 17 godina \u017eivi u Frankufurtu, a ro?eni je Ulcinjanin. Ka\u017ee da je gradnja ovog hotela, bio njegov san jo\u0161 iz djetinjstva.<br \/>\n&#8211; Kad sam odlazio iz Crne Gore, znao sam da ?u se jednog dana vratiti u rodni Ulcinj, i napraviti hotel kakav ovaj grad i zaslu\u017euje- pri?a Stankovi?.<br \/>\nDok sam jo\u0161 u?io njema?ki jezik, prisje?a se Stankovi?, \u201ecrtao sam re?enice mog hotela\u201c, drugi su pisali, ja sam crtao&#8230;<br \/>\nHotel La Rosa Negra izgra?en je po svim evropskim standardima.<br \/>\nVlasnik je razmi\u0161ljao o svim potencijalnim gostima, pa ima obezbije?en invalidski prilaz, kao i sve uslove potrebne sportistima za pripreme.<br \/>\nTokom ljetnjih mjeseci, nema bojazni za nedostatak gostiju, ali kako se kod nas ljetnja sezona zavr\u0161i nekako prije nego i po?ne, oni koji \u017eele da se ozbiljnije bave ugostiteljstvom moraju misliti i na \u201ehladnije\u201c dane.<br \/>\nA vlasnik ovog hotela je upravo o tome i razmi\u0161ljao. Organizacija seminara u ovom hotelu pun je pogodak- u fenomenalno opremljenim konferencijskim salama. Stankovi? napominje, da je hotel idealan i za sportiste. Kako sam se nekada i sam aktivno bavio sportom, veoma mi je stalo da moj hotel posje?uju sportisti, a mi smo se pobrinuli da im obezbijedimo besprijekorne uslove. Hotel La Rosa Negra idu?e godine pru\u017ei?e punu ponudu klijentima, a Stankovi? navodi da ?e cijene biti pristupa?ne.<br \/>\nPrema rije?ima Stankovi?a, najvi\u0161e interesovanja trenutno za boravak u hotelu La Rosa Negra pokazuju ?esi i Ukrajinci.<br \/>\n&#8211; Poku\u0161a?emo da u Ulcinj vratimo onaj turizam, koji je bio devedesetih godina. Naravno da je neophodna i bolja infrastruktura &#8211; isti?e Stankovi?, dodav\u0161i da je u njegovom hotelu boravio i princ Njema?ke Maksimilijan Mihael fon Anhalt, kao i ambasador Njema?ke u Crnoj Gori Tomas \u0160mit.Hotel je posjetio i dobitnik zlatne medalje sporta Njema?ke za 2006. godinu Ernes Kala?.Tokom ljeta hotel su rado posje?ivali novinari iz zemlje i inostranstva, kao i mnoge poznate li?nosti.Stankovi? je sa 23 godine oti\u0161ao u inostranstvo, a devedesetih godina je bio bokser Vojvodine, Vrbasa, a prije toga je boksovao i za cetinjski Lov?en. Stankovi? je veoma uspje\u0161an i u Frankfurtu, gdje je vlasnik ambulante. On ka\u017ee \u201eambulanta\u201c, a kod nas bi je slobodno mogli nazvati ekstra opremljenom bolnicom. O ?emu se radi? Zbrinjavanje starijih bolesnih osoba, pomo? u doma?instvu, najsavremeniji aparati za vje\u0161ta?ko disanje, odr\u017eavanje \u017eivota pacijenata, infuzione terapije, vje\u0161ta?ka ishrana i sve to cjelodnevno nadgleda medicinski radnik.<br \/>\nStankovi? je trenutno zaokupljen projektom koji ?e realizovati sa Ministarstvom zdravlja Njema?ke, a planira da takvo iskustvo prenese i kod nas.<br \/>\n&#8211; Projekat zbrinjavanja lak\u0161e dementnih seniora u Ulcinju, ubrzo bi trebao da se aktuelizuje, u sklopu osiguranja Socijalne mre\u017ee Njema?ke &#8211; \u201eKranken kasa\u201c.<br \/>\nKako je kazao, projekat je u za?etku, a takvi projekti postoje i u drugim dr\u017eavama.<br \/>\n&#8211; Ambasador Njema?ke u Crnoj Gori Tomas \u0160mit me ohrabrio da sprovedem jedan takav projekat i ovdje &#8211; navodi Stankovi?, koji paralelno poma\u017ee i razvoju sporta CrneGore.<\/p>\n<p><a href=\"http:\/\/www.la-rosa-negra.de\/index.htm\" title=\"Hotel*La Rosa Negra\" target=\"_blank\">http:\/\/www.la-rosa-negra.de\/index.htm<\/a><br \/>\nSuzana Gani?<br \/>\nwww.republika.cg.yu<\/p>\n","protected":false},"excerpt":{"rendered":"<p><img loading=\"lazy\" src=\"http:\/\/www.visit-ulcinj.com\/blog\/wp-content\/uploads\/2008\/01\/hotel-la-rosa-negra-7-7.jpg\" alt=\"La Rosa Negra\"  height=\"140\" width=\"140\" \/><\/p>\n","protected":false},"author":1,"featured_media":0,"comment_status":"open","ping_status":"closed","sticky":false,"template":"","format":"standard","meta":{"spay_email":"","jetpack_publicize_message":"","jetpack_is_tweetstorm":false,"jetpack_publicize_feature_enabled":true},"categories":[15],"tags":[1198,407,413,20,416,405,415,79,414,406,411,408,410,412,409,200],"jetpack_publicize_connections":[],"yoast_head":"<!-- This site is optimized with the Yoast SEO plugin v19.1 - https:\/\/yoast.com\/wordpress\/plugins\/seo\/ -->\n<title>Hotel \u201cLa Rosa Negra\u201d na samoj obali pje\u0161?ane pla\u017ee - Lajme nga Ulqini<\/title>\n<meta name=\"robots\" content=\"index, follow, max-snippet:-1, max-image-preview:large, max-video-preview:-1\" \/>\n<link rel=\"canonical\" href=\"https:\/\/www.visit-ulcinj.com\/blog\/2008\/01\/12\/hotel-\u201cla-rosa-negra\u201d-na-samoj-obali-pjescane-plaze\/\" \/>\n<meta property=\"og:locale\" content=\"en_US\" \/>\n<meta property=\"og:type\" content=\"article\" \/>\n<meta property=\"og:title\" content=\"Hotel \u201cLa Rosa Negra\u201d na samoj obali pje\u0161?ane pla\u017ee - Lajme nga Ulqini\" \/>\n<meta property=\"og:url\" content=\"https:\/\/www.visit-ulcinj.com\/blog\/2008\/01\/12\/hotel-\u201cla-rosa-negra\u201d-na-samoj-obali-pjescane-plaze\/\" \/>\n<meta property=\"og:site_name\" content=\"Lajme nga Ulqini\" \/>\n<meta property=\"article:published_time\" content=\"2008-01-12T15:11:00+00:00\" \/>\n<meta property=\"article:modified_time\" content=\"2008-02-12T23:25:41+00:00\" \/>\n<meta property=\"og:image\" content=\"http:\/\/www.visit-ulcinj.com\/blog\/wp-content\/uploads\/2008\/01\/hotel-la-rosa-negra-7-7.jpg\" \/>\n<meta name=\"twitter:label1\" content=\"Written by\" \/>\n\t<meta name=\"twitter:data1\" content=\"ulqini\" \/>\n\t<meta name=\"twitter:label2\" content=\"Est. reading time\" \/>\n\t<meta name=\"twitter:data2\" content=\"4 minutes\" \/>\n<script type=\"application\/ld+json\" class=\"yoast-schema-graph\">{\"@context\":\"https:\/\/schema.org\",\"@graph\":[{\"@type\":\"WebSite\",\"@id\":\"https:\/\/www.visit-ulcinj.com\/blog\/#website\",\"url\":\"https:\/\/www.visit-ulcinj.com\/blog\/\",\"name\":\"Lajme nga Ulqini\",\"description\":\"Lajme,Vijesti,Ulqini,Ulqin,Crna Gora,Mali i Zi\",\"potentialAction\":[{\"@type\":\"SearchAction\",\"target\":{\"@type\":\"EntryPoint\",\"urlTemplate\":\"https:\/\/www.visit-ulcinj.com\/blog\/?s={search_term_string}\"},\"query-input\":\"required name=search_term_string\"}],\"inLanguage\":\"en-US\"},{\"@type\":\"ImageObject\",\"inLanguage\":\"en-US\",\"@id\":\"https:\/\/www.visit-ulcinj.com\/blog\/2008\/01\/12\/hotel-%e2%80%9cla-rosa-negra%e2%80%9d-na-samoj-obali-pjescane-plaze\/#primaryimage\",\"url\":\"http:\/\/www.visit-ulcinj.com\/blog\/wp-content\/uploads\/2008\/01\/hotel-la-rosa-negra-7-7.jpg\",\"contentUrl\":\"http:\/\/www.visit-ulcinj.com\/blog\/wp-content\/uploads\/2008\/01\/hotel-la-rosa-negra-7-7.jpg\"},{\"@type\":\"WebPage\",\"@id\":\"https:\/\/www.visit-ulcinj.com\/blog\/2008\/01\/12\/hotel-%e2%80%9cla-rosa-negra%e2%80%9d-na-samoj-obali-pjescane-plaze\/#webpage\",\"url\":\"https:\/\/www.visit-ulcinj.com\/blog\/2008\/01\/12\/hotel-%e2%80%9cla-rosa-negra%e2%80%9d-na-samoj-obali-pjescane-plaze\/\",\"name\":\"Hotel \u201cLa Rosa Negra\u201d na samoj obali pje\u0161?ane pla\u017ee - Lajme nga Ulqini\",\"isPartOf\":{\"@id\":\"https:\/\/www.visit-ulcinj.com\/blog\/#website\"},\"primaryImageOfPage\":{\"@id\":\"https:\/\/www.visit-ulcinj.com\/blog\/2008\/01\/12\/hotel-%e2%80%9cla-rosa-negra%e2%80%9d-na-samoj-obali-pjescane-plaze\/#primaryimage\"},\"datePublished\":\"2008-01-12T15:11:00+00:00\",\"dateModified\":\"2008-02-12T23:25:41+00:00\",\"author\":{\"@id\":\"https:\/\/www.visit-ulcinj.com\/blog\/#\/schema\/person\/dcab619c614d3038751c63bc2aadc06d\"},\"breadcrumb\":{\"@id\":\"https:\/\/www.visit-ulcinj.com\/blog\/2008\/01\/12\/hotel-%e2%80%9cla-rosa-negra%e2%80%9d-na-samoj-obali-pjescane-plaze\/#breadcrumb\"},\"inLanguage\":\"en-US\",\"potentialAction\":[{\"@type\":\"ReadAction\",\"target\":[\"https:\/\/www.visit-ulcinj.com\/blog\/2008\/01\/12\/hotel-%e2%80%9cla-rosa-negra%e2%80%9d-na-samoj-obali-pjescane-plaze\/\"]}]},{\"@type\":\"BreadcrumbList\",\"@id\":\"https:\/\/www.visit-ulcinj.com\/blog\/2008\/01\/12\/hotel-%e2%80%9cla-rosa-negra%e2%80%9d-na-samoj-obali-pjescane-plaze\/#breadcrumb\",\"itemListElement\":[{\"@type\":\"ListItem\",\"position\":1,\"name\":\"Hotel \u201cLa Rosa Negra\u201d na samoj obali pje\u0161?ane pla\u017ee\"}]},{\"@type\":\"Person\",\"@id\":\"https:\/\/www.visit-ulcinj.com\/blog\/#\/schema\/person\/dcab619c614d3038751c63bc2aadc06d\",\"name\":\"ulqini\",\"sameAs\":[\"http:\/\/www.visit-ulcinj.com\"],\"url\":\"https:\/\/www.visit-ulcinj.com\/blog\/author\/admin\/\"}]}<\/script>\n<!-- \/ Yoast SEO plugin. -->","yoast_head_json":{"title":"Hotel \u201cLa Rosa Negra\u201d na samoj obali pje\u0161?ane pla\u017ee - Lajme nga Ulqini","robots":{"index":"index","follow":"follow","max-snippet":"max-snippet:-1","max-image-preview":"max-image-preview:large","max-video-preview":"max-video-preview:-1"},"canonical":"https:\/\/www.visit-ulcinj.com\/blog\/2008\/01\/12\/hotel-\u201cla-rosa-negra\u201d-na-samoj-obali-pjescane-plaze\/","og_locale":"en_US","og_type":"article","og_title":"Hotel \u201cLa Rosa Negra\u201d na samoj obali pje\u0161?ane pla\u017ee - Lajme nga Ulqini","og_url":"https:\/\/www.visit-ulcinj.com\/blog\/2008\/01\/12\/hotel-\u201cla-rosa-negra\u201d-na-samoj-obali-pjescane-plaze\/","og_site_name":"Lajme nga Ulqini","article_published_time":"2008-01-12T15:11:00+00:00","article_modified_time":"2008-02-12T23:25:41+00:00","og_image":[{"url":"http:\/\/www.visit-ulcinj.com\/blog\/wp-content\/uploads\/2008\/01\/hotel-la-rosa-negra-7-7.jpg"}],"twitter_misc":{"Written by":"ulqini","Est. reading time":"4 minutes"},"schema":{"@context":"https:\/\/schema.org","@graph":[{"@type":"WebSite","@id":"https:\/\/www.visit-ulcinj.com\/blog\/#website","url":"https:\/\/www.visit-ulcinj.com\/blog\/","name":"Lajme nga Ulqini","description":"Lajme,Vijesti,Ulqini,Ulqin,Crna Gora,Mali i Zi","potentialAction":[{"@type":"SearchAction","target":{"@type":"EntryPoint","urlTemplate":"https:\/\/www.visit-ulcinj.com\/blog\/?s={search_term_string}"},"query-input":"required name=search_term_string"}],"inLanguage":"en-US"},{"@type":"ImageObject","inLanguage":"en-US","@id":"https:\/\/www.visit-ulcinj.com\/blog\/2008\/01\/12\/hotel-%e2%80%9cla-rosa-negra%e2%80%9d-na-samoj-obali-pjescane-plaze\/#primaryimage","url":"http:\/\/www.visit-ulcinj.com\/blog\/wp-content\/uploads\/2008\/01\/hotel-la-rosa-negra-7-7.jpg","contentUrl":"http:\/\/www.visit-ulcinj.com\/blog\/wp-content\/uploads\/2008\/01\/hotel-la-rosa-negra-7-7.jpg"},{"@type":"WebPage","@id":"https:\/\/www.visit-ulcinj.com\/blog\/2008\/01\/12\/hotel-%e2%80%9cla-rosa-negra%e2%80%9d-na-samoj-obali-pjescane-plaze\/#webpage","url":"https:\/\/www.visit-ulcinj.com\/blog\/2008\/01\/12\/hotel-%e2%80%9cla-rosa-negra%e2%80%9d-na-samoj-obali-pjescane-plaze\/","name":"Hotel \u201cLa Rosa Negra\u201d na samoj obali pje\u0161?ane pla\u017ee - Lajme nga Ulqini","isPartOf":{"@id":"https:\/\/www.visit-ulcinj.com\/blog\/#website"},"primaryImageOfPage":{"@id":"https:\/\/www.visit-ulcinj.com\/blog\/2008\/01\/12\/hotel-%e2%80%9cla-rosa-negra%e2%80%9d-na-samoj-obali-pjescane-plaze\/#primaryimage"},"datePublished":"2008-01-12T15:11:00+00:00","dateModified":"2008-02-12T23:25:41+00:00","author":{"@id":"https:\/\/www.visit-ulcinj.com\/blog\/#\/schema\/person\/dcab619c614d3038751c63bc2aadc06d"},"breadcrumb":{"@id":"https:\/\/www.visit-ulcinj.com\/blog\/2008\/01\/12\/hotel-%e2%80%9cla-rosa-negra%e2%80%9d-na-samoj-obali-pjescane-plaze\/#breadcrumb"},"inLanguage":"en-US","potentialAction":[{"@type":"ReadAction","target":["https:\/\/www.visit-ulcinj.com\/blog\/2008\/01\/12\/hotel-%e2%80%9cla-rosa-negra%e2%80%9d-na-samoj-obali-pjescane-plaze\/"]}]},{"@type":"BreadcrumbList","@id":"https:\/\/www.visit-ulcinj.com\/blog\/2008\/01\/12\/hotel-%e2%80%9cla-rosa-negra%e2%80%9d-na-samoj-obali-pjescane-plaze\/#breadcrumb","itemListElement":[{"@type":"ListItem","position":1,"name":"Hotel \u201cLa Rosa Negra\u201d na samoj obali pje\u0161?ane pla\u017ee"}]},{"@type":"Person","@id":"https:\/\/www.visit-ulcinj.com\/blog\/#\/schema\/person\/dcab619c614d3038751c63bc2aadc06d","name":"ulqini","sameAs":["http:\/\/www.visit-ulcinj.com"],"url":"https:\/\/www.visit-ulcinj.com\/blog\/author\/admin\/"}]}},"jetpack_featured_media_url":"","jetpack_sharing_enabled":true,"jetpack_shortlink":"https:\/\/wp.me\/pe6lTn-1Z","_links":{"self":[{"href":"https:\/\/www.visit-ulcinj.com\/blog\/wp-json\/wp\/v2\/posts\/123"}],"collection":[{"href":"https:\/\/www.visit-ulcinj.com\/blog\/wp-json\/wp\/v2\/posts"}],"about":[{"href":"https:\/\/www.visit-ulcinj.com\/blog\/wp-json\/wp\/v2\/types\/post"}],"author":[{"embeddable":true,"href":"https:\/\/www.visit-ulcinj.com\/blog\/wp-json\/wp\/v2\/users\/1"}],"replies":[{"embeddable":true,"href":"https:\/\/www.visit-ulcinj.com\/blog\/wp-json\/wp\/v2\/comments?post=123"}],"version-history":[{"count":0,"href":"https:\/\/www.visit-ulcinj.com\/blog\/wp-json\/wp\/v2\/posts\/123\/revisions"}],"wp:attachment":[{"href":"https:\/\/www.visit-ulcinj.com\/blog\/wp-json\/wp\/v2\/media?parent=123"}],"wp:term":[{"taxonomy":"category","embeddable":true,"href":"https:\/\/www.visit-ulcinj.com\/blog\/wp-json\/wp\/v2\/categories?post=123"},{"taxonomy":"post_tag","embeddable":true,"href":"https:\/\/www.visit-ulcinj.com\/blog\/wp-json\/wp\/v2\/tags?post=123"}],"curies":[{"name":"wp","href":"https:\/\/api.w.org\/{rel}","templated":true}]}}