{"id":12303,"date":"2009-02-26T13:25:41","date_gmt":"2009-02-26T12:25:41","guid":{"rendered":"http:\/\/www.visit-ulcinj.com\/blog\/?p=12303"},"modified":"2009-02-26T13:25:41","modified_gmt":"2009-02-26T12:25:41","slug":"cili-eshte-adi","status":"publish","type":"post","link":"https:\/\/www.visit-ulcinj.com\/blog\/2009\/02\/26\/cili-eshte-adi\/","title":{"rendered":"Cili \u00ebsht\u00eb Adi?"},"content":{"rendered":"<p><em><span class=\"newsdate\"><strong><a href=\"http:\/\/www.visit-ulcinj.com\/blog\/wp-content\/uploads\/2009\/02\/adi1.jpg\"><img loading=\"lazy\" class=\"alignleft size-full wp-image-12304\" title=\"adi-adelajda-arjoni-big-brother-albania\" src=\"http:\/\/www.visit-ulcinj.com\/blog\/wp-content\/uploads\/2009\/02\/adi1.jpg\" alt=\"adi-adelajda-arjoni-big-brother-albania\" width=\"300\" height=\"205\" \/><\/a><\/strong>23\/02\/09 13:45<\/span><\/em><\/p>\n<p>Duke folur p\u00ebr t\u00eb gjith\u00eb banor\u00ebt dhe tipat e tyre, Arjoni dhe Adela ndalen tek Adi. Sipas tyre ai \u00ebsht\u00eb nj\u00eb tip q\u00eb ende nuk \u00ebsht\u00eb shfaqur dhe nuk e njohin. Adela tregon se Adi i p\u00eblqen shum\u00eb por q\u00eb nuk e njohin fare. \u201cM\u00eb p\u00eblqejn\u00eb shakat\u00eb e tij, p\u00ebr aq sa ka treguar m\u00eb duket njish\u201d thote ajo. Kurse Arjoni thot\u00eb se nuk din\u00eb asgj\u00eb nga jeta e tijn private, por Adela thot\u00eb se nes\u00eb nuk do q\u00eb ti tregoj\u00eb, ata nuk kan\u00eb pse t\u00eb nd\u00ebrhyjn\u00eb pasi kjo \u00ebsht\u00eb zgjedhja e tij dhe jan\u00eb t\u00eb detyruar ta respektojn\u00eb k\u00ebt\u00eb vendim. Arjoni e krahason Adin me nj\u00eb showman dhe kjo nga veprimet e tij ne sht\u00ebpi. Megjithat\u00eb kjo nuk \u00ebsht\u00eb e mjaftueshme sepse ai duhet t\u00eb jap\u00eb edhe ide dhe koncepte pervec show-t. P\u00ebr Adelajd\u00ebn, ai dhe Bjordi jan\u00eb personazhe pa t\u00eb cil\u00ebt sht\u00ebpia do dukej ndryshe.<\/p>\n<p>TCH<\/p>\n","protected":false},"excerpt":{"rendered":"<p>23\/02\/09 13:45 Duke folur p\u00ebr t\u00eb gjith\u00eb banor\u00ebt dhe tipat e tyre, Arjoni dhe Adela ndalen tek Adi. Sipas tyre ai \u00ebsht\u00eb nj\u00eb tip q\u00eb ende nuk \u00ebsht\u00eb shfaqur dhe nuk e njohin. Adela tregon se Adi i p\u00eblqen shum\u00eb por q\u00eb nuk e njohin fare. \u201cM\u00eb p\u00eblqejn\u00eb shakat\u00eb e tij, p\u00ebr aq sa ka [&hellip;]<\/p>\n","protected":false},"author":1,"featured_media":0,"comment_status":"open","ping_status":"closed","sticky":false,"template":"","format":"standard","meta":{"spay_email":"","jetpack_publicize_message":"","jetpack_is_tweetstorm":false,"jetpack_publicize_feature_enabled":true},"categories":[6502],"tags":[6562,1414,7191,6558,5057,6506,6712,7129,6891,6693,6887],"jetpack_publicize_connections":[],"yoast_head":"<!-- This site is optimized with the Yoast SEO plugin v19.1 - https:\/\/yoast.com\/wordpress\/plugins\/seo\/ -->\n<title>Cili \u00c3\u00absht\u00c3\u00ab Adi? - Big Brother Albania<\/title>\n<meta name=\"description\" content=\"Big Brohter Albania - Duke folur p\u00c3\u00abr t\u00c3\u00ab gjith\u00c3\u00ab banor\u00c3\u00abt dhe tipat e tyre, Arjoni dhe Adela ndalen tek Adi.\" \/>\n<meta name=\"robots\" content=\"index, follow, max-snippet:-1, max-image-preview:large, max-video-preview:-1\" \/>\n<link rel=\"canonical\" href=\"https:\/\/www.visit-ulcinj.com\/blog\/2009\/02\/26\/cili-eshte-adi\/\" \/>\n<meta property=\"og:locale\" content=\"en_US\" \/>\n<meta property=\"og:type\" content=\"article\" \/>\n<meta property=\"og:title\" content=\"Cili \u00c3\u00absht\u00c3\u00ab Adi? - Big Brother Albania\" \/>\n<meta property=\"og:description\" content=\"Big Brohter Albania - Duke folur p\u00c3\u00abr t\u00c3\u00ab gjith\u00c3\u00ab banor\u00c3\u00abt dhe tipat e tyre, Arjoni dhe Adela ndalen tek Adi.\" \/>\n<meta property=\"og:url\" content=\"https:\/\/www.visit-ulcinj.com\/blog\/2009\/02\/26\/cili-eshte-adi\/\" \/>\n<meta property=\"og:site_name\" content=\"Lajme nga Ulqini\" \/>\n<meta property=\"article:published_time\" content=\"2009-02-26T12:25:41+00:00\" \/>\n<meta property=\"og:image\" content=\"http:\/\/www.visit-ulcinj.com\/blog\/wp-content\/uploads\/2009\/02\/adi1.jpg\" \/>\n<meta name=\"twitter:label1\" content=\"Written by\" \/>\n\t<meta name=\"twitter:data1\" content=\"ulqini\" \/>\n\t<meta name=\"twitter:label2\" content=\"Est. reading time\" \/>\n\t<meta name=\"twitter:data2\" content=\"1 minute\" \/>\n<script type=\"application\/ld+json\" class=\"yoast-schema-graph\">{\"@context\":\"https:\/\/schema.org\",\"@graph\":[{\"@type\":\"WebSite\",\"@id\":\"https:\/\/www.visit-ulcinj.com\/blog\/#website\",\"url\":\"https:\/\/www.visit-ulcinj.com\/blog\/\",\"name\":\"Lajme nga Ulqini\",\"description\":\"Lajme,Vijesti,Ulqini,Ulqin,Crna Gora,Mali i Zi\",\"potentialAction\":[{\"@type\":\"SearchAction\",\"target\":{\"@type\":\"EntryPoint\",\"urlTemplate\":\"https:\/\/www.visit-ulcinj.com\/blog\/?s={search_term_string}\"},\"query-input\":\"required name=search_term_string\"}],\"inLanguage\":\"en-US\"},{\"@type\":\"ImageObject\",\"inLanguage\":\"en-US\",\"@id\":\"https:\/\/www.visit-ulcinj.com\/blog\/2009\/02\/26\/cili-eshte-adi\/#primaryimage\",\"url\":\"http:\/\/www.visit-ulcinj.com\/blog\/wp-content\/uploads\/2009\/02\/adi1.jpg\",\"contentUrl\":\"http:\/\/www.visit-ulcinj.com\/blog\/wp-content\/uploads\/2009\/02\/adi1.jpg\"},{\"@type\":\"WebPage\",\"@id\":\"https:\/\/www.visit-ulcinj.com\/blog\/2009\/02\/26\/cili-eshte-adi\/#webpage\",\"url\":\"https:\/\/www.visit-ulcinj.com\/blog\/2009\/02\/26\/cili-eshte-adi\/\",\"name\":\"Cili \u00c3\u00absht\u00c3\u00ab Adi? - Big Brother Albania\",\"isPartOf\":{\"@id\":\"https:\/\/www.visit-ulcinj.com\/blog\/#website\"},\"primaryImageOfPage\":{\"@id\":\"https:\/\/www.visit-ulcinj.com\/blog\/2009\/02\/26\/cili-eshte-adi\/#primaryimage\"},\"datePublished\":\"2009-02-26T12:25:41+00:00\",\"dateModified\":\"2009-02-26T12:25:41+00:00\",\"author\":{\"@id\":\"https:\/\/www.visit-ulcinj.com\/blog\/#\/schema\/person\/dcab619c614d3038751c63bc2aadc06d\"},\"description\":\"Big Brohter Albania - Duke folur p\u00c3\u00abr t\u00c3\u00ab gjith\u00c3\u00ab banor\u00c3\u00abt dhe tipat e tyre, Arjoni dhe Adela ndalen tek Adi.\",\"breadcrumb\":{\"@id\":\"https:\/\/www.visit-ulcinj.com\/blog\/2009\/02\/26\/cili-eshte-adi\/#breadcrumb\"},\"inLanguage\":\"en-US\",\"potentialAction\":[{\"@type\":\"ReadAction\",\"target\":[\"https:\/\/www.visit-ulcinj.com\/blog\/2009\/02\/26\/cili-eshte-adi\/\"]}]},{\"@type\":\"BreadcrumbList\",\"@id\":\"https:\/\/www.visit-ulcinj.com\/blog\/2009\/02\/26\/cili-eshte-adi\/#breadcrumb\",\"itemListElement\":[{\"@type\":\"ListItem\",\"position\":1,\"name\":\"Cili \u00ebsht\u00eb Adi?\"}]},{\"@type\":\"Person\",\"@id\":\"https:\/\/www.visit-ulcinj.com\/blog\/#\/schema\/person\/dcab619c614d3038751c63bc2aadc06d\",\"name\":\"ulqini\",\"sameAs\":[\"http:\/\/www.visit-ulcinj.com\"],\"url\":\"https:\/\/www.visit-ulcinj.com\/blog\/author\/admin\/\"}]}<\/script>\n<!-- \/ Yoast SEO plugin. -->","yoast_head_json":{"title":"Cili \u00c3\u00absht\u00c3\u00ab Adi? - Big Brother Albania","description":"Big Brohter Albania - Duke folur p\u00c3\u00abr t\u00c3\u00ab gjith\u00c3\u00ab banor\u00c3\u00abt dhe tipat e tyre, Arjoni dhe Adela ndalen tek Adi.","robots":{"index":"index","follow":"follow","max-snippet":"max-snippet:-1","max-image-preview":"max-image-preview:large","max-video-preview":"max-video-preview:-1"},"canonical":"https:\/\/www.visit-ulcinj.com\/blog\/2009\/02\/26\/cili-eshte-adi\/","og_locale":"en_US","og_type":"article","og_title":"Cili \u00c3\u00absht\u00c3\u00ab Adi? - Big Brother Albania","og_description":"Big Brohter Albania - Duke folur p\u00c3\u00abr t\u00c3\u00ab gjith\u00c3\u00ab banor\u00c3\u00abt dhe tipat e tyre, Arjoni dhe Adela ndalen tek Adi.","og_url":"https:\/\/www.visit-ulcinj.com\/blog\/2009\/02\/26\/cili-eshte-adi\/","og_site_name":"Lajme nga Ulqini","article_published_time":"2009-02-26T12:25:41+00:00","og_image":[{"url":"http:\/\/www.visit-ulcinj.com\/blog\/wp-content\/uploads\/2009\/02\/adi1.jpg"}],"twitter_misc":{"Written by":"ulqini","Est. reading time":"1 minute"},"schema":{"@context":"https:\/\/schema.org","@graph":[{"@type":"WebSite","@id":"https:\/\/www.visit-ulcinj.com\/blog\/#website","url":"https:\/\/www.visit-ulcinj.com\/blog\/","name":"Lajme nga Ulqini","description":"Lajme,Vijesti,Ulqini,Ulqin,Crna Gora,Mali i Zi","potentialAction":[{"@type":"SearchAction","target":{"@type":"EntryPoint","urlTemplate":"https:\/\/www.visit-ulcinj.com\/blog\/?s={search_term_string}"},"query-input":"required name=search_term_string"}],"inLanguage":"en-US"},{"@type":"ImageObject","inLanguage":"en-US","@id":"https:\/\/www.visit-ulcinj.com\/blog\/2009\/02\/26\/cili-eshte-adi\/#primaryimage","url":"http:\/\/www.visit-ulcinj.com\/blog\/wp-content\/uploads\/2009\/02\/adi1.jpg","contentUrl":"http:\/\/www.visit-ulcinj.com\/blog\/wp-content\/uploads\/2009\/02\/adi1.jpg"},{"@type":"WebPage","@id":"https:\/\/www.visit-ulcinj.com\/blog\/2009\/02\/26\/cili-eshte-adi\/#webpage","url":"https:\/\/www.visit-ulcinj.com\/blog\/2009\/02\/26\/cili-eshte-adi\/","name":"Cili \u00c3\u00absht\u00c3\u00ab Adi? - Big Brother Albania","isPartOf":{"@id":"https:\/\/www.visit-ulcinj.com\/blog\/#website"},"primaryImageOfPage":{"@id":"https:\/\/www.visit-ulcinj.com\/blog\/2009\/02\/26\/cili-eshte-adi\/#primaryimage"},"datePublished":"2009-02-26T12:25:41+00:00","dateModified":"2009-02-26T12:25:41+00:00","author":{"@id":"https:\/\/www.visit-ulcinj.com\/blog\/#\/schema\/person\/dcab619c614d3038751c63bc2aadc06d"},"description":"Big Brohter Albania - Duke folur p\u00c3\u00abr t\u00c3\u00ab gjith\u00c3\u00ab banor\u00c3\u00abt dhe tipat e tyre, Arjoni dhe Adela ndalen tek Adi.","breadcrumb":{"@id":"https:\/\/www.visit-ulcinj.com\/blog\/2009\/02\/26\/cili-eshte-adi\/#breadcrumb"},"inLanguage":"en-US","potentialAction":[{"@type":"ReadAction","target":["https:\/\/www.visit-ulcinj.com\/blog\/2009\/02\/26\/cili-eshte-adi\/"]}]},{"@type":"BreadcrumbList","@id":"https:\/\/www.visit-ulcinj.com\/blog\/2009\/02\/26\/cili-eshte-adi\/#breadcrumb","itemListElement":[{"@type":"ListItem","position":1,"name":"Cili \u00ebsht\u00eb Adi?"}]},{"@type":"Person","@id":"https:\/\/www.visit-ulcinj.com\/blog\/#\/schema\/person\/dcab619c614d3038751c63bc2aadc06d","name":"ulqini","sameAs":["http:\/\/www.visit-ulcinj.com"],"url":"https:\/\/www.visit-ulcinj.com\/blog\/author\/admin\/"}]}},"jetpack_featured_media_url":"","jetpack_sharing_enabled":true,"jetpack_shortlink":"https:\/\/wp.me\/pe6lTn-3cr","_links":{"self":[{"href":"https:\/\/www.visit-ulcinj.com\/blog\/wp-json\/wp\/v2\/posts\/12303"}],"collection":[{"href":"https:\/\/www.visit-ulcinj.com\/blog\/wp-json\/wp\/v2\/posts"}],"about":[{"href":"https:\/\/www.visit-ulcinj.com\/blog\/wp-json\/wp\/v2\/types\/post"}],"author":[{"embeddable":true,"href":"https:\/\/www.visit-ulcinj.com\/blog\/wp-json\/wp\/v2\/users\/1"}],"replies":[{"embeddable":true,"href":"https:\/\/www.visit-ulcinj.com\/blog\/wp-json\/wp\/v2\/comments?post=12303"}],"version-history":[{"count":0,"href":"https:\/\/www.visit-ulcinj.com\/blog\/wp-json\/wp\/v2\/posts\/12303\/revisions"}],"wp:attachment":[{"href":"https:\/\/www.visit-ulcinj.com\/blog\/wp-json\/wp\/v2\/media?parent=12303"}],"wp:term":[{"taxonomy":"category","embeddable":true,"href":"https:\/\/www.visit-ulcinj.com\/blog\/wp-json\/wp\/v2\/categories?post=12303"},{"taxonomy":"post_tag","embeddable":true,"href":"https:\/\/www.visit-ulcinj.com\/blog\/wp-json\/wp\/v2\/tags?post=12303"}],"curies":[{"name":"wp","href":"https:\/\/api.w.org\/{rel}","templated":true}]}}