{"id":12306,"date":"2009-02-26T13:28:04","date_gmt":"2009-02-26T12:28:04","guid":{"rendered":"http:\/\/www.visit-ulcinj.com\/blog\/?p=12306"},"modified":"2009-02-26T13:28:04","modified_gmt":"2009-02-26T12:28:04","slug":"arjoni-tradhetia","status":"publish","type":"post","link":"https:\/\/www.visit-ulcinj.com\/blog\/2009\/02\/26\/arjoni-tradhetia\/","title":{"rendered":"Arjoni &#8211; Tradh\u00ebtia"},"content":{"rendered":"<p><strong><span class=\"newstitlec\"><a href=\"http:\/\/www.visit-ulcinj.com\/blog\/wp-content\/uploads\/2009\/02\/arjoni-2.jpg\"><img loading=\"lazy\" class=\"alignleft size-full wp-image-12307\" title=\"arjoni-big-brother-albania\" src=\"http:\/\/www.visit-ulcinj.com\/blog\/wp-content\/uploads\/2009\/02\/arjoni-2.jpg\" alt=\"arjoni-big-brother-albania\" width=\"300\" height=\"205\" \/><\/a>Tradh\u00ebtia<\/span><\/strong><br \/>\n<em><span class=\"newsdate\">23\/02\/09 12:55<\/span><\/em><\/p>\n<p>Arjoni dhe Adelajda jan\u00eb ende n\u00eb tend\u00eb duke pritur q\u00eb t\u00eb mbaroj\u00eb turni i tyre. Ata vazhdojn\u00eb t\u00eb flasin p\u00ebr jet\u00ebt private t\u00eb tyre dhe marr\u00ebdh\u00ebniet n\u00eb cift. Ai thot\u00eb se n\u00eb lidhjen e fundit nuk ka qen\u00eb shum\u00eb korrekt dhe shpesh e ka tradh\u00ebtuar at\u00eb dhe m\u00eb pas ja tregonte k\u00ebt\u00eb dhe asaj. Ai thot\u00eb se me k\u00ebto veprime e ka b\u00ebr\u00eb shum\u00eb t\u00eb vuaj\u00eb ish t\u00eb dashur\u00ebn e tij dhe se shum\u00eb gj\u00ebrave nuk u ka dh\u00ebn\u00eb r\u00ebnd\u00ebsin\u00eb e duhur. Tani q\u00eb \u00ebsht\u00eb rritur mendon se shum\u00eb veprime b\u00ebhen si pasoj\u00eb e mosh\u00ebs.<\/p>\n","protected":false},"excerpt":{"rendered":"<p>Tradh\u00ebtia 23\/02\/09 12:55 Arjoni dhe Adelajda jan\u00eb ende n\u00eb tend\u00eb duke pritur q\u00eb t\u00eb mbaroj\u00eb turni i tyre. Ata vazhdojn\u00eb t\u00eb flasin p\u00ebr jet\u00ebt private t\u00eb tyre dhe marr\u00ebdh\u00ebniet n\u00eb cift. Ai thot\u00eb se n\u00eb lidhjen e fundit nuk ka qen\u00eb shum\u00eb korrekt dhe shpesh e ka tradh\u00ebtuar at\u00eb dhe m\u00eb pas ja tregonte k\u00ebt\u00eb [&hellip;]<\/p>\n","protected":false},"author":1,"featured_media":0,"comment_status":"open","ping_status":"closed","sticky":false,"template":"","format":"standard","meta":{"spay_email":"","jetpack_publicize_message":"","jetpack_is_tweetstorm":false,"jetpack_publicize_feature_enabled":true},"categories":[6502],"tags":[6558,6738,5057,6506,6712,7129,6891,6693,6887,7192],"jetpack_publicize_connections":[],"yoast_head":"<!-- This site is optimized with the Yoast SEO plugin v19.1 - https:\/\/yoast.com\/wordpress\/plugins\/seo\/ -->\n<title>Arjoni - Tradh\u00c3\u00abtia - Big Brother Albania<\/title>\n<meta name=\"description\" content=\"Big Brother Albania - Arjoni dhe Adelajda jan\u00c3\u00ab ende n\u00c3\u00ab tend\u00c3\u00ab duke pritur q\u00c3\u00ab t\u00c3\u00ab mbaroj\u00c3\u00ab turni i tyre. Ata vazhdojn\u00c3\u00ab t\u00c3\u00ab flasin p\u00c3\u00abr jet\u00c3\u00abt private t\u00c3\u00ab tyre dhe marr\u00c3\u00abdh\u00c3\u00abniet n\u00c3\u00ab cift.\" \/>\n<meta name=\"robots\" content=\"index, follow, max-snippet:-1, max-image-preview:large, max-video-preview:-1\" \/>\n<link rel=\"canonical\" href=\"https:\/\/www.visit-ulcinj.com\/blog\/2009\/02\/26\/arjoni-tradhetia\/\" \/>\n<meta property=\"og:locale\" content=\"en_US\" \/>\n<meta property=\"og:type\" content=\"article\" \/>\n<meta property=\"og:title\" content=\"Arjoni - Tradh\u00c3\u00abtia - Big Brother Albania\" \/>\n<meta property=\"og:description\" content=\"Big Brother Albania - Arjoni dhe Adelajda jan\u00c3\u00ab ende n\u00c3\u00ab tend\u00c3\u00ab duke pritur q\u00c3\u00ab t\u00c3\u00ab mbaroj\u00c3\u00ab turni i tyre. Ata vazhdojn\u00c3\u00ab t\u00c3\u00ab flasin p\u00c3\u00abr jet\u00c3\u00abt private t\u00c3\u00ab tyre dhe marr\u00c3\u00abdh\u00c3\u00abniet n\u00c3\u00ab cift.\" \/>\n<meta property=\"og:url\" content=\"https:\/\/www.visit-ulcinj.com\/blog\/2009\/02\/26\/arjoni-tradhetia\/\" \/>\n<meta property=\"og:site_name\" content=\"Lajme nga Ulqini\" \/>\n<meta property=\"article:published_time\" content=\"2009-02-26T12:28:04+00:00\" \/>\n<meta property=\"og:image\" content=\"http:\/\/www.visit-ulcinj.com\/blog\/wp-content\/uploads\/2009\/02\/arjoni-2.jpg\" \/>\n<meta name=\"twitter:label1\" content=\"Written by\" \/>\n\t<meta name=\"twitter:data1\" content=\"ulqini\" \/>\n\t<meta name=\"twitter:label2\" content=\"Est. reading time\" \/>\n\t<meta name=\"twitter:data2\" content=\"1 minute\" \/>\n<script type=\"application\/ld+json\" class=\"yoast-schema-graph\">{\"@context\":\"https:\/\/schema.org\",\"@graph\":[{\"@type\":\"WebSite\",\"@id\":\"https:\/\/www.visit-ulcinj.com\/blog\/#website\",\"url\":\"https:\/\/www.visit-ulcinj.com\/blog\/\",\"name\":\"Lajme nga Ulqini\",\"description\":\"Lajme,Vijesti,Ulqini,Ulqin,Crna Gora,Mali i Zi\",\"potentialAction\":[{\"@type\":\"SearchAction\",\"target\":{\"@type\":\"EntryPoint\",\"urlTemplate\":\"https:\/\/www.visit-ulcinj.com\/blog\/?s={search_term_string}\"},\"query-input\":\"required name=search_term_string\"}],\"inLanguage\":\"en-US\"},{\"@type\":\"ImageObject\",\"inLanguage\":\"en-US\",\"@id\":\"https:\/\/www.visit-ulcinj.com\/blog\/2009\/02\/26\/arjoni-tradhetia\/#primaryimage\",\"url\":\"http:\/\/www.visit-ulcinj.com\/blog\/wp-content\/uploads\/2009\/02\/arjoni-2.jpg\",\"contentUrl\":\"http:\/\/www.visit-ulcinj.com\/blog\/wp-content\/uploads\/2009\/02\/arjoni-2.jpg\"},{\"@type\":\"WebPage\",\"@id\":\"https:\/\/www.visit-ulcinj.com\/blog\/2009\/02\/26\/arjoni-tradhetia\/#webpage\",\"url\":\"https:\/\/www.visit-ulcinj.com\/blog\/2009\/02\/26\/arjoni-tradhetia\/\",\"name\":\"Arjoni - Tradh\u00c3\u00abtia - Big Brother Albania\",\"isPartOf\":{\"@id\":\"https:\/\/www.visit-ulcinj.com\/blog\/#website\"},\"primaryImageOfPage\":{\"@id\":\"https:\/\/www.visit-ulcinj.com\/blog\/2009\/02\/26\/arjoni-tradhetia\/#primaryimage\"},\"datePublished\":\"2009-02-26T12:28:04+00:00\",\"dateModified\":\"2009-02-26T12:28:04+00:00\",\"author\":{\"@id\":\"https:\/\/www.visit-ulcinj.com\/blog\/#\/schema\/person\/dcab619c614d3038751c63bc2aadc06d\"},\"description\":\"Big Brother Albania - Arjoni dhe Adelajda jan\u00c3\u00ab ende n\u00c3\u00ab tend\u00c3\u00ab duke pritur q\u00c3\u00ab t\u00c3\u00ab mbaroj\u00c3\u00ab turni i tyre. Ata vazhdojn\u00c3\u00ab t\u00c3\u00ab flasin p\u00c3\u00abr jet\u00c3\u00abt private t\u00c3\u00ab tyre dhe marr\u00c3\u00abdh\u00c3\u00abniet n\u00c3\u00ab cift.\",\"breadcrumb\":{\"@id\":\"https:\/\/www.visit-ulcinj.com\/blog\/2009\/02\/26\/arjoni-tradhetia\/#breadcrumb\"},\"inLanguage\":\"en-US\",\"potentialAction\":[{\"@type\":\"ReadAction\",\"target\":[\"https:\/\/www.visit-ulcinj.com\/blog\/2009\/02\/26\/arjoni-tradhetia\/\"]}]},{\"@type\":\"BreadcrumbList\",\"@id\":\"https:\/\/www.visit-ulcinj.com\/blog\/2009\/02\/26\/arjoni-tradhetia\/#breadcrumb\",\"itemListElement\":[{\"@type\":\"ListItem\",\"position\":1,\"name\":\"Arjoni &#8211; Tradh\u00ebtia\"}]},{\"@type\":\"Person\",\"@id\":\"https:\/\/www.visit-ulcinj.com\/blog\/#\/schema\/person\/dcab619c614d3038751c63bc2aadc06d\",\"name\":\"ulqini\",\"sameAs\":[\"http:\/\/www.visit-ulcinj.com\"],\"url\":\"https:\/\/www.visit-ulcinj.com\/blog\/author\/admin\/\"}]}<\/script>\n<!-- \/ Yoast SEO plugin. -->","yoast_head_json":{"title":"Arjoni - Tradh\u00c3\u00abtia - Big Brother Albania","description":"Big Brother Albania - Arjoni dhe Adelajda jan\u00c3\u00ab ende n\u00c3\u00ab tend\u00c3\u00ab duke pritur q\u00c3\u00ab t\u00c3\u00ab mbaroj\u00c3\u00ab turni i tyre. Ata vazhdojn\u00c3\u00ab t\u00c3\u00ab flasin p\u00c3\u00abr jet\u00c3\u00abt private t\u00c3\u00ab tyre dhe marr\u00c3\u00abdh\u00c3\u00abniet n\u00c3\u00ab cift.","robots":{"index":"index","follow":"follow","max-snippet":"max-snippet:-1","max-image-preview":"max-image-preview:large","max-video-preview":"max-video-preview:-1"},"canonical":"https:\/\/www.visit-ulcinj.com\/blog\/2009\/02\/26\/arjoni-tradhetia\/","og_locale":"en_US","og_type":"article","og_title":"Arjoni - Tradh\u00c3\u00abtia - Big Brother Albania","og_description":"Big Brother Albania - Arjoni dhe Adelajda jan\u00c3\u00ab ende n\u00c3\u00ab tend\u00c3\u00ab duke pritur q\u00c3\u00ab t\u00c3\u00ab mbaroj\u00c3\u00ab turni i tyre. Ata vazhdojn\u00c3\u00ab t\u00c3\u00ab flasin p\u00c3\u00abr jet\u00c3\u00abt private t\u00c3\u00ab tyre dhe marr\u00c3\u00abdh\u00c3\u00abniet n\u00c3\u00ab cift.","og_url":"https:\/\/www.visit-ulcinj.com\/blog\/2009\/02\/26\/arjoni-tradhetia\/","og_site_name":"Lajme nga Ulqini","article_published_time":"2009-02-26T12:28:04+00:00","og_image":[{"url":"http:\/\/www.visit-ulcinj.com\/blog\/wp-content\/uploads\/2009\/02\/arjoni-2.jpg"}],"twitter_misc":{"Written by":"ulqini","Est. reading time":"1 minute"},"schema":{"@context":"https:\/\/schema.org","@graph":[{"@type":"WebSite","@id":"https:\/\/www.visit-ulcinj.com\/blog\/#website","url":"https:\/\/www.visit-ulcinj.com\/blog\/","name":"Lajme nga Ulqini","description":"Lajme,Vijesti,Ulqini,Ulqin,Crna Gora,Mali i Zi","potentialAction":[{"@type":"SearchAction","target":{"@type":"EntryPoint","urlTemplate":"https:\/\/www.visit-ulcinj.com\/blog\/?s={search_term_string}"},"query-input":"required name=search_term_string"}],"inLanguage":"en-US"},{"@type":"ImageObject","inLanguage":"en-US","@id":"https:\/\/www.visit-ulcinj.com\/blog\/2009\/02\/26\/arjoni-tradhetia\/#primaryimage","url":"http:\/\/www.visit-ulcinj.com\/blog\/wp-content\/uploads\/2009\/02\/arjoni-2.jpg","contentUrl":"http:\/\/www.visit-ulcinj.com\/blog\/wp-content\/uploads\/2009\/02\/arjoni-2.jpg"},{"@type":"WebPage","@id":"https:\/\/www.visit-ulcinj.com\/blog\/2009\/02\/26\/arjoni-tradhetia\/#webpage","url":"https:\/\/www.visit-ulcinj.com\/blog\/2009\/02\/26\/arjoni-tradhetia\/","name":"Arjoni - Tradh\u00c3\u00abtia - Big Brother Albania","isPartOf":{"@id":"https:\/\/www.visit-ulcinj.com\/blog\/#website"},"primaryImageOfPage":{"@id":"https:\/\/www.visit-ulcinj.com\/blog\/2009\/02\/26\/arjoni-tradhetia\/#primaryimage"},"datePublished":"2009-02-26T12:28:04+00:00","dateModified":"2009-02-26T12:28:04+00:00","author":{"@id":"https:\/\/www.visit-ulcinj.com\/blog\/#\/schema\/person\/dcab619c614d3038751c63bc2aadc06d"},"description":"Big Brother Albania - Arjoni dhe Adelajda jan\u00c3\u00ab ende n\u00c3\u00ab tend\u00c3\u00ab duke pritur q\u00c3\u00ab t\u00c3\u00ab mbaroj\u00c3\u00ab turni i tyre. Ata vazhdojn\u00c3\u00ab t\u00c3\u00ab flasin p\u00c3\u00abr jet\u00c3\u00abt private t\u00c3\u00ab tyre dhe marr\u00c3\u00abdh\u00c3\u00abniet n\u00c3\u00ab cift.","breadcrumb":{"@id":"https:\/\/www.visit-ulcinj.com\/blog\/2009\/02\/26\/arjoni-tradhetia\/#breadcrumb"},"inLanguage":"en-US","potentialAction":[{"@type":"ReadAction","target":["https:\/\/www.visit-ulcinj.com\/blog\/2009\/02\/26\/arjoni-tradhetia\/"]}]},{"@type":"BreadcrumbList","@id":"https:\/\/www.visit-ulcinj.com\/blog\/2009\/02\/26\/arjoni-tradhetia\/#breadcrumb","itemListElement":[{"@type":"ListItem","position":1,"name":"Arjoni &#8211; Tradh\u00ebtia"}]},{"@type":"Person","@id":"https:\/\/www.visit-ulcinj.com\/blog\/#\/schema\/person\/dcab619c614d3038751c63bc2aadc06d","name":"ulqini","sameAs":["http:\/\/www.visit-ulcinj.com"],"url":"https:\/\/www.visit-ulcinj.com\/blog\/author\/admin\/"}]}},"jetpack_featured_media_url":"","jetpack_sharing_enabled":true,"jetpack_shortlink":"https:\/\/wp.me\/pe6lTn-3cu","_links":{"self":[{"href":"https:\/\/www.visit-ulcinj.com\/blog\/wp-json\/wp\/v2\/posts\/12306"}],"collection":[{"href":"https:\/\/www.visit-ulcinj.com\/blog\/wp-json\/wp\/v2\/posts"}],"about":[{"href":"https:\/\/www.visit-ulcinj.com\/blog\/wp-json\/wp\/v2\/types\/post"}],"author":[{"embeddable":true,"href":"https:\/\/www.visit-ulcinj.com\/blog\/wp-json\/wp\/v2\/users\/1"}],"replies":[{"embeddable":true,"href":"https:\/\/www.visit-ulcinj.com\/blog\/wp-json\/wp\/v2\/comments?post=12306"}],"version-history":[{"count":0,"href":"https:\/\/www.visit-ulcinj.com\/blog\/wp-json\/wp\/v2\/posts\/12306\/revisions"}],"wp:attachment":[{"href":"https:\/\/www.visit-ulcinj.com\/blog\/wp-json\/wp\/v2\/media?parent=12306"}],"wp:term":[{"taxonomy":"category","embeddable":true,"href":"https:\/\/www.visit-ulcinj.com\/blog\/wp-json\/wp\/v2\/categories?post=12306"},{"taxonomy":"post_tag","embeddable":true,"href":"https:\/\/www.visit-ulcinj.com\/blog\/wp-json\/wp\/v2\/tags?post=12306"}],"curies":[{"name":"wp","href":"https:\/\/api.w.org\/{rel}","templated":true}]}}