{"id":12309,"date":"2009-02-26T13:30:51","date_gmt":"2009-02-26T12:30:51","guid":{"rendered":"http:\/\/www.visit-ulcinj.com\/blog\/?p=12309"},"modified":"2009-02-26T13:30:51","modified_gmt":"2009-02-26T12:30:51","slug":"shaka-dhe-te-verteta","status":"publish","type":"post","link":"https:\/\/www.visit-ulcinj.com\/blog\/2009\/02\/26\/shaka-dhe-te-verteta\/","title":{"rendered":"Shaka dhe t\u00eb v\u00ebrteta"},"content":{"rendered":"<p><em><span class=\"newsdate\"><a href=\"http:\/\/www.visit-ulcinj.com\/blog\/wp-content\/uploads\/2009\/02\/bika-2.jpg\"><img loading=\"lazy\" class=\"alignleft size-full wp-image-12310\" title=\"bika-big-brother-albania\" src=\"http:\/\/www.visit-ulcinj.com\/blog\/wp-content\/uploads\/2009\/02\/bika-2.jpg\" alt=\"bika-big-brother-albania\" width=\"300\" height=\"205\" \/><\/a>23\/02\/09 16:16<\/span><\/em><\/p>\n<p>Aida, Bika dhe Arjoni jan\u00eb n\u00eb kuzhin\u00eb duke p\u00ebrgatitur drek\u00ebn. Ata shk\u00ebmbejn\u00eb batuta me njeri-tjetrin duke sjell\u00eb atmosfer\u00eb t\u00eb k\u00ebndshme n\u00eb sht\u00ebpi. Aida komenton me habi se Bika po qesh kurse ajo ja kthen se nuk \u00ebsht\u00eb aq serioze sa duket. Arjoni pason habin\u00eb e Aid\u00ebs duke th\u00ebn\u00eb se mund t\u00eb dal\u00eb ai k\u00ebt\u00eb jav\u00eb, p\u00ebrderisa po ndodhin cudi. Duke vazhduar shakat\u00eb mes tyre, Aida v\u00eb re dhe i thot\u00eb Arjonit se Bika ka filluar ta ket\u00eb xhan at\u00eb sepse ka filluar t\u00eb b\u00ebj\u00eb batuta me t\u00eb, nd\u00ebrsa me vet\u00eb Aid\u00ebn kishte koh\u00eb qe i b\u00ebnte. Por, Arjoni thot\u00eb se Bika e ka patur xhan q\u00eb dit\u00ebn e par\u00eb dhe Aida nuk e ka kuptuar, kurse Bika i thot\u00eb se as ai nuk e ka kuptuar k\u00ebt\u00eb gj\u00eb. Bika i tregon Arionit se tani ka ndryshuar mendim p\u00ebr t\u00eb dhe se do ken\u00eb koh\u00eb t\u00eb flasin p\u00ebr k\u00ebt\u00eb c\u00ebshtje. Arjoni i thot\u00eb se ka po t\u00eb nj\u00ebjtin mendim q\u00eb ka patur q\u00eb n\u00eb fillim p\u00ebr t\u00eb, por jo antipati.<\/p>\n","protected":false},"excerpt":{"rendered":"<p>23\/02\/09 16:16 Aida, Bika dhe Arjoni jan\u00eb n\u00eb kuzhin\u00eb duke p\u00ebrgatitur drek\u00ebn. Ata shk\u00ebmbejn\u00eb batuta me njeri-tjetrin duke sjell\u00eb atmosfer\u00eb t\u00eb k\u00ebndshme n\u00eb sht\u00ebpi. Aida komenton me habi se Bika po qesh kurse ajo ja kthen se nuk \u00ebsht\u00eb aq serioze sa duket. Arjoni pason habin\u00eb e Aid\u00ebs duke th\u00ebn\u00eb se mund t\u00eb dal\u00eb ai [&hellip;]<\/p>\n","protected":false},"author":1,"featured_media":0,"comment_status":"open","ping_status":"closed","sticky":false,"template":"","format":"standard","meta":{"spay_email":"","jetpack_publicize_message":"","jetpack_is_tweetstorm":false,"jetpack_publicize_feature_enabled":true},"categories":[6502],"tags":[6566,6558,6738,5057,6506,6712,7129,6740,262,7193,6891,6693,6887],"jetpack_publicize_connections":[],"yoast_head":"<!-- This site is optimized with the Yoast SEO plugin v19.1 - https:\/\/yoast.com\/wordpress\/plugins\/seo\/ -->\n<title>Shaka dhe t\u00c3\u00ab v\u00c3\u00abrteta - Big Brother Albania<\/title>\n<meta name=\"description\" content=\"Big Brother Albania -\" \/>\n<meta name=\"robots\" content=\"index, follow, max-snippet:-1, max-image-preview:large, max-video-preview:-1\" \/>\n<link rel=\"canonical\" href=\"https:\/\/www.visit-ulcinj.com\/blog\/2009\/02\/26\/shaka-dhe-te-verteta\/\" \/>\n<meta property=\"og:locale\" content=\"en_US\" \/>\n<meta property=\"og:type\" content=\"article\" \/>\n<meta property=\"og:title\" content=\"Shaka dhe t\u00c3\u00ab v\u00c3\u00abrteta - Big Brother Albania\" \/>\n<meta property=\"og:description\" content=\"Big Brother Albania -\" \/>\n<meta property=\"og:url\" content=\"https:\/\/www.visit-ulcinj.com\/blog\/2009\/02\/26\/shaka-dhe-te-verteta\/\" \/>\n<meta property=\"og:site_name\" content=\"Lajme nga Ulqini\" \/>\n<meta property=\"article:published_time\" content=\"2009-02-26T12:30:51+00:00\" \/>\n<meta property=\"og:image\" content=\"http:\/\/www.visit-ulcinj.com\/blog\/wp-content\/uploads\/2009\/02\/bika-2.jpg\" \/>\n<meta name=\"twitter:label1\" content=\"Written by\" \/>\n\t<meta name=\"twitter:data1\" content=\"ulqini\" \/>\n\t<meta name=\"twitter:label2\" content=\"Est. reading time\" \/>\n\t<meta name=\"twitter:data2\" content=\"1 minute\" \/>\n<script type=\"application\/ld+json\" class=\"yoast-schema-graph\">{\"@context\":\"https:\/\/schema.org\",\"@graph\":[{\"@type\":\"WebSite\",\"@id\":\"https:\/\/www.visit-ulcinj.com\/blog\/#website\",\"url\":\"https:\/\/www.visit-ulcinj.com\/blog\/\",\"name\":\"Lajme nga Ulqini\",\"description\":\"Lajme,Vijesti,Ulqini,Ulqin,Crna Gora,Mali i Zi\",\"potentialAction\":[{\"@type\":\"SearchAction\",\"target\":{\"@type\":\"EntryPoint\",\"urlTemplate\":\"https:\/\/www.visit-ulcinj.com\/blog\/?s={search_term_string}\"},\"query-input\":\"required name=search_term_string\"}],\"inLanguage\":\"en-US\"},{\"@type\":\"ImageObject\",\"inLanguage\":\"en-US\",\"@id\":\"https:\/\/www.visit-ulcinj.com\/blog\/2009\/02\/26\/shaka-dhe-te-verteta\/#primaryimage\",\"url\":\"http:\/\/www.visit-ulcinj.com\/blog\/wp-content\/uploads\/2009\/02\/bika-2.jpg\",\"contentUrl\":\"http:\/\/www.visit-ulcinj.com\/blog\/wp-content\/uploads\/2009\/02\/bika-2.jpg\"},{\"@type\":\"WebPage\",\"@id\":\"https:\/\/www.visit-ulcinj.com\/blog\/2009\/02\/26\/shaka-dhe-te-verteta\/#webpage\",\"url\":\"https:\/\/www.visit-ulcinj.com\/blog\/2009\/02\/26\/shaka-dhe-te-verteta\/\",\"name\":\"Shaka dhe t\u00c3\u00ab v\u00c3\u00abrteta - Big Brother Albania\",\"isPartOf\":{\"@id\":\"https:\/\/www.visit-ulcinj.com\/blog\/#website\"},\"primaryImageOfPage\":{\"@id\":\"https:\/\/www.visit-ulcinj.com\/blog\/2009\/02\/26\/shaka-dhe-te-verteta\/#primaryimage\"},\"datePublished\":\"2009-02-26T12:30:51+00:00\",\"dateModified\":\"2009-02-26T12:30:51+00:00\",\"author\":{\"@id\":\"https:\/\/www.visit-ulcinj.com\/blog\/#\/schema\/person\/dcab619c614d3038751c63bc2aadc06d\"},\"description\":\"Big Brother Albania -\",\"breadcrumb\":{\"@id\":\"https:\/\/www.visit-ulcinj.com\/blog\/2009\/02\/26\/shaka-dhe-te-verteta\/#breadcrumb\"},\"inLanguage\":\"en-US\",\"potentialAction\":[{\"@type\":\"ReadAction\",\"target\":[\"https:\/\/www.visit-ulcinj.com\/blog\/2009\/02\/26\/shaka-dhe-te-verteta\/\"]}]},{\"@type\":\"BreadcrumbList\",\"@id\":\"https:\/\/www.visit-ulcinj.com\/blog\/2009\/02\/26\/shaka-dhe-te-verteta\/#breadcrumb\",\"itemListElement\":[{\"@type\":\"ListItem\",\"position\":1,\"name\":\"Shaka dhe t\u00eb v\u00ebrteta\"}]},{\"@type\":\"Person\",\"@id\":\"https:\/\/www.visit-ulcinj.com\/blog\/#\/schema\/person\/dcab619c614d3038751c63bc2aadc06d\",\"name\":\"ulqini\",\"sameAs\":[\"http:\/\/www.visit-ulcinj.com\"],\"url\":\"https:\/\/www.visit-ulcinj.com\/blog\/author\/admin\/\"}]}<\/script>\n<!-- \/ Yoast SEO plugin. -->","yoast_head_json":{"title":"Shaka dhe t\u00c3\u00ab v\u00c3\u00abrteta - Big Brother Albania","description":"Big Brother Albania -","robots":{"index":"index","follow":"follow","max-snippet":"max-snippet:-1","max-image-preview":"max-image-preview:large","max-video-preview":"max-video-preview:-1"},"canonical":"https:\/\/www.visit-ulcinj.com\/blog\/2009\/02\/26\/shaka-dhe-te-verteta\/","og_locale":"en_US","og_type":"article","og_title":"Shaka dhe t\u00c3\u00ab v\u00c3\u00abrteta - Big Brother Albania","og_description":"Big Brother Albania -","og_url":"https:\/\/www.visit-ulcinj.com\/blog\/2009\/02\/26\/shaka-dhe-te-verteta\/","og_site_name":"Lajme nga Ulqini","article_published_time":"2009-02-26T12:30:51+00:00","og_image":[{"url":"http:\/\/www.visit-ulcinj.com\/blog\/wp-content\/uploads\/2009\/02\/bika-2.jpg"}],"twitter_misc":{"Written by":"ulqini","Est. reading time":"1 minute"},"schema":{"@context":"https:\/\/schema.org","@graph":[{"@type":"WebSite","@id":"https:\/\/www.visit-ulcinj.com\/blog\/#website","url":"https:\/\/www.visit-ulcinj.com\/blog\/","name":"Lajme nga Ulqini","description":"Lajme,Vijesti,Ulqini,Ulqin,Crna Gora,Mali i Zi","potentialAction":[{"@type":"SearchAction","target":{"@type":"EntryPoint","urlTemplate":"https:\/\/www.visit-ulcinj.com\/blog\/?s={search_term_string}"},"query-input":"required name=search_term_string"}],"inLanguage":"en-US"},{"@type":"ImageObject","inLanguage":"en-US","@id":"https:\/\/www.visit-ulcinj.com\/blog\/2009\/02\/26\/shaka-dhe-te-verteta\/#primaryimage","url":"http:\/\/www.visit-ulcinj.com\/blog\/wp-content\/uploads\/2009\/02\/bika-2.jpg","contentUrl":"http:\/\/www.visit-ulcinj.com\/blog\/wp-content\/uploads\/2009\/02\/bika-2.jpg"},{"@type":"WebPage","@id":"https:\/\/www.visit-ulcinj.com\/blog\/2009\/02\/26\/shaka-dhe-te-verteta\/#webpage","url":"https:\/\/www.visit-ulcinj.com\/blog\/2009\/02\/26\/shaka-dhe-te-verteta\/","name":"Shaka dhe t\u00c3\u00ab v\u00c3\u00abrteta - Big Brother Albania","isPartOf":{"@id":"https:\/\/www.visit-ulcinj.com\/blog\/#website"},"primaryImageOfPage":{"@id":"https:\/\/www.visit-ulcinj.com\/blog\/2009\/02\/26\/shaka-dhe-te-verteta\/#primaryimage"},"datePublished":"2009-02-26T12:30:51+00:00","dateModified":"2009-02-26T12:30:51+00:00","author":{"@id":"https:\/\/www.visit-ulcinj.com\/blog\/#\/schema\/person\/dcab619c614d3038751c63bc2aadc06d"},"description":"Big Brother Albania -","breadcrumb":{"@id":"https:\/\/www.visit-ulcinj.com\/blog\/2009\/02\/26\/shaka-dhe-te-verteta\/#breadcrumb"},"inLanguage":"en-US","potentialAction":[{"@type":"ReadAction","target":["https:\/\/www.visit-ulcinj.com\/blog\/2009\/02\/26\/shaka-dhe-te-verteta\/"]}]},{"@type":"BreadcrumbList","@id":"https:\/\/www.visit-ulcinj.com\/blog\/2009\/02\/26\/shaka-dhe-te-verteta\/#breadcrumb","itemListElement":[{"@type":"ListItem","position":1,"name":"Shaka dhe t\u00eb v\u00ebrteta"}]},{"@type":"Person","@id":"https:\/\/www.visit-ulcinj.com\/blog\/#\/schema\/person\/dcab619c614d3038751c63bc2aadc06d","name":"ulqini","sameAs":["http:\/\/www.visit-ulcinj.com"],"url":"https:\/\/www.visit-ulcinj.com\/blog\/author\/admin\/"}]}},"jetpack_featured_media_url":"","jetpack_sharing_enabled":true,"jetpack_shortlink":"https:\/\/wp.me\/pe6lTn-3cx","_links":{"self":[{"href":"https:\/\/www.visit-ulcinj.com\/blog\/wp-json\/wp\/v2\/posts\/12309"}],"collection":[{"href":"https:\/\/www.visit-ulcinj.com\/blog\/wp-json\/wp\/v2\/posts"}],"about":[{"href":"https:\/\/www.visit-ulcinj.com\/blog\/wp-json\/wp\/v2\/types\/post"}],"author":[{"embeddable":true,"href":"https:\/\/www.visit-ulcinj.com\/blog\/wp-json\/wp\/v2\/users\/1"}],"replies":[{"embeddable":true,"href":"https:\/\/www.visit-ulcinj.com\/blog\/wp-json\/wp\/v2\/comments?post=12309"}],"version-history":[{"count":0,"href":"https:\/\/www.visit-ulcinj.com\/blog\/wp-json\/wp\/v2\/posts\/12309\/revisions"}],"wp:attachment":[{"href":"https:\/\/www.visit-ulcinj.com\/blog\/wp-json\/wp\/v2\/media?parent=12309"}],"wp:term":[{"taxonomy":"category","embeddable":true,"href":"https:\/\/www.visit-ulcinj.com\/blog\/wp-json\/wp\/v2\/categories?post=12309"},{"taxonomy":"post_tag","embeddable":true,"href":"https:\/\/www.visit-ulcinj.com\/blog\/wp-json\/wp\/v2\/tags?post=12309"}],"curies":[{"name":"wp","href":"https:\/\/api.w.org\/{rel}","templated":true}]}}