{"id":12312,"date":"2009-02-26T13:33:46","date_gmt":"2009-02-26T12:33:46","guid":{"rendered":"http:\/\/www.visit-ulcinj.com\/blog\/?p=12312"},"modified":"2009-02-26T13:33:46","modified_gmt":"2009-02-26T12:33:46","slug":"bjordi-feja-me-ndikon-shume","status":"publish","type":"post","link":"https:\/\/www.visit-ulcinj.com\/blog\/2009\/02\/26\/bjordi-feja-me-ndikon-shume\/","title":{"rendered":"Bjordi : Feja m\u00eb ndikon shum\u00eb"},"content":{"rendered":"<p><em><span class=\"newsdate\"><span style=\"font-style: normal;\"><a href=\"http:\/\/www.visit-ulcinj.com\/blog\/wp-content\/uploads\/2009\/02\/bjordi-dhe-adelajda.jpg\"><img loading=\"lazy\" class=\"alignleft size-full wp-image-12313\" title=\"bjordi-dhe-adelajda-big-brother-albania\" src=\"http:\/\/www.visit-ulcinj.com\/blog\/wp-content\/uploads\/2009\/02\/bjordi-dhe-adelajda.jpg\" alt=\"bjordi-dhe-adelajda-big-brother-albania\" width=\"300\" height=\"205\" \/><\/a><\/span>24\/02\/09 00:10<\/span><\/em><\/p>\n<p>Nj\u00eb bised\u00eb gjat\u00eb turnit t\u00eb rradh\u00ebs, mes Adelajdes dhe Bjordit, mbi ekzistenc\u00ebn ose jo t\u00eb dinosaur\u00ebve, \u00ebsht\u00eb kthyer n\u00eb nj\u00eb diskutim t\u00eb v\u00ebrtet\u00eb mes tyre. Gjithcka ka nisur me pyetjen e Bjordit drejtuar asaj, se cfar\u00eb mendon ajo kur shkon n\u00eb nj\u00eb muze dhe shikon kockat e nj\u00eb tiranosauri. \u201c Un\u00eb dyshoj!\u201d \u2013 ka th\u00ebn\u00eb Adelajde. Kaq ka mjaftuar q\u00eb notat dhe ritmet e bised\u00ebs t\u00eb ndryshojn\u00eb. Bjordi shfaqi gjat\u00eb gjith\u00eb koh\u00ebs habin\u00eb e tij sesi mund t\u00eb dyshoj\u00eb ajo n\u00eb fakte shkencore apo t\u00eb mos mendoj\u00eb asgj\u00eb n\u00eb lidhje me kockat e dinosaur\u00ebve. Adela vazhdonte t\u00eb ngulte k\u00ebmb\u00eb n\u00eb t\u00eb vet\u00ebn dhe q\u00eb nuk donte t\u00eb fliste as p\u00ebr fen\u00eb as p\u00ebr shkenc\u00ebn. \u201cNuk po flasim p\u00ebr fen\u00eb, -i tha Bjordi, po flasim cfar\u00eb mendon ti kur sheh kockat e nj\u00eb dinosauri.\u201d \u201cKu e di ti \u2013 ia ktheu Adela, q\u00eb ata nuk e groposur pak m\u00eb par\u00eb at\u00eb kock\u00ebn e pastaj kan\u00eb thirrur kamerat? Un\u00eb p\u00ebr vete dyshoj!\u201d Ajo vazhdoi duke th\u00ebn\u00eb se feja apo besimi q\u00eb ajo ka ndikojn\u00eb shum\u00eb n\u00eb mednimet e saj, prandaj i k\u00ebrkoi Bjordit t\u00eb mos i b\u00ebnte m\u00eb pyetje t\u00eb tilla se ajo ishte e influencuar nga feja.<\/p>\n","protected":false},"excerpt":{"rendered":"<p>24\/02\/09 00:10 Nj\u00eb bised\u00eb gjat\u00eb turnit t\u00eb rradh\u00ebs, mes Adelajdes dhe Bjordit, mbi ekzistenc\u00ebn ose jo t\u00eb dinosaur\u00ebve, \u00ebsht\u00eb kthyer n\u00eb nj\u00eb diskutim t\u00eb v\u00ebrtet\u00eb mes tyre. Gjithcka ka nisur me pyetjen e Bjordit drejtuar asaj, se cfar\u00eb mendon ajo kur shkon n\u00eb nj\u00eb muze dhe shikon kockat e nj\u00eb tiranosauri. \u201c Un\u00eb dyshoj!\u201d \u2013 [&hellip;]<\/p>\n","protected":false},"author":1,"featured_media":0,"comment_status":"open","ping_status":"closed","sticky":false,"template":"","format":"standard","meta":{"spay_email":"","jetpack_publicize_message":"","jetpack_is_tweetstorm":false,"jetpack_publicize_feature_enabled":true},"categories":[6502],"tags":[6562,5057,6506,6712,7129,6665,6891,6693,6887],"jetpack_publicize_connections":[],"yoast_head":"<!-- This site is optimized with the Yoast SEO plugin v19.1 - https:\/\/yoast.com\/wordpress\/plugins\/seo\/ -->\n<title>Bjordi : Feja m\u00c3\u00ab ndikon shum\u00c3\u00ab - Big Brother Albania<\/title>\n<meta name=\"description\" content=\"Big Brother Albania - Nj\u00c3\u00ab bised\u00c3\u00ab gjat\u00c3\u00ab turnit t\u00c3\u00ab rradh\u00c3\u00abs, mes Adelajdes dhe Bjordit, mbi ekzistenc\u00c3\u00abn ose jo t\u00c3\u00ab dinosaur\u00c3\u00abve, \u00c3\u00absht\u00c3\u00ab kthyer n\u00c3\u00ab nj\u00c3\u00ab diskutim t\u00c3\u00ab v\u00c3\u00abrtet\u00c3\u00ab mes tyre.\" \/>\n<meta name=\"robots\" content=\"index, follow, max-snippet:-1, max-image-preview:large, max-video-preview:-1\" \/>\n<link rel=\"canonical\" href=\"https:\/\/www.visit-ulcinj.com\/blog\/2009\/02\/26\/bjordi-feja-me-ndikon-shume\/\" \/>\n<meta property=\"og:locale\" content=\"en_US\" \/>\n<meta property=\"og:type\" content=\"article\" \/>\n<meta property=\"og:title\" content=\"Bjordi : Feja m\u00c3\u00ab ndikon shum\u00c3\u00ab - Big Brother Albania\" \/>\n<meta property=\"og:description\" content=\"Big Brother Albania - Nj\u00c3\u00ab bised\u00c3\u00ab gjat\u00c3\u00ab turnit t\u00c3\u00ab rradh\u00c3\u00abs, mes Adelajdes dhe Bjordit, mbi ekzistenc\u00c3\u00abn ose jo t\u00c3\u00ab dinosaur\u00c3\u00abve, \u00c3\u00absht\u00c3\u00ab kthyer n\u00c3\u00ab nj\u00c3\u00ab diskutim t\u00c3\u00ab v\u00c3\u00abrtet\u00c3\u00ab mes tyre.\" \/>\n<meta property=\"og:url\" content=\"https:\/\/www.visit-ulcinj.com\/blog\/2009\/02\/26\/bjordi-feja-me-ndikon-shume\/\" \/>\n<meta property=\"og:site_name\" content=\"Lajme nga Ulqini\" \/>\n<meta property=\"article:published_time\" content=\"2009-02-26T12:33:46+00:00\" \/>\n<meta property=\"og:image\" content=\"http:\/\/www.visit-ulcinj.com\/blog\/wp-content\/uploads\/2009\/02\/bjordi-dhe-adelajda.jpg\" \/>\n<meta name=\"twitter:label1\" content=\"Written by\" \/>\n\t<meta name=\"twitter:data1\" content=\"ulqini\" \/>\n\t<meta name=\"twitter:label2\" content=\"Est. reading time\" \/>\n\t<meta name=\"twitter:data2\" content=\"1 minute\" \/>\n<script type=\"application\/ld+json\" class=\"yoast-schema-graph\">{\"@context\":\"https:\/\/schema.org\",\"@graph\":[{\"@type\":\"WebSite\",\"@id\":\"https:\/\/www.visit-ulcinj.com\/blog\/#website\",\"url\":\"https:\/\/www.visit-ulcinj.com\/blog\/\",\"name\":\"Lajme nga Ulqini\",\"description\":\"Lajme,Vijesti,Ulqini,Ulqin,Crna Gora,Mali i Zi\",\"potentialAction\":[{\"@type\":\"SearchAction\",\"target\":{\"@type\":\"EntryPoint\",\"urlTemplate\":\"https:\/\/www.visit-ulcinj.com\/blog\/?s={search_term_string}\"},\"query-input\":\"required name=search_term_string\"}],\"inLanguage\":\"en-US\"},{\"@type\":\"ImageObject\",\"inLanguage\":\"en-US\",\"@id\":\"https:\/\/www.visit-ulcinj.com\/blog\/2009\/02\/26\/bjordi-feja-me-ndikon-shume\/#primaryimage\",\"url\":\"http:\/\/www.visit-ulcinj.com\/blog\/wp-content\/uploads\/2009\/02\/bjordi-dhe-adelajda.jpg\",\"contentUrl\":\"http:\/\/www.visit-ulcinj.com\/blog\/wp-content\/uploads\/2009\/02\/bjordi-dhe-adelajda.jpg\"},{\"@type\":\"WebPage\",\"@id\":\"https:\/\/www.visit-ulcinj.com\/blog\/2009\/02\/26\/bjordi-feja-me-ndikon-shume\/#webpage\",\"url\":\"https:\/\/www.visit-ulcinj.com\/blog\/2009\/02\/26\/bjordi-feja-me-ndikon-shume\/\",\"name\":\"Bjordi : Feja m\u00c3\u00ab ndikon shum\u00c3\u00ab - Big Brother Albania\",\"isPartOf\":{\"@id\":\"https:\/\/www.visit-ulcinj.com\/blog\/#website\"},\"primaryImageOfPage\":{\"@id\":\"https:\/\/www.visit-ulcinj.com\/blog\/2009\/02\/26\/bjordi-feja-me-ndikon-shume\/#primaryimage\"},\"datePublished\":\"2009-02-26T12:33:46+00:00\",\"dateModified\":\"2009-02-26T12:33:46+00:00\",\"author\":{\"@id\":\"https:\/\/www.visit-ulcinj.com\/blog\/#\/schema\/person\/dcab619c614d3038751c63bc2aadc06d\"},\"description\":\"Big Brother Albania - Nj\u00c3\u00ab bised\u00c3\u00ab gjat\u00c3\u00ab turnit t\u00c3\u00ab rradh\u00c3\u00abs, mes Adelajdes dhe Bjordit, mbi ekzistenc\u00c3\u00abn ose jo t\u00c3\u00ab dinosaur\u00c3\u00abve, \u00c3\u00absht\u00c3\u00ab kthyer n\u00c3\u00ab nj\u00c3\u00ab diskutim t\u00c3\u00ab v\u00c3\u00abrtet\u00c3\u00ab mes tyre.\",\"breadcrumb\":{\"@id\":\"https:\/\/www.visit-ulcinj.com\/blog\/2009\/02\/26\/bjordi-feja-me-ndikon-shume\/#breadcrumb\"},\"inLanguage\":\"en-US\",\"potentialAction\":[{\"@type\":\"ReadAction\",\"target\":[\"https:\/\/www.visit-ulcinj.com\/blog\/2009\/02\/26\/bjordi-feja-me-ndikon-shume\/\"]}]},{\"@type\":\"BreadcrumbList\",\"@id\":\"https:\/\/www.visit-ulcinj.com\/blog\/2009\/02\/26\/bjordi-feja-me-ndikon-shume\/#breadcrumb\",\"itemListElement\":[{\"@type\":\"ListItem\",\"position\":1,\"name\":\"Bjordi : Feja m\u00eb ndikon shum\u00eb\"}]},{\"@type\":\"Person\",\"@id\":\"https:\/\/www.visit-ulcinj.com\/blog\/#\/schema\/person\/dcab619c614d3038751c63bc2aadc06d\",\"name\":\"ulqini\",\"sameAs\":[\"http:\/\/www.visit-ulcinj.com\"],\"url\":\"https:\/\/www.visit-ulcinj.com\/blog\/author\/admin\/\"}]}<\/script>\n<!-- \/ Yoast SEO plugin. -->","yoast_head_json":{"title":"Bjordi : Feja m\u00c3\u00ab ndikon shum\u00c3\u00ab - Big Brother Albania","description":"Big Brother Albania - Nj\u00c3\u00ab bised\u00c3\u00ab gjat\u00c3\u00ab turnit t\u00c3\u00ab rradh\u00c3\u00abs, mes Adelajdes dhe Bjordit, mbi ekzistenc\u00c3\u00abn ose jo t\u00c3\u00ab dinosaur\u00c3\u00abve, \u00c3\u00absht\u00c3\u00ab kthyer n\u00c3\u00ab nj\u00c3\u00ab diskutim t\u00c3\u00ab v\u00c3\u00abrtet\u00c3\u00ab mes tyre.","robots":{"index":"index","follow":"follow","max-snippet":"max-snippet:-1","max-image-preview":"max-image-preview:large","max-video-preview":"max-video-preview:-1"},"canonical":"https:\/\/www.visit-ulcinj.com\/blog\/2009\/02\/26\/bjordi-feja-me-ndikon-shume\/","og_locale":"en_US","og_type":"article","og_title":"Bjordi : Feja m\u00c3\u00ab ndikon shum\u00c3\u00ab - Big Brother Albania","og_description":"Big Brother Albania - Nj\u00c3\u00ab bised\u00c3\u00ab gjat\u00c3\u00ab turnit t\u00c3\u00ab rradh\u00c3\u00abs, mes Adelajdes dhe Bjordit, mbi ekzistenc\u00c3\u00abn ose jo t\u00c3\u00ab dinosaur\u00c3\u00abve, \u00c3\u00absht\u00c3\u00ab kthyer n\u00c3\u00ab nj\u00c3\u00ab diskutim t\u00c3\u00ab v\u00c3\u00abrtet\u00c3\u00ab mes tyre.","og_url":"https:\/\/www.visit-ulcinj.com\/blog\/2009\/02\/26\/bjordi-feja-me-ndikon-shume\/","og_site_name":"Lajme nga Ulqini","article_published_time":"2009-02-26T12:33:46+00:00","og_image":[{"url":"http:\/\/www.visit-ulcinj.com\/blog\/wp-content\/uploads\/2009\/02\/bjordi-dhe-adelajda.jpg"}],"twitter_misc":{"Written by":"ulqini","Est. reading time":"1 minute"},"schema":{"@context":"https:\/\/schema.org","@graph":[{"@type":"WebSite","@id":"https:\/\/www.visit-ulcinj.com\/blog\/#website","url":"https:\/\/www.visit-ulcinj.com\/blog\/","name":"Lajme nga Ulqini","description":"Lajme,Vijesti,Ulqini,Ulqin,Crna Gora,Mali i Zi","potentialAction":[{"@type":"SearchAction","target":{"@type":"EntryPoint","urlTemplate":"https:\/\/www.visit-ulcinj.com\/blog\/?s={search_term_string}"},"query-input":"required name=search_term_string"}],"inLanguage":"en-US"},{"@type":"ImageObject","inLanguage":"en-US","@id":"https:\/\/www.visit-ulcinj.com\/blog\/2009\/02\/26\/bjordi-feja-me-ndikon-shume\/#primaryimage","url":"http:\/\/www.visit-ulcinj.com\/blog\/wp-content\/uploads\/2009\/02\/bjordi-dhe-adelajda.jpg","contentUrl":"http:\/\/www.visit-ulcinj.com\/blog\/wp-content\/uploads\/2009\/02\/bjordi-dhe-adelajda.jpg"},{"@type":"WebPage","@id":"https:\/\/www.visit-ulcinj.com\/blog\/2009\/02\/26\/bjordi-feja-me-ndikon-shume\/#webpage","url":"https:\/\/www.visit-ulcinj.com\/blog\/2009\/02\/26\/bjordi-feja-me-ndikon-shume\/","name":"Bjordi : Feja m\u00c3\u00ab ndikon shum\u00c3\u00ab - Big Brother Albania","isPartOf":{"@id":"https:\/\/www.visit-ulcinj.com\/blog\/#website"},"primaryImageOfPage":{"@id":"https:\/\/www.visit-ulcinj.com\/blog\/2009\/02\/26\/bjordi-feja-me-ndikon-shume\/#primaryimage"},"datePublished":"2009-02-26T12:33:46+00:00","dateModified":"2009-02-26T12:33:46+00:00","author":{"@id":"https:\/\/www.visit-ulcinj.com\/blog\/#\/schema\/person\/dcab619c614d3038751c63bc2aadc06d"},"description":"Big Brother Albania - Nj\u00c3\u00ab bised\u00c3\u00ab gjat\u00c3\u00ab turnit t\u00c3\u00ab rradh\u00c3\u00abs, mes Adelajdes dhe Bjordit, mbi ekzistenc\u00c3\u00abn ose jo t\u00c3\u00ab dinosaur\u00c3\u00abve, \u00c3\u00absht\u00c3\u00ab kthyer n\u00c3\u00ab nj\u00c3\u00ab diskutim t\u00c3\u00ab v\u00c3\u00abrtet\u00c3\u00ab mes tyre.","breadcrumb":{"@id":"https:\/\/www.visit-ulcinj.com\/blog\/2009\/02\/26\/bjordi-feja-me-ndikon-shume\/#breadcrumb"},"inLanguage":"en-US","potentialAction":[{"@type":"ReadAction","target":["https:\/\/www.visit-ulcinj.com\/blog\/2009\/02\/26\/bjordi-feja-me-ndikon-shume\/"]}]},{"@type":"BreadcrumbList","@id":"https:\/\/www.visit-ulcinj.com\/blog\/2009\/02\/26\/bjordi-feja-me-ndikon-shume\/#breadcrumb","itemListElement":[{"@type":"ListItem","position":1,"name":"Bjordi : Feja m\u00eb ndikon shum\u00eb"}]},{"@type":"Person","@id":"https:\/\/www.visit-ulcinj.com\/blog\/#\/schema\/person\/dcab619c614d3038751c63bc2aadc06d","name":"ulqini","sameAs":["http:\/\/www.visit-ulcinj.com"],"url":"https:\/\/www.visit-ulcinj.com\/blog\/author\/admin\/"}]}},"jetpack_featured_media_url":"","jetpack_sharing_enabled":true,"jetpack_shortlink":"https:\/\/wp.me\/pe6lTn-3cA","_links":{"self":[{"href":"https:\/\/www.visit-ulcinj.com\/blog\/wp-json\/wp\/v2\/posts\/12312"}],"collection":[{"href":"https:\/\/www.visit-ulcinj.com\/blog\/wp-json\/wp\/v2\/posts"}],"about":[{"href":"https:\/\/www.visit-ulcinj.com\/blog\/wp-json\/wp\/v2\/types\/post"}],"author":[{"embeddable":true,"href":"https:\/\/www.visit-ulcinj.com\/blog\/wp-json\/wp\/v2\/users\/1"}],"replies":[{"embeddable":true,"href":"https:\/\/www.visit-ulcinj.com\/blog\/wp-json\/wp\/v2\/comments?post=12312"}],"version-history":[{"count":0,"href":"https:\/\/www.visit-ulcinj.com\/blog\/wp-json\/wp\/v2\/posts\/12312\/revisions"}],"wp:attachment":[{"href":"https:\/\/www.visit-ulcinj.com\/blog\/wp-json\/wp\/v2\/media?parent=12312"}],"wp:term":[{"taxonomy":"category","embeddable":true,"href":"https:\/\/www.visit-ulcinj.com\/blog\/wp-json\/wp\/v2\/categories?post=12312"},{"taxonomy":"post_tag","embeddable":true,"href":"https:\/\/www.visit-ulcinj.com\/blog\/wp-json\/wp\/v2\/tags?post=12312"}],"curies":[{"name":"wp","href":"https:\/\/api.w.org\/{rel}","templated":true}]}}