{"id":12315,"date":"2009-02-26T13:36:40","date_gmt":"2009-02-26T12:36:40","guid":{"rendered":"http:\/\/www.visit-ulcinj.com\/blog\/?p=12315"},"modified":"2009-02-26T13:36:40","modified_gmt":"2009-02-26T12:36:40","slug":"lirita-imiton-adelajden","status":"publish","type":"post","link":"https:\/\/www.visit-ulcinj.com\/blog\/2009\/02\/26\/lirita-imiton-adelajden\/","title":{"rendered":"Lirita imiton Adelajden"},"content":{"rendered":"<p><em><span class=\"newsdate\"><a href=\"http:\/\/www.visit-ulcinj.com\/blog\/wp-content\/uploads\/2009\/02\/aida-dhe-lirita1.jpg\"><img loading=\"lazy\" class=\"alignleft size-full wp-image-12316\" title=\"aida-dhe-lirita-big-brother-albania\" src=\"http:\/\/www.visit-ulcinj.com\/blog\/wp-content\/uploads\/2009\/02\/aida-dhe-lirita1.jpg\" alt=\"aida-dhe-lirita-big-brother-albania\" width=\"300\" height=\"205\" \/><\/a>24\/02\/09 00:30<\/span><\/em><\/p>\n<p>Nd\u00ebrsa Aida dhe Lirita ishin ulur jasht\u00eb duke folur, n\u00eb sfond d\u00ebgjohej z\u00ebri i Adelajdes q\u00eb diskutonte m\u00eb Bjordin. Pasi ndaluan nj\u00ebher\u00eb ta d\u00ebgjonin dhe qesh\u00ebn me t\u00eb madhe, Lirita b\u00ebri nj\u00eb imitim t\u00eb saj kur fliste dhe tha q\u00eb t\u00eb \u201cacaronte zorr\u00ebt\u201d. M\u00eb pas shtoi : \u201cKjo zysha \u00ebsht\u00eb si kanarin\u00eb e prishur!\u201d<\/p>\n","protected":false},"excerpt":{"rendered":"<p>24\/02\/09 00:30 Nd\u00ebrsa Aida dhe Lirita ishin ulur jasht\u00eb duke folur, n\u00eb sfond d\u00ebgjohej z\u00ebri i Adelajdes q\u00eb diskutonte m\u00eb Bjordin. Pasi ndaluan nj\u00ebher\u00eb ta d\u00ebgjonin dhe qesh\u00ebn me t\u00eb madhe, Lirita b\u00ebri nj\u00eb imitim t\u00eb saj kur fliste dhe tha q\u00eb t\u00eb \u201cacaronte zorr\u00ebt\u201d. M\u00eb pas shtoi : \u201cKjo zysha \u00ebsht\u00eb si kanarin\u00eb e [&hellip;]<\/p>\n","protected":false},"author":1,"featured_media":0,"comment_status":"open","ping_status":"closed","sticky":false,"template":"","format":"standard","meta":{"spay_email":"","jetpack_publicize_message":"","jetpack_is_tweetstorm":false,"jetpack_publicize_feature_enabled":true},"categories":[6502],"tags":[7195,6566,5057,6506,6712,7129,6665,6567,7194,6891,6693,6887],"jetpack_publicize_connections":[],"yoast_head":"<!-- This site is optimized with the Yoast SEO plugin v19.1 - https:\/\/yoast.com\/wordpress\/plugins\/seo\/ -->\n<title>Lirita imiton Adelajden - Big Brother Albania<\/title>\n<meta name=\"description\" content=\"Big Brother Albania - Nd\u00c3\u00abrsa Aida dhe Lirita ishin ulur jasht\u00c3\u00ab duke folur, n\u00c3\u00ab sfond d\u00c3\u00abgjohej z\u00c3\u00abri i Adelajdes q\u00c3\u00ab diskutonte m\u00c3\u00ab Bjordin\" \/>\n<meta name=\"robots\" content=\"index, follow, max-snippet:-1, max-image-preview:large, max-video-preview:-1\" \/>\n<link rel=\"canonical\" href=\"https:\/\/www.visit-ulcinj.com\/blog\/2009\/02\/26\/lirita-imiton-adelajden\/\" \/>\n<meta property=\"og:locale\" content=\"en_US\" \/>\n<meta property=\"og:type\" content=\"article\" \/>\n<meta property=\"og:title\" content=\"Lirita imiton Adelajden - Big Brother Albania\" \/>\n<meta property=\"og:description\" content=\"Big Brother Albania - Nd\u00c3\u00abrsa Aida dhe Lirita ishin ulur jasht\u00c3\u00ab duke folur, n\u00c3\u00ab sfond d\u00c3\u00abgjohej z\u00c3\u00abri i Adelajdes q\u00c3\u00ab diskutonte m\u00c3\u00ab Bjordin\" \/>\n<meta property=\"og:url\" content=\"https:\/\/www.visit-ulcinj.com\/blog\/2009\/02\/26\/lirita-imiton-adelajden\/\" \/>\n<meta property=\"og:site_name\" content=\"Lajme nga Ulqini\" \/>\n<meta property=\"article:published_time\" content=\"2009-02-26T12:36:40+00:00\" \/>\n<meta property=\"og:image\" content=\"http:\/\/www.visit-ulcinj.com\/blog\/wp-content\/uploads\/2009\/02\/aida-dhe-lirita1.jpg\" \/>\n<meta name=\"twitter:label1\" content=\"Written by\" \/>\n\t<meta name=\"twitter:data1\" content=\"ulqini\" \/>\n<script type=\"application\/ld+json\" class=\"yoast-schema-graph\">{\"@context\":\"https:\/\/schema.org\",\"@graph\":[{\"@type\":\"WebSite\",\"@id\":\"https:\/\/www.visit-ulcinj.com\/blog\/#website\",\"url\":\"https:\/\/www.visit-ulcinj.com\/blog\/\",\"name\":\"Lajme nga Ulqini\",\"description\":\"Lajme,Vijesti,Ulqini,Ulqin,Crna Gora,Mali i Zi\",\"potentialAction\":[{\"@type\":\"SearchAction\",\"target\":{\"@type\":\"EntryPoint\",\"urlTemplate\":\"https:\/\/www.visit-ulcinj.com\/blog\/?s={search_term_string}\"},\"query-input\":\"required name=search_term_string\"}],\"inLanguage\":\"en-US\"},{\"@type\":\"ImageObject\",\"inLanguage\":\"en-US\",\"@id\":\"https:\/\/www.visit-ulcinj.com\/blog\/2009\/02\/26\/lirita-imiton-adelajden\/#primaryimage\",\"url\":\"http:\/\/www.visit-ulcinj.com\/blog\/wp-content\/uploads\/2009\/02\/aida-dhe-lirita1.jpg\",\"contentUrl\":\"http:\/\/www.visit-ulcinj.com\/blog\/wp-content\/uploads\/2009\/02\/aida-dhe-lirita1.jpg\"},{\"@type\":\"WebPage\",\"@id\":\"https:\/\/www.visit-ulcinj.com\/blog\/2009\/02\/26\/lirita-imiton-adelajden\/#webpage\",\"url\":\"https:\/\/www.visit-ulcinj.com\/blog\/2009\/02\/26\/lirita-imiton-adelajden\/\",\"name\":\"Lirita imiton Adelajden - Big Brother Albania\",\"isPartOf\":{\"@id\":\"https:\/\/www.visit-ulcinj.com\/blog\/#website\"},\"primaryImageOfPage\":{\"@id\":\"https:\/\/www.visit-ulcinj.com\/blog\/2009\/02\/26\/lirita-imiton-adelajden\/#primaryimage\"},\"datePublished\":\"2009-02-26T12:36:40+00:00\",\"dateModified\":\"2009-02-26T12:36:40+00:00\",\"author\":{\"@id\":\"https:\/\/www.visit-ulcinj.com\/blog\/#\/schema\/person\/dcab619c614d3038751c63bc2aadc06d\"},\"description\":\"Big Brother Albania - Nd\u00c3\u00abrsa Aida dhe Lirita ishin ulur jasht\u00c3\u00ab duke folur, n\u00c3\u00ab sfond d\u00c3\u00abgjohej z\u00c3\u00abri i Adelajdes q\u00c3\u00ab diskutonte m\u00c3\u00ab Bjordin\",\"breadcrumb\":{\"@id\":\"https:\/\/www.visit-ulcinj.com\/blog\/2009\/02\/26\/lirita-imiton-adelajden\/#breadcrumb\"},\"inLanguage\":\"en-US\",\"potentialAction\":[{\"@type\":\"ReadAction\",\"target\":[\"https:\/\/www.visit-ulcinj.com\/blog\/2009\/02\/26\/lirita-imiton-adelajden\/\"]}]},{\"@type\":\"BreadcrumbList\",\"@id\":\"https:\/\/www.visit-ulcinj.com\/blog\/2009\/02\/26\/lirita-imiton-adelajden\/#breadcrumb\",\"itemListElement\":[{\"@type\":\"ListItem\",\"position\":1,\"name\":\"Lirita imiton Adelajden\"}]},{\"@type\":\"Person\",\"@id\":\"https:\/\/www.visit-ulcinj.com\/blog\/#\/schema\/person\/dcab619c614d3038751c63bc2aadc06d\",\"name\":\"ulqini\",\"sameAs\":[\"http:\/\/www.visit-ulcinj.com\"],\"url\":\"https:\/\/www.visit-ulcinj.com\/blog\/author\/admin\/\"}]}<\/script>\n<!-- \/ Yoast SEO plugin. -->","yoast_head_json":{"title":"Lirita imiton Adelajden - Big Brother Albania","description":"Big Brother Albania - Nd\u00c3\u00abrsa Aida dhe Lirita ishin ulur jasht\u00c3\u00ab duke folur, n\u00c3\u00ab sfond d\u00c3\u00abgjohej z\u00c3\u00abri i Adelajdes q\u00c3\u00ab diskutonte m\u00c3\u00ab Bjordin","robots":{"index":"index","follow":"follow","max-snippet":"max-snippet:-1","max-image-preview":"max-image-preview:large","max-video-preview":"max-video-preview:-1"},"canonical":"https:\/\/www.visit-ulcinj.com\/blog\/2009\/02\/26\/lirita-imiton-adelajden\/","og_locale":"en_US","og_type":"article","og_title":"Lirita imiton Adelajden - Big Brother Albania","og_description":"Big Brother Albania - Nd\u00c3\u00abrsa Aida dhe Lirita ishin ulur jasht\u00c3\u00ab duke folur, n\u00c3\u00ab sfond d\u00c3\u00abgjohej z\u00c3\u00abri i Adelajdes q\u00c3\u00ab diskutonte m\u00c3\u00ab Bjordin","og_url":"https:\/\/www.visit-ulcinj.com\/blog\/2009\/02\/26\/lirita-imiton-adelajden\/","og_site_name":"Lajme nga Ulqini","article_published_time":"2009-02-26T12:36:40+00:00","og_image":[{"url":"http:\/\/www.visit-ulcinj.com\/blog\/wp-content\/uploads\/2009\/02\/aida-dhe-lirita1.jpg"}],"twitter_misc":{"Written by":"ulqini"},"schema":{"@context":"https:\/\/schema.org","@graph":[{"@type":"WebSite","@id":"https:\/\/www.visit-ulcinj.com\/blog\/#website","url":"https:\/\/www.visit-ulcinj.com\/blog\/","name":"Lajme nga Ulqini","description":"Lajme,Vijesti,Ulqini,Ulqin,Crna Gora,Mali i Zi","potentialAction":[{"@type":"SearchAction","target":{"@type":"EntryPoint","urlTemplate":"https:\/\/www.visit-ulcinj.com\/blog\/?s={search_term_string}"},"query-input":"required name=search_term_string"}],"inLanguage":"en-US"},{"@type":"ImageObject","inLanguage":"en-US","@id":"https:\/\/www.visit-ulcinj.com\/blog\/2009\/02\/26\/lirita-imiton-adelajden\/#primaryimage","url":"http:\/\/www.visit-ulcinj.com\/blog\/wp-content\/uploads\/2009\/02\/aida-dhe-lirita1.jpg","contentUrl":"http:\/\/www.visit-ulcinj.com\/blog\/wp-content\/uploads\/2009\/02\/aida-dhe-lirita1.jpg"},{"@type":"WebPage","@id":"https:\/\/www.visit-ulcinj.com\/blog\/2009\/02\/26\/lirita-imiton-adelajden\/#webpage","url":"https:\/\/www.visit-ulcinj.com\/blog\/2009\/02\/26\/lirita-imiton-adelajden\/","name":"Lirita imiton Adelajden - Big Brother Albania","isPartOf":{"@id":"https:\/\/www.visit-ulcinj.com\/blog\/#website"},"primaryImageOfPage":{"@id":"https:\/\/www.visit-ulcinj.com\/blog\/2009\/02\/26\/lirita-imiton-adelajden\/#primaryimage"},"datePublished":"2009-02-26T12:36:40+00:00","dateModified":"2009-02-26T12:36:40+00:00","author":{"@id":"https:\/\/www.visit-ulcinj.com\/blog\/#\/schema\/person\/dcab619c614d3038751c63bc2aadc06d"},"description":"Big Brother Albania - Nd\u00c3\u00abrsa Aida dhe Lirita ishin ulur jasht\u00c3\u00ab duke folur, n\u00c3\u00ab sfond d\u00c3\u00abgjohej z\u00c3\u00abri i Adelajdes q\u00c3\u00ab diskutonte m\u00c3\u00ab Bjordin","breadcrumb":{"@id":"https:\/\/www.visit-ulcinj.com\/blog\/2009\/02\/26\/lirita-imiton-adelajden\/#breadcrumb"},"inLanguage":"en-US","potentialAction":[{"@type":"ReadAction","target":["https:\/\/www.visit-ulcinj.com\/blog\/2009\/02\/26\/lirita-imiton-adelajden\/"]}]},{"@type":"BreadcrumbList","@id":"https:\/\/www.visit-ulcinj.com\/blog\/2009\/02\/26\/lirita-imiton-adelajden\/#breadcrumb","itemListElement":[{"@type":"ListItem","position":1,"name":"Lirita imiton Adelajden"}]},{"@type":"Person","@id":"https:\/\/www.visit-ulcinj.com\/blog\/#\/schema\/person\/dcab619c614d3038751c63bc2aadc06d","name":"ulqini","sameAs":["http:\/\/www.visit-ulcinj.com"],"url":"https:\/\/www.visit-ulcinj.com\/blog\/author\/admin\/"}]}},"jetpack_featured_media_url":"","jetpack_sharing_enabled":true,"jetpack_shortlink":"https:\/\/wp.me\/pe6lTn-3cD","_links":{"self":[{"href":"https:\/\/www.visit-ulcinj.com\/blog\/wp-json\/wp\/v2\/posts\/12315"}],"collection":[{"href":"https:\/\/www.visit-ulcinj.com\/blog\/wp-json\/wp\/v2\/posts"}],"about":[{"href":"https:\/\/www.visit-ulcinj.com\/blog\/wp-json\/wp\/v2\/types\/post"}],"author":[{"embeddable":true,"href":"https:\/\/www.visit-ulcinj.com\/blog\/wp-json\/wp\/v2\/users\/1"}],"replies":[{"embeddable":true,"href":"https:\/\/www.visit-ulcinj.com\/blog\/wp-json\/wp\/v2\/comments?post=12315"}],"version-history":[{"count":0,"href":"https:\/\/www.visit-ulcinj.com\/blog\/wp-json\/wp\/v2\/posts\/12315\/revisions"}],"wp:attachment":[{"href":"https:\/\/www.visit-ulcinj.com\/blog\/wp-json\/wp\/v2\/media?parent=12315"}],"wp:term":[{"taxonomy":"category","embeddable":true,"href":"https:\/\/www.visit-ulcinj.com\/blog\/wp-json\/wp\/v2\/categories?post=12315"},{"taxonomy":"post_tag","embeddable":true,"href":"https:\/\/www.visit-ulcinj.com\/blog\/wp-json\/wp\/v2\/tags?post=12315"}],"curies":[{"name":"wp","href":"https:\/\/api.w.org\/{rel}","templated":true}]}}