{"id":12318,"date":"2009-02-26T13:41:25","date_gmt":"2009-02-26T12:41:25","guid":{"rendered":"http:\/\/www.visit-ulcinj.com\/blog\/?p=12318"},"modified":"2009-02-26T13:41:25","modified_gmt":"2009-02-26T12:41:25","slug":"bjordi-e-adelajda-bejme-nje-udhetim-bashke","status":"publish","type":"post","link":"https:\/\/www.visit-ulcinj.com\/blog\/2009\/02\/26\/bjordi-e-adelajda-bejme-nje-udhetim-bashke\/","title":{"rendered":"Bjordi \u00eb Adelajda : B\u00ebjm\u00eb nj\u00eb udh\u00ebtim bashk\u00eb"},"content":{"rendered":"<p><em><span class=\"newsdate\"><a href=\"http:\/\/www.visit-ulcinj.com\/blog\/wp-content\/uploads\/2009\/02\/adelajda-ne-turn.jpg\"><img loading=\"lazy\" class=\"alignleft size-full wp-image-12319\" title=\"adelajda-ne-turn-big-brother-albania\" src=\"http:\/\/www.visit-ulcinj.com\/blog\/wp-content\/uploads\/2009\/02\/adelajda-ne-turn.jpg\" alt=\"adelajda-ne-turn-big-brother-albania\" width=\"300\" height=\"205\" \/><\/a>24\/02\/09 00:50<\/span><\/em><\/p>\n<p>Bjordi i ka th\u00ebn\u00eb Adelajdes se ai d\u00ebshironte q\u00eb ajo t\u00eb jetonte jasht\u00eb Shqip\u00ebris\u00eb p\u00ebr pak koh\u00eb. Ai mendonte se ajo kishte nevoj\u00eb p\u00ebr k\u00ebt\u00eb dhe se mund t\u2019i b\u00ebnte v\u00ebrtet mir\u00eb. Adelajda ka th\u00ebn\u00eb se dhe ajo e ka d\u00ebshiruar p\u00ebrher\u00eb p\u00ebr k\u00ebt\u00eb gj\u00eb. \u201cB\u00ebjm\u00eb nj\u00eb udh\u00ebtim bashk\u00eb!\u201d- i ka thn\u00eb Bjordi, duke premtuar se fillimisht do t\u00eb q\u00ebndronin pak n\u00eb Itali, pastaj do t\u00eb shikonin Anglin\u00eb e m\u00eb pas do ta \u00e7onte n\u00eb Paris. \u201cPo- i ka th\u00ebn\u00eb Adelajda duke qeshur, &#8211; kur t\u00eb m\u00eb dalin dokumentat!\u201d<\/p>\n<p>TCH<\/p>\n","protected":false},"excerpt":{"rendered":"<p>24\/02\/09 00:50 Bjordi i ka th\u00ebn\u00eb Adelajdes se ai d\u00ebshironte q\u00eb ajo t\u00eb jetonte jasht\u00eb Shqip\u00ebris\u00eb p\u00ebr pak koh\u00eb. Ai mendonte se ajo kishte nevoj\u00eb p\u00ebr k\u00ebt\u00eb dhe se mund t\u2019i b\u00ebnte v\u00ebrtet mir\u00eb. Adelajda ka th\u00ebn\u00eb se dhe ajo e ka d\u00ebshiruar p\u00ebrher\u00eb p\u00ebr k\u00ebt\u00eb gj\u00eb. \u201cB\u00ebjm\u00eb nj\u00eb udh\u00ebtim bashk\u00eb!\u201d- i ka thn\u00eb Bjordi, [&hellip;]<\/p>\n","protected":false},"author":1,"featured_media":0,"comment_status":"open","ping_status":"closed","sticky":false,"template":"","format":"standard","meta":{"spay_email":"","jetpack_publicize_message":"","jetpack_is_tweetstorm":false,"jetpack_publicize_feature_enabled":true},"categories":[6502],"tags":[6562,5057,6506,6712,7129,6665,6891,6693,6887,7196,7197],"jetpack_publicize_connections":[],"yoast_head":"<!-- This site is optimized with the Yoast SEO plugin v19.1 - https:\/\/yoast.com\/wordpress\/plugins\/seo\/ -->\n<title>Bjordi \u00c3\u00ab Adelajda - B\u00c3\u00abjm\u00c3\u00ab nj\u00c3\u00ab udh\u00c3\u00abtim bashk\u00c3\u00ab - Big Brother Albania<\/title>\n<meta name=\"description\" content=\"Big Brother Albania - Bjordi i ka th\u00c3\u00abn\u00c3\u00ab Adelajdes se ai d\u00c3\u00abshironte q\u00c3\u00ab ajo t\u00c3\u00ab jetonte jasht\u00c3\u00ab Shqip\u00c3\u00abris\u00c3\u00ab p\u00c3\u00abr pak koh\u00c3\u00ab.\" \/>\n<meta name=\"robots\" content=\"index, follow, max-snippet:-1, max-image-preview:large, max-video-preview:-1\" \/>\n<link rel=\"canonical\" href=\"https:\/\/www.visit-ulcinj.com\/blog\/2009\/02\/26\/bjordi-e-adelajda-bejme-nje-udhetim-bashke\/\" \/>\n<meta property=\"og:locale\" content=\"en_US\" \/>\n<meta property=\"og:type\" content=\"article\" \/>\n<meta property=\"og:title\" content=\"Bjordi \u00c3\u00ab Adelajda - B\u00c3\u00abjm\u00c3\u00ab nj\u00c3\u00ab udh\u00c3\u00abtim bashk\u00c3\u00ab - Big Brother Albania\" \/>\n<meta property=\"og:description\" content=\"Big Brother Albania - Bjordi i ka th\u00c3\u00abn\u00c3\u00ab Adelajdes se ai d\u00c3\u00abshironte q\u00c3\u00ab ajo t\u00c3\u00ab jetonte jasht\u00c3\u00ab Shqip\u00c3\u00abris\u00c3\u00ab p\u00c3\u00abr pak koh\u00c3\u00ab.\" \/>\n<meta property=\"og:url\" content=\"https:\/\/www.visit-ulcinj.com\/blog\/2009\/02\/26\/bjordi-e-adelajda-bejme-nje-udhetim-bashke\/\" \/>\n<meta property=\"og:site_name\" content=\"Lajme nga Ulqini\" \/>\n<meta property=\"article:published_time\" content=\"2009-02-26T12:41:25+00:00\" \/>\n<meta property=\"og:image\" content=\"http:\/\/www.visit-ulcinj.com\/blog\/wp-content\/uploads\/2009\/02\/adelajda-ne-turn.jpg\" \/>\n<meta name=\"twitter:label1\" content=\"Written by\" \/>\n\t<meta name=\"twitter:data1\" content=\"ulqini\" \/>\n\t<meta name=\"twitter:label2\" content=\"Est. reading time\" \/>\n\t<meta name=\"twitter:data2\" content=\"1 minute\" \/>\n<script type=\"application\/ld+json\" class=\"yoast-schema-graph\">{\"@context\":\"https:\/\/schema.org\",\"@graph\":[{\"@type\":\"WebSite\",\"@id\":\"https:\/\/www.visit-ulcinj.com\/blog\/#website\",\"url\":\"https:\/\/www.visit-ulcinj.com\/blog\/\",\"name\":\"Lajme nga Ulqini\",\"description\":\"Lajme,Vijesti,Ulqini,Ulqin,Crna Gora,Mali i Zi\",\"potentialAction\":[{\"@type\":\"SearchAction\",\"target\":{\"@type\":\"EntryPoint\",\"urlTemplate\":\"https:\/\/www.visit-ulcinj.com\/blog\/?s={search_term_string}\"},\"query-input\":\"required name=search_term_string\"}],\"inLanguage\":\"en-US\"},{\"@type\":\"ImageObject\",\"inLanguage\":\"en-US\",\"@id\":\"https:\/\/www.visit-ulcinj.com\/blog\/2009\/02\/26\/bjordi-e-adelajda-bejme-nje-udhetim-bashke\/#primaryimage\",\"url\":\"http:\/\/www.visit-ulcinj.com\/blog\/wp-content\/uploads\/2009\/02\/adelajda-ne-turn.jpg\",\"contentUrl\":\"http:\/\/www.visit-ulcinj.com\/blog\/wp-content\/uploads\/2009\/02\/adelajda-ne-turn.jpg\"},{\"@type\":\"WebPage\",\"@id\":\"https:\/\/www.visit-ulcinj.com\/blog\/2009\/02\/26\/bjordi-e-adelajda-bejme-nje-udhetim-bashke\/#webpage\",\"url\":\"https:\/\/www.visit-ulcinj.com\/blog\/2009\/02\/26\/bjordi-e-adelajda-bejme-nje-udhetim-bashke\/\",\"name\":\"Bjordi \u00c3\u00ab Adelajda - B\u00c3\u00abjm\u00c3\u00ab nj\u00c3\u00ab udh\u00c3\u00abtim bashk\u00c3\u00ab - Big Brother Albania\",\"isPartOf\":{\"@id\":\"https:\/\/www.visit-ulcinj.com\/blog\/#website\"},\"primaryImageOfPage\":{\"@id\":\"https:\/\/www.visit-ulcinj.com\/blog\/2009\/02\/26\/bjordi-e-adelajda-bejme-nje-udhetim-bashke\/#primaryimage\"},\"datePublished\":\"2009-02-26T12:41:25+00:00\",\"dateModified\":\"2009-02-26T12:41:25+00:00\",\"author\":{\"@id\":\"https:\/\/www.visit-ulcinj.com\/blog\/#\/schema\/person\/dcab619c614d3038751c63bc2aadc06d\"},\"description\":\"Big Brother Albania - Bjordi i ka th\u00c3\u00abn\u00c3\u00ab Adelajdes se ai d\u00c3\u00abshironte q\u00c3\u00ab ajo t\u00c3\u00ab jetonte jasht\u00c3\u00ab Shqip\u00c3\u00abris\u00c3\u00ab p\u00c3\u00abr pak koh\u00c3\u00ab.\",\"breadcrumb\":{\"@id\":\"https:\/\/www.visit-ulcinj.com\/blog\/2009\/02\/26\/bjordi-e-adelajda-bejme-nje-udhetim-bashke\/#breadcrumb\"},\"inLanguage\":\"en-US\",\"potentialAction\":[{\"@type\":\"ReadAction\",\"target\":[\"https:\/\/www.visit-ulcinj.com\/blog\/2009\/02\/26\/bjordi-e-adelajda-bejme-nje-udhetim-bashke\/\"]}]},{\"@type\":\"BreadcrumbList\",\"@id\":\"https:\/\/www.visit-ulcinj.com\/blog\/2009\/02\/26\/bjordi-e-adelajda-bejme-nje-udhetim-bashke\/#breadcrumb\",\"itemListElement\":[{\"@type\":\"ListItem\",\"position\":1,\"name\":\"Bjordi \u00eb Adelajda : B\u00ebjm\u00eb nj\u00eb udh\u00ebtim bashk\u00eb\"}]},{\"@type\":\"Person\",\"@id\":\"https:\/\/www.visit-ulcinj.com\/blog\/#\/schema\/person\/dcab619c614d3038751c63bc2aadc06d\",\"name\":\"ulqini\",\"sameAs\":[\"http:\/\/www.visit-ulcinj.com\"],\"url\":\"https:\/\/www.visit-ulcinj.com\/blog\/author\/admin\/\"}]}<\/script>\n<!-- \/ Yoast SEO plugin. -->","yoast_head_json":{"title":"Bjordi \u00c3\u00ab Adelajda - B\u00c3\u00abjm\u00c3\u00ab nj\u00c3\u00ab udh\u00c3\u00abtim bashk\u00c3\u00ab - Big Brother Albania","description":"Big Brother Albania - Bjordi i ka th\u00c3\u00abn\u00c3\u00ab Adelajdes se ai d\u00c3\u00abshironte q\u00c3\u00ab ajo t\u00c3\u00ab jetonte jasht\u00c3\u00ab Shqip\u00c3\u00abris\u00c3\u00ab p\u00c3\u00abr pak koh\u00c3\u00ab.","robots":{"index":"index","follow":"follow","max-snippet":"max-snippet:-1","max-image-preview":"max-image-preview:large","max-video-preview":"max-video-preview:-1"},"canonical":"https:\/\/www.visit-ulcinj.com\/blog\/2009\/02\/26\/bjordi-e-adelajda-bejme-nje-udhetim-bashke\/","og_locale":"en_US","og_type":"article","og_title":"Bjordi \u00c3\u00ab Adelajda - B\u00c3\u00abjm\u00c3\u00ab nj\u00c3\u00ab udh\u00c3\u00abtim bashk\u00c3\u00ab - Big Brother Albania","og_description":"Big Brother Albania - Bjordi i ka th\u00c3\u00abn\u00c3\u00ab Adelajdes se ai d\u00c3\u00abshironte q\u00c3\u00ab ajo t\u00c3\u00ab jetonte jasht\u00c3\u00ab Shqip\u00c3\u00abris\u00c3\u00ab p\u00c3\u00abr pak koh\u00c3\u00ab.","og_url":"https:\/\/www.visit-ulcinj.com\/blog\/2009\/02\/26\/bjordi-e-adelajda-bejme-nje-udhetim-bashke\/","og_site_name":"Lajme nga Ulqini","article_published_time":"2009-02-26T12:41:25+00:00","og_image":[{"url":"http:\/\/www.visit-ulcinj.com\/blog\/wp-content\/uploads\/2009\/02\/adelajda-ne-turn.jpg"}],"twitter_misc":{"Written by":"ulqini","Est. reading time":"1 minute"},"schema":{"@context":"https:\/\/schema.org","@graph":[{"@type":"WebSite","@id":"https:\/\/www.visit-ulcinj.com\/blog\/#website","url":"https:\/\/www.visit-ulcinj.com\/blog\/","name":"Lajme nga Ulqini","description":"Lajme,Vijesti,Ulqini,Ulqin,Crna Gora,Mali i Zi","potentialAction":[{"@type":"SearchAction","target":{"@type":"EntryPoint","urlTemplate":"https:\/\/www.visit-ulcinj.com\/blog\/?s={search_term_string}"},"query-input":"required name=search_term_string"}],"inLanguage":"en-US"},{"@type":"ImageObject","inLanguage":"en-US","@id":"https:\/\/www.visit-ulcinj.com\/blog\/2009\/02\/26\/bjordi-e-adelajda-bejme-nje-udhetim-bashke\/#primaryimage","url":"http:\/\/www.visit-ulcinj.com\/blog\/wp-content\/uploads\/2009\/02\/adelajda-ne-turn.jpg","contentUrl":"http:\/\/www.visit-ulcinj.com\/blog\/wp-content\/uploads\/2009\/02\/adelajda-ne-turn.jpg"},{"@type":"WebPage","@id":"https:\/\/www.visit-ulcinj.com\/blog\/2009\/02\/26\/bjordi-e-adelajda-bejme-nje-udhetim-bashke\/#webpage","url":"https:\/\/www.visit-ulcinj.com\/blog\/2009\/02\/26\/bjordi-e-adelajda-bejme-nje-udhetim-bashke\/","name":"Bjordi \u00c3\u00ab Adelajda - B\u00c3\u00abjm\u00c3\u00ab nj\u00c3\u00ab udh\u00c3\u00abtim bashk\u00c3\u00ab - Big Brother Albania","isPartOf":{"@id":"https:\/\/www.visit-ulcinj.com\/blog\/#website"},"primaryImageOfPage":{"@id":"https:\/\/www.visit-ulcinj.com\/blog\/2009\/02\/26\/bjordi-e-adelajda-bejme-nje-udhetim-bashke\/#primaryimage"},"datePublished":"2009-02-26T12:41:25+00:00","dateModified":"2009-02-26T12:41:25+00:00","author":{"@id":"https:\/\/www.visit-ulcinj.com\/blog\/#\/schema\/person\/dcab619c614d3038751c63bc2aadc06d"},"description":"Big Brother Albania - Bjordi i ka th\u00c3\u00abn\u00c3\u00ab Adelajdes se ai d\u00c3\u00abshironte q\u00c3\u00ab ajo t\u00c3\u00ab jetonte jasht\u00c3\u00ab Shqip\u00c3\u00abris\u00c3\u00ab p\u00c3\u00abr pak koh\u00c3\u00ab.","breadcrumb":{"@id":"https:\/\/www.visit-ulcinj.com\/blog\/2009\/02\/26\/bjordi-e-adelajda-bejme-nje-udhetim-bashke\/#breadcrumb"},"inLanguage":"en-US","potentialAction":[{"@type":"ReadAction","target":["https:\/\/www.visit-ulcinj.com\/blog\/2009\/02\/26\/bjordi-e-adelajda-bejme-nje-udhetim-bashke\/"]}]},{"@type":"BreadcrumbList","@id":"https:\/\/www.visit-ulcinj.com\/blog\/2009\/02\/26\/bjordi-e-adelajda-bejme-nje-udhetim-bashke\/#breadcrumb","itemListElement":[{"@type":"ListItem","position":1,"name":"Bjordi \u00eb Adelajda : B\u00ebjm\u00eb nj\u00eb udh\u00ebtim bashk\u00eb"}]},{"@type":"Person","@id":"https:\/\/www.visit-ulcinj.com\/blog\/#\/schema\/person\/dcab619c614d3038751c63bc2aadc06d","name":"ulqini","sameAs":["http:\/\/www.visit-ulcinj.com"],"url":"https:\/\/www.visit-ulcinj.com\/blog\/author\/admin\/"}]}},"jetpack_featured_media_url":"","jetpack_sharing_enabled":true,"jetpack_shortlink":"https:\/\/wp.me\/pe6lTn-3cG","_links":{"self":[{"href":"https:\/\/www.visit-ulcinj.com\/blog\/wp-json\/wp\/v2\/posts\/12318"}],"collection":[{"href":"https:\/\/www.visit-ulcinj.com\/blog\/wp-json\/wp\/v2\/posts"}],"about":[{"href":"https:\/\/www.visit-ulcinj.com\/blog\/wp-json\/wp\/v2\/types\/post"}],"author":[{"embeddable":true,"href":"https:\/\/www.visit-ulcinj.com\/blog\/wp-json\/wp\/v2\/users\/1"}],"replies":[{"embeddable":true,"href":"https:\/\/www.visit-ulcinj.com\/blog\/wp-json\/wp\/v2\/comments?post=12318"}],"version-history":[{"count":0,"href":"https:\/\/www.visit-ulcinj.com\/blog\/wp-json\/wp\/v2\/posts\/12318\/revisions"}],"wp:attachment":[{"href":"https:\/\/www.visit-ulcinj.com\/blog\/wp-json\/wp\/v2\/media?parent=12318"}],"wp:term":[{"taxonomy":"category","embeddable":true,"href":"https:\/\/www.visit-ulcinj.com\/blog\/wp-json\/wp\/v2\/categories?post=12318"},{"taxonomy":"post_tag","embeddable":true,"href":"https:\/\/www.visit-ulcinj.com\/blog\/wp-json\/wp\/v2\/tags?post=12318"}],"curies":[{"name":"wp","href":"https:\/\/api.w.org\/{rel}","templated":true}]}}