{"id":12329,"date":"2009-02-26T14:00:22","date_gmt":"2009-02-26T13:00:22","guid":{"rendered":"http:\/\/www.visit-ulcinj.com\/blog\/?p=12329"},"modified":"2009-02-26T13:54:49","modified_gmt":"2009-02-26T12:54:49","slug":"lirita-e-arjoni-me-je-dukur-i-padurueshem","status":"publish","type":"post","link":"https:\/\/www.visit-ulcinj.com\/blog\/2009\/02\/26\/lirita-e-arjoni-me-je-dukur-i-padurueshem\/","title":{"rendered":"Lirita \u00eb Arjoni : M\u00eb je dukur i paduruesh\u00ebm"},"content":{"rendered":"<p><em><span class=\"newsdate\"><span style=\"font-style: normal;\"><a href=\"http:\/\/www.visit-ulcinj.com\/blog\/wp-content\/uploads\/2009\/02\/lirita-dhe-arjoni.jpg\"><img loading=\"lazy\" class=\"alignleft size-full wp-image-12330\" title=\"lirita-dhe-arjoni-big-brother-albania\" src=\"http:\/\/www.visit-ulcinj.com\/blog\/wp-content\/uploads\/2009\/02\/lirita-dhe-arjoni.jpg\" alt=\"lirita-dhe-arjoni-big-brother-albania\" width=\"300\" height=\"205\" \/><\/a><\/span>24\/02\/09 12:55<\/span><\/em><\/p>\n<p>Duke ndenjur m\u00eb shum\u00eb bashk\u00eb ne tend\u00eb p\u00ebr t`u kujdesur p\u00ebr lop\u00ebt, banor\u00ebt gjejne mund\u00ebsi t\u00eb flasin m\u00eb shum\u00eb p\u00ebr veten apo dhe raportet q\u00eb kan\u00eb krijuar me njeri-tjetrin. Lirita dhe Arjoni flasin p\u00ebr nominimet dhe bezdin\u00eb q\u00eb kan\u00eb kur k\u00ebto biseda b\u00ebhen vazhdimisht. Sipas Lirit\u00ebs, dihet q\u00eb ata do nominohen dhe do nominojn\u00eb, k\u00ebt\u00eb e kan\u00eb ditur q\u00eb para se t\u00eb hyjn\u00eb. Megjithat\u00eb ajo i thot\u00eb Arjonit se nuk e priste q\u00eb ai t\u00eb ishte q\u00eb k\u00ebt\u00eb jav\u00eb n\u00eb nominim, kurse p\u00ebr Aid\u00ebn dhe Adelajd\u00ebn e priste. Lirita i thot\u00eb Arjonit se n\u00eb fillim ka menduar q\u00eb ta nominoj\u00eb sepse nuk i p\u00eblqente, i dukej i paduruesh\u00ebm por, tani q\u00eb ka ndryshuar sjellje i duket mir\u00eb. Ata flasin edhe p\u00ebr sjelljen e Arjonit kundrejt Mozes gjat\u00eb nat\u00ebs s\u00eb spektaklit dhe Arjoni thot\u00eb se u nervozua shum\u00eb me t\u00eb p\u00ebr genjeshtrat q\u00eb i kishte th\u00ebn\u00eb ajo. As Lirit\u00ebs nuk i p\u00eblqeu kjo sjellje e Moz\u00ebs dhe e pa si t\u00eb pavend g\u00ebnjeshtr\u00ebn e saj ku tha se kishte patur nj\u00eb t\u00eb dashur biseksual. P\u00ebr Lirit\u00ebn shakaja duhet t\u00eb kishte marr\u00eb fund n\u00eb moment e jo pas disa dit\u00ebsh. Arjoni thot\u00eb se Moza nuk \u00ebsht\u00eb sjell\u00eb drejt\u00eb me t\u00eb pasi ajo mendonte se ai kishte nj\u00eb prapamendim. Por, sopas Arjonit kjo nuk \u00ebsht\u00eb e v\u00ebrtet\u00eb se ai vec ka dashur q\u00eb ta njoh\u00eb e t\u00eb krijoj\u00eb nj\u00eb gjykim t\u00eb drejt\u00eb p\u00ebr t\u00eb. \u201cK\u00ebt\u00eb koh\u00eb kur kemi q\u00ebndruar vet\u00ebm k\u00ebtu, jemi njohur m\u00eb shum\u00eb dhe kam v\u00ebn\u00eb re se \u00ebsht\u00eb nj\u00eb vajz\u00eb shum\u00eb e cilt\u00ebr\u201d ka shtuar ai. Ata flasin edhe p\u00ebr Adel\u00ebn e cila u duket shum\u00eb e p\u00ebrmbledhur dhe q\u00eb nuk \u00ebsht\u00eb vetja. Arjoni flet edhe p\u00ebr Adin t\u00eb cilin nuk e njohin ende dhe vazhdon ta quaj\u00eb at\u00eb \u201cklloun\u201d. Arjoni pretendon se Adi ka krijuar mendim negativ ndaj tij dhe se ai ka nj\u00eb mendim pozitiv vet\u00ebm p\u00ebr m\u00eb t\u00eb vegj\u00eblit e sht\u00ebpis\u00eb, ata q\u00eb jan\u00eb m\u00eb t\u00eb padjall\u00ebzuar por, me m\u00eb t\u00eb m\u00ebdhenjt\u00eb nuk e luan dot.<\/p>\n","protected":false},"excerpt":{"rendered":"<p>24\/02\/09 12:55 Duke ndenjur m\u00eb shum\u00eb bashk\u00eb ne tend\u00eb p\u00ebr t`u kujdesur p\u00ebr lop\u00ebt, banor\u00ebt gjejne mund\u00ebsi t\u00eb flasin m\u00eb shum\u00eb p\u00ebr veten apo dhe raportet q\u00eb kan\u00eb krijuar me njeri-tjetrin. Lirita dhe Arjoni flasin p\u00ebr nominimet dhe bezdin\u00eb q\u00eb kan\u00eb kur k\u00ebto biseda b\u00ebhen vazhdimisht. Sipas Lirit\u00ebs, dihet q\u00eb ata do nominohen dhe do [&hellip;]<\/p>\n","protected":false},"author":1,"featured_media":0,"comment_status":"open","ping_status":"closed","sticky":false,"template":"","format":"standard","meta":{"spay_email":"","jetpack_publicize_message":"","jetpack_is_tweetstorm":false,"jetpack_publicize_feature_enabled":true},"categories":[6502],"tags":[6558,6738,5057,6506,6712,7129,6567,6891,6693,6887],"jetpack_publicize_connections":[],"yoast_head":"<!-- This site is optimized with the Yoast SEO plugin v19.1 - https:\/\/yoast.com\/wordpress\/plugins\/seo\/ -->\n<title>Lirita \u00c3\u00ab Arjoni : M\u00c3\u00ab je dukur i paduruesh\u00c3\u00abm - Big Brother Albania<\/title>\n<meta name=\"description\" content=\"Big Brother Albania - Duke ndenjur m\u00c3\u00ab shum\u00c3\u00ab bashk\u00c3\u00ab ne tend\u00c3\u00ab p\u00c3\u00abr t`u kujdesur p\u00c3\u00abr lop\u00c3\u00abt, banor\u00c3\u00abt gjejne mund\u00c3\u00absi t\u00c3\u00ab flasin m\u00c3\u00ab shum\u00c3\u00ab p\u00c3\u00abr veten apo dhe raportet q\u00c3\u00ab kan\u00c3\u00ab krijuar me njeri-tjetrin.\" \/>\n<meta name=\"robots\" content=\"index, follow, max-snippet:-1, max-image-preview:large, max-video-preview:-1\" \/>\n<link rel=\"canonical\" href=\"https:\/\/www.visit-ulcinj.com\/blog\/2009\/02\/26\/lirita-e-arjoni-me-je-dukur-i-padurueshem\/\" \/>\n<meta property=\"og:locale\" content=\"en_US\" \/>\n<meta property=\"og:type\" content=\"article\" \/>\n<meta property=\"og:title\" content=\"Lirita \u00c3\u00ab Arjoni : M\u00c3\u00ab je dukur i paduruesh\u00c3\u00abm - Big Brother Albania\" \/>\n<meta property=\"og:description\" content=\"Big Brother Albania - Duke ndenjur m\u00c3\u00ab shum\u00c3\u00ab bashk\u00c3\u00ab ne tend\u00c3\u00ab p\u00c3\u00abr t`u kujdesur p\u00c3\u00abr lop\u00c3\u00abt, banor\u00c3\u00abt gjejne mund\u00c3\u00absi t\u00c3\u00ab flasin m\u00c3\u00ab shum\u00c3\u00ab p\u00c3\u00abr veten apo dhe raportet q\u00c3\u00ab kan\u00c3\u00ab krijuar me njeri-tjetrin.\" \/>\n<meta property=\"og:url\" content=\"https:\/\/www.visit-ulcinj.com\/blog\/2009\/02\/26\/lirita-e-arjoni-me-je-dukur-i-padurueshem\/\" \/>\n<meta property=\"og:site_name\" content=\"Lajme nga Ulqini\" \/>\n<meta property=\"article:published_time\" content=\"2009-02-26T13:00:22+00:00\" \/>\n<meta property=\"article:modified_time\" content=\"2009-02-26T12:54:49+00:00\" \/>\n<meta property=\"og:image\" content=\"http:\/\/www.visit-ulcinj.com\/blog\/wp-content\/uploads\/2009\/02\/lirita-dhe-arjoni.jpg\" \/>\n<meta name=\"twitter:label1\" content=\"Written by\" \/>\n\t<meta name=\"twitter:data1\" content=\"ulqini\" \/>\n\t<meta name=\"twitter:label2\" content=\"Est. reading time\" \/>\n\t<meta name=\"twitter:data2\" content=\"2 minutes\" \/>\n<script type=\"application\/ld+json\" class=\"yoast-schema-graph\">{\"@context\":\"https:\/\/schema.org\",\"@graph\":[{\"@type\":\"WebSite\",\"@id\":\"https:\/\/www.visit-ulcinj.com\/blog\/#website\",\"url\":\"https:\/\/www.visit-ulcinj.com\/blog\/\",\"name\":\"Lajme nga Ulqini\",\"description\":\"Lajme,Vijesti,Ulqini,Ulqin,Crna Gora,Mali i Zi\",\"potentialAction\":[{\"@type\":\"SearchAction\",\"target\":{\"@type\":\"EntryPoint\",\"urlTemplate\":\"https:\/\/www.visit-ulcinj.com\/blog\/?s={search_term_string}\"},\"query-input\":\"required name=search_term_string\"}],\"inLanguage\":\"en-US\"},{\"@type\":\"ImageObject\",\"inLanguage\":\"en-US\",\"@id\":\"https:\/\/www.visit-ulcinj.com\/blog\/2009\/02\/26\/lirita-e-arjoni-me-je-dukur-i-padurueshem\/#primaryimage\",\"url\":\"http:\/\/www.visit-ulcinj.com\/blog\/wp-content\/uploads\/2009\/02\/lirita-dhe-arjoni.jpg\",\"contentUrl\":\"http:\/\/www.visit-ulcinj.com\/blog\/wp-content\/uploads\/2009\/02\/lirita-dhe-arjoni.jpg\"},{\"@type\":\"WebPage\",\"@id\":\"https:\/\/www.visit-ulcinj.com\/blog\/2009\/02\/26\/lirita-e-arjoni-me-je-dukur-i-padurueshem\/#webpage\",\"url\":\"https:\/\/www.visit-ulcinj.com\/blog\/2009\/02\/26\/lirita-e-arjoni-me-je-dukur-i-padurueshem\/\",\"name\":\"Lirita \u00c3\u00ab Arjoni : M\u00c3\u00ab je dukur i paduruesh\u00c3\u00abm - Big Brother Albania\",\"isPartOf\":{\"@id\":\"https:\/\/www.visit-ulcinj.com\/blog\/#website\"},\"primaryImageOfPage\":{\"@id\":\"https:\/\/www.visit-ulcinj.com\/blog\/2009\/02\/26\/lirita-e-arjoni-me-je-dukur-i-padurueshem\/#primaryimage\"},\"datePublished\":\"2009-02-26T13:00:22+00:00\",\"dateModified\":\"2009-02-26T12:54:49+00:00\",\"author\":{\"@id\":\"https:\/\/www.visit-ulcinj.com\/blog\/#\/schema\/person\/dcab619c614d3038751c63bc2aadc06d\"},\"description\":\"Big Brother Albania - Duke ndenjur m\u00c3\u00ab shum\u00c3\u00ab bashk\u00c3\u00ab ne tend\u00c3\u00ab p\u00c3\u00abr t`u kujdesur p\u00c3\u00abr lop\u00c3\u00abt, banor\u00c3\u00abt gjejne mund\u00c3\u00absi t\u00c3\u00ab flasin m\u00c3\u00ab shum\u00c3\u00ab p\u00c3\u00abr veten apo dhe raportet q\u00c3\u00ab kan\u00c3\u00ab krijuar me njeri-tjetrin.\",\"breadcrumb\":{\"@id\":\"https:\/\/www.visit-ulcinj.com\/blog\/2009\/02\/26\/lirita-e-arjoni-me-je-dukur-i-padurueshem\/#breadcrumb\"},\"inLanguage\":\"en-US\",\"potentialAction\":[{\"@type\":\"ReadAction\",\"target\":[\"https:\/\/www.visit-ulcinj.com\/blog\/2009\/02\/26\/lirita-e-arjoni-me-je-dukur-i-padurueshem\/\"]}]},{\"@type\":\"BreadcrumbList\",\"@id\":\"https:\/\/www.visit-ulcinj.com\/blog\/2009\/02\/26\/lirita-e-arjoni-me-je-dukur-i-padurueshem\/#breadcrumb\",\"itemListElement\":[{\"@type\":\"ListItem\",\"position\":1,\"name\":\"Lirita \u00eb Arjoni : M\u00eb je dukur i paduruesh\u00ebm\"}]},{\"@type\":\"Person\",\"@id\":\"https:\/\/www.visit-ulcinj.com\/blog\/#\/schema\/person\/dcab619c614d3038751c63bc2aadc06d\",\"name\":\"ulqini\",\"sameAs\":[\"http:\/\/www.visit-ulcinj.com\"],\"url\":\"https:\/\/www.visit-ulcinj.com\/blog\/author\/admin\/\"}]}<\/script>\n<!-- \/ Yoast SEO plugin. -->","yoast_head_json":{"title":"Lirita \u00c3\u00ab Arjoni : M\u00c3\u00ab je dukur i paduruesh\u00c3\u00abm - Big Brother Albania","description":"Big Brother Albania - Duke ndenjur m\u00c3\u00ab shum\u00c3\u00ab bashk\u00c3\u00ab ne tend\u00c3\u00ab p\u00c3\u00abr t`u kujdesur p\u00c3\u00abr lop\u00c3\u00abt, banor\u00c3\u00abt gjejne mund\u00c3\u00absi t\u00c3\u00ab flasin m\u00c3\u00ab shum\u00c3\u00ab p\u00c3\u00abr veten apo dhe raportet q\u00c3\u00ab kan\u00c3\u00ab krijuar me njeri-tjetrin.","robots":{"index":"index","follow":"follow","max-snippet":"max-snippet:-1","max-image-preview":"max-image-preview:large","max-video-preview":"max-video-preview:-1"},"canonical":"https:\/\/www.visit-ulcinj.com\/blog\/2009\/02\/26\/lirita-e-arjoni-me-je-dukur-i-padurueshem\/","og_locale":"en_US","og_type":"article","og_title":"Lirita \u00c3\u00ab Arjoni : M\u00c3\u00ab je dukur i paduruesh\u00c3\u00abm - Big Brother Albania","og_description":"Big Brother Albania - Duke ndenjur m\u00c3\u00ab shum\u00c3\u00ab bashk\u00c3\u00ab ne tend\u00c3\u00ab p\u00c3\u00abr t`u kujdesur p\u00c3\u00abr lop\u00c3\u00abt, banor\u00c3\u00abt gjejne mund\u00c3\u00absi t\u00c3\u00ab flasin m\u00c3\u00ab shum\u00c3\u00ab p\u00c3\u00abr veten apo dhe raportet q\u00c3\u00ab kan\u00c3\u00ab krijuar me njeri-tjetrin.","og_url":"https:\/\/www.visit-ulcinj.com\/blog\/2009\/02\/26\/lirita-e-arjoni-me-je-dukur-i-padurueshem\/","og_site_name":"Lajme nga Ulqini","article_published_time":"2009-02-26T13:00:22+00:00","article_modified_time":"2009-02-26T12:54:49+00:00","og_image":[{"url":"http:\/\/www.visit-ulcinj.com\/blog\/wp-content\/uploads\/2009\/02\/lirita-dhe-arjoni.jpg"}],"twitter_misc":{"Written by":"ulqini","Est. reading time":"2 minutes"},"schema":{"@context":"https:\/\/schema.org","@graph":[{"@type":"WebSite","@id":"https:\/\/www.visit-ulcinj.com\/blog\/#website","url":"https:\/\/www.visit-ulcinj.com\/blog\/","name":"Lajme nga Ulqini","description":"Lajme,Vijesti,Ulqini,Ulqin,Crna Gora,Mali i Zi","potentialAction":[{"@type":"SearchAction","target":{"@type":"EntryPoint","urlTemplate":"https:\/\/www.visit-ulcinj.com\/blog\/?s={search_term_string}"},"query-input":"required name=search_term_string"}],"inLanguage":"en-US"},{"@type":"ImageObject","inLanguage":"en-US","@id":"https:\/\/www.visit-ulcinj.com\/blog\/2009\/02\/26\/lirita-e-arjoni-me-je-dukur-i-padurueshem\/#primaryimage","url":"http:\/\/www.visit-ulcinj.com\/blog\/wp-content\/uploads\/2009\/02\/lirita-dhe-arjoni.jpg","contentUrl":"http:\/\/www.visit-ulcinj.com\/blog\/wp-content\/uploads\/2009\/02\/lirita-dhe-arjoni.jpg"},{"@type":"WebPage","@id":"https:\/\/www.visit-ulcinj.com\/blog\/2009\/02\/26\/lirita-e-arjoni-me-je-dukur-i-padurueshem\/#webpage","url":"https:\/\/www.visit-ulcinj.com\/blog\/2009\/02\/26\/lirita-e-arjoni-me-je-dukur-i-padurueshem\/","name":"Lirita \u00c3\u00ab Arjoni : M\u00c3\u00ab je dukur i paduruesh\u00c3\u00abm - Big Brother Albania","isPartOf":{"@id":"https:\/\/www.visit-ulcinj.com\/blog\/#website"},"primaryImageOfPage":{"@id":"https:\/\/www.visit-ulcinj.com\/blog\/2009\/02\/26\/lirita-e-arjoni-me-je-dukur-i-padurueshem\/#primaryimage"},"datePublished":"2009-02-26T13:00:22+00:00","dateModified":"2009-02-26T12:54:49+00:00","author":{"@id":"https:\/\/www.visit-ulcinj.com\/blog\/#\/schema\/person\/dcab619c614d3038751c63bc2aadc06d"},"description":"Big Brother Albania - Duke ndenjur m\u00c3\u00ab shum\u00c3\u00ab bashk\u00c3\u00ab ne tend\u00c3\u00ab p\u00c3\u00abr t`u kujdesur p\u00c3\u00abr lop\u00c3\u00abt, banor\u00c3\u00abt gjejne mund\u00c3\u00absi t\u00c3\u00ab flasin m\u00c3\u00ab shum\u00c3\u00ab p\u00c3\u00abr veten apo dhe raportet q\u00c3\u00ab kan\u00c3\u00ab krijuar me njeri-tjetrin.","breadcrumb":{"@id":"https:\/\/www.visit-ulcinj.com\/blog\/2009\/02\/26\/lirita-e-arjoni-me-je-dukur-i-padurueshem\/#breadcrumb"},"inLanguage":"en-US","potentialAction":[{"@type":"ReadAction","target":["https:\/\/www.visit-ulcinj.com\/blog\/2009\/02\/26\/lirita-e-arjoni-me-je-dukur-i-padurueshem\/"]}]},{"@type":"BreadcrumbList","@id":"https:\/\/www.visit-ulcinj.com\/blog\/2009\/02\/26\/lirita-e-arjoni-me-je-dukur-i-padurueshem\/#breadcrumb","itemListElement":[{"@type":"ListItem","position":1,"name":"Lirita \u00eb Arjoni : M\u00eb je dukur i paduruesh\u00ebm"}]},{"@type":"Person","@id":"https:\/\/www.visit-ulcinj.com\/blog\/#\/schema\/person\/dcab619c614d3038751c63bc2aadc06d","name":"ulqini","sameAs":["http:\/\/www.visit-ulcinj.com"],"url":"https:\/\/www.visit-ulcinj.com\/blog\/author\/admin\/"}]}},"jetpack_featured_media_url":"","jetpack_sharing_enabled":true,"jetpack_shortlink":"https:\/\/wp.me\/pe6lTn-3cR","_links":{"self":[{"href":"https:\/\/www.visit-ulcinj.com\/blog\/wp-json\/wp\/v2\/posts\/12329"}],"collection":[{"href":"https:\/\/www.visit-ulcinj.com\/blog\/wp-json\/wp\/v2\/posts"}],"about":[{"href":"https:\/\/www.visit-ulcinj.com\/blog\/wp-json\/wp\/v2\/types\/post"}],"author":[{"embeddable":true,"href":"https:\/\/www.visit-ulcinj.com\/blog\/wp-json\/wp\/v2\/users\/1"}],"replies":[{"embeddable":true,"href":"https:\/\/www.visit-ulcinj.com\/blog\/wp-json\/wp\/v2\/comments?post=12329"}],"version-history":[{"count":0,"href":"https:\/\/www.visit-ulcinj.com\/blog\/wp-json\/wp\/v2\/posts\/12329\/revisions"}],"wp:attachment":[{"href":"https:\/\/www.visit-ulcinj.com\/blog\/wp-json\/wp\/v2\/media?parent=12329"}],"wp:term":[{"taxonomy":"category","embeddable":true,"href":"https:\/\/www.visit-ulcinj.com\/blog\/wp-json\/wp\/v2\/categories?post=12329"},{"taxonomy":"post_tag","embeddable":true,"href":"https:\/\/www.visit-ulcinj.com\/blog\/wp-json\/wp\/v2\/tags?post=12329"}],"curies":[{"name":"wp","href":"https:\/\/api.w.org\/{rel}","templated":true}]}}