{"id":1233,"date":"2008-04-14T02:05:52","date_gmt":"2008-04-14T07:05:52","guid":{"rendered":"http:\/\/www.visit-ulcinj.com\/blog\/?p=1233"},"modified":"2008-04-14T02:05:52","modified_gmt":"2008-04-14T07:05:52","slug":"bardhi-posao-samo-uz-clansku-dps-a","status":"publish","type":"post","link":"https:\/\/www.visit-ulcinj.com\/blog\/2008\/04\/14\/bardhi-posao-samo-uz-clansku-dps-a\/","title":{"rendered":"Bardhi: Posao samo uz ?lansku DPS-a"},"content":{"rendered":"<p><a href=\"http:\/\/www.visit-ulcinj.com\/blog\/wp-content\/uploads\/2008\/04\/mehmet-bardhi_novina-dan.jpg\"><img loading=\"lazy\" class=\"alignleft attachment wp-att-1232\" style=\"float: left;\" src=\"http:\/\/www.visit-ulcinj.com\/blog\/wp-content\/uploads\/2008\/04\/mehmet-bardhi_novina-dan.thumbnail.jpg\" alt=\"\" width=\"141\" height=\"200\" \/><\/a><strong>Stranke manjinskih naroda optu\u017euju vlast da posao dobijaju politi?ki podobni<br \/>\nLider DS-a tvrdi da ?e uskoro objaviti imena ljudi koji su odgovorni za diskriminatornu politiku zapo\u0161ljavanja<\/strong><br \/>\nLider Demokratskog saveza Albanaca Mehmet Bardhi optu\u017eio je ju?e crnogorsku vlast da na osnovu politi?ke i nacionalne pripadnosti mjerama zapo\u0161ljavanja diskrimini\u0161e ?lanove manjinskih zajednica, isti?u?i da je to neprihvatljivo i da ?e stranka iza?i uskoro sa imenima ljudi koji vr\u0161e diskriminatorsku politiku.<br \/>\n&#8211; Ne, ne, na\u017ealost jo\u0161 nijesmo odstupili od nekih negativnih navika, nekih, da tako ka\u017eem, politikantskih principa. Kada do?ete da tra\u017eite posao pitaju vas da li ste ?lan partija iz vladaju?e koalicije, ako nijeste, da biste dobili posao morate to da postanete. Tako dobijaju ?lanove. To je diskriminacija i iza?i ?emo uskoro sa imenima ljudi koji takve radnje u odre?enim djelovima Crne Gore potenciraju &#8211; kazao je &#8220;Danu&#8221; Bardhi.<a href=\"http:\/\/www.visit-ulcinj.com\/blog\/wp-content\/uploads\/2008\/04\/bardhi1.jpg\"><img loading=\"lazy\" class=\"alignright attachment wp-att-1234\" style=\"float: right;\" src=\"http:\/\/www.visit-ulcinj.com\/blog\/wp-content\/uploads\/2008\/04\/bardhi1.thumbnail.jpg\" alt=\"\" width=\"148\" height=\"200\" \/><\/a><br \/>\nNavode?i da se diskriminacija u Crnoj Gori odvija i po nacionalnom i partijskom klju?u, on je napomenuo da je &#8220;otrgnuta grupa odbornika u Ulcinju sa partijama na vlasti napravila koaliciju i sada sa posla izbacuje ljude koji su ?lanovi Demokratskog saveza&#8221;.<br \/>\n&#8211; Albanaca u Crnoj Gori ima sedam odsto, ako nas je toliko, neka nas onda toliko i bude u javnoj upravi, policiji, tu\u017eila\u0161tvu. Ovako nas nema ni jedan odsto. Nema nas u tu\u017eila?koj organizaciji, u Vi\u0161em, Ustavnom ili Upravnom sudu, vrlo malo u policiji. Pravo da vam ka\u017eem, ne znam \u0161ta misle ovi na vlasti &#8211; ka\u017ee Bardhi.<br \/>\nLider druge albanske parlamentarne partije, Albanske alternative, Vaselj Sini\u0161taj tvrdi da u Crnoj Gori postoje zakonski propisi prema kojima Vlada treba da prati politiku zapo\u0161ljavanja manjina, ali da se to jo\u0161 u potpunosti ne po\u0161tuje.<br \/>\n&#8211; U dr\u017eavnoj upravi ne vjerujem da ima jedan odsto Albanaca, a nedavno sam vidio i listu pripravnika ljudi za lokalnu samoupravu u Podgorici, od 44 samo je jedan bio Albanac. Prema procentualnoj zastupljenosti moralo bi ih biti bar trojica, ali od toga o?ito ni\u0161ta. Drugo, i princip politi?ke podobnosti jo\u0161 je zastupljen u Crnoj Gori, ljudi se posmatraju i kroz tu prizmu &#8211; smatra Sini\u0161taj.<br \/>\nOn je naveo da, ipak, treba sa?ekati strategiju za manjinske zajednice Ministarstva za za\u0161titu ljudskih i manjinskih prava, pa da se onda kompletira utisak o dr\u017eavnoj politici zapo\u0161ljavanja manjina. Sini\u0161taj o?ekuje da ?e nacionalni savjeti pomo?i u ravnopravnijoj zastupljenosti.<br \/>\nBo\u0161njaci u Crnoj Gori nijesu ni pribli\u017eno zastupljeni u bilo kojoj institucionalnoj kategoriji, iako ?ine 9,4 odsto stanovni\u0161tva, poru?uje predstavnik Bo\u0161nja?ke stranke Suljo Mustafi?. On je naveo da je nedovoljna svijest da je zapo\u0161ljavanje manjina veliki problem u Crnoj Gori.<br \/>\n&#8211; Ve?ina Bo\u0161njaka na rukovode?im mjestima u dr\u017eavnih organima birani su po partijskoj podobnosti, kako odgovara ljudima iz vlasti. Shodno u?e\u0161?u u ukupnoj strukturi stanovni\u0161tva, politika zapo\u0161ljavanja prema nama je krajnje neadekvatna. Ako ste ?lan manjinske zajednice, danas u Crnoj Gori je te\u0161ko na?i posao &#8211; zaklju?uje Mustafi?.<br \/>\n<strong>M.V<\/strong><br \/>\n<strong>Isklju?eni iz integracija<\/strong><br \/>\nMehmed Bardhi ka\u017ee da je vladaju?a koalicija Albance isklju?ila iz evropskih integracija, isti?u?i da je u Vladinim tijelima koja koordiniraju taj proces proces uklju?en samo jedan pripadnik njegovog naroda.<br \/>\n&#8211; Tamo sjedi samo jedan Albanac koji je ?lan partije na vlasti, ?ovjek iz njihovih redova. Da li je on autenti?an zastupnik interesa zajednice iz koje dolazi &#8211; pita se Bardhi.<a href=\"http:\/\/www.visit-ulcinj.com\/blog\/wp-content\/uploads\/2008\/03\/vasel-sinishtaj01.jpg\"><img loading=\"lazy\" class=\"alignleft attachment wp-att-1018\" style=\"float: left;\" src=\"http:\/\/www.visit-ulcinj.com\/blog\/wp-content\/uploads\/2008\/03\/vasel-sinishtaj01.thumbnail.jpg\" alt=\"\" width=\"180\" height=\"158\" \/><\/a><\/p>\n<p><strong>Uskoro rasprava o strategiji<\/strong><br \/>\nAlbanska alternativa i Bo\u0161nja?ka stranka o?ekuju da strategija za manjinske zajednice koju je izradilo Ministarstvo za ljudska i manjinska prava bude dobar dokument, a njihovi predstavnici tvrde da ?e najavljena javna rasprava jo\u0161 vi\u0161e pobolj\u0161ati kvalitet.<br \/>\n&#8211; Ako se bude implementirala, onda ?e to biti dobar signal. Ali, dvije Malesije \u017eive van Crne Gore, za\u0161to su ti ljudi napustili zemlju. Ne\u0161to se definitivno mora mijenjati &#8211; isti?e Vaselj Sini\u0161taj.<br \/>\n<strong>wwwdan.cg.yu\/<br \/>\n<\/strong><\/p>\n","protected":false},"excerpt":{"rendered":"<p><img loading=\"lazy\" class=\"alignleft attachment wp-att-1232\" style=\"float: left;\" src=\"http:\/\/www.visit-ulcinj.com\/blog\/wp-content\/uploads\/2008\/04\/mehmet-bardhi_novina-dan.thumbnail.jpg\" alt=\"\" width=\"140\" height=\"140\" \/><\/p>\n","protected":false},"author":1,"featured_media":0,"comment_status":"open","ping_status":"closed","sticky":false,"template":"","format":"standard","meta":{"spay_email":"","jetpack_publicize_message":"","jetpack_is_tweetstorm":false,"jetpack_publicize_feature_enabled":true},"categories":[1,6],"tags":[2473,2471,2472,2474],"jetpack_publicize_connections":[],"yoast_head":"<!-- This site is optimized with the Yoast SEO plugin v19.1 - https:\/\/yoast.com\/wordpress\/plugins\/seo\/ -->\n<title>Bardhi: Posao samo uz ?lansku DPS-a - Lajme nga Ulqini<\/title>\n<meta name=\"robots\" content=\"index, follow, max-snippet:-1, max-image-preview:large, max-video-preview:-1\" \/>\n<link rel=\"canonical\" href=\"https:\/\/www.visit-ulcinj.com\/blog\/2008\/04\/14\/bardhi-posao-samo-uz-clansku-dps-a\/\" \/>\n<meta property=\"og:locale\" content=\"en_US\" \/>\n<meta property=\"og:type\" content=\"article\" \/>\n<meta property=\"og:title\" content=\"Bardhi: Posao samo uz ?lansku DPS-a - Lajme nga Ulqini\" \/>\n<meta property=\"og:url\" content=\"https:\/\/www.visit-ulcinj.com\/blog\/2008\/04\/14\/bardhi-posao-samo-uz-clansku-dps-a\/\" \/>\n<meta property=\"og:site_name\" content=\"Lajme nga Ulqini\" \/>\n<meta property=\"article:published_time\" content=\"2008-04-14T07:05:52+00:00\" \/>\n<meta property=\"og:image\" content=\"http:\/\/www.visit-ulcinj.com\/blog\/wp-content\/uploads\/2008\/04\/mehmet-bardhi_novina-dan.thumbnail.jpg\" \/>\n<meta name=\"twitter:label1\" content=\"Written by\" \/>\n\t<meta name=\"twitter:data1\" content=\"ulqini\" \/>\n\t<meta name=\"twitter:label2\" content=\"Est. reading time\" \/>\n\t<meta name=\"twitter:data2\" content=\"3 minutes\" \/>\n<script type=\"application\/ld+json\" class=\"yoast-schema-graph\">{\"@context\":\"https:\/\/schema.org\",\"@graph\":[{\"@type\":\"WebSite\",\"@id\":\"https:\/\/www.visit-ulcinj.com\/blog\/#website\",\"url\":\"https:\/\/www.visit-ulcinj.com\/blog\/\",\"name\":\"Lajme nga Ulqini\",\"description\":\"Lajme,Vijesti,Ulqini,Ulqin,Crna Gora,Mali i Zi\",\"potentialAction\":[{\"@type\":\"SearchAction\",\"target\":{\"@type\":\"EntryPoint\",\"urlTemplate\":\"https:\/\/www.visit-ulcinj.com\/blog\/?s={search_term_string}\"},\"query-input\":\"required name=search_term_string\"}],\"inLanguage\":\"en-US\"},{\"@type\":\"ImageObject\",\"inLanguage\":\"en-US\",\"@id\":\"https:\/\/www.visit-ulcinj.com\/blog\/2008\/04\/14\/bardhi-posao-samo-uz-clansku-dps-a\/#primaryimage\",\"url\":\"http:\/\/www.visit-ulcinj.com\/blog\/wp-content\/uploads\/2008\/04\/mehmet-bardhi_novina-dan.thumbnail.jpg\",\"contentUrl\":\"http:\/\/www.visit-ulcinj.com\/blog\/wp-content\/uploads\/2008\/04\/mehmet-bardhi_novina-dan.thumbnail.jpg\"},{\"@type\":\"WebPage\",\"@id\":\"https:\/\/www.visit-ulcinj.com\/blog\/2008\/04\/14\/bardhi-posao-samo-uz-clansku-dps-a\/#webpage\",\"url\":\"https:\/\/www.visit-ulcinj.com\/blog\/2008\/04\/14\/bardhi-posao-samo-uz-clansku-dps-a\/\",\"name\":\"Bardhi: Posao samo uz ?lansku DPS-a - Lajme nga Ulqini\",\"isPartOf\":{\"@id\":\"https:\/\/www.visit-ulcinj.com\/blog\/#website\"},\"primaryImageOfPage\":{\"@id\":\"https:\/\/www.visit-ulcinj.com\/blog\/2008\/04\/14\/bardhi-posao-samo-uz-clansku-dps-a\/#primaryimage\"},\"datePublished\":\"2008-04-14T07:05:52+00:00\",\"dateModified\":\"2008-04-14T07:05:52+00:00\",\"author\":{\"@id\":\"https:\/\/www.visit-ulcinj.com\/blog\/#\/schema\/person\/dcab619c614d3038751c63bc2aadc06d\"},\"breadcrumb\":{\"@id\":\"https:\/\/www.visit-ulcinj.com\/blog\/2008\/04\/14\/bardhi-posao-samo-uz-clansku-dps-a\/#breadcrumb\"},\"inLanguage\":\"en-US\",\"potentialAction\":[{\"@type\":\"ReadAction\",\"target\":[\"https:\/\/www.visit-ulcinj.com\/blog\/2008\/04\/14\/bardhi-posao-samo-uz-clansku-dps-a\/\"]}]},{\"@type\":\"BreadcrumbList\",\"@id\":\"https:\/\/www.visit-ulcinj.com\/blog\/2008\/04\/14\/bardhi-posao-samo-uz-clansku-dps-a\/#breadcrumb\",\"itemListElement\":[{\"@type\":\"ListItem\",\"position\":1,\"name\":\"Bardhi: Posao samo uz ?lansku DPS-a\"}]},{\"@type\":\"Person\",\"@id\":\"https:\/\/www.visit-ulcinj.com\/blog\/#\/schema\/person\/dcab619c614d3038751c63bc2aadc06d\",\"name\":\"ulqini\",\"sameAs\":[\"http:\/\/www.visit-ulcinj.com\"],\"url\":\"https:\/\/www.visit-ulcinj.com\/blog\/author\/admin\/\"}]}<\/script>\n<!-- \/ Yoast SEO plugin. -->","yoast_head_json":{"title":"Bardhi: Posao samo uz ?lansku DPS-a - Lajme nga Ulqini","robots":{"index":"index","follow":"follow","max-snippet":"max-snippet:-1","max-image-preview":"max-image-preview:large","max-video-preview":"max-video-preview:-1"},"canonical":"https:\/\/www.visit-ulcinj.com\/blog\/2008\/04\/14\/bardhi-posao-samo-uz-clansku-dps-a\/","og_locale":"en_US","og_type":"article","og_title":"Bardhi: Posao samo uz ?lansku DPS-a - Lajme nga Ulqini","og_url":"https:\/\/www.visit-ulcinj.com\/blog\/2008\/04\/14\/bardhi-posao-samo-uz-clansku-dps-a\/","og_site_name":"Lajme nga Ulqini","article_published_time":"2008-04-14T07:05:52+00:00","og_image":[{"url":"http:\/\/www.visit-ulcinj.com\/blog\/wp-content\/uploads\/2008\/04\/mehmet-bardhi_novina-dan.thumbnail.jpg"}],"twitter_misc":{"Written by":"ulqini","Est. reading time":"3 minutes"},"schema":{"@context":"https:\/\/schema.org","@graph":[{"@type":"WebSite","@id":"https:\/\/www.visit-ulcinj.com\/blog\/#website","url":"https:\/\/www.visit-ulcinj.com\/blog\/","name":"Lajme nga Ulqini","description":"Lajme,Vijesti,Ulqini,Ulqin,Crna Gora,Mali i Zi","potentialAction":[{"@type":"SearchAction","target":{"@type":"EntryPoint","urlTemplate":"https:\/\/www.visit-ulcinj.com\/blog\/?s={search_term_string}"},"query-input":"required name=search_term_string"}],"inLanguage":"en-US"},{"@type":"ImageObject","inLanguage":"en-US","@id":"https:\/\/www.visit-ulcinj.com\/blog\/2008\/04\/14\/bardhi-posao-samo-uz-clansku-dps-a\/#primaryimage","url":"http:\/\/www.visit-ulcinj.com\/blog\/wp-content\/uploads\/2008\/04\/mehmet-bardhi_novina-dan.thumbnail.jpg","contentUrl":"http:\/\/www.visit-ulcinj.com\/blog\/wp-content\/uploads\/2008\/04\/mehmet-bardhi_novina-dan.thumbnail.jpg"},{"@type":"WebPage","@id":"https:\/\/www.visit-ulcinj.com\/blog\/2008\/04\/14\/bardhi-posao-samo-uz-clansku-dps-a\/#webpage","url":"https:\/\/www.visit-ulcinj.com\/blog\/2008\/04\/14\/bardhi-posao-samo-uz-clansku-dps-a\/","name":"Bardhi: Posao samo uz ?lansku DPS-a - Lajme nga Ulqini","isPartOf":{"@id":"https:\/\/www.visit-ulcinj.com\/blog\/#website"},"primaryImageOfPage":{"@id":"https:\/\/www.visit-ulcinj.com\/blog\/2008\/04\/14\/bardhi-posao-samo-uz-clansku-dps-a\/#primaryimage"},"datePublished":"2008-04-14T07:05:52+00:00","dateModified":"2008-04-14T07:05:52+00:00","author":{"@id":"https:\/\/www.visit-ulcinj.com\/blog\/#\/schema\/person\/dcab619c614d3038751c63bc2aadc06d"},"breadcrumb":{"@id":"https:\/\/www.visit-ulcinj.com\/blog\/2008\/04\/14\/bardhi-posao-samo-uz-clansku-dps-a\/#breadcrumb"},"inLanguage":"en-US","potentialAction":[{"@type":"ReadAction","target":["https:\/\/www.visit-ulcinj.com\/blog\/2008\/04\/14\/bardhi-posao-samo-uz-clansku-dps-a\/"]}]},{"@type":"BreadcrumbList","@id":"https:\/\/www.visit-ulcinj.com\/blog\/2008\/04\/14\/bardhi-posao-samo-uz-clansku-dps-a\/#breadcrumb","itemListElement":[{"@type":"ListItem","position":1,"name":"Bardhi: Posao samo uz ?lansku DPS-a"}]},{"@type":"Person","@id":"https:\/\/www.visit-ulcinj.com\/blog\/#\/schema\/person\/dcab619c614d3038751c63bc2aadc06d","name":"ulqini","sameAs":["http:\/\/www.visit-ulcinj.com"],"url":"https:\/\/www.visit-ulcinj.com\/blog\/author\/admin\/"}]}},"jetpack_featured_media_url":"","jetpack_sharing_enabled":true,"jetpack_shortlink":"https:\/\/wp.me\/pe6lTn-jT","_links":{"self":[{"href":"https:\/\/www.visit-ulcinj.com\/blog\/wp-json\/wp\/v2\/posts\/1233"}],"collection":[{"href":"https:\/\/www.visit-ulcinj.com\/blog\/wp-json\/wp\/v2\/posts"}],"about":[{"href":"https:\/\/www.visit-ulcinj.com\/blog\/wp-json\/wp\/v2\/types\/post"}],"author":[{"embeddable":true,"href":"https:\/\/www.visit-ulcinj.com\/blog\/wp-json\/wp\/v2\/users\/1"}],"replies":[{"embeddable":true,"href":"https:\/\/www.visit-ulcinj.com\/blog\/wp-json\/wp\/v2\/comments?post=1233"}],"version-history":[{"count":0,"href":"https:\/\/www.visit-ulcinj.com\/blog\/wp-json\/wp\/v2\/posts\/1233\/revisions"}],"wp:attachment":[{"href":"https:\/\/www.visit-ulcinj.com\/blog\/wp-json\/wp\/v2\/media?parent=1233"}],"wp:term":[{"taxonomy":"category","embeddable":true,"href":"https:\/\/www.visit-ulcinj.com\/blog\/wp-json\/wp\/v2\/categories?post=1233"},{"taxonomy":"post_tag","embeddable":true,"href":"https:\/\/www.visit-ulcinj.com\/blog\/wp-json\/wp\/v2\/tags?post=1233"}],"curies":[{"name":"wp","href":"https:\/\/api.w.org\/{rel}","templated":true}]}}