{"id":12332,"date":"2009-02-26T14:05:14","date_gmt":"2009-02-26T13:05:14","guid":{"rendered":"http:\/\/www.visit-ulcinj.com\/blog\/?p=12332"},"modified":"2009-02-26T13:57:35","modified_gmt":"2009-02-26T12:57:35","slug":"lirita-e-arjoni-nese-fitoj","status":"publish","type":"post","link":"https:\/\/www.visit-ulcinj.com\/blog\/2009\/02\/26\/lirita-e-arjoni-nese-fitoj\/","title":{"rendered":"Lirita \u00eb Arjoni &#8211; N\u00ebse fitoj"},"content":{"rendered":"<p><em><span class=\"newsdate\"><a href=\"http:\/\/www.visit-ulcinj.com\/blog\/wp-content\/uploads\/2009\/02\/lirita-arjon-shpenzimi.jpg\"><img loading=\"lazy\" class=\"alignleft size-full wp-image-12333\" title=\"lirita-arjon-shpenzimi-big-brother-albania\" src=\"http:\/\/www.visit-ulcinj.com\/blog\/wp-content\/uploads\/2009\/02\/lirita-arjon-shpenzimi.jpg\" alt=\"lirita-arjon-shpenzimi-big-brother-albania\" width=\"300\" height=\"205\" \/><\/a>24\/02\/09 13:45<\/span><\/em><\/p>\n<p>Lirita ka shprehur d\u00ebshirat e saj se si do t`i shpenzoj\u00eb parat\u00eb n\u00ebse fiton cmimin e par\u00eb dhe vler\u00ebn prej 70 mij\u00eb euro: \u201cDo t\u00eb rregulloja sht\u00ebpin\u00eb e n\u00ebn\u00ebs, t\u00eb kryeja nj\u00eb master dhe nj\u00eb kurs parukerie ne Tiran\u00eb, do t\u00eb ndihmoja nj\u00eb familje q\u00eb ka dy f\u00ebmij\u00eb me probleme mendore dhe pjes\u00ebn tjet\u00ebr p\u00ebr t\u00eb b\u00ebr\u00eb pushime.\u201d<br \/>\nKurse Arjoni do t`i shpenzonte p\u00ebr familjen e tij, do t`i bente nj\u00eb dhurat\u00eb mamas\u00eb se tij. \u201cNuk kam menduar q\u00eb t`u fal t\u00eb tjer\u00ebve por, do t\u00eb ndihmoja t\u00eb af\u00ebrmit e mi\u201d ka th\u00ebn\u00eb ai.<\/p>\n","protected":false},"excerpt":{"rendered":"<p>24\/02\/09 13:45 Lirita ka shprehur d\u00ebshirat e saj se si do t`i shpenzoj\u00eb parat\u00eb n\u00ebse fiton cmimin e par\u00eb dhe vler\u00ebn prej 70 mij\u00eb euro: \u201cDo t\u00eb rregulloja sht\u00ebpin\u00eb e n\u00ebn\u00ebs, t\u00eb kryeja nj\u00eb master dhe nj\u00eb kurs parukerie ne Tiran\u00eb, do t\u00eb ndihmoja nj\u00eb familje q\u00eb ka dy f\u00ebmij\u00eb me probleme mendore dhe pjes\u00ebn [&hellip;]<\/p>\n","protected":false},"author":1,"featured_media":0,"comment_status":"open","ping_status":"closed","sticky":false,"template":"","format":"standard","meta":{"spay_email":"","jetpack_publicize_message":"","jetpack_is_tweetstorm":false,"jetpack_publicize_feature_enabled":true},"categories":[6502],"tags":[6558,6738,5057,6506,6712,7129,6567,7200,6891,6693,6887],"jetpack_publicize_connections":[],"yoast_head":"<!-- This site is optimized with the Yoast SEO plugin v19.1 - https:\/\/yoast.com\/wordpress\/plugins\/seo\/ -->\n<title>Lirita \u00c3\u00ab Arjoni - N\u00c3\u00abse fitoj - Big Brother Albania<\/title>\n<meta name=\"description\" content=\"Big Brother Albania - Lirita ka shprehur d\u00c3\u00abshirat e saj se si do t`i shpenzoj\u00c3\u00ab parat\u00c3\u00ab n\u00c3\u00abse fiton cmimin e par\u00c3\u00ab dhe vler\u00c3\u00abn prej 70 mij\u00c3\u00ab euro\" \/>\n<meta name=\"robots\" content=\"index, follow, max-snippet:-1, max-image-preview:large, max-video-preview:-1\" \/>\n<link rel=\"canonical\" href=\"https:\/\/www.visit-ulcinj.com\/blog\/2009\/02\/26\/lirita-e-arjoni-nese-fitoj\/\" \/>\n<meta property=\"og:locale\" content=\"en_US\" \/>\n<meta property=\"og:type\" content=\"article\" \/>\n<meta property=\"og:title\" content=\"Lirita \u00c3\u00ab Arjoni - N\u00c3\u00abse fitoj - Big Brother Albania\" \/>\n<meta property=\"og:description\" content=\"Big Brother Albania - Lirita ka shprehur d\u00c3\u00abshirat e saj se si do t`i shpenzoj\u00c3\u00ab parat\u00c3\u00ab n\u00c3\u00abse fiton cmimin e par\u00c3\u00ab dhe vler\u00c3\u00abn prej 70 mij\u00c3\u00ab euro\" \/>\n<meta property=\"og:url\" content=\"https:\/\/www.visit-ulcinj.com\/blog\/2009\/02\/26\/lirita-e-arjoni-nese-fitoj\/\" \/>\n<meta property=\"og:site_name\" content=\"Lajme nga Ulqini\" \/>\n<meta property=\"article:published_time\" content=\"2009-02-26T13:05:14+00:00\" \/>\n<meta property=\"article:modified_time\" content=\"2009-02-26T12:57:35+00:00\" \/>\n<meta property=\"og:image\" content=\"http:\/\/www.visit-ulcinj.com\/blog\/wp-content\/uploads\/2009\/02\/lirita-arjon-shpenzimi.jpg\" \/>\n<meta name=\"twitter:label1\" content=\"Written by\" \/>\n\t<meta name=\"twitter:data1\" content=\"ulqini\" \/>\n\t<meta name=\"twitter:label2\" content=\"Est. reading time\" \/>\n\t<meta name=\"twitter:data2\" content=\"1 minute\" \/>\n<script type=\"application\/ld+json\" class=\"yoast-schema-graph\">{\"@context\":\"https:\/\/schema.org\",\"@graph\":[{\"@type\":\"WebSite\",\"@id\":\"https:\/\/www.visit-ulcinj.com\/blog\/#website\",\"url\":\"https:\/\/www.visit-ulcinj.com\/blog\/\",\"name\":\"Lajme nga Ulqini\",\"description\":\"Lajme,Vijesti,Ulqini,Ulqin,Crna Gora,Mali i Zi\",\"potentialAction\":[{\"@type\":\"SearchAction\",\"target\":{\"@type\":\"EntryPoint\",\"urlTemplate\":\"https:\/\/www.visit-ulcinj.com\/blog\/?s={search_term_string}\"},\"query-input\":\"required name=search_term_string\"}],\"inLanguage\":\"en-US\"},{\"@type\":\"ImageObject\",\"inLanguage\":\"en-US\",\"@id\":\"https:\/\/www.visit-ulcinj.com\/blog\/2009\/02\/26\/lirita-e-arjoni-nese-fitoj\/#primaryimage\",\"url\":\"http:\/\/www.visit-ulcinj.com\/blog\/wp-content\/uploads\/2009\/02\/lirita-arjon-shpenzimi.jpg\",\"contentUrl\":\"http:\/\/www.visit-ulcinj.com\/blog\/wp-content\/uploads\/2009\/02\/lirita-arjon-shpenzimi.jpg\"},{\"@type\":\"WebPage\",\"@id\":\"https:\/\/www.visit-ulcinj.com\/blog\/2009\/02\/26\/lirita-e-arjoni-nese-fitoj\/#webpage\",\"url\":\"https:\/\/www.visit-ulcinj.com\/blog\/2009\/02\/26\/lirita-e-arjoni-nese-fitoj\/\",\"name\":\"Lirita \u00c3\u00ab Arjoni - N\u00c3\u00abse fitoj - Big Brother Albania\",\"isPartOf\":{\"@id\":\"https:\/\/www.visit-ulcinj.com\/blog\/#website\"},\"primaryImageOfPage\":{\"@id\":\"https:\/\/www.visit-ulcinj.com\/blog\/2009\/02\/26\/lirita-e-arjoni-nese-fitoj\/#primaryimage\"},\"datePublished\":\"2009-02-26T13:05:14+00:00\",\"dateModified\":\"2009-02-26T12:57:35+00:00\",\"author\":{\"@id\":\"https:\/\/www.visit-ulcinj.com\/blog\/#\/schema\/person\/dcab619c614d3038751c63bc2aadc06d\"},\"description\":\"Big Brother Albania - Lirita ka shprehur d\u00c3\u00abshirat e saj se si do t`i shpenzoj\u00c3\u00ab parat\u00c3\u00ab n\u00c3\u00abse fiton cmimin e par\u00c3\u00ab dhe vler\u00c3\u00abn prej 70 mij\u00c3\u00ab euro\",\"breadcrumb\":{\"@id\":\"https:\/\/www.visit-ulcinj.com\/blog\/2009\/02\/26\/lirita-e-arjoni-nese-fitoj\/#breadcrumb\"},\"inLanguage\":\"en-US\",\"potentialAction\":[{\"@type\":\"ReadAction\",\"target\":[\"https:\/\/www.visit-ulcinj.com\/blog\/2009\/02\/26\/lirita-e-arjoni-nese-fitoj\/\"]}]},{\"@type\":\"BreadcrumbList\",\"@id\":\"https:\/\/www.visit-ulcinj.com\/blog\/2009\/02\/26\/lirita-e-arjoni-nese-fitoj\/#breadcrumb\",\"itemListElement\":[{\"@type\":\"ListItem\",\"position\":1,\"name\":\"Lirita \u00eb Arjoni &#8211; N\u00ebse fitoj\"}]},{\"@type\":\"Person\",\"@id\":\"https:\/\/www.visit-ulcinj.com\/blog\/#\/schema\/person\/dcab619c614d3038751c63bc2aadc06d\",\"name\":\"ulqini\",\"sameAs\":[\"http:\/\/www.visit-ulcinj.com\"],\"url\":\"https:\/\/www.visit-ulcinj.com\/blog\/author\/admin\/\"}]}<\/script>\n<!-- \/ Yoast SEO plugin. -->","yoast_head_json":{"title":"Lirita \u00c3\u00ab Arjoni - N\u00c3\u00abse fitoj - Big Brother Albania","description":"Big Brother Albania - Lirita ka shprehur d\u00c3\u00abshirat e saj se si do t`i shpenzoj\u00c3\u00ab parat\u00c3\u00ab n\u00c3\u00abse fiton cmimin e par\u00c3\u00ab dhe vler\u00c3\u00abn prej 70 mij\u00c3\u00ab euro","robots":{"index":"index","follow":"follow","max-snippet":"max-snippet:-1","max-image-preview":"max-image-preview:large","max-video-preview":"max-video-preview:-1"},"canonical":"https:\/\/www.visit-ulcinj.com\/blog\/2009\/02\/26\/lirita-e-arjoni-nese-fitoj\/","og_locale":"en_US","og_type":"article","og_title":"Lirita \u00c3\u00ab Arjoni - N\u00c3\u00abse fitoj - Big Brother Albania","og_description":"Big Brother Albania - Lirita ka shprehur d\u00c3\u00abshirat e saj se si do t`i shpenzoj\u00c3\u00ab parat\u00c3\u00ab n\u00c3\u00abse fiton cmimin e par\u00c3\u00ab dhe vler\u00c3\u00abn prej 70 mij\u00c3\u00ab euro","og_url":"https:\/\/www.visit-ulcinj.com\/blog\/2009\/02\/26\/lirita-e-arjoni-nese-fitoj\/","og_site_name":"Lajme nga Ulqini","article_published_time":"2009-02-26T13:05:14+00:00","article_modified_time":"2009-02-26T12:57:35+00:00","og_image":[{"url":"http:\/\/www.visit-ulcinj.com\/blog\/wp-content\/uploads\/2009\/02\/lirita-arjon-shpenzimi.jpg"}],"twitter_misc":{"Written by":"ulqini","Est. reading time":"1 minute"},"schema":{"@context":"https:\/\/schema.org","@graph":[{"@type":"WebSite","@id":"https:\/\/www.visit-ulcinj.com\/blog\/#website","url":"https:\/\/www.visit-ulcinj.com\/blog\/","name":"Lajme nga Ulqini","description":"Lajme,Vijesti,Ulqini,Ulqin,Crna Gora,Mali i Zi","potentialAction":[{"@type":"SearchAction","target":{"@type":"EntryPoint","urlTemplate":"https:\/\/www.visit-ulcinj.com\/blog\/?s={search_term_string}"},"query-input":"required name=search_term_string"}],"inLanguage":"en-US"},{"@type":"ImageObject","inLanguage":"en-US","@id":"https:\/\/www.visit-ulcinj.com\/blog\/2009\/02\/26\/lirita-e-arjoni-nese-fitoj\/#primaryimage","url":"http:\/\/www.visit-ulcinj.com\/blog\/wp-content\/uploads\/2009\/02\/lirita-arjon-shpenzimi.jpg","contentUrl":"http:\/\/www.visit-ulcinj.com\/blog\/wp-content\/uploads\/2009\/02\/lirita-arjon-shpenzimi.jpg"},{"@type":"WebPage","@id":"https:\/\/www.visit-ulcinj.com\/blog\/2009\/02\/26\/lirita-e-arjoni-nese-fitoj\/#webpage","url":"https:\/\/www.visit-ulcinj.com\/blog\/2009\/02\/26\/lirita-e-arjoni-nese-fitoj\/","name":"Lirita \u00c3\u00ab Arjoni - N\u00c3\u00abse fitoj - Big Brother Albania","isPartOf":{"@id":"https:\/\/www.visit-ulcinj.com\/blog\/#website"},"primaryImageOfPage":{"@id":"https:\/\/www.visit-ulcinj.com\/blog\/2009\/02\/26\/lirita-e-arjoni-nese-fitoj\/#primaryimage"},"datePublished":"2009-02-26T13:05:14+00:00","dateModified":"2009-02-26T12:57:35+00:00","author":{"@id":"https:\/\/www.visit-ulcinj.com\/blog\/#\/schema\/person\/dcab619c614d3038751c63bc2aadc06d"},"description":"Big Brother Albania - Lirita ka shprehur d\u00c3\u00abshirat e saj se si do t`i shpenzoj\u00c3\u00ab parat\u00c3\u00ab n\u00c3\u00abse fiton cmimin e par\u00c3\u00ab dhe vler\u00c3\u00abn prej 70 mij\u00c3\u00ab euro","breadcrumb":{"@id":"https:\/\/www.visit-ulcinj.com\/blog\/2009\/02\/26\/lirita-e-arjoni-nese-fitoj\/#breadcrumb"},"inLanguage":"en-US","potentialAction":[{"@type":"ReadAction","target":["https:\/\/www.visit-ulcinj.com\/blog\/2009\/02\/26\/lirita-e-arjoni-nese-fitoj\/"]}]},{"@type":"BreadcrumbList","@id":"https:\/\/www.visit-ulcinj.com\/blog\/2009\/02\/26\/lirita-e-arjoni-nese-fitoj\/#breadcrumb","itemListElement":[{"@type":"ListItem","position":1,"name":"Lirita \u00eb Arjoni &#8211; N\u00ebse fitoj"}]},{"@type":"Person","@id":"https:\/\/www.visit-ulcinj.com\/blog\/#\/schema\/person\/dcab619c614d3038751c63bc2aadc06d","name":"ulqini","sameAs":["http:\/\/www.visit-ulcinj.com"],"url":"https:\/\/www.visit-ulcinj.com\/blog\/author\/admin\/"}]}},"jetpack_featured_media_url":"","jetpack_sharing_enabled":true,"jetpack_shortlink":"https:\/\/wp.me\/pe6lTn-3cU","_links":{"self":[{"href":"https:\/\/www.visit-ulcinj.com\/blog\/wp-json\/wp\/v2\/posts\/12332"}],"collection":[{"href":"https:\/\/www.visit-ulcinj.com\/blog\/wp-json\/wp\/v2\/posts"}],"about":[{"href":"https:\/\/www.visit-ulcinj.com\/blog\/wp-json\/wp\/v2\/types\/post"}],"author":[{"embeddable":true,"href":"https:\/\/www.visit-ulcinj.com\/blog\/wp-json\/wp\/v2\/users\/1"}],"replies":[{"embeddable":true,"href":"https:\/\/www.visit-ulcinj.com\/blog\/wp-json\/wp\/v2\/comments?post=12332"}],"version-history":[{"count":0,"href":"https:\/\/www.visit-ulcinj.com\/blog\/wp-json\/wp\/v2\/posts\/12332\/revisions"}],"wp:attachment":[{"href":"https:\/\/www.visit-ulcinj.com\/blog\/wp-json\/wp\/v2\/media?parent=12332"}],"wp:term":[{"taxonomy":"category","embeddable":true,"href":"https:\/\/www.visit-ulcinj.com\/blog\/wp-json\/wp\/v2\/categories?post=12332"},{"taxonomy":"post_tag","embeddable":true,"href":"https:\/\/www.visit-ulcinj.com\/blog\/wp-json\/wp\/v2\/tags?post=12332"}],"curies":[{"name":"wp","href":"https:\/\/api.w.org\/{rel}","templated":true}]}}