{"id":12335,"date":"2009-02-26T14:10:12","date_gmt":"2009-02-26T13:10:12","guid":{"rendered":"http:\/\/www.visit-ulcinj.com\/blog\/?p=12335"},"modified":"2009-02-26T14:01:51","modified_gmt":"2009-02-26T13:01:51","slug":"arjoni-thashetheme-per-agonin","status":"publish","type":"post","link":"https:\/\/www.visit-ulcinj.com\/blog\/2009\/02\/26\/arjoni-thashetheme-per-agonin\/","title":{"rendered":"Arjoni : Thashetheme p\u00ebr Agonin"},"content":{"rendered":"<p><strong><span class=\"newstitlec\"><a href=\"http:\/\/www.visit-ulcinj.com\/blog\/wp-content\/uploads\/2009\/02\/arjoni-zhuljeta.jpg\"><img loading=\"lazy\" class=\"alignleft size-full wp-image-12336\" title=\"arjoni-zhuljeta-big-brother-albania\" src=\"http:\/\/www.visit-ulcinj.com\/blog\/wp-content\/uploads\/2009\/02\/arjoni-zhuljeta.jpg\" alt=\"arjoni-zhuljeta-big-brother-albania\" width=\"300\" height=\"205\" \/><\/a>Thashetheme p\u00ebr Agonin<\/span><\/strong><br \/>\n<em><span class=\"newsdate\">24\/02\/09 14:00<\/span><\/em><\/p>\n<p>\u201cKam menduar t\u00eb dal baba q\u00eb k\u00ebtu\u201d ka qen\u00eb fraza e Agonit t\u00eb cil\u00ebn Zhuljeta e gjen si pretekst p\u00ebr t\u00eb b\u00ebr\u00eb pak thashetheme. Zhuljeta flet me Arjonin p\u00ebr pak\u00ebnaq\u00ebsit\u00eb q\u00eb ka kundrejt Agonit dhe p\u00ebr bisedat q\u00eb kishin patur gjat\u00eb turnit t\u00eb tyre. Ajo i thot\u00eb se bisedat q\u00eb b\u00ebn Agoni nuk i p\u00eblqejn\u00eb dhe se b\u00ebn gjithmon\u00eb t\u00eb njejtat biseda me t\u00eb gjith\u00eb, megjithat\u00eb ajo i ka diskutuar t\u00eb gjitha keto me t\u00eb. Zhuljet\u00ebs nuk i p\u00eblqen fakti q\u00eb Agoni ka hyr\u00eb me t\u00eb tilla plane n\u00eb sht\u00ebpi se n\u00eb k\u00ebt\u00eb m\u00ebnyr\u00eb ka p\u00ebr t\u00eb humbur respektin e gocave. P\u00ebr Arjonin nuk \u00ebsht\u00eb ai i vetmi q\u00eb ka ardhur me plane. Thashethemet e tyre nd\u00ebrpriten se me ta bashkohet Dritani.<\/p>\n","protected":false},"excerpt":{"rendered":"<p>Thashetheme p\u00ebr Agonin 24\/02\/09 14:00 \u201cKam menduar t\u00eb dal baba q\u00eb k\u00ebtu\u201d ka qen\u00eb fraza e Agonit t\u00eb cil\u00ebn Zhuljeta e gjen si pretekst p\u00ebr t\u00eb b\u00ebr\u00eb pak thashetheme. Zhuljeta flet me Arjonin p\u00ebr pak\u00ebnaq\u00ebsit\u00eb q\u00eb ka kundrejt Agonit dhe p\u00ebr bisedat q\u00eb kishin patur gjat\u00eb turnit t\u00eb tyre. Ajo i thot\u00eb se bisedat q\u00eb [&hellip;]<\/p>\n","protected":false},"author":1,"featured_media":0,"comment_status":"open","ping_status":"closed","sticky":false,"template":"","format":"standard","meta":{"spay_email":"","jetpack_publicize_message":"","jetpack_is_tweetstorm":false,"jetpack_publicize_feature_enabled":true},"categories":[6502],"tags":[6551,6738,5057,6506,6712,7129,6891,6693,6887,6564],"jetpack_publicize_connections":[],"yoast_head":"<!-- This site is optimized with the Yoast SEO plugin v19.1 - https:\/\/yoast.com\/wordpress\/plugins\/seo\/ -->\n<title>Arjoni : Thashetheme p\u00c3\u00abr Agonin - Big Brother Albania<\/title>\n<meta name=\"description\" content=\"Big Brother Albania - \u00e2\u20ac\u0153Kam menduar t\u00c3\u00ab dal baba q\u00c3\u00ab k\u00c3\u00abtu\u00e2\u20ac\u009d ka qen\u00c3\u00ab fraza e Agonit t\u00c3\u00ab cil\u00c3\u00abn Zhuljeta e gjen si pretekst p\u00c3\u00abr t\u00c3\u00ab b\u00c3\u00abr\u00c3\u00ab pak thashetheme.\" \/>\n<meta name=\"robots\" content=\"index, follow, max-snippet:-1, max-image-preview:large, max-video-preview:-1\" \/>\n<link rel=\"canonical\" href=\"https:\/\/www.visit-ulcinj.com\/blog\/2009\/02\/26\/arjoni-thashetheme-per-agonin\/\" \/>\n<meta property=\"og:locale\" content=\"en_US\" \/>\n<meta property=\"og:type\" content=\"article\" \/>\n<meta property=\"og:title\" content=\"Arjoni : Thashetheme p\u00c3\u00abr Agonin - Big Brother Albania\" \/>\n<meta property=\"og:description\" content=\"Big Brother Albania - \u00e2\u20ac\u0153Kam menduar t\u00c3\u00ab dal baba q\u00c3\u00ab k\u00c3\u00abtu\u00e2\u20ac\u009d ka qen\u00c3\u00ab fraza e Agonit t\u00c3\u00ab cil\u00c3\u00abn Zhuljeta e gjen si pretekst p\u00c3\u00abr t\u00c3\u00ab b\u00c3\u00abr\u00c3\u00ab pak thashetheme.\" \/>\n<meta property=\"og:url\" content=\"https:\/\/www.visit-ulcinj.com\/blog\/2009\/02\/26\/arjoni-thashetheme-per-agonin\/\" \/>\n<meta property=\"og:site_name\" content=\"Lajme nga Ulqini\" \/>\n<meta property=\"article:published_time\" content=\"2009-02-26T13:10:12+00:00\" \/>\n<meta property=\"article:modified_time\" content=\"2009-02-26T13:01:51+00:00\" \/>\n<meta property=\"og:image\" content=\"http:\/\/www.visit-ulcinj.com\/blog\/wp-content\/uploads\/2009\/02\/arjoni-zhuljeta.jpg\" \/>\n<meta name=\"twitter:label1\" content=\"Written by\" \/>\n\t<meta name=\"twitter:data1\" content=\"ulqini\" \/>\n\t<meta name=\"twitter:label2\" content=\"Est. reading time\" \/>\n\t<meta name=\"twitter:data2\" content=\"1 minute\" \/>\n<script type=\"application\/ld+json\" class=\"yoast-schema-graph\">{\"@context\":\"https:\/\/schema.org\",\"@graph\":[{\"@type\":\"WebSite\",\"@id\":\"https:\/\/www.visit-ulcinj.com\/blog\/#website\",\"url\":\"https:\/\/www.visit-ulcinj.com\/blog\/\",\"name\":\"Lajme nga Ulqini\",\"description\":\"Lajme,Vijesti,Ulqini,Ulqin,Crna Gora,Mali i Zi\",\"potentialAction\":[{\"@type\":\"SearchAction\",\"target\":{\"@type\":\"EntryPoint\",\"urlTemplate\":\"https:\/\/www.visit-ulcinj.com\/blog\/?s={search_term_string}\"},\"query-input\":\"required name=search_term_string\"}],\"inLanguage\":\"en-US\"},{\"@type\":\"ImageObject\",\"inLanguage\":\"en-US\",\"@id\":\"https:\/\/www.visit-ulcinj.com\/blog\/2009\/02\/26\/arjoni-thashetheme-per-agonin\/#primaryimage\",\"url\":\"http:\/\/www.visit-ulcinj.com\/blog\/wp-content\/uploads\/2009\/02\/arjoni-zhuljeta.jpg\",\"contentUrl\":\"http:\/\/www.visit-ulcinj.com\/blog\/wp-content\/uploads\/2009\/02\/arjoni-zhuljeta.jpg\"},{\"@type\":\"WebPage\",\"@id\":\"https:\/\/www.visit-ulcinj.com\/blog\/2009\/02\/26\/arjoni-thashetheme-per-agonin\/#webpage\",\"url\":\"https:\/\/www.visit-ulcinj.com\/blog\/2009\/02\/26\/arjoni-thashetheme-per-agonin\/\",\"name\":\"Arjoni : Thashetheme p\u00c3\u00abr Agonin - Big Brother Albania\",\"isPartOf\":{\"@id\":\"https:\/\/www.visit-ulcinj.com\/blog\/#website\"},\"primaryImageOfPage\":{\"@id\":\"https:\/\/www.visit-ulcinj.com\/blog\/2009\/02\/26\/arjoni-thashetheme-per-agonin\/#primaryimage\"},\"datePublished\":\"2009-02-26T13:10:12+00:00\",\"dateModified\":\"2009-02-26T13:01:51+00:00\",\"author\":{\"@id\":\"https:\/\/www.visit-ulcinj.com\/blog\/#\/schema\/person\/dcab619c614d3038751c63bc2aadc06d\"},\"description\":\"Big Brother Albania - \u00e2\u20ac\u0153Kam menduar t\u00c3\u00ab dal baba q\u00c3\u00ab k\u00c3\u00abtu\u00e2\u20ac\u009d ka qen\u00c3\u00ab fraza e Agonit t\u00c3\u00ab cil\u00c3\u00abn Zhuljeta e gjen si pretekst p\u00c3\u00abr t\u00c3\u00ab b\u00c3\u00abr\u00c3\u00ab pak thashetheme.\",\"breadcrumb\":{\"@id\":\"https:\/\/www.visit-ulcinj.com\/blog\/2009\/02\/26\/arjoni-thashetheme-per-agonin\/#breadcrumb\"},\"inLanguage\":\"en-US\",\"potentialAction\":[{\"@type\":\"ReadAction\",\"target\":[\"https:\/\/www.visit-ulcinj.com\/blog\/2009\/02\/26\/arjoni-thashetheme-per-agonin\/\"]}]},{\"@type\":\"BreadcrumbList\",\"@id\":\"https:\/\/www.visit-ulcinj.com\/blog\/2009\/02\/26\/arjoni-thashetheme-per-agonin\/#breadcrumb\",\"itemListElement\":[{\"@type\":\"ListItem\",\"position\":1,\"name\":\"Arjoni : Thashetheme p\u00ebr Agonin\"}]},{\"@type\":\"Person\",\"@id\":\"https:\/\/www.visit-ulcinj.com\/blog\/#\/schema\/person\/dcab619c614d3038751c63bc2aadc06d\",\"name\":\"ulqini\",\"sameAs\":[\"http:\/\/www.visit-ulcinj.com\"],\"url\":\"https:\/\/www.visit-ulcinj.com\/blog\/author\/admin\/\"}]}<\/script>\n<!-- \/ Yoast SEO plugin. -->","yoast_head_json":{"title":"Arjoni : Thashetheme p\u00c3\u00abr Agonin - Big Brother Albania","description":"Big Brother Albania - \u00e2\u20ac\u0153Kam menduar t\u00c3\u00ab dal baba q\u00c3\u00ab k\u00c3\u00abtu\u00e2\u20ac\u009d ka qen\u00c3\u00ab fraza e Agonit t\u00c3\u00ab cil\u00c3\u00abn Zhuljeta e gjen si pretekst p\u00c3\u00abr t\u00c3\u00ab b\u00c3\u00abr\u00c3\u00ab pak thashetheme.","robots":{"index":"index","follow":"follow","max-snippet":"max-snippet:-1","max-image-preview":"max-image-preview:large","max-video-preview":"max-video-preview:-1"},"canonical":"https:\/\/www.visit-ulcinj.com\/blog\/2009\/02\/26\/arjoni-thashetheme-per-agonin\/","og_locale":"en_US","og_type":"article","og_title":"Arjoni : Thashetheme p\u00c3\u00abr Agonin - Big Brother Albania","og_description":"Big Brother Albania - \u00e2\u20ac\u0153Kam menduar t\u00c3\u00ab dal baba q\u00c3\u00ab k\u00c3\u00abtu\u00e2\u20ac\u009d ka qen\u00c3\u00ab fraza e Agonit t\u00c3\u00ab cil\u00c3\u00abn Zhuljeta e gjen si pretekst p\u00c3\u00abr t\u00c3\u00ab b\u00c3\u00abr\u00c3\u00ab pak thashetheme.","og_url":"https:\/\/www.visit-ulcinj.com\/blog\/2009\/02\/26\/arjoni-thashetheme-per-agonin\/","og_site_name":"Lajme nga Ulqini","article_published_time":"2009-02-26T13:10:12+00:00","article_modified_time":"2009-02-26T13:01:51+00:00","og_image":[{"url":"http:\/\/www.visit-ulcinj.com\/blog\/wp-content\/uploads\/2009\/02\/arjoni-zhuljeta.jpg"}],"twitter_misc":{"Written by":"ulqini","Est. reading time":"1 minute"},"schema":{"@context":"https:\/\/schema.org","@graph":[{"@type":"WebSite","@id":"https:\/\/www.visit-ulcinj.com\/blog\/#website","url":"https:\/\/www.visit-ulcinj.com\/blog\/","name":"Lajme nga Ulqini","description":"Lajme,Vijesti,Ulqini,Ulqin,Crna Gora,Mali i Zi","potentialAction":[{"@type":"SearchAction","target":{"@type":"EntryPoint","urlTemplate":"https:\/\/www.visit-ulcinj.com\/blog\/?s={search_term_string}"},"query-input":"required name=search_term_string"}],"inLanguage":"en-US"},{"@type":"ImageObject","inLanguage":"en-US","@id":"https:\/\/www.visit-ulcinj.com\/blog\/2009\/02\/26\/arjoni-thashetheme-per-agonin\/#primaryimage","url":"http:\/\/www.visit-ulcinj.com\/blog\/wp-content\/uploads\/2009\/02\/arjoni-zhuljeta.jpg","contentUrl":"http:\/\/www.visit-ulcinj.com\/blog\/wp-content\/uploads\/2009\/02\/arjoni-zhuljeta.jpg"},{"@type":"WebPage","@id":"https:\/\/www.visit-ulcinj.com\/blog\/2009\/02\/26\/arjoni-thashetheme-per-agonin\/#webpage","url":"https:\/\/www.visit-ulcinj.com\/blog\/2009\/02\/26\/arjoni-thashetheme-per-agonin\/","name":"Arjoni : Thashetheme p\u00c3\u00abr Agonin - Big Brother Albania","isPartOf":{"@id":"https:\/\/www.visit-ulcinj.com\/blog\/#website"},"primaryImageOfPage":{"@id":"https:\/\/www.visit-ulcinj.com\/blog\/2009\/02\/26\/arjoni-thashetheme-per-agonin\/#primaryimage"},"datePublished":"2009-02-26T13:10:12+00:00","dateModified":"2009-02-26T13:01:51+00:00","author":{"@id":"https:\/\/www.visit-ulcinj.com\/blog\/#\/schema\/person\/dcab619c614d3038751c63bc2aadc06d"},"description":"Big Brother Albania - \u00e2\u20ac\u0153Kam menduar t\u00c3\u00ab dal baba q\u00c3\u00ab k\u00c3\u00abtu\u00e2\u20ac\u009d ka qen\u00c3\u00ab fraza e Agonit t\u00c3\u00ab cil\u00c3\u00abn Zhuljeta e gjen si pretekst p\u00c3\u00abr t\u00c3\u00ab b\u00c3\u00abr\u00c3\u00ab pak thashetheme.","breadcrumb":{"@id":"https:\/\/www.visit-ulcinj.com\/blog\/2009\/02\/26\/arjoni-thashetheme-per-agonin\/#breadcrumb"},"inLanguage":"en-US","potentialAction":[{"@type":"ReadAction","target":["https:\/\/www.visit-ulcinj.com\/blog\/2009\/02\/26\/arjoni-thashetheme-per-agonin\/"]}]},{"@type":"BreadcrumbList","@id":"https:\/\/www.visit-ulcinj.com\/blog\/2009\/02\/26\/arjoni-thashetheme-per-agonin\/#breadcrumb","itemListElement":[{"@type":"ListItem","position":1,"name":"Arjoni : Thashetheme p\u00ebr Agonin"}]},{"@type":"Person","@id":"https:\/\/www.visit-ulcinj.com\/blog\/#\/schema\/person\/dcab619c614d3038751c63bc2aadc06d","name":"ulqini","sameAs":["http:\/\/www.visit-ulcinj.com"],"url":"https:\/\/www.visit-ulcinj.com\/blog\/author\/admin\/"}]}},"jetpack_featured_media_url":"","jetpack_sharing_enabled":true,"jetpack_shortlink":"https:\/\/wp.me\/pe6lTn-3cX","_links":{"self":[{"href":"https:\/\/www.visit-ulcinj.com\/blog\/wp-json\/wp\/v2\/posts\/12335"}],"collection":[{"href":"https:\/\/www.visit-ulcinj.com\/blog\/wp-json\/wp\/v2\/posts"}],"about":[{"href":"https:\/\/www.visit-ulcinj.com\/blog\/wp-json\/wp\/v2\/types\/post"}],"author":[{"embeddable":true,"href":"https:\/\/www.visit-ulcinj.com\/blog\/wp-json\/wp\/v2\/users\/1"}],"replies":[{"embeddable":true,"href":"https:\/\/www.visit-ulcinj.com\/blog\/wp-json\/wp\/v2\/comments?post=12335"}],"version-history":[{"count":0,"href":"https:\/\/www.visit-ulcinj.com\/blog\/wp-json\/wp\/v2\/posts\/12335\/revisions"}],"wp:attachment":[{"href":"https:\/\/www.visit-ulcinj.com\/blog\/wp-json\/wp\/v2\/media?parent=12335"}],"wp:term":[{"taxonomy":"category","embeddable":true,"href":"https:\/\/www.visit-ulcinj.com\/blog\/wp-json\/wp\/v2\/categories?post=12335"},{"taxonomy":"post_tag","embeddable":true,"href":"https:\/\/www.visit-ulcinj.com\/blog\/wp-json\/wp\/v2\/tags?post=12335"}],"curies":[{"name":"wp","href":"https:\/\/api.w.org\/{rel}","templated":true}]}}