{"id":12344,"date":"2009-02-26T14:20:24","date_gmt":"2009-02-26T13:20:24","guid":{"rendered":"http:\/\/www.visit-ulcinj.com\/blog\/?p=12344"},"modified":"2009-02-26T14:11:07","modified_gmt":"2009-02-26T13:11:07","slug":"agoni-petale-ne-krevatin-e-adelajdes","status":"publish","type":"post","link":"https:\/\/www.visit-ulcinj.com\/blog\/2009\/02\/26\/agoni-petale-ne-krevatin-e-adelajdes\/","title":{"rendered":"Agoni : Petale n\u00eb krevatin e Adelajdes"},"content":{"rendered":"<p><em><span class=\"newsdate\"><span style=\"font-style: normal;\"><a href=\"http:\/\/www.visit-ulcinj.com\/blog\/wp-content\/uploads\/2009\/02\/agoni-adelajda.jpg\"><img loading=\"lazy\" class=\"alignleft size-full wp-image-12345\" title=\"agoni-adelajda-big-brother-albania\" src=\"http:\/\/www.visit-ulcinj.com\/blog\/wp-content\/uploads\/2009\/02\/agoni-adelajda.jpg\" alt=\"agoni-adelajda-big-brother-albania\" width=\"300\" height=\"205\" \/><\/a><\/span>25\/02\/09 00:05<\/span><\/em><\/p>\n<p>Agoni ka hedhur petale lulesh n\u00eb krevatin e Adelajdes. Kjo gj\u00eb duket ta ket\u00eb shqet\u00ebsuar shum\u00eb Adelajden q\u00eb i \u00ebsht\u00eb shprehur Republik\u00ebs se n\u00ebse do t\u00eb p\u00eblqente Agoni, mund t\u2019i p\u00eblqente edhe ai gjest, por asaj ai nuk i p\u00eblqen fare, as fizikisht, as si tip. \u201cKur kam ardhur k\u00ebtu, &#8211; i ka th\u00ebn\u00eb ajo Republik\u00ebs, &#8211; i kam v\u00ebn\u00eb disa synime vetes! Dhe nuk kam nd\u00ebrmend t\u00eb krijoj lidhje dashurie me asnj\u00eb mashkull t\u00eb sht\u00ebpis\u00eb!\u201d. Sipas saj, kjo p\u00ebr dy arsye, sepse nuk e t\u00ebrheq askush prej tyre dhe sepse ka nj\u00eb jet\u00eb tjet\u00ebr jasht\u00eb sht\u00ebpis\u00eb. Ajo ka vazhduar duke th\u00ebn\u00eb se njeriu njihet n\u00eb jet\u00ebn p\u00ebrjashta dhe jo n\u00eb at\u00eb brenda nj\u00eb \u201creality sho\u00eb\u201d. Ajo nuk vonoi t\u2019ia b\u00ebj\u00eb t\u00eb qart\u00eb edhe Agonit, se gjeste t\u00eb tilla asaj nuk i p\u00eblqejn\u00eb dhe ai nuk duhet t\u2019i p\u00ebrs\u00ebris\u00eb.<\/p>\n<p>TCH<\/p>\n","protected":false},"excerpt":{"rendered":"<p>25\/02\/09 00:05 Agoni ka hedhur petale lulesh n\u00eb krevatin e Adelajdes. Kjo gj\u00eb duket ta ket\u00eb shqet\u00ebsuar shum\u00eb Adelajden q\u00eb i \u00ebsht\u00eb shprehur Republik\u00ebs se n\u00ebse do t\u00eb p\u00eblqente Agoni, mund t\u2019i p\u00eblqente edhe ai gjest, por asaj ai nuk i p\u00eblqen fare, as fizikisht, as si tip. \u201cKur kam ardhur k\u00ebtu, &#8211; i ka [&hellip;]<\/p>\n","protected":false},"author":1,"featured_media":0,"comment_status":"open","ping_status":"closed","sticky":false,"template":"","format":"standard","meta":{"spay_email":"","jetpack_publicize_message":"","jetpack_is_tweetstorm":false,"jetpack_publicize_feature_enabled":true},"categories":[6502],"tags":[6562,6551,5057,6506,6712,7129,6984,6891,6693,6887],"jetpack_publicize_connections":[],"yoast_head":"<!-- This site is optimized with the Yoast SEO plugin v19.1 - https:\/\/yoast.com\/wordpress\/plugins\/seo\/ -->\n<title>Agoni : Petale n\u00c3\u00ab krevatin e Adelajdes - Big Brother Albania<\/title>\n<meta name=\"description\" content=\"Big Brother Albania - Agoni ka hedhur petale lulesh n\u00c3\u00ab krevatin e Adelajdes.\" \/>\n<meta name=\"robots\" content=\"index, follow, max-snippet:-1, max-image-preview:large, max-video-preview:-1\" \/>\n<link rel=\"canonical\" href=\"https:\/\/www.visit-ulcinj.com\/blog\/2009\/02\/26\/agoni-petale-ne-krevatin-e-adelajdes\/\" \/>\n<meta property=\"og:locale\" content=\"en_US\" \/>\n<meta property=\"og:type\" content=\"article\" \/>\n<meta property=\"og:title\" content=\"Agoni : Petale n\u00c3\u00ab krevatin e Adelajdes - Big Brother Albania\" \/>\n<meta property=\"og:description\" content=\"Big Brother Albania - Agoni ka hedhur petale lulesh n\u00c3\u00ab krevatin e Adelajdes.\" \/>\n<meta property=\"og:url\" content=\"https:\/\/www.visit-ulcinj.com\/blog\/2009\/02\/26\/agoni-petale-ne-krevatin-e-adelajdes\/\" \/>\n<meta property=\"og:site_name\" content=\"Lajme nga Ulqini\" \/>\n<meta property=\"article:published_time\" content=\"2009-02-26T13:20:24+00:00\" \/>\n<meta property=\"article:modified_time\" content=\"2009-02-26T13:11:07+00:00\" \/>\n<meta property=\"og:image\" content=\"http:\/\/www.visit-ulcinj.com\/blog\/wp-content\/uploads\/2009\/02\/agoni-adelajda.jpg\" \/>\n<meta name=\"twitter:label1\" content=\"Written by\" \/>\n\t<meta name=\"twitter:data1\" content=\"ulqini\" \/>\n\t<meta name=\"twitter:label2\" content=\"Est. reading time\" \/>\n\t<meta name=\"twitter:data2\" content=\"1 minute\" \/>\n<script type=\"application\/ld+json\" class=\"yoast-schema-graph\">{\"@context\":\"https:\/\/schema.org\",\"@graph\":[{\"@type\":\"WebSite\",\"@id\":\"https:\/\/www.visit-ulcinj.com\/blog\/#website\",\"url\":\"https:\/\/www.visit-ulcinj.com\/blog\/\",\"name\":\"Lajme nga Ulqini\",\"description\":\"Lajme,Vijesti,Ulqini,Ulqin,Crna Gora,Mali i Zi\",\"potentialAction\":[{\"@type\":\"SearchAction\",\"target\":{\"@type\":\"EntryPoint\",\"urlTemplate\":\"https:\/\/www.visit-ulcinj.com\/blog\/?s={search_term_string}\"},\"query-input\":\"required name=search_term_string\"}],\"inLanguage\":\"en-US\"},{\"@type\":\"ImageObject\",\"inLanguage\":\"en-US\",\"@id\":\"https:\/\/www.visit-ulcinj.com\/blog\/2009\/02\/26\/agoni-petale-ne-krevatin-e-adelajdes\/#primaryimage\",\"url\":\"http:\/\/www.visit-ulcinj.com\/blog\/wp-content\/uploads\/2009\/02\/agoni-adelajda.jpg\",\"contentUrl\":\"http:\/\/www.visit-ulcinj.com\/blog\/wp-content\/uploads\/2009\/02\/agoni-adelajda.jpg\"},{\"@type\":\"WebPage\",\"@id\":\"https:\/\/www.visit-ulcinj.com\/blog\/2009\/02\/26\/agoni-petale-ne-krevatin-e-adelajdes\/#webpage\",\"url\":\"https:\/\/www.visit-ulcinj.com\/blog\/2009\/02\/26\/agoni-petale-ne-krevatin-e-adelajdes\/\",\"name\":\"Agoni : Petale n\u00c3\u00ab krevatin e Adelajdes - Big Brother Albania\",\"isPartOf\":{\"@id\":\"https:\/\/www.visit-ulcinj.com\/blog\/#website\"},\"primaryImageOfPage\":{\"@id\":\"https:\/\/www.visit-ulcinj.com\/blog\/2009\/02\/26\/agoni-petale-ne-krevatin-e-adelajdes\/#primaryimage\"},\"datePublished\":\"2009-02-26T13:20:24+00:00\",\"dateModified\":\"2009-02-26T13:11:07+00:00\",\"author\":{\"@id\":\"https:\/\/www.visit-ulcinj.com\/blog\/#\/schema\/person\/dcab619c614d3038751c63bc2aadc06d\"},\"description\":\"Big Brother Albania - Agoni ka hedhur petale lulesh n\u00c3\u00ab krevatin e Adelajdes.\",\"breadcrumb\":{\"@id\":\"https:\/\/www.visit-ulcinj.com\/blog\/2009\/02\/26\/agoni-petale-ne-krevatin-e-adelajdes\/#breadcrumb\"},\"inLanguage\":\"en-US\",\"potentialAction\":[{\"@type\":\"ReadAction\",\"target\":[\"https:\/\/www.visit-ulcinj.com\/blog\/2009\/02\/26\/agoni-petale-ne-krevatin-e-adelajdes\/\"]}]},{\"@type\":\"BreadcrumbList\",\"@id\":\"https:\/\/www.visit-ulcinj.com\/blog\/2009\/02\/26\/agoni-petale-ne-krevatin-e-adelajdes\/#breadcrumb\",\"itemListElement\":[{\"@type\":\"ListItem\",\"position\":1,\"name\":\"Agoni : Petale n\u00eb krevatin e Adelajdes\"}]},{\"@type\":\"Person\",\"@id\":\"https:\/\/www.visit-ulcinj.com\/blog\/#\/schema\/person\/dcab619c614d3038751c63bc2aadc06d\",\"name\":\"ulqini\",\"sameAs\":[\"http:\/\/www.visit-ulcinj.com\"],\"url\":\"https:\/\/www.visit-ulcinj.com\/blog\/author\/admin\/\"}]}<\/script>\n<!-- \/ Yoast SEO plugin. -->","yoast_head_json":{"title":"Agoni : Petale n\u00c3\u00ab krevatin e Adelajdes - Big Brother Albania","description":"Big Brother Albania - Agoni ka hedhur petale lulesh n\u00c3\u00ab krevatin e Adelajdes.","robots":{"index":"index","follow":"follow","max-snippet":"max-snippet:-1","max-image-preview":"max-image-preview:large","max-video-preview":"max-video-preview:-1"},"canonical":"https:\/\/www.visit-ulcinj.com\/blog\/2009\/02\/26\/agoni-petale-ne-krevatin-e-adelajdes\/","og_locale":"en_US","og_type":"article","og_title":"Agoni : Petale n\u00c3\u00ab krevatin e Adelajdes - Big Brother Albania","og_description":"Big Brother Albania - Agoni ka hedhur petale lulesh n\u00c3\u00ab krevatin e Adelajdes.","og_url":"https:\/\/www.visit-ulcinj.com\/blog\/2009\/02\/26\/agoni-petale-ne-krevatin-e-adelajdes\/","og_site_name":"Lajme nga Ulqini","article_published_time":"2009-02-26T13:20:24+00:00","article_modified_time":"2009-02-26T13:11:07+00:00","og_image":[{"url":"http:\/\/www.visit-ulcinj.com\/blog\/wp-content\/uploads\/2009\/02\/agoni-adelajda.jpg"}],"twitter_misc":{"Written by":"ulqini","Est. reading time":"1 minute"},"schema":{"@context":"https:\/\/schema.org","@graph":[{"@type":"WebSite","@id":"https:\/\/www.visit-ulcinj.com\/blog\/#website","url":"https:\/\/www.visit-ulcinj.com\/blog\/","name":"Lajme nga Ulqini","description":"Lajme,Vijesti,Ulqini,Ulqin,Crna Gora,Mali i Zi","potentialAction":[{"@type":"SearchAction","target":{"@type":"EntryPoint","urlTemplate":"https:\/\/www.visit-ulcinj.com\/blog\/?s={search_term_string}"},"query-input":"required name=search_term_string"}],"inLanguage":"en-US"},{"@type":"ImageObject","inLanguage":"en-US","@id":"https:\/\/www.visit-ulcinj.com\/blog\/2009\/02\/26\/agoni-petale-ne-krevatin-e-adelajdes\/#primaryimage","url":"http:\/\/www.visit-ulcinj.com\/blog\/wp-content\/uploads\/2009\/02\/agoni-adelajda.jpg","contentUrl":"http:\/\/www.visit-ulcinj.com\/blog\/wp-content\/uploads\/2009\/02\/agoni-adelajda.jpg"},{"@type":"WebPage","@id":"https:\/\/www.visit-ulcinj.com\/blog\/2009\/02\/26\/agoni-petale-ne-krevatin-e-adelajdes\/#webpage","url":"https:\/\/www.visit-ulcinj.com\/blog\/2009\/02\/26\/agoni-petale-ne-krevatin-e-adelajdes\/","name":"Agoni : Petale n\u00c3\u00ab krevatin e Adelajdes - Big Brother Albania","isPartOf":{"@id":"https:\/\/www.visit-ulcinj.com\/blog\/#website"},"primaryImageOfPage":{"@id":"https:\/\/www.visit-ulcinj.com\/blog\/2009\/02\/26\/agoni-petale-ne-krevatin-e-adelajdes\/#primaryimage"},"datePublished":"2009-02-26T13:20:24+00:00","dateModified":"2009-02-26T13:11:07+00:00","author":{"@id":"https:\/\/www.visit-ulcinj.com\/blog\/#\/schema\/person\/dcab619c614d3038751c63bc2aadc06d"},"description":"Big Brother Albania - Agoni ka hedhur petale lulesh n\u00c3\u00ab krevatin e Adelajdes.","breadcrumb":{"@id":"https:\/\/www.visit-ulcinj.com\/blog\/2009\/02\/26\/agoni-petale-ne-krevatin-e-adelajdes\/#breadcrumb"},"inLanguage":"en-US","potentialAction":[{"@type":"ReadAction","target":["https:\/\/www.visit-ulcinj.com\/blog\/2009\/02\/26\/agoni-petale-ne-krevatin-e-adelajdes\/"]}]},{"@type":"BreadcrumbList","@id":"https:\/\/www.visit-ulcinj.com\/blog\/2009\/02\/26\/agoni-petale-ne-krevatin-e-adelajdes\/#breadcrumb","itemListElement":[{"@type":"ListItem","position":1,"name":"Agoni : Petale n\u00eb krevatin e Adelajdes"}]},{"@type":"Person","@id":"https:\/\/www.visit-ulcinj.com\/blog\/#\/schema\/person\/dcab619c614d3038751c63bc2aadc06d","name":"ulqini","sameAs":["http:\/\/www.visit-ulcinj.com"],"url":"https:\/\/www.visit-ulcinj.com\/blog\/author\/admin\/"}]}},"jetpack_featured_media_url":"","jetpack_sharing_enabled":true,"jetpack_shortlink":"https:\/\/wp.me\/pe6lTn-3d6","_links":{"self":[{"href":"https:\/\/www.visit-ulcinj.com\/blog\/wp-json\/wp\/v2\/posts\/12344"}],"collection":[{"href":"https:\/\/www.visit-ulcinj.com\/blog\/wp-json\/wp\/v2\/posts"}],"about":[{"href":"https:\/\/www.visit-ulcinj.com\/blog\/wp-json\/wp\/v2\/types\/post"}],"author":[{"embeddable":true,"href":"https:\/\/www.visit-ulcinj.com\/blog\/wp-json\/wp\/v2\/users\/1"}],"replies":[{"embeddable":true,"href":"https:\/\/www.visit-ulcinj.com\/blog\/wp-json\/wp\/v2\/comments?post=12344"}],"version-history":[{"count":0,"href":"https:\/\/www.visit-ulcinj.com\/blog\/wp-json\/wp\/v2\/posts\/12344\/revisions"}],"wp:attachment":[{"href":"https:\/\/www.visit-ulcinj.com\/blog\/wp-json\/wp\/v2\/media?parent=12344"}],"wp:term":[{"taxonomy":"category","embeddable":true,"href":"https:\/\/www.visit-ulcinj.com\/blog\/wp-json\/wp\/v2\/categories?post=12344"},{"taxonomy":"post_tag","embeddable":true,"href":"https:\/\/www.visit-ulcinj.com\/blog\/wp-json\/wp\/v2\/tags?post=12344"}],"curies":[{"name":"wp","href":"https:\/\/api.w.org\/{rel}","templated":true}]}}