{"id":12347,"date":"2009-02-26T14:25:20","date_gmt":"2009-02-26T13:25:20","guid":{"rendered":"http:\/\/www.visit-ulcinj.com\/blog\/?p=12347"},"modified":"2009-02-26T14:14:51","modified_gmt":"2009-02-26T13:14:51","slug":"aida-ose-loje-ose-dobesi","status":"publish","type":"post","link":"https:\/\/www.visit-ulcinj.com\/blog\/2009\/02\/26\/aida-ose-loje-ose-dobesi\/","title":{"rendered":"Aida: Ose loj\u00eb, ose dob\u00ebsi"},"content":{"rendered":"<p><em><span class=\"newsdate\"><span style=\"font-style: normal;\"><a href=\"http:\/\/www.visit-ulcinj.com\/blog\/wp-content\/uploads\/2009\/02\/aidaagoni.jpg\"><img loading=\"lazy\" class=\"alignleft size-full wp-image-12348\" title=\"aida-agoni-big-brother-albania\" src=\"http:\/\/www.visit-ulcinj.com\/blog\/wp-content\/uploads\/2009\/02\/aidaagoni.jpg\" alt=\"aida-agoni-big-brother-albania\" width=\"300\" height=\"205\" \/><\/a><\/span>25\/02\/09 00:20<\/span><\/em><\/p>\n<p>Aida ka diskutuar me Agonin n\u00eb lidhje me simpatin\u00eb q\u00eb ai po shpreh p\u00ebr Adelajden. \u201cMua p\u00ebr budall\u00eb, nuk m\u00eb b\u00ebn dot njeri!\u201d \u2013 i ka th\u00ebn\u00eb ajo atij. Agoni e ka pyetur pse ajo e kaq t\u00eb v\u00ebshtir\u00eb t\u00eb pranoj\u00eb se ai v\u00ebrtet mund ta p\u00eblqej\u00eb Adelajden. Ajo ia ka kthyer se n\u00ebse do t\u00eb pranonte k\u00ebt\u00eb, do t\u2019i duhej fillimisht t\u00eb pranonte q\u00eb ai po ndihej aq vet\u00ebm sa s\u2019po dinte ku t\u00eb kapej. \u201cOse je i zgjuar e po b\u00ebn loj\u00eb, ose je shum\u00eb dob\u00ebt e po bie n\u00eb dashuri edhe m\u00eb diellin q\u00eb del n\u00eb m\u00ebngjes!\u201d &#8211; i ka th\u00ebn\u00eb ajo. Ajo ka shtuar se tani po i jepte t\u00eb drejt\u00eb Zhuljet\u00ebs, kur thoshte se t\u00eb gjith\u00eb po mundohen t\u00eb b\u00ebjn\u00eb show.<\/p>\n","protected":false},"excerpt":{"rendered":"<p>25\/02\/09 00:20 Aida ka diskutuar me Agonin n\u00eb lidhje me simpatin\u00eb q\u00eb ai po shpreh p\u00ebr Adelajden. \u201cMua p\u00ebr budall\u00eb, nuk m\u00eb b\u00ebn dot njeri!\u201d \u2013 i ka th\u00ebn\u00eb ajo atij. Agoni e ka pyetur pse ajo e kaq t\u00eb v\u00ebshtir\u00eb t\u00eb pranoj\u00eb se ai v\u00ebrtet mund ta p\u00eblqej\u00eb Adelajden. Ajo ia ka kthyer se [&hellip;]<\/p>\n","protected":false},"author":1,"featured_media":0,"comment_status":"open","ping_status":"closed","sticky":false,"template":"","format":"standard","meta":{"spay_email":"","jetpack_publicize_message":"","jetpack_is_tweetstorm":false,"jetpack_publicize_feature_enabled":true},"categories":[6502],"tags":[6562,6551,6566,7188,7202,5057,6506,6712,7129,7201,7203,6891,6693,6887,6564],"jetpack_publicize_connections":[],"yoast_head":"<!-- This site is optimized with the Yoast SEO plugin v19.1 - https:\/\/yoast.com\/wordpress\/plugins\/seo\/ -->\n<title>Aida: Ose loj\u00c3\u00ab, ose dob\u00c3\u00absi - Big Brother Albania<\/title>\n<meta name=\"description\" content=\"Big Brother Albania - Aida ka diskutuar me Agonin n\u00c3\u00ab lidhje me simpatin\u00c3\u00ab q\u00c3\u00ab ai po shpreh p\u00c3\u00abr Adelajden. \u00e2\u20ac\u0153Mua p\u00c3\u00abr budall\u00c3\u00ab, nuk m\u00c3\u00ab b\u00c3\u00abn dot njeri!\u00e2\u20ac\u009d \u00e2\u20ac\u201c i ka th\u00c3\u00abn\u00c3\u00ab ajo atij\" \/>\n<meta name=\"robots\" content=\"index, follow, max-snippet:-1, max-image-preview:large, max-video-preview:-1\" \/>\n<link rel=\"canonical\" href=\"https:\/\/www.visit-ulcinj.com\/blog\/2009\/02\/26\/aida-ose-loje-ose-dobesi\/\" \/>\n<meta property=\"og:locale\" content=\"en_US\" \/>\n<meta property=\"og:type\" content=\"article\" \/>\n<meta property=\"og:title\" content=\"Aida: Ose loj\u00c3\u00ab, ose dob\u00c3\u00absi - Big Brother Albania\" \/>\n<meta property=\"og:description\" content=\"Big Brother Albania - Aida ka diskutuar me Agonin n\u00c3\u00ab lidhje me simpatin\u00c3\u00ab q\u00c3\u00ab ai po shpreh p\u00c3\u00abr Adelajden. \u00e2\u20ac\u0153Mua p\u00c3\u00abr budall\u00c3\u00ab, nuk m\u00c3\u00ab b\u00c3\u00abn dot njeri!\u00e2\u20ac\u009d \u00e2\u20ac\u201c i ka th\u00c3\u00abn\u00c3\u00ab ajo atij\" \/>\n<meta property=\"og:url\" content=\"https:\/\/www.visit-ulcinj.com\/blog\/2009\/02\/26\/aida-ose-loje-ose-dobesi\/\" \/>\n<meta property=\"og:site_name\" content=\"Lajme nga Ulqini\" \/>\n<meta property=\"article:published_time\" content=\"2009-02-26T13:25:20+00:00\" \/>\n<meta property=\"article:modified_time\" content=\"2009-02-26T13:14:51+00:00\" \/>\n<meta property=\"og:image\" content=\"http:\/\/www.visit-ulcinj.com\/blog\/wp-content\/uploads\/2009\/02\/aidaagoni.jpg\" \/>\n<meta name=\"twitter:label1\" content=\"Written by\" \/>\n\t<meta name=\"twitter:data1\" content=\"ulqini\" \/>\n\t<meta name=\"twitter:label2\" content=\"Est. reading time\" \/>\n\t<meta name=\"twitter:data2\" content=\"1 minute\" \/>\n<script type=\"application\/ld+json\" class=\"yoast-schema-graph\">{\"@context\":\"https:\/\/schema.org\",\"@graph\":[{\"@type\":\"WebSite\",\"@id\":\"https:\/\/www.visit-ulcinj.com\/blog\/#website\",\"url\":\"https:\/\/www.visit-ulcinj.com\/blog\/\",\"name\":\"Lajme nga Ulqini\",\"description\":\"Lajme,Vijesti,Ulqini,Ulqin,Crna Gora,Mali i Zi\",\"potentialAction\":[{\"@type\":\"SearchAction\",\"target\":{\"@type\":\"EntryPoint\",\"urlTemplate\":\"https:\/\/www.visit-ulcinj.com\/blog\/?s={search_term_string}\"},\"query-input\":\"required name=search_term_string\"}],\"inLanguage\":\"en-US\"},{\"@type\":\"ImageObject\",\"inLanguage\":\"en-US\",\"@id\":\"https:\/\/www.visit-ulcinj.com\/blog\/2009\/02\/26\/aida-ose-loje-ose-dobesi\/#primaryimage\",\"url\":\"http:\/\/www.visit-ulcinj.com\/blog\/wp-content\/uploads\/2009\/02\/aidaagoni.jpg\",\"contentUrl\":\"http:\/\/www.visit-ulcinj.com\/blog\/wp-content\/uploads\/2009\/02\/aidaagoni.jpg\"},{\"@type\":\"WebPage\",\"@id\":\"https:\/\/www.visit-ulcinj.com\/blog\/2009\/02\/26\/aida-ose-loje-ose-dobesi\/#webpage\",\"url\":\"https:\/\/www.visit-ulcinj.com\/blog\/2009\/02\/26\/aida-ose-loje-ose-dobesi\/\",\"name\":\"Aida: Ose loj\u00c3\u00ab, ose dob\u00c3\u00absi - Big Brother Albania\",\"isPartOf\":{\"@id\":\"https:\/\/www.visit-ulcinj.com\/blog\/#website\"},\"primaryImageOfPage\":{\"@id\":\"https:\/\/www.visit-ulcinj.com\/blog\/2009\/02\/26\/aida-ose-loje-ose-dobesi\/#primaryimage\"},\"datePublished\":\"2009-02-26T13:25:20+00:00\",\"dateModified\":\"2009-02-26T13:14:51+00:00\",\"author\":{\"@id\":\"https:\/\/www.visit-ulcinj.com\/blog\/#\/schema\/person\/dcab619c614d3038751c63bc2aadc06d\"},\"description\":\"Big Brother Albania - Aida ka diskutuar me Agonin n\u00c3\u00ab lidhje me simpatin\u00c3\u00ab q\u00c3\u00ab ai po shpreh p\u00c3\u00abr Adelajden. \u00e2\u20ac\u0153Mua p\u00c3\u00abr budall\u00c3\u00ab, nuk m\u00c3\u00ab b\u00c3\u00abn dot njeri!\u00e2\u20ac\u009d \u00e2\u20ac\u201c i ka th\u00c3\u00abn\u00c3\u00ab ajo atij\",\"breadcrumb\":{\"@id\":\"https:\/\/www.visit-ulcinj.com\/blog\/2009\/02\/26\/aida-ose-loje-ose-dobesi\/#breadcrumb\"},\"inLanguage\":\"en-US\",\"potentialAction\":[{\"@type\":\"ReadAction\",\"target\":[\"https:\/\/www.visit-ulcinj.com\/blog\/2009\/02\/26\/aida-ose-loje-ose-dobesi\/\"]}]},{\"@type\":\"BreadcrumbList\",\"@id\":\"https:\/\/www.visit-ulcinj.com\/blog\/2009\/02\/26\/aida-ose-loje-ose-dobesi\/#breadcrumb\",\"itemListElement\":[{\"@type\":\"ListItem\",\"position\":1,\"name\":\"Aida: Ose loj\u00eb, ose dob\u00ebsi\"}]},{\"@type\":\"Person\",\"@id\":\"https:\/\/www.visit-ulcinj.com\/blog\/#\/schema\/person\/dcab619c614d3038751c63bc2aadc06d\",\"name\":\"ulqini\",\"sameAs\":[\"http:\/\/www.visit-ulcinj.com\"],\"url\":\"https:\/\/www.visit-ulcinj.com\/blog\/author\/admin\/\"}]}<\/script>\n<!-- \/ Yoast SEO plugin. -->","yoast_head_json":{"title":"Aida: Ose loj\u00c3\u00ab, ose dob\u00c3\u00absi - Big Brother Albania","description":"Big Brother Albania - Aida ka diskutuar me Agonin n\u00c3\u00ab lidhje me simpatin\u00c3\u00ab q\u00c3\u00ab ai po shpreh p\u00c3\u00abr Adelajden. \u00e2\u20ac\u0153Mua p\u00c3\u00abr budall\u00c3\u00ab, nuk m\u00c3\u00ab b\u00c3\u00abn dot njeri!\u00e2\u20ac\u009d \u00e2\u20ac\u201c i ka th\u00c3\u00abn\u00c3\u00ab ajo atij","robots":{"index":"index","follow":"follow","max-snippet":"max-snippet:-1","max-image-preview":"max-image-preview:large","max-video-preview":"max-video-preview:-1"},"canonical":"https:\/\/www.visit-ulcinj.com\/blog\/2009\/02\/26\/aida-ose-loje-ose-dobesi\/","og_locale":"en_US","og_type":"article","og_title":"Aida: Ose loj\u00c3\u00ab, ose dob\u00c3\u00absi - Big Brother Albania","og_description":"Big Brother Albania - Aida ka diskutuar me Agonin n\u00c3\u00ab lidhje me simpatin\u00c3\u00ab q\u00c3\u00ab ai po shpreh p\u00c3\u00abr Adelajden. \u00e2\u20ac\u0153Mua p\u00c3\u00abr budall\u00c3\u00ab, nuk m\u00c3\u00ab b\u00c3\u00abn dot njeri!\u00e2\u20ac\u009d \u00e2\u20ac\u201c i ka th\u00c3\u00abn\u00c3\u00ab ajo atij","og_url":"https:\/\/www.visit-ulcinj.com\/blog\/2009\/02\/26\/aida-ose-loje-ose-dobesi\/","og_site_name":"Lajme nga Ulqini","article_published_time":"2009-02-26T13:25:20+00:00","article_modified_time":"2009-02-26T13:14:51+00:00","og_image":[{"url":"http:\/\/www.visit-ulcinj.com\/blog\/wp-content\/uploads\/2009\/02\/aidaagoni.jpg"}],"twitter_misc":{"Written by":"ulqini","Est. reading time":"1 minute"},"schema":{"@context":"https:\/\/schema.org","@graph":[{"@type":"WebSite","@id":"https:\/\/www.visit-ulcinj.com\/blog\/#website","url":"https:\/\/www.visit-ulcinj.com\/blog\/","name":"Lajme nga Ulqini","description":"Lajme,Vijesti,Ulqini,Ulqin,Crna Gora,Mali i Zi","potentialAction":[{"@type":"SearchAction","target":{"@type":"EntryPoint","urlTemplate":"https:\/\/www.visit-ulcinj.com\/blog\/?s={search_term_string}"},"query-input":"required name=search_term_string"}],"inLanguage":"en-US"},{"@type":"ImageObject","inLanguage":"en-US","@id":"https:\/\/www.visit-ulcinj.com\/blog\/2009\/02\/26\/aida-ose-loje-ose-dobesi\/#primaryimage","url":"http:\/\/www.visit-ulcinj.com\/blog\/wp-content\/uploads\/2009\/02\/aidaagoni.jpg","contentUrl":"http:\/\/www.visit-ulcinj.com\/blog\/wp-content\/uploads\/2009\/02\/aidaagoni.jpg"},{"@type":"WebPage","@id":"https:\/\/www.visit-ulcinj.com\/blog\/2009\/02\/26\/aida-ose-loje-ose-dobesi\/#webpage","url":"https:\/\/www.visit-ulcinj.com\/blog\/2009\/02\/26\/aida-ose-loje-ose-dobesi\/","name":"Aida: Ose loj\u00c3\u00ab, ose dob\u00c3\u00absi - Big Brother Albania","isPartOf":{"@id":"https:\/\/www.visit-ulcinj.com\/blog\/#website"},"primaryImageOfPage":{"@id":"https:\/\/www.visit-ulcinj.com\/blog\/2009\/02\/26\/aida-ose-loje-ose-dobesi\/#primaryimage"},"datePublished":"2009-02-26T13:25:20+00:00","dateModified":"2009-02-26T13:14:51+00:00","author":{"@id":"https:\/\/www.visit-ulcinj.com\/blog\/#\/schema\/person\/dcab619c614d3038751c63bc2aadc06d"},"description":"Big Brother Albania - Aida ka diskutuar me Agonin n\u00c3\u00ab lidhje me simpatin\u00c3\u00ab q\u00c3\u00ab ai po shpreh p\u00c3\u00abr Adelajden. \u00e2\u20ac\u0153Mua p\u00c3\u00abr budall\u00c3\u00ab, nuk m\u00c3\u00ab b\u00c3\u00abn dot njeri!\u00e2\u20ac\u009d \u00e2\u20ac\u201c i ka th\u00c3\u00abn\u00c3\u00ab ajo atij","breadcrumb":{"@id":"https:\/\/www.visit-ulcinj.com\/blog\/2009\/02\/26\/aida-ose-loje-ose-dobesi\/#breadcrumb"},"inLanguage":"en-US","potentialAction":[{"@type":"ReadAction","target":["https:\/\/www.visit-ulcinj.com\/blog\/2009\/02\/26\/aida-ose-loje-ose-dobesi\/"]}]},{"@type":"BreadcrumbList","@id":"https:\/\/www.visit-ulcinj.com\/blog\/2009\/02\/26\/aida-ose-loje-ose-dobesi\/#breadcrumb","itemListElement":[{"@type":"ListItem","position":1,"name":"Aida: Ose loj\u00eb, ose dob\u00ebsi"}]},{"@type":"Person","@id":"https:\/\/www.visit-ulcinj.com\/blog\/#\/schema\/person\/dcab619c614d3038751c63bc2aadc06d","name":"ulqini","sameAs":["http:\/\/www.visit-ulcinj.com"],"url":"https:\/\/www.visit-ulcinj.com\/blog\/author\/admin\/"}]}},"jetpack_featured_media_url":"","jetpack_sharing_enabled":true,"jetpack_shortlink":"https:\/\/wp.me\/pe6lTn-3d9","_links":{"self":[{"href":"https:\/\/www.visit-ulcinj.com\/blog\/wp-json\/wp\/v2\/posts\/12347"}],"collection":[{"href":"https:\/\/www.visit-ulcinj.com\/blog\/wp-json\/wp\/v2\/posts"}],"about":[{"href":"https:\/\/www.visit-ulcinj.com\/blog\/wp-json\/wp\/v2\/types\/post"}],"author":[{"embeddable":true,"href":"https:\/\/www.visit-ulcinj.com\/blog\/wp-json\/wp\/v2\/users\/1"}],"replies":[{"embeddable":true,"href":"https:\/\/www.visit-ulcinj.com\/blog\/wp-json\/wp\/v2\/comments?post=12347"}],"version-history":[{"count":0,"href":"https:\/\/www.visit-ulcinj.com\/blog\/wp-json\/wp\/v2\/posts\/12347\/revisions"}],"wp:attachment":[{"href":"https:\/\/www.visit-ulcinj.com\/blog\/wp-json\/wp\/v2\/media?parent=12347"}],"wp:term":[{"taxonomy":"category","embeddable":true,"href":"https:\/\/www.visit-ulcinj.com\/blog\/wp-json\/wp\/v2\/categories?post=12347"},{"taxonomy":"post_tag","embeddable":true,"href":"https:\/\/www.visit-ulcinj.com\/blog\/wp-json\/wp\/v2\/tags?post=12347"}],"curies":[{"name":"wp","href":"https:\/\/api.w.org\/{rel}","templated":true}]}}