{"id":12352,"date":"2009-02-26T14:30:08","date_gmt":"2009-02-26T13:30:08","guid":{"rendered":"http:\/\/www.visit-ulcinj.com\/blog\/?p=12352"},"modified":"2009-02-26T14:20:02","modified_gmt":"2009-02-26T13:20:02","slug":"arjoni-e-mimoza-arjoni-u-skuq-kur-me-puthi","status":"publish","type":"post","link":"https:\/\/www.visit-ulcinj.com\/blog\/2009\/02\/26\/arjoni-e-mimoza-arjoni-u-skuq-kur-me-puthi\/","title":{"rendered":"Arjoni \u00eb Mimoza &#8211; Arjoni u skuq kur m\u00eb puthi"},"content":{"rendered":"<p><strong><span class=\"newstitlec\"><a href=\"http:\/\/www.visit-ulcinj.com\/blog\/wp-content\/uploads\/2009\/02\/bjordiadelamoza.jpg\"><img loading=\"lazy\" class=\"alignleft size-full wp-image-12351\" title=\"bjordi-adela-mimoza-big-brother-albania\" src=\"http:\/\/www.visit-ulcinj.com\/blog\/wp-content\/uploads\/2009\/02\/bjordiadelamoza.jpg\" alt=\"bjordi-adela-mimoza-big-brother-albania\" width=\"300\" height=\"205\" \/><\/a><\/span><\/strong><em><span class=\"newsdate\">25\/02\/09 02:10<\/span><\/em><\/p>\n<p>Duke biseduar n\u00eb dhom\u00ebn e gjumit, Mimoza i ka treguar Bjordit dhe Adelajdes, se n\u00eb m\u00ebngjes, nd\u00ebrsa ajo po hante, Arjoni i ishte afruar dhe e kishte puthur n\u00eb faqe. Ajo kishte v\u00ebn\u00eb re se pasi e kishte b\u00ebr\u00eb k\u00ebt\u00eb ai ishte b\u00ebr\u00eb flak\u00eb i kuq. Adelajda tha se edhe at\u00eb e kishte puthur, por nuk ishte skuqur, sipas saj, sepse at\u00eb e ka puthur pa t\u00eb keq, nd\u00ebrkoh\u00eb q\u00eb Mimoz\u00ebn e p\u00eblqen. Nd\u00ebrsa Bjordi kur e mori vesh i tha Mimoz\u00ebs: \u201cT\u00eb ka puthur Arjoni dhe nuk m\u00eb ke th\u00ebn\u00eb?!\u201d. \u201cPo, &#8211; iu p\u00ebrgjigj ajo m\u00eb shaka, &#8211; ai m\u00eb puthi dhe un\u00eb e putha!\u201d<\/p>\n<p>TCH<\/p>\n","protected":false},"excerpt":{"rendered":"<p>25\/02\/09 02:10 Duke biseduar n\u00eb dhom\u00ebn e gjumit, Mimoza i ka treguar Bjordit dhe Adelajdes, se n\u00eb m\u00ebngjes, nd\u00ebrsa ajo po hante, Arjoni i ishte afruar dhe e kishte puthur n\u00eb faqe. Ajo kishte v\u00ebn\u00eb re se pasi e kishte b\u00ebr\u00eb k\u00ebt\u00eb ai ishte b\u00ebr\u00eb flak\u00eb i kuq. Adelajda tha se edhe at\u00eb e kishte [&hellip;]<\/p>\n","protected":false},"author":1,"featured_media":0,"comment_status":"open","ping_status":"closed","sticky":false,"template":"","format":"standard","meta":{"spay_email":"","jetpack_publicize_message":"","jetpack_is_tweetstorm":false,"jetpack_publicize_feature_enabled":true},"categories":[6502],"tags":[6562,6558,7204,5057,6506,6712,7129,6665,6544,6891,6693,6887],"jetpack_publicize_connections":[],"yoast_head":"<!-- This site is optimized with the Yoast SEO plugin v19.1 - https:\/\/yoast.com\/wordpress\/plugins\/seo\/ -->\n<title>Arjoni \u00c3\u00ab Mimoza : Arjoni u skuq kur m\u00c3\u00ab - Big Brother Albania<\/title>\n<meta name=\"description\" content=\"Big Brother Albania - Duke biseduar n\u00c3\u00ab dhom\u00c3\u00abn e gjumit, Mimoza i ka treguar Bjordit dhe Adelajdes, se n\u00c3\u00ab m\u00c3\u00abngjes.\" \/>\n<meta name=\"robots\" content=\"index, follow, max-snippet:-1, max-image-preview:large, max-video-preview:-1\" \/>\n<link rel=\"canonical\" href=\"https:\/\/www.visit-ulcinj.com\/blog\/2009\/02\/26\/arjoni-e-mimoza-arjoni-u-skuq-kur-me-puthi\/\" \/>\n<meta property=\"og:locale\" content=\"en_US\" \/>\n<meta property=\"og:type\" content=\"article\" \/>\n<meta property=\"og:title\" content=\"Arjoni \u00c3\u00ab Mimoza : Arjoni u skuq kur m\u00c3\u00ab - Big Brother Albania\" \/>\n<meta property=\"og:description\" content=\"Big Brother Albania - Duke biseduar n\u00c3\u00ab dhom\u00c3\u00abn e gjumit, Mimoza i ka treguar Bjordit dhe Adelajdes, se n\u00c3\u00ab m\u00c3\u00abngjes.\" \/>\n<meta property=\"og:url\" content=\"https:\/\/www.visit-ulcinj.com\/blog\/2009\/02\/26\/arjoni-e-mimoza-arjoni-u-skuq-kur-me-puthi\/\" \/>\n<meta property=\"og:site_name\" content=\"Lajme nga Ulqini\" \/>\n<meta property=\"article:published_time\" content=\"2009-02-26T13:30:08+00:00\" \/>\n<meta property=\"article:modified_time\" content=\"2009-02-26T13:20:02+00:00\" \/>\n<meta property=\"og:image\" content=\"http:\/\/www.visit-ulcinj.com\/blog\/wp-content\/uploads\/2009\/02\/bjordiadelamoza.jpg\" \/>\n<meta name=\"twitter:label1\" content=\"Written by\" \/>\n\t<meta name=\"twitter:data1\" content=\"ulqini\" \/>\n\t<meta name=\"twitter:label2\" content=\"Est. reading time\" \/>\n\t<meta name=\"twitter:data2\" content=\"1 minute\" \/>\n<script type=\"application\/ld+json\" class=\"yoast-schema-graph\">{\"@context\":\"https:\/\/schema.org\",\"@graph\":[{\"@type\":\"WebSite\",\"@id\":\"https:\/\/www.visit-ulcinj.com\/blog\/#website\",\"url\":\"https:\/\/www.visit-ulcinj.com\/blog\/\",\"name\":\"Lajme nga Ulqini\",\"description\":\"Lajme,Vijesti,Ulqini,Ulqin,Crna Gora,Mali i Zi\",\"potentialAction\":[{\"@type\":\"SearchAction\",\"target\":{\"@type\":\"EntryPoint\",\"urlTemplate\":\"https:\/\/www.visit-ulcinj.com\/blog\/?s={search_term_string}\"},\"query-input\":\"required name=search_term_string\"}],\"inLanguage\":\"en-US\"},{\"@type\":\"ImageObject\",\"inLanguage\":\"en-US\",\"@id\":\"https:\/\/www.visit-ulcinj.com\/blog\/2009\/02\/26\/arjoni-e-mimoza-arjoni-u-skuq-kur-me-puthi\/#primaryimage\",\"url\":\"http:\/\/www.visit-ulcinj.com\/blog\/wp-content\/uploads\/2009\/02\/bjordiadelamoza.jpg\",\"contentUrl\":\"http:\/\/www.visit-ulcinj.com\/blog\/wp-content\/uploads\/2009\/02\/bjordiadelamoza.jpg\"},{\"@type\":\"WebPage\",\"@id\":\"https:\/\/www.visit-ulcinj.com\/blog\/2009\/02\/26\/arjoni-e-mimoza-arjoni-u-skuq-kur-me-puthi\/#webpage\",\"url\":\"https:\/\/www.visit-ulcinj.com\/blog\/2009\/02\/26\/arjoni-e-mimoza-arjoni-u-skuq-kur-me-puthi\/\",\"name\":\"Arjoni \u00c3\u00ab Mimoza : Arjoni u skuq kur m\u00c3\u00ab - Big Brother Albania\",\"isPartOf\":{\"@id\":\"https:\/\/www.visit-ulcinj.com\/blog\/#website\"},\"primaryImageOfPage\":{\"@id\":\"https:\/\/www.visit-ulcinj.com\/blog\/2009\/02\/26\/arjoni-e-mimoza-arjoni-u-skuq-kur-me-puthi\/#primaryimage\"},\"datePublished\":\"2009-02-26T13:30:08+00:00\",\"dateModified\":\"2009-02-26T13:20:02+00:00\",\"author\":{\"@id\":\"https:\/\/www.visit-ulcinj.com\/blog\/#\/schema\/person\/dcab619c614d3038751c63bc2aadc06d\"},\"description\":\"Big Brother Albania - Duke biseduar n\u00c3\u00ab dhom\u00c3\u00abn e gjumit, Mimoza i ka treguar Bjordit dhe Adelajdes, se n\u00c3\u00ab m\u00c3\u00abngjes.\",\"breadcrumb\":{\"@id\":\"https:\/\/www.visit-ulcinj.com\/blog\/2009\/02\/26\/arjoni-e-mimoza-arjoni-u-skuq-kur-me-puthi\/#breadcrumb\"},\"inLanguage\":\"en-US\",\"potentialAction\":[{\"@type\":\"ReadAction\",\"target\":[\"https:\/\/www.visit-ulcinj.com\/blog\/2009\/02\/26\/arjoni-e-mimoza-arjoni-u-skuq-kur-me-puthi\/\"]}]},{\"@type\":\"BreadcrumbList\",\"@id\":\"https:\/\/www.visit-ulcinj.com\/blog\/2009\/02\/26\/arjoni-e-mimoza-arjoni-u-skuq-kur-me-puthi\/#breadcrumb\",\"itemListElement\":[{\"@type\":\"ListItem\",\"position\":1,\"name\":\"Arjoni \u00eb Mimoza &#8211; Arjoni u skuq kur m\u00eb puthi\"}]},{\"@type\":\"Person\",\"@id\":\"https:\/\/www.visit-ulcinj.com\/blog\/#\/schema\/person\/dcab619c614d3038751c63bc2aadc06d\",\"name\":\"ulqini\",\"sameAs\":[\"http:\/\/www.visit-ulcinj.com\"],\"url\":\"https:\/\/www.visit-ulcinj.com\/blog\/author\/admin\/\"}]}<\/script>\n<!-- \/ Yoast SEO plugin. -->","yoast_head_json":{"title":"Arjoni \u00c3\u00ab Mimoza : Arjoni u skuq kur m\u00c3\u00ab - Big Brother Albania","description":"Big Brother Albania - Duke biseduar n\u00c3\u00ab dhom\u00c3\u00abn e gjumit, Mimoza i ka treguar Bjordit dhe Adelajdes, se n\u00c3\u00ab m\u00c3\u00abngjes.","robots":{"index":"index","follow":"follow","max-snippet":"max-snippet:-1","max-image-preview":"max-image-preview:large","max-video-preview":"max-video-preview:-1"},"canonical":"https:\/\/www.visit-ulcinj.com\/blog\/2009\/02\/26\/arjoni-e-mimoza-arjoni-u-skuq-kur-me-puthi\/","og_locale":"en_US","og_type":"article","og_title":"Arjoni \u00c3\u00ab Mimoza : Arjoni u skuq kur m\u00c3\u00ab - Big Brother Albania","og_description":"Big Brother Albania - Duke biseduar n\u00c3\u00ab dhom\u00c3\u00abn e gjumit, Mimoza i ka treguar Bjordit dhe Adelajdes, se n\u00c3\u00ab m\u00c3\u00abngjes.","og_url":"https:\/\/www.visit-ulcinj.com\/blog\/2009\/02\/26\/arjoni-e-mimoza-arjoni-u-skuq-kur-me-puthi\/","og_site_name":"Lajme nga Ulqini","article_published_time":"2009-02-26T13:30:08+00:00","article_modified_time":"2009-02-26T13:20:02+00:00","og_image":[{"url":"http:\/\/www.visit-ulcinj.com\/blog\/wp-content\/uploads\/2009\/02\/bjordiadelamoza.jpg"}],"twitter_misc":{"Written by":"ulqini","Est. reading time":"1 minute"},"schema":{"@context":"https:\/\/schema.org","@graph":[{"@type":"WebSite","@id":"https:\/\/www.visit-ulcinj.com\/blog\/#website","url":"https:\/\/www.visit-ulcinj.com\/blog\/","name":"Lajme nga Ulqini","description":"Lajme,Vijesti,Ulqini,Ulqin,Crna Gora,Mali i Zi","potentialAction":[{"@type":"SearchAction","target":{"@type":"EntryPoint","urlTemplate":"https:\/\/www.visit-ulcinj.com\/blog\/?s={search_term_string}"},"query-input":"required name=search_term_string"}],"inLanguage":"en-US"},{"@type":"ImageObject","inLanguage":"en-US","@id":"https:\/\/www.visit-ulcinj.com\/blog\/2009\/02\/26\/arjoni-e-mimoza-arjoni-u-skuq-kur-me-puthi\/#primaryimage","url":"http:\/\/www.visit-ulcinj.com\/blog\/wp-content\/uploads\/2009\/02\/bjordiadelamoza.jpg","contentUrl":"http:\/\/www.visit-ulcinj.com\/blog\/wp-content\/uploads\/2009\/02\/bjordiadelamoza.jpg"},{"@type":"WebPage","@id":"https:\/\/www.visit-ulcinj.com\/blog\/2009\/02\/26\/arjoni-e-mimoza-arjoni-u-skuq-kur-me-puthi\/#webpage","url":"https:\/\/www.visit-ulcinj.com\/blog\/2009\/02\/26\/arjoni-e-mimoza-arjoni-u-skuq-kur-me-puthi\/","name":"Arjoni \u00c3\u00ab Mimoza : Arjoni u skuq kur m\u00c3\u00ab - Big Brother Albania","isPartOf":{"@id":"https:\/\/www.visit-ulcinj.com\/blog\/#website"},"primaryImageOfPage":{"@id":"https:\/\/www.visit-ulcinj.com\/blog\/2009\/02\/26\/arjoni-e-mimoza-arjoni-u-skuq-kur-me-puthi\/#primaryimage"},"datePublished":"2009-02-26T13:30:08+00:00","dateModified":"2009-02-26T13:20:02+00:00","author":{"@id":"https:\/\/www.visit-ulcinj.com\/blog\/#\/schema\/person\/dcab619c614d3038751c63bc2aadc06d"},"description":"Big Brother Albania - Duke biseduar n\u00c3\u00ab dhom\u00c3\u00abn e gjumit, Mimoza i ka treguar Bjordit dhe Adelajdes, se n\u00c3\u00ab m\u00c3\u00abngjes.","breadcrumb":{"@id":"https:\/\/www.visit-ulcinj.com\/blog\/2009\/02\/26\/arjoni-e-mimoza-arjoni-u-skuq-kur-me-puthi\/#breadcrumb"},"inLanguage":"en-US","potentialAction":[{"@type":"ReadAction","target":["https:\/\/www.visit-ulcinj.com\/blog\/2009\/02\/26\/arjoni-e-mimoza-arjoni-u-skuq-kur-me-puthi\/"]}]},{"@type":"BreadcrumbList","@id":"https:\/\/www.visit-ulcinj.com\/blog\/2009\/02\/26\/arjoni-e-mimoza-arjoni-u-skuq-kur-me-puthi\/#breadcrumb","itemListElement":[{"@type":"ListItem","position":1,"name":"Arjoni \u00eb Mimoza &#8211; Arjoni u skuq kur m\u00eb puthi"}]},{"@type":"Person","@id":"https:\/\/www.visit-ulcinj.com\/blog\/#\/schema\/person\/dcab619c614d3038751c63bc2aadc06d","name":"ulqini","sameAs":["http:\/\/www.visit-ulcinj.com"],"url":"https:\/\/www.visit-ulcinj.com\/blog\/author\/admin\/"}]}},"jetpack_featured_media_url":"","jetpack_sharing_enabled":true,"jetpack_shortlink":"https:\/\/wp.me\/pe6lTn-3de","_links":{"self":[{"href":"https:\/\/www.visit-ulcinj.com\/blog\/wp-json\/wp\/v2\/posts\/12352"}],"collection":[{"href":"https:\/\/www.visit-ulcinj.com\/blog\/wp-json\/wp\/v2\/posts"}],"about":[{"href":"https:\/\/www.visit-ulcinj.com\/blog\/wp-json\/wp\/v2\/types\/post"}],"author":[{"embeddable":true,"href":"https:\/\/www.visit-ulcinj.com\/blog\/wp-json\/wp\/v2\/users\/1"}],"replies":[{"embeddable":true,"href":"https:\/\/www.visit-ulcinj.com\/blog\/wp-json\/wp\/v2\/comments?post=12352"}],"version-history":[{"count":0,"href":"https:\/\/www.visit-ulcinj.com\/blog\/wp-json\/wp\/v2\/posts\/12352\/revisions"}],"wp:attachment":[{"href":"https:\/\/www.visit-ulcinj.com\/blog\/wp-json\/wp\/v2\/media?parent=12352"}],"wp:term":[{"taxonomy":"category","embeddable":true,"href":"https:\/\/www.visit-ulcinj.com\/blog\/wp-json\/wp\/v2\/categories?post=12352"},{"taxonomy":"post_tag","embeddable":true,"href":"https:\/\/www.visit-ulcinj.com\/blog\/wp-json\/wp\/v2\/tags?post=12352"}],"curies":[{"name":"wp","href":"https:\/\/api.w.org\/{rel}","templated":true}]}}