{"id":12355,"date":"2009-02-26T14:35:53","date_gmt":"2009-02-26T13:35:53","guid":{"rendered":"http:\/\/www.visit-ulcinj.com\/blog\/?p=12355"},"modified":"2009-02-26T14:26:56","modified_gmt":"2009-02-26T13:26:56","slug":"aida-lista-e-turneve","status":"publish","type":"post","link":"https:\/\/www.visit-ulcinj.com\/blog\/2009\/02\/26\/aida-lista-e-turneve\/","title":{"rendered":"Aida : Lista e turneve"},"content":{"rendered":"<p><em><span class=\"newsdate\"><strong><a href=\"http:\/\/www.visit-ulcinj.com\/blog\/wp-content\/uploads\/2009\/02\/aida-sori.jpg\"><img loading=\"lazy\" class=\"alignleft size-full wp-image-12356\" title=\"aida-sori-big-brother-albania\" src=\"http:\/\/www.visit-ulcinj.com\/blog\/wp-content\/uploads\/2009\/02\/aida-sori.jpg\" alt=\"aida-sori-big-brother-albania\" width=\"300\" height=\"205\" \/><\/a><\/strong>25\/02\/09 12:05<\/span><\/em><\/p>\n<p>Aida k\u00ebrkon q\u00eb t\u00eb nd\u00ebrroj\u00eb turnin meq\u00eb ajo dhe Adi jan\u00eb gati. Ajo e hedh k\u00ebt\u00eb mendim p\u00ebr diskutim, por Adi i thot\u00eb se kjo nuk \u00ebsht\u00eb e drejt\u00eb dhe se V\u00ebllai i Madh k\u00ebrkon seriozitet n\u00eb k\u00ebt\u00eb detyr\u00eb. Aida i thot\u00eb se vec do t\u00eb nd\u00ebrroj\u00eb turnin e jo vendin. Sori q\u00eb ndodhet me ta n\u00eb kop\u00ebsht nd\u00ebrhyn n\u00eb k\u00ebt\u00eb bised\u00eb pasi \u00ebsht\u00eb ai q\u00eb ka hartuar listr\u00ebn. Midis tyre fillon nj\u00eb debat sepse nuk \u00ebsht\u00eb hera e par\u00eb q\u00eb Aida e k\u00ebrkon k\u00ebt\u00eb gj\u00eb. Sori i ndjer\u00eb keq i thot\u00eb q\u00eb her\u00eb tjet\u00ebr ta b\u00ebj\u00eb ajo list\u00ebn meq\u00eb p\u00ebr t\u00eb nuk \u00ebsht\u00eb b\u00ebr\u00eb mir\u00eb. Aida i thot\u00eb se kur ai e ka b\u00ebr\u00eb list\u00ebn, kombinimet jan\u00eb b\u00ebr\u00eb t\u00eb rast\u00ebsishme. Sori k\u00ebmb\u00ebngul me iden\u00eb e tij q\u00eb k\u00ebt\u00eb pun\u00eb ta vazhdoj\u00eb Aida sepse sipas tij ajo vec k\u00ebt\u00eb bised\u00eb di t\u00eb b\u00ebj\u00eb. Ajo justifikohet duke i th\u00ebn\u00eb Sorit se asnj\u00ebher\u00eb nuk e kishin l\u00ebn\u00eb ta coj\u00eb mendimin deri n\u00eb fund, kur \u00ebsht\u00eb diskutuar m\u00eb par\u00eb dhe se Sori po e merr k\u00ebt\u00eb bised\u00eb si nj\u00eb sulm dhe e mbyll bised\u00ebn pa b\u00ebr\u00eb komente t\u00eb tjera por me qejfmbetje.<\/p>\n<p>TCH<\/p>\n","protected":false},"excerpt":{"rendered":"<p>25\/02\/09 12:05 Aida k\u00ebrkon q\u00eb t\u00eb nd\u00ebrroj\u00eb turnin meq\u00eb ajo dhe Adi jan\u00eb gati. Ajo e hedh k\u00ebt\u00eb mendim p\u00ebr diskutim, por Adi i thot\u00eb se kjo nuk \u00ebsht\u00eb e drejt\u00eb dhe se V\u00ebllai i Madh k\u00ebrkon seriozitet n\u00eb k\u00ebt\u00eb detyr\u00eb. Aida i thot\u00eb se vec do t\u00eb nd\u00ebrroj\u00eb turnin e jo vendin. Sori q\u00eb [&hellip;]<\/p>\n","protected":false},"author":1,"featured_media":0,"comment_status":"open","ping_status":"closed","sticky":false,"template":"","format":"standard","meta":{"spay_email":"","jetpack_publicize_message":"","jetpack_is_tweetstorm":false,"jetpack_publicize_feature_enabled":true},"categories":[6502],"tags":[6566,7188,5057,6506,6712,7129,7205,6891,6693,6887],"jetpack_publicize_connections":[],"yoast_head":"<!-- This site is optimized with the Yoast SEO plugin v19.1 - https:\/\/yoast.com\/wordpress\/plugins\/seo\/ -->\n<title>Aida : Lista e turneve - Big Brother Albania<\/title>\n<meta name=\"description\" content=\"Big Brother Albania - Aida k\u00c3\u00abrkon q\u00c3\u00ab t\u00c3\u00ab nd\u00c3\u00abrroj\u00c3\u00ab turnin meq\u00c3\u00ab ajo dhe Adi jan\u00c3\u00ab gati. Ajo e hedh k\u00c3\u00abt\u00c3\u00ab mendim p\u00c3\u00abr diskutim\" \/>\n<meta name=\"robots\" content=\"index, follow, max-snippet:-1, max-image-preview:large, max-video-preview:-1\" \/>\n<link rel=\"canonical\" href=\"https:\/\/www.visit-ulcinj.com\/blog\/2009\/02\/26\/aida-lista-e-turneve\/\" \/>\n<meta property=\"og:locale\" content=\"en_US\" \/>\n<meta property=\"og:type\" content=\"article\" \/>\n<meta property=\"og:title\" content=\"Aida : Lista e turneve - Big Brother Albania\" \/>\n<meta property=\"og:description\" content=\"Big Brother Albania - Aida k\u00c3\u00abrkon q\u00c3\u00ab t\u00c3\u00ab nd\u00c3\u00abrroj\u00c3\u00ab turnin meq\u00c3\u00ab ajo dhe Adi jan\u00c3\u00ab gati. Ajo e hedh k\u00c3\u00abt\u00c3\u00ab mendim p\u00c3\u00abr diskutim\" \/>\n<meta property=\"og:url\" content=\"https:\/\/www.visit-ulcinj.com\/blog\/2009\/02\/26\/aida-lista-e-turneve\/\" \/>\n<meta property=\"og:site_name\" content=\"Lajme nga Ulqini\" \/>\n<meta property=\"article:published_time\" content=\"2009-02-26T13:35:53+00:00\" \/>\n<meta property=\"article:modified_time\" content=\"2009-02-26T13:26:56+00:00\" \/>\n<meta property=\"og:image\" content=\"http:\/\/www.visit-ulcinj.com\/blog\/wp-content\/uploads\/2009\/02\/aida-sori.jpg\" \/>\n<meta name=\"twitter:label1\" content=\"Written by\" \/>\n\t<meta name=\"twitter:data1\" content=\"ulqini\" \/>\n\t<meta name=\"twitter:label2\" content=\"Est. reading time\" \/>\n\t<meta name=\"twitter:data2\" content=\"1 minute\" \/>\n<script type=\"application\/ld+json\" class=\"yoast-schema-graph\">{\"@context\":\"https:\/\/schema.org\",\"@graph\":[{\"@type\":\"WebSite\",\"@id\":\"https:\/\/www.visit-ulcinj.com\/blog\/#website\",\"url\":\"https:\/\/www.visit-ulcinj.com\/blog\/\",\"name\":\"Lajme nga Ulqini\",\"description\":\"Lajme,Vijesti,Ulqini,Ulqin,Crna Gora,Mali i Zi\",\"potentialAction\":[{\"@type\":\"SearchAction\",\"target\":{\"@type\":\"EntryPoint\",\"urlTemplate\":\"https:\/\/www.visit-ulcinj.com\/blog\/?s={search_term_string}\"},\"query-input\":\"required name=search_term_string\"}],\"inLanguage\":\"en-US\"},{\"@type\":\"ImageObject\",\"inLanguage\":\"en-US\",\"@id\":\"https:\/\/www.visit-ulcinj.com\/blog\/2009\/02\/26\/aida-lista-e-turneve\/#primaryimage\",\"url\":\"http:\/\/www.visit-ulcinj.com\/blog\/wp-content\/uploads\/2009\/02\/aida-sori.jpg\",\"contentUrl\":\"http:\/\/www.visit-ulcinj.com\/blog\/wp-content\/uploads\/2009\/02\/aida-sori.jpg\"},{\"@type\":\"WebPage\",\"@id\":\"https:\/\/www.visit-ulcinj.com\/blog\/2009\/02\/26\/aida-lista-e-turneve\/#webpage\",\"url\":\"https:\/\/www.visit-ulcinj.com\/blog\/2009\/02\/26\/aida-lista-e-turneve\/\",\"name\":\"Aida : Lista e turneve - Big Brother Albania\",\"isPartOf\":{\"@id\":\"https:\/\/www.visit-ulcinj.com\/blog\/#website\"},\"primaryImageOfPage\":{\"@id\":\"https:\/\/www.visit-ulcinj.com\/blog\/2009\/02\/26\/aida-lista-e-turneve\/#primaryimage\"},\"datePublished\":\"2009-02-26T13:35:53+00:00\",\"dateModified\":\"2009-02-26T13:26:56+00:00\",\"author\":{\"@id\":\"https:\/\/www.visit-ulcinj.com\/blog\/#\/schema\/person\/dcab619c614d3038751c63bc2aadc06d\"},\"description\":\"Big Brother Albania - Aida k\u00c3\u00abrkon q\u00c3\u00ab t\u00c3\u00ab nd\u00c3\u00abrroj\u00c3\u00ab turnin meq\u00c3\u00ab ajo dhe Adi jan\u00c3\u00ab gati. Ajo e hedh k\u00c3\u00abt\u00c3\u00ab mendim p\u00c3\u00abr diskutim\",\"breadcrumb\":{\"@id\":\"https:\/\/www.visit-ulcinj.com\/blog\/2009\/02\/26\/aida-lista-e-turneve\/#breadcrumb\"},\"inLanguage\":\"en-US\",\"potentialAction\":[{\"@type\":\"ReadAction\",\"target\":[\"https:\/\/www.visit-ulcinj.com\/blog\/2009\/02\/26\/aida-lista-e-turneve\/\"]}]},{\"@type\":\"BreadcrumbList\",\"@id\":\"https:\/\/www.visit-ulcinj.com\/blog\/2009\/02\/26\/aida-lista-e-turneve\/#breadcrumb\",\"itemListElement\":[{\"@type\":\"ListItem\",\"position\":1,\"name\":\"Aida : Lista e turneve\"}]},{\"@type\":\"Person\",\"@id\":\"https:\/\/www.visit-ulcinj.com\/blog\/#\/schema\/person\/dcab619c614d3038751c63bc2aadc06d\",\"name\":\"ulqini\",\"sameAs\":[\"http:\/\/www.visit-ulcinj.com\"],\"url\":\"https:\/\/www.visit-ulcinj.com\/blog\/author\/admin\/\"}]}<\/script>\n<!-- \/ Yoast SEO plugin. -->","yoast_head_json":{"title":"Aida : Lista e turneve - Big Brother Albania","description":"Big Brother Albania - Aida k\u00c3\u00abrkon q\u00c3\u00ab t\u00c3\u00ab nd\u00c3\u00abrroj\u00c3\u00ab turnin meq\u00c3\u00ab ajo dhe Adi jan\u00c3\u00ab gati. Ajo e hedh k\u00c3\u00abt\u00c3\u00ab mendim p\u00c3\u00abr diskutim","robots":{"index":"index","follow":"follow","max-snippet":"max-snippet:-1","max-image-preview":"max-image-preview:large","max-video-preview":"max-video-preview:-1"},"canonical":"https:\/\/www.visit-ulcinj.com\/blog\/2009\/02\/26\/aida-lista-e-turneve\/","og_locale":"en_US","og_type":"article","og_title":"Aida : Lista e turneve - Big Brother Albania","og_description":"Big Brother Albania - Aida k\u00c3\u00abrkon q\u00c3\u00ab t\u00c3\u00ab nd\u00c3\u00abrroj\u00c3\u00ab turnin meq\u00c3\u00ab ajo dhe Adi jan\u00c3\u00ab gati. Ajo e hedh k\u00c3\u00abt\u00c3\u00ab mendim p\u00c3\u00abr diskutim","og_url":"https:\/\/www.visit-ulcinj.com\/blog\/2009\/02\/26\/aida-lista-e-turneve\/","og_site_name":"Lajme nga Ulqini","article_published_time":"2009-02-26T13:35:53+00:00","article_modified_time":"2009-02-26T13:26:56+00:00","og_image":[{"url":"http:\/\/www.visit-ulcinj.com\/blog\/wp-content\/uploads\/2009\/02\/aida-sori.jpg"}],"twitter_misc":{"Written by":"ulqini","Est. reading time":"1 minute"},"schema":{"@context":"https:\/\/schema.org","@graph":[{"@type":"WebSite","@id":"https:\/\/www.visit-ulcinj.com\/blog\/#website","url":"https:\/\/www.visit-ulcinj.com\/blog\/","name":"Lajme nga Ulqini","description":"Lajme,Vijesti,Ulqini,Ulqin,Crna Gora,Mali i Zi","potentialAction":[{"@type":"SearchAction","target":{"@type":"EntryPoint","urlTemplate":"https:\/\/www.visit-ulcinj.com\/blog\/?s={search_term_string}"},"query-input":"required name=search_term_string"}],"inLanguage":"en-US"},{"@type":"ImageObject","inLanguage":"en-US","@id":"https:\/\/www.visit-ulcinj.com\/blog\/2009\/02\/26\/aida-lista-e-turneve\/#primaryimage","url":"http:\/\/www.visit-ulcinj.com\/blog\/wp-content\/uploads\/2009\/02\/aida-sori.jpg","contentUrl":"http:\/\/www.visit-ulcinj.com\/blog\/wp-content\/uploads\/2009\/02\/aida-sori.jpg"},{"@type":"WebPage","@id":"https:\/\/www.visit-ulcinj.com\/blog\/2009\/02\/26\/aida-lista-e-turneve\/#webpage","url":"https:\/\/www.visit-ulcinj.com\/blog\/2009\/02\/26\/aida-lista-e-turneve\/","name":"Aida : Lista e turneve - Big Brother Albania","isPartOf":{"@id":"https:\/\/www.visit-ulcinj.com\/blog\/#website"},"primaryImageOfPage":{"@id":"https:\/\/www.visit-ulcinj.com\/blog\/2009\/02\/26\/aida-lista-e-turneve\/#primaryimage"},"datePublished":"2009-02-26T13:35:53+00:00","dateModified":"2009-02-26T13:26:56+00:00","author":{"@id":"https:\/\/www.visit-ulcinj.com\/blog\/#\/schema\/person\/dcab619c614d3038751c63bc2aadc06d"},"description":"Big Brother Albania - Aida k\u00c3\u00abrkon q\u00c3\u00ab t\u00c3\u00ab nd\u00c3\u00abrroj\u00c3\u00ab turnin meq\u00c3\u00ab ajo dhe Adi jan\u00c3\u00ab gati. Ajo e hedh k\u00c3\u00abt\u00c3\u00ab mendim p\u00c3\u00abr diskutim","breadcrumb":{"@id":"https:\/\/www.visit-ulcinj.com\/blog\/2009\/02\/26\/aida-lista-e-turneve\/#breadcrumb"},"inLanguage":"en-US","potentialAction":[{"@type":"ReadAction","target":["https:\/\/www.visit-ulcinj.com\/blog\/2009\/02\/26\/aida-lista-e-turneve\/"]}]},{"@type":"BreadcrumbList","@id":"https:\/\/www.visit-ulcinj.com\/blog\/2009\/02\/26\/aida-lista-e-turneve\/#breadcrumb","itemListElement":[{"@type":"ListItem","position":1,"name":"Aida : Lista e turneve"}]},{"@type":"Person","@id":"https:\/\/www.visit-ulcinj.com\/blog\/#\/schema\/person\/dcab619c614d3038751c63bc2aadc06d","name":"ulqini","sameAs":["http:\/\/www.visit-ulcinj.com"],"url":"https:\/\/www.visit-ulcinj.com\/blog\/author\/admin\/"}]}},"jetpack_featured_media_url":"","jetpack_sharing_enabled":true,"jetpack_shortlink":"https:\/\/wp.me\/pe6lTn-3dh","_links":{"self":[{"href":"https:\/\/www.visit-ulcinj.com\/blog\/wp-json\/wp\/v2\/posts\/12355"}],"collection":[{"href":"https:\/\/www.visit-ulcinj.com\/blog\/wp-json\/wp\/v2\/posts"}],"about":[{"href":"https:\/\/www.visit-ulcinj.com\/blog\/wp-json\/wp\/v2\/types\/post"}],"author":[{"embeddable":true,"href":"https:\/\/www.visit-ulcinj.com\/blog\/wp-json\/wp\/v2\/users\/1"}],"replies":[{"embeddable":true,"href":"https:\/\/www.visit-ulcinj.com\/blog\/wp-json\/wp\/v2\/comments?post=12355"}],"version-history":[{"count":0,"href":"https:\/\/www.visit-ulcinj.com\/blog\/wp-json\/wp\/v2\/posts\/12355\/revisions"}],"wp:attachment":[{"href":"https:\/\/www.visit-ulcinj.com\/blog\/wp-json\/wp\/v2\/media?parent=12355"}],"wp:term":[{"taxonomy":"category","embeddable":true,"href":"https:\/\/www.visit-ulcinj.com\/blog\/wp-json\/wp\/v2\/categories?post=12355"},{"taxonomy":"post_tag","embeddable":true,"href":"https:\/\/www.visit-ulcinj.com\/blog\/wp-json\/wp\/v2\/tags?post=12355"}],"curies":[{"name":"wp","href":"https:\/\/api.w.org\/{rel}","templated":true}]}}