{"id":12360,"date":"2009-02-26T14:40:17","date_gmt":"2009-02-26T13:40:17","guid":{"rendered":"http:\/\/www.visit-ulcinj.com\/blog\/?p=12360"},"modified":"2009-02-26T14:30:03","modified_gmt":"2009-02-26T13:30:03","slug":"bjordi-do-ta-nominoj-qe-te-gjallerohet","status":"publish","type":"post","link":"https:\/\/www.visit-ulcinj.com\/blog\/2009\/02\/26\/bjordi-do-ta-nominoj-qe-te-gjallerohet\/","title":{"rendered":"Bjordi : Do ta nominoj q\u00eb t\u00eb gjall\u00ebrohet"},"content":{"rendered":"<p><em><span class=\"newsdate\"><a href=\"http:\/\/www.visit-ulcinj.com\/blog\/wp-content\/uploads\/2009\/02\/bjordi5.jpg\"><img loading=\"lazy\" class=\"alignleft size-full wp-image-12361\" title=\"bjordi-big-brother-albania\" src=\"http:\/\/www.visit-ulcinj.com\/blog\/wp-content\/uploads\/2009\/02\/bjordi5.jpg\" alt=\"bjordi-big-brother-albania\" width=\"300\" height=\"205\" \/><\/a>25\/02\/09 13:05<\/span><\/em><\/p>\n<p>Arjoni pyet Aid\u00ebn pse Bjordi \u00ebsht\u00eb katandisur kaq keq dhe pse e ka l\u00ebn\u00eb veten kaq shum\u00eb pas dore. Aida ja kthen se ndoshta ka r\u00ebn\u00eb n\u00eb dashuri ose nuk ka stimul brenda n\u00eb sht\u00ebpi dhe se ndoshta nuk ka gjetur akoma veten. Arjoni tregon se Bjordi m\u00eb ar\u00eb ka qen\u00eb shum\u00eb i kujdessh\u00ebm p\u00ebr pamjen dhe veshjen kurse tani rri i veshur vec me pantallona t\u00eb shkurt\u00ebra e nje bluz\u00eb sportive e i jep pamjen e nj\u00eb barboni. Aida vazhdon t\u00eb shk\u00ebmbej\u00eb batuta me Bjordin. Ajo i thot\u00eb se do ta nxjerr\u00eb n\u00eb nominim k\u00ebt\u00eb jav\u00eb q\u00eb t\u00eb gjall\u00ebrohet pak se ka r\u00ebn\u00eb n\u00eb qet\u00ebsi. Bjordi nga ana e tij i thot\u00eb se nuk \u00ebsht\u00eb nevoja dhe se kur b\u00ebjn\u00eb shaka, b\u00ebjn\u00eb shaka dhe n\u00ebse do jet\u00eb n\u00eb nominim, edhe sikur kot, do ta sulmojn\u00eb edhe ata q\u00eb e duan.<\/p>\n<p>TCH<\/p>\n","protected":false},"excerpt":{"rendered":"<p>25\/02\/09 13:05 Arjoni pyet Aid\u00ebn pse Bjordi \u00ebsht\u00eb katandisur kaq keq dhe pse e ka l\u00ebn\u00eb veten kaq shum\u00eb pas dore. Aida ja kthen se ndoshta ka r\u00ebn\u00eb n\u00eb dashuri ose nuk ka stimul brenda n\u00eb sht\u00ebpi dhe se ndoshta nuk ka gjetur akoma veten. Arjoni tregon se Bjordi m\u00eb ar\u00eb ka qen\u00eb shum\u00eb i [&hellip;]<\/p>\n","protected":false},"author":1,"featured_media":0,"comment_status":"open","ping_status":"closed","sticky":false,"template":"","format":"standard","meta":{"spay_email":"","jetpack_publicize_message":"","jetpack_is_tweetstorm":false,"jetpack_publicize_feature_enabled":true},"categories":[6502],"tags":[6558,6738,5057,6506,6712,7129,6665,6522,6891,6693,6887],"jetpack_publicize_connections":[],"yoast_head":"<!-- This site is optimized with the Yoast SEO plugin v19.1 - https:\/\/yoast.com\/wordpress\/plugins\/seo\/ -->\n<title>Bjordi : Do ta nominoj q\u00c3\u00ab t\u00c3\u00ab gjall\u00c3\u00abrohet - Big Brother Albania<\/title>\n<meta name=\"description\" content=\"Big Brother Albania - Arjoni pyet Aid\u00c3\u00abn pse Bjordi \u00c3\u00absht\u00c3\u00ab katandisur kaq keq dhe pse e ka l\u00c3\u00abn\u00c3\u00ab veten kaq shum\u00c3\u00ab pas dore.\" \/>\n<meta name=\"robots\" content=\"index, follow, max-snippet:-1, max-image-preview:large, max-video-preview:-1\" \/>\n<link rel=\"canonical\" href=\"https:\/\/www.visit-ulcinj.com\/blog\/2009\/02\/26\/bjordi-do-ta-nominoj-qe-te-gjallerohet\/\" \/>\n<meta property=\"og:locale\" content=\"en_US\" \/>\n<meta property=\"og:type\" content=\"article\" \/>\n<meta property=\"og:title\" content=\"Bjordi : Do ta nominoj q\u00c3\u00ab t\u00c3\u00ab gjall\u00c3\u00abrohet - Big Brother Albania\" \/>\n<meta property=\"og:description\" content=\"Big Brother Albania - Arjoni pyet Aid\u00c3\u00abn pse Bjordi \u00c3\u00absht\u00c3\u00ab katandisur kaq keq dhe pse e ka l\u00c3\u00abn\u00c3\u00ab veten kaq shum\u00c3\u00ab pas dore.\" \/>\n<meta property=\"og:url\" content=\"https:\/\/www.visit-ulcinj.com\/blog\/2009\/02\/26\/bjordi-do-ta-nominoj-qe-te-gjallerohet\/\" \/>\n<meta property=\"og:site_name\" content=\"Lajme nga Ulqini\" \/>\n<meta property=\"article:published_time\" content=\"2009-02-26T13:40:17+00:00\" \/>\n<meta property=\"article:modified_time\" content=\"2009-02-26T13:30:03+00:00\" \/>\n<meta property=\"og:image\" content=\"http:\/\/www.visit-ulcinj.com\/blog\/wp-content\/uploads\/2009\/02\/bjordi5.jpg\" \/>\n<meta name=\"twitter:label1\" content=\"Written by\" \/>\n\t<meta name=\"twitter:data1\" content=\"ulqini\" \/>\n\t<meta name=\"twitter:label2\" content=\"Est. reading time\" \/>\n\t<meta name=\"twitter:data2\" content=\"1 minute\" \/>\n<script type=\"application\/ld+json\" class=\"yoast-schema-graph\">{\"@context\":\"https:\/\/schema.org\",\"@graph\":[{\"@type\":\"WebSite\",\"@id\":\"https:\/\/www.visit-ulcinj.com\/blog\/#website\",\"url\":\"https:\/\/www.visit-ulcinj.com\/blog\/\",\"name\":\"Lajme nga Ulqini\",\"description\":\"Lajme,Vijesti,Ulqini,Ulqin,Crna Gora,Mali i Zi\",\"potentialAction\":[{\"@type\":\"SearchAction\",\"target\":{\"@type\":\"EntryPoint\",\"urlTemplate\":\"https:\/\/www.visit-ulcinj.com\/blog\/?s={search_term_string}\"},\"query-input\":\"required name=search_term_string\"}],\"inLanguage\":\"en-US\"},{\"@type\":\"ImageObject\",\"inLanguage\":\"en-US\",\"@id\":\"https:\/\/www.visit-ulcinj.com\/blog\/2009\/02\/26\/bjordi-do-ta-nominoj-qe-te-gjallerohet\/#primaryimage\",\"url\":\"http:\/\/www.visit-ulcinj.com\/blog\/wp-content\/uploads\/2009\/02\/bjordi5.jpg\",\"contentUrl\":\"http:\/\/www.visit-ulcinj.com\/blog\/wp-content\/uploads\/2009\/02\/bjordi5.jpg\"},{\"@type\":\"WebPage\",\"@id\":\"https:\/\/www.visit-ulcinj.com\/blog\/2009\/02\/26\/bjordi-do-ta-nominoj-qe-te-gjallerohet\/#webpage\",\"url\":\"https:\/\/www.visit-ulcinj.com\/blog\/2009\/02\/26\/bjordi-do-ta-nominoj-qe-te-gjallerohet\/\",\"name\":\"Bjordi : Do ta nominoj q\u00c3\u00ab t\u00c3\u00ab gjall\u00c3\u00abrohet - Big Brother Albania\",\"isPartOf\":{\"@id\":\"https:\/\/www.visit-ulcinj.com\/blog\/#website\"},\"primaryImageOfPage\":{\"@id\":\"https:\/\/www.visit-ulcinj.com\/blog\/2009\/02\/26\/bjordi-do-ta-nominoj-qe-te-gjallerohet\/#primaryimage\"},\"datePublished\":\"2009-02-26T13:40:17+00:00\",\"dateModified\":\"2009-02-26T13:30:03+00:00\",\"author\":{\"@id\":\"https:\/\/www.visit-ulcinj.com\/blog\/#\/schema\/person\/dcab619c614d3038751c63bc2aadc06d\"},\"description\":\"Big Brother Albania - Arjoni pyet Aid\u00c3\u00abn pse Bjordi \u00c3\u00absht\u00c3\u00ab katandisur kaq keq dhe pse e ka l\u00c3\u00abn\u00c3\u00ab veten kaq shum\u00c3\u00ab pas dore.\",\"breadcrumb\":{\"@id\":\"https:\/\/www.visit-ulcinj.com\/blog\/2009\/02\/26\/bjordi-do-ta-nominoj-qe-te-gjallerohet\/#breadcrumb\"},\"inLanguage\":\"en-US\",\"potentialAction\":[{\"@type\":\"ReadAction\",\"target\":[\"https:\/\/www.visit-ulcinj.com\/blog\/2009\/02\/26\/bjordi-do-ta-nominoj-qe-te-gjallerohet\/\"]}]},{\"@type\":\"BreadcrumbList\",\"@id\":\"https:\/\/www.visit-ulcinj.com\/blog\/2009\/02\/26\/bjordi-do-ta-nominoj-qe-te-gjallerohet\/#breadcrumb\",\"itemListElement\":[{\"@type\":\"ListItem\",\"position\":1,\"name\":\"Bjordi : Do ta nominoj q\u00eb t\u00eb gjall\u00ebrohet\"}]},{\"@type\":\"Person\",\"@id\":\"https:\/\/www.visit-ulcinj.com\/blog\/#\/schema\/person\/dcab619c614d3038751c63bc2aadc06d\",\"name\":\"ulqini\",\"sameAs\":[\"http:\/\/www.visit-ulcinj.com\"],\"url\":\"https:\/\/www.visit-ulcinj.com\/blog\/author\/admin\/\"}]}<\/script>\n<!-- \/ Yoast SEO plugin. -->","yoast_head_json":{"title":"Bjordi : Do ta nominoj q\u00c3\u00ab t\u00c3\u00ab gjall\u00c3\u00abrohet - Big Brother Albania","description":"Big Brother Albania - Arjoni pyet Aid\u00c3\u00abn pse Bjordi \u00c3\u00absht\u00c3\u00ab katandisur kaq keq dhe pse e ka l\u00c3\u00abn\u00c3\u00ab veten kaq shum\u00c3\u00ab pas dore.","robots":{"index":"index","follow":"follow","max-snippet":"max-snippet:-1","max-image-preview":"max-image-preview:large","max-video-preview":"max-video-preview:-1"},"canonical":"https:\/\/www.visit-ulcinj.com\/blog\/2009\/02\/26\/bjordi-do-ta-nominoj-qe-te-gjallerohet\/","og_locale":"en_US","og_type":"article","og_title":"Bjordi : Do ta nominoj q\u00c3\u00ab t\u00c3\u00ab gjall\u00c3\u00abrohet - Big Brother Albania","og_description":"Big Brother Albania - Arjoni pyet Aid\u00c3\u00abn pse Bjordi \u00c3\u00absht\u00c3\u00ab katandisur kaq keq dhe pse e ka l\u00c3\u00abn\u00c3\u00ab veten kaq shum\u00c3\u00ab pas dore.","og_url":"https:\/\/www.visit-ulcinj.com\/blog\/2009\/02\/26\/bjordi-do-ta-nominoj-qe-te-gjallerohet\/","og_site_name":"Lajme nga Ulqini","article_published_time":"2009-02-26T13:40:17+00:00","article_modified_time":"2009-02-26T13:30:03+00:00","og_image":[{"url":"http:\/\/www.visit-ulcinj.com\/blog\/wp-content\/uploads\/2009\/02\/bjordi5.jpg"}],"twitter_misc":{"Written by":"ulqini","Est. reading time":"1 minute"},"schema":{"@context":"https:\/\/schema.org","@graph":[{"@type":"WebSite","@id":"https:\/\/www.visit-ulcinj.com\/blog\/#website","url":"https:\/\/www.visit-ulcinj.com\/blog\/","name":"Lajme nga Ulqini","description":"Lajme,Vijesti,Ulqini,Ulqin,Crna Gora,Mali i Zi","potentialAction":[{"@type":"SearchAction","target":{"@type":"EntryPoint","urlTemplate":"https:\/\/www.visit-ulcinj.com\/blog\/?s={search_term_string}"},"query-input":"required name=search_term_string"}],"inLanguage":"en-US"},{"@type":"ImageObject","inLanguage":"en-US","@id":"https:\/\/www.visit-ulcinj.com\/blog\/2009\/02\/26\/bjordi-do-ta-nominoj-qe-te-gjallerohet\/#primaryimage","url":"http:\/\/www.visit-ulcinj.com\/blog\/wp-content\/uploads\/2009\/02\/bjordi5.jpg","contentUrl":"http:\/\/www.visit-ulcinj.com\/blog\/wp-content\/uploads\/2009\/02\/bjordi5.jpg"},{"@type":"WebPage","@id":"https:\/\/www.visit-ulcinj.com\/blog\/2009\/02\/26\/bjordi-do-ta-nominoj-qe-te-gjallerohet\/#webpage","url":"https:\/\/www.visit-ulcinj.com\/blog\/2009\/02\/26\/bjordi-do-ta-nominoj-qe-te-gjallerohet\/","name":"Bjordi : Do ta nominoj q\u00c3\u00ab t\u00c3\u00ab gjall\u00c3\u00abrohet - Big Brother Albania","isPartOf":{"@id":"https:\/\/www.visit-ulcinj.com\/blog\/#website"},"primaryImageOfPage":{"@id":"https:\/\/www.visit-ulcinj.com\/blog\/2009\/02\/26\/bjordi-do-ta-nominoj-qe-te-gjallerohet\/#primaryimage"},"datePublished":"2009-02-26T13:40:17+00:00","dateModified":"2009-02-26T13:30:03+00:00","author":{"@id":"https:\/\/www.visit-ulcinj.com\/blog\/#\/schema\/person\/dcab619c614d3038751c63bc2aadc06d"},"description":"Big Brother Albania - Arjoni pyet Aid\u00c3\u00abn pse Bjordi \u00c3\u00absht\u00c3\u00ab katandisur kaq keq dhe pse e ka l\u00c3\u00abn\u00c3\u00ab veten kaq shum\u00c3\u00ab pas dore.","breadcrumb":{"@id":"https:\/\/www.visit-ulcinj.com\/blog\/2009\/02\/26\/bjordi-do-ta-nominoj-qe-te-gjallerohet\/#breadcrumb"},"inLanguage":"en-US","potentialAction":[{"@type":"ReadAction","target":["https:\/\/www.visit-ulcinj.com\/blog\/2009\/02\/26\/bjordi-do-ta-nominoj-qe-te-gjallerohet\/"]}]},{"@type":"BreadcrumbList","@id":"https:\/\/www.visit-ulcinj.com\/blog\/2009\/02\/26\/bjordi-do-ta-nominoj-qe-te-gjallerohet\/#breadcrumb","itemListElement":[{"@type":"ListItem","position":1,"name":"Bjordi : Do ta nominoj q\u00eb t\u00eb gjall\u00ebrohet"}]},{"@type":"Person","@id":"https:\/\/www.visit-ulcinj.com\/blog\/#\/schema\/person\/dcab619c614d3038751c63bc2aadc06d","name":"ulqini","sameAs":["http:\/\/www.visit-ulcinj.com"],"url":"https:\/\/www.visit-ulcinj.com\/blog\/author\/admin\/"}]}},"jetpack_featured_media_url":"","jetpack_sharing_enabled":true,"jetpack_shortlink":"https:\/\/wp.me\/pe6lTn-3dm","_links":{"self":[{"href":"https:\/\/www.visit-ulcinj.com\/blog\/wp-json\/wp\/v2\/posts\/12360"}],"collection":[{"href":"https:\/\/www.visit-ulcinj.com\/blog\/wp-json\/wp\/v2\/posts"}],"about":[{"href":"https:\/\/www.visit-ulcinj.com\/blog\/wp-json\/wp\/v2\/types\/post"}],"author":[{"embeddable":true,"href":"https:\/\/www.visit-ulcinj.com\/blog\/wp-json\/wp\/v2\/users\/1"}],"replies":[{"embeddable":true,"href":"https:\/\/www.visit-ulcinj.com\/blog\/wp-json\/wp\/v2\/comments?post=12360"}],"version-history":[{"count":0,"href":"https:\/\/www.visit-ulcinj.com\/blog\/wp-json\/wp\/v2\/posts\/12360\/revisions"}],"wp:attachment":[{"href":"https:\/\/www.visit-ulcinj.com\/blog\/wp-json\/wp\/v2\/media?parent=12360"}],"wp:term":[{"taxonomy":"category","embeddable":true,"href":"https:\/\/www.visit-ulcinj.com\/blog\/wp-json\/wp\/v2\/categories?post=12360"},{"taxonomy":"post_tag","embeddable":true,"href":"https:\/\/www.visit-ulcinj.com\/blog\/wp-json\/wp\/v2\/tags?post=12360"}],"curies":[{"name":"wp","href":"https:\/\/api.w.org\/{rel}","templated":true}]}}