{"id":12367,"date":"2009-02-26T14:50:53","date_gmt":"2009-02-26T13:50:53","guid":{"rendered":"http:\/\/www.visit-ulcinj.com\/blog\/?p=12367"},"modified":"2009-02-26T14:41:31","modified_gmt":"2009-02-26T13:41:31","slug":"bjordi-ne-mars-kam-ditelindjen","status":"publish","type":"post","link":"https:\/\/www.visit-ulcinj.com\/blog\/2009\/02\/26\/bjordi-ne-mars-kam-ditelindjen\/","title":{"rendered":"Bjordi : N\u00eb mars kam dit\u00eblindjen"},"content":{"rendered":"<p><em><span class=\"newsdate\"><a href=\"http:\/\/www.visit-ulcinj.com\/blog\/wp-content\/uploads\/2009\/02\/taniadibjordi.jpg\"><img loading=\"lazy\" class=\"alignleft size-full wp-image-12368\" title=\"tani-adi-bjordi-big-brother-albania\" src=\"http:\/\/www.visit-ulcinj.com\/blog\/wp-content\/uploads\/2009\/02\/taniadibjordi.jpg\" alt=\"tani-adi-bjordi-big-brother-albania\" width=\"300\" height=\"205\" \/><\/a>26\/02\/09 10:10<\/span><\/em><\/p>\n<p>Duke shijuar diellin e m\u00ebgjesit n\u00eb oborrin e sht\u00ebpis\u00eb, Bjordi i ka th\u00ebn\u00eb Adit dhe Dritanit se n\u00eb mars kishte dit\u00eblindjen dhe mbushte 21 vje\u00e7. Adi ka b\u00ebr\u00eb shaka duke th\u00ebn\u00eb se duhet ta ftonin edhe Tean (lop\u00ebn) dhe Bjordi ia ka kthyer se n\u00ebse ishte shoqja e tij, mund ta ftonte. \u201cDuroni, mos m\u00eb nxirrni dhe p\u00ebr nj\u00eb jav\u00eb\u201d \u2013 ka th\u00ebn\u00eb ai.<\/p>\n<p>TCH<\/p>\n","protected":false},"excerpt":{"rendered":"<p>26\/02\/09 10:10 Duke shijuar diellin e m\u00ebgjesit n\u00eb oborrin e sht\u00ebpis\u00eb, Bjordi i ka th\u00ebn\u00eb Adit dhe Dritanit se n\u00eb mars kishte dit\u00eblindjen dhe mbushte 21 vje\u00e7. Adi ka b\u00ebr\u00eb shaka duke th\u00ebn\u00eb se duhet ta ftonin edhe Tean (lop\u00ebn) dhe Bjordi ia ka kthyer se n\u00ebse ishte shoqja e tij, mund ta ftonte. \u201cDuroni, [&hellip;]<\/p>\n","protected":false},"author":1,"featured_media":0,"comment_status":"open","ping_status":"closed","sticky":false,"template":"","format":"standard","meta":{"spay_email":"","jetpack_publicize_message":"","jetpack_is_tweetstorm":false,"jetpack_publicize_feature_enabled":true},"categories":[6502],"tags":[1414,7191,5057,6506,6712,7129,6665,1389,6891,6693,6887],"jetpack_publicize_connections":[],"yoast_head":"<!-- This site is optimized with the Yoast SEO plugin v19.1 - https:\/\/yoast.com\/wordpress\/plugins\/seo\/ -->\n<title>Bjordi : N\u00c3\u00ab mars kam dit\u00c3\u00ablindjen - Big Brother Albania<\/title>\n<meta name=\"description\" content=\"Big Brother Albania - Duke shijuar diellin e m\u00c3\u00abgjesit n\u00c3\u00ab oborrin e sht\u00c3\u00abpis\u00c3\u00ab, Bjordi i ka th\u00c3\u00abn\u00c3\u00ab Adit dhe Dritanit se n\u00c3\u00ab mars kishte dit\u00c3\u00ablindjen dhe mbushte 21 vje\u00c3\u00a7.\" \/>\n<meta name=\"robots\" content=\"index, follow, max-snippet:-1, max-image-preview:large, max-video-preview:-1\" \/>\n<link rel=\"canonical\" href=\"https:\/\/www.visit-ulcinj.com\/blog\/2009\/02\/26\/bjordi-ne-mars-kam-ditelindjen\/\" \/>\n<meta property=\"og:locale\" content=\"en_US\" \/>\n<meta property=\"og:type\" content=\"article\" \/>\n<meta property=\"og:title\" content=\"Bjordi : N\u00c3\u00ab mars kam dit\u00c3\u00ablindjen - Big Brother Albania\" \/>\n<meta property=\"og:description\" content=\"Big Brother Albania - Duke shijuar diellin e m\u00c3\u00abgjesit n\u00c3\u00ab oborrin e sht\u00c3\u00abpis\u00c3\u00ab, Bjordi i ka th\u00c3\u00abn\u00c3\u00ab Adit dhe Dritanit se n\u00c3\u00ab mars kishte dit\u00c3\u00ablindjen dhe mbushte 21 vje\u00c3\u00a7.\" \/>\n<meta property=\"og:url\" content=\"https:\/\/www.visit-ulcinj.com\/blog\/2009\/02\/26\/bjordi-ne-mars-kam-ditelindjen\/\" \/>\n<meta property=\"og:site_name\" content=\"Lajme nga Ulqini\" \/>\n<meta property=\"article:published_time\" content=\"2009-02-26T13:50:53+00:00\" \/>\n<meta property=\"article:modified_time\" content=\"2009-02-26T13:41:31+00:00\" \/>\n<meta property=\"og:image\" content=\"http:\/\/www.visit-ulcinj.com\/blog\/wp-content\/uploads\/2009\/02\/taniadibjordi.jpg\" \/>\n<meta name=\"twitter:label1\" content=\"Written by\" \/>\n\t<meta name=\"twitter:data1\" content=\"ulqini\" \/>\n<script type=\"application\/ld+json\" class=\"yoast-schema-graph\">{\"@context\":\"https:\/\/schema.org\",\"@graph\":[{\"@type\":\"WebSite\",\"@id\":\"https:\/\/www.visit-ulcinj.com\/blog\/#website\",\"url\":\"https:\/\/www.visit-ulcinj.com\/blog\/\",\"name\":\"Lajme nga Ulqini\",\"description\":\"Lajme,Vijesti,Ulqini,Ulqin,Crna Gora,Mali i Zi\",\"potentialAction\":[{\"@type\":\"SearchAction\",\"target\":{\"@type\":\"EntryPoint\",\"urlTemplate\":\"https:\/\/www.visit-ulcinj.com\/blog\/?s={search_term_string}\"},\"query-input\":\"required name=search_term_string\"}],\"inLanguage\":\"en-US\"},{\"@type\":\"ImageObject\",\"inLanguage\":\"en-US\",\"@id\":\"https:\/\/www.visit-ulcinj.com\/blog\/2009\/02\/26\/bjordi-ne-mars-kam-ditelindjen\/#primaryimage\",\"url\":\"http:\/\/www.visit-ulcinj.com\/blog\/wp-content\/uploads\/2009\/02\/taniadibjordi.jpg\",\"contentUrl\":\"http:\/\/www.visit-ulcinj.com\/blog\/wp-content\/uploads\/2009\/02\/taniadibjordi.jpg\"},{\"@type\":\"WebPage\",\"@id\":\"https:\/\/www.visit-ulcinj.com\/blog\/2009\/02\/26\/bjordi-ne-mars-kam-ditelindjen\/#webpage\",\"url\":\"https:\/\/www.visit-ulcinj.com\/blog\/2009\/02\/26\/bjordi-ne-mars-kam-ditelindjen\/\",\"name\":\"Bjordi : N\u00c3\u00ab mars kam dit\u00c3\u00ablindjen - Big Brother Albania\",\"isPartOf\":{\"@id\":\"https:\/\/www.visit-ulcinj.com\/blog\/#website\"},\"primaryImageOfPage\":{\"@id\":\"https:\/\/www.visit-ulcinj.com\/blog\/2009\/02\/26\/bjordi-ne-mars-kam-ditelindjen\/#primaryimage\"},\"datePublished\":\"2009-02-26T13:50:53+00:00\",\"dateModified\":\"2009-02-26T13:41:31+00:00\",\"author\":{\"@id\":\"https:\/\/www.visit-ulcinj.com\/blog\/#\/schema\/person\/dcab619c614d3038751c63bc2aadc06d\"},\"description\":\"Big Brother Albania - Duke shijuar diellin e m\u00c3\u00abgjesit n\u00c3\u00ab oborrin e sht\u00c3\u00abpis\u00c3\u00ab, Bjordi i ka th\u00c3\u00abn\u00c3\u00ab Adit dhe Dritanit se n\u00c3\u00ab mars kishte dit\u00c3\u00ablindjen dhe mbushte 21 vje\u00c3\u00a7.\",\"breadcrumb\":{\"@id\":\"https:\/\/www.visit-ulcinj.com\/blog\/2009\/02\/26\/bjordi-ne-mars-kam-ditelindjen\/#breadcrumb\"},\"inLanguage\":\"en-US\",\"potentialAction\":[{\"@type\":\"ReadAction\",\"target\":[\"https:\/\/www.visit-ulcinj.com\/blog\/2009\/02\/26\/bjordi-ne-mars-kam-ditelindjen\/\"]}]},{\"@type\":\"BreadcrumbList\",\"@id\":\"https:\/\/www.visit-ulcinj.com\/blog\/2009\/02\/26\/bjordi-ne-mars-kam-ditelindjen\/#breadcrumb\",\"itemListElement\":[{\"@type\":\"ListItem\",\"position\":1,\"name\":\"Bjordi : N\u00eb mars kam dit\u00eblindjen\"}]},{\"@type\":\"Person\",\"@id\":\"https:\/\/www.visit-ulcinj.com\/blog\/#\/schema\/person\/dcab619c614d3038751c63bc2aadc06d\",\"name\":\"ulqini\",\"sameAs\":[\"http:\/\/www.visit-ulcinj.com\"],\"url\":\"https:\/\/www.visit-ulcinj.com\/blog\/author\/admin\/\"}]}<\/script>\n<!-- \/ Yoast SEO plugin. -->","yoast_head_json":{"title":"Bjordi : N\u00c3\u00ab mars kam dit\u00c3\u00ablindjen - Big Brother Albania","description":"Big Brother Albania - Duke shijuar diellin e m\u00c3\u00abgjesit n\u00c3\u00ab oborrin e sht\u00c3\u00abpis\u00c3\u00ab, Bjordi i ka th\u00c3\u00abn\u00c3\u00ab Adit dhe Dritanit se n\u00c3\u00ab mars kishte dit\u00c3\u00ablindjen dhe mbushte 21 vje\u00c3\u00a7.","robots":{"index":"index","follow":"follow","max-snippet":"max-snippet:-1","max-image-preview":"max-image-preview:large","max-video-preview":"max-video-preview:-1"},"canonical":"https:\/\/www.visit-ulcinj.com\/blog\/2009\/02\/26\/bjordi-ne-mars-kam-ditelindjen\/","og_locale":"en_US","og_type":"article","og_title":"Bjordi : N\u00c3\u00ab mars kam dit\u00c3\u00ablindjen - Big Brother Albania","og_description":"Big Brother Albania - Duke shijuar diellin e m\u00c3\u00abgjesit n\u00c3\u00ab oborrin e sht\u00c3\u00abpis\u00c3\u00ab, Bjordi i ka th\u00c3\u00abn\u00c3\u00ab Adit dhe Dritanit se n\u00c3\u00ab mars kishte dit\u00c3\u00ablindjen dhe mbushte 21 vje\u00c3\u00a7.","og_url":"https:\/\/www.visit-ulcinj.com\/blog\/2009\/02\/26\/bjordi-ne-mars-kam-ditelindjen\/","og_site_name":"Lajme nga Ulqini","article_published_time":"2009-02-26T13:50:53+00:00","article_modified_time":"2009-02-26T13:41:31+00:00","og_image":[{"url":"http:\/\/www.visit-ulcinj.com\/blog\/wp-content\/uploads\/2009\/02\/taniadibjordi.jpg"}],"twitter_misc":{"Written by":"ulqini"},"schema":{"@context":"https:\/\/schema.org","@graph":[{"@type":"WebSite","@id":"https:\/\/www.visit-ulcinj.com\/blog\/#website","url":"https:\/\/www.visit-ulcinj.com\/blog\/","name":"Lajme nga Ulqini","description":"Lajme,Vijesti,Ulqini,Ulqin,Crna Gora,Mali i Zi","potentialAction":[{"@type":"SearchAction","target":{"@type":"EntryPoint","urlTemplate":"https:\/\/www.visit-ulcinj.com\/blog\/?s={search_term_string}"},"query-input":"required name=search_term_string"}],"inLanguage":"en-US"},{"@type":"ImageObject","inLanguage":"en-US","@id":"https:\/\/www.visit-ulcinj.com\/blog\/2009\/02\/26\/bjordi-ne-mars-kam-ditelindjen\/#primaryimage","url":"http:\/\/www.visit-ulcinj.com\/blog\/wp-content\/uploads\/2009\/02\/taniadibjordi.jpg","contentUrl":"http:\/\/www.visit-ulcinj.com\/blog\/wp-content\/uploads\/2009\/02\/taniadibjordi.jpg"},{"@type":"WebPage","@id":"https:\/\/www.visit-ulcinj.com\/blog\/2009\/02\/26\/bjordi-ne-mars-kam-ditelindjen\/#webpage","url":"https:\/\/www.visit-ulcinj.com\/blog\/2009\/02\/26\/bjordi-ne-mars-kam-ditelindjen\/","name":"Bjordi : N\u00c3\u00ab mars kam dit\u00c3\u00ablindjen - Big Brother Albania","isPartOf":{"@id":"https:\/\/www.visit-ulcinj.com\/blog\/#website"},"primaryImageOfPage":{"@id":"https:\/\/www.visit-ulcinj.com\/blog\/2009\/02\/26\/bjordi-ne-mars-kam-ditelindjen\/#primaryimage"},"datePublished":"2009-02-26T13:50:53+00:00","dateModified":"2009-02-26T13:41:31+00:00","author":{"@id":"https:\/\/www.visit-ulcinj.com\/blog\/#\/schema\/person\/dcab619c614d3038751c63bc2aadc06d"},"description":"Big Brother Albania - Duke shijuar diellin e m\u00c3\u00abgjesit n\u00c3\u00ab oborrin e sht\u00c3\u00abpis\u00c3\u00ab, Bjordi i ka th\u00c3\u00abn\u00c3\u00ab Adit dhe Dritanit se n\u00c3\u00ab mars kishte dit\u00c3\u00ablindjen dhe mbushte 21 vje\u00c3\u00a7.","breadcrumb":{"@id":"https:\/\/www.visit-ulcinj.com\/blog\/2009\/02\/26\/bjordi-ne-mars-kam-ditelindjen\/#breadcrumb"},"inLanguage":"en-US","potentialAction":[{"@type":"ReadAction","target":["https:\/\/www.visit-ulcinj.com\/blog\/2009\/02\/26\/bjordi-ne-mars-kam-ditelindjen\/"]}]},{"@type":"BreadcrumbList","@id":"https:\/\/www.visit-ulcinj.com\/blog\/2009\/02\/26\/bjordi-ne-mars-kam-ditelindjen\/#breadcrumb","itemListElement":[{"@type":"ListItem","position":1,"name":"Bjordi : N\u00eb mars kam dit\u00eblindjen"}]},{"@type":"Person","@id":"https:\/\/www.visit-ulcinj.com\/blog\/#\/schema\/person\/dcab619c614d3038751c63bc2aadc06d","name":"ulqini","sameAs":["http:\/\/www.visit-ulcinj.com"],"url":"https:\/\/www.visit-ulcinj.com\/blog\/author\/admin\/"}]}},"jetpack_featured_media_url":"","jetpack_sharing_enabled":true,"jetpack_shortlink":"https:\/\/wp.me\/pe6lTn-3dt","_links":{"self":[{"href":"https:\/\/www.visit-ulcinj.com\/blog\/wp-json\/wp\/v2\/posts\/12367"}],"collection":[{"href":"https:\/\/www.visit-ulcinj.com\/blog\/wp-json\/wp\/v2\/posts"}],"about":[{"href":"https:\/\/www.visit-ulcinj.com\/blog\/wp-json\/wp\/v2\/types\/post"}],"author":[{"embeddable":true,"href":"https:\/\/www.visit-ulcinj.com\/blog\/wp-json\/wp\/v2\/users\/1"}],"replies":[{"embeddable":true,"href":"https:\/\/www.visit-ulcinj.com\/blog\/wp-json\/wp\/v2\/comments?post=12367"}],"version-history":[{"count":0,"href":"https:\/\/www.visit-ulcinj.com\/blog\/wp-json\/wp\/v2\/posts\/12367\/revisions"}],"wp:attachment":[{"href":"https:\/\/www.visit-ulcinj.com\/blog\/wp-json\/wp\/v2\/media?parent=12367"}],"wp:term":[{"taxonomy":"category","embeddable":true,"href":"https:\/\/www.visit-ulcinj.com\/blog\/wp-json\/wp\/v2\/categories?post=12367"},{"taxonomy":"post_tag","embeddable":true,"href":"https:\/\/www.visit-ulcinj.com\/blog\/wp-json\/wp\/v2\/tags?post=12367"}],"curies":[{"name":"wp","href":"https:\/\/api.w.org\/{rel}","templated":true}]}}