{"id":1237,"date":"2008-04-14T11:00:33","date_gmt":"2008-04-14T16:00:33","guid":{"rendered":"http:\/\/www.visit-ulcinj.com\/blog\/?p=1237"},"modified":"2008-04-14T11:00:33","modified_gmt":"2008-04-14T16:00:33","slug":"udsh-pershendet-marrjen-e-fteses-per-anetaresim-ne-nato-nga-shqiperia","status":"publish","type":"post","link":"https:\/\/www.visit-ulcinj.com\/blog\/2008\/04\/14\/udsh-pershendet-marrjen-e-fteses-per-anetaresim-ne-nato-nga-shqiperia\/","title":{"rendered":"UDSH p\u00ebrsh\u00ebndet marrjen e ftes\u00ebs p\u00ebr an\u00ebtar\u00ebsim n\u00eb Nato nga Shqip\u00ebria"},"content":{"rendered":"<p><a href=\"http:\/\/www.visit-ulcinj.com\/blog\/wp-content\/uploads\/2008\/04\/dinosha_berisha.jpg\"><img loading=\"lazy\" class=\"alignleft attachment wp-att-1238\" style=\"float: left;\" src=\"http:\/\/www.visit-ulcinj.com\/blog\/wp-content\/uploads\/2008\/04\/dinosha_berisha.thumbnail.jpg\" alt=\"\" width=\"200\" height=\"159\" \/><\/a><strong>Udsh p\u00ebrsh\u00ebndet marrjen e ftes\u00ebs p\u00ebr an\u00ebtar\u00ebsim n\u00eb nato nga shqip\u00ebria dhe shpalljen t\u00eb pafajsh\u00ebm nga gjykata e hag\u00ebs t\u00eb ramush haradinajt<br \/>\n3 prilli &#8211; dat\u00eb historike p\u00ebr shqiptar\u00ebt<\/strong><br \/>\nUlqin &#8211; Unioni Demokratik i Shqiptar\u00ebve ka p\u00ebrsh\u00ebndetur marrjen e ftes\u00ebs nga Shqip\u00ebria n\u00eb Samitin e Bukureshtit p\u00ebr t`u an\u00ebtar\u00ebsuar n\u00eb NATO si dhe shpalljen t\u00eb pafajsh\u00ebm t\u00eb Ramush Haradinajt nga Gjykata e Hag\u00ebs, duke vler\u00ebsuar se 3 prilli, kur ndodhen k\u00ebto dy ngjarje, do t\u00eb renditet nd\u00ebr datat historike t\u00eb shqiptar\u00ebve.<br \/>\n&#8220;UDSH p\u00ebrsh\u00ebndet t\u00eb dyja k\u00ebto ngjarje t\u00eb r\u00ebnd\u00ebsishme p\u00ebr shqiptar\u00ebt. Ato kan\u00eb shkaktuar k\u00ebnaq\u00ebsi dhe entuziaz\u00ebm t\u00eb ri n\u00eb radh\u00ebt tona, sepse pas Pavar\u00ebsis\u00eb s\u00eb Kosov\u00ebs t\u00eb 17 shkurtit t\u00eb k\u00ebtij viti po v\u00ebrtetohet fjalia e kryetarit Dinosha, e th\u00ebn\u00eb n\u00eb Kuvendin V Zgjedhor t\u00eb UDSH-s\u00eb, se shqiptar\u00ebt nga koha e ilir\u00ebve e k\u00ebndej kurr\u00eb nuk kan\u00eb qen\u00eb m\u00eb mir\u00eb&#8221;, thuhet n\u00eb deklarat\u00ebn p\u00ebr shtyp t\u00eb UDSH-s\u00eb.<br \/>\nSipas k\u00ebsaj partie, &#8220;me hyrjen e Shqip\u00ebris\u00eb n\u00eb NATO fillon nj\u00eb epok\u00eb e re p\u00ebr sigurin\u00eb, zhvillimet dhe lirit\u00eb e shqiptar\u00ebve, q\u00eb do t\u00eb jen\u00eb faktor i pakap\u00ebrcyesh\u00ebm n\u00eb marr\u00ebdh\u00ebniet e reja n\u00eb Ballkan, kurse me lirimin e Haradinajt b\u00ebhet kuptimplot\u00eb dhe e pacenueshme lufta e U\u00c7K-s\u00eb dhe Pavar\u00ebsia e Kosov\u00ebs&#8221;.<\/p>\n<p><strong>(Kohapress)<\/strong><\/p>\n","protected":false},"excerpt":{"rendered":"<p><img loading=\"lazy\" class=\"alignleft attachment wp-att-1238\" style=\"float: left;\" src=\"http:\/\/www.visit-ulcinj.com\/blog\/wp-content\/uploads\/2008\/04\/dinosha_berisha.thumbnail.jpg\" alt=\"\" width=\"140\" height=\"140\" \/><\/p>\n","protected":false},"author":1,"featured_media":0,"comment_status":"open","ping_status":"closed","sticky":false,"template":"","format":"standard","meta":{"spay_email":"","jetpack_publicize_message":"","jetpack_is_tweetstorm":false,"jetpack_publicize_feature_enabled":true},"categories":[1,12],"tags":[97,1753,2476,2224,50,200,2445],"jetpack_publicize_connections":[],"yoast_head":"<!-- This site is optimized with the Yoast SEO plugin v19.1 - https:\/\/yoast.com\/wordpress\/plugins\/seo\/ -->\n<title>UDSH p\u00ebrsh\u00ebndet marrjen e ftes\u00ebs p\u00ebr an\u00ebtar\u00ebsim n\u00eb Nato nga Shqip\u00ebria - Lajme nga Ulqini<\/title>\n<meta name=\"robots\" content=\"index, follow, max-snippet:-1, max-image-preview:large, max-video-preview:-1\" \/>\n<link rel=\"canonical\" href=\"https:\/\/www.visit-ulcinj.com\/blog\/2008\/04\/14\/udsh-pershendet-marrjen-e-fteses-per-anetaresim-ne-nato-nga-shqiperia\/\" \/>\n<meta property=\"og:locale\" content=\"en_US\" \/>\n<meta property=\"og:type\" content=\"article\" \/>\n<meta property=\"og:title\" content=\"UDSH p\u00ebrsh\u00ebndet marrjen e ftes\u00ebs p\u00ebr an\u00ebtar\u00ebsim n\u00eb Nato nga Shqip\u00ebria - Lajme nga Ulqini\" \/>\n<meta property=\"og:url\" content=\"https:\/\/www.visit-ulcinj.com\/blog\/2008\/04\/14\/udsh-pershendet-marrjen-e-fteses-per-anetaresim-ne-nato-nga-shqiperia\/\" \/>\n<meta property=\"og:site_name\" content=\"Lajme nga Ulqini\" \/>\n<meta property=\"article:published_time\" content=\"2008-04-14T16:00:33+00:00\" \/>\n<meta property=\"og:image\" content=\"http:\/\/www.visit-ulcinj.com\/blog\/wp-content\/uploads\/2008\/04\/dinosha_berisha.thumbnail.jpg\" \/>\n<meta name=\"twitter:label1\" content=\"Written by\" \/>\n\t<meta name=\"twitter:data1\" content=\"ulqini\" \/>\n\t<meta name=\"twitter:label2\" content=\"Est. reading time\" \/>\n\t<meta name=\"twitter:data2\" content=\"1 minute\" \/>\n<script type=\"application\/ld+json\" class=\"yoast-schema-graph\">{\"@context\":\"https:\/\/schema.org\",\"@graph\":[{\"@type\":\"WebSite\",\"@id\":\"https:\/\/www.visit-ulcinj.com\/blog\/#website\",\"url\":\"https:\/\/www.visit-ulcinj.com\/blog\/\",\"name\":\"Lajme nga Ulqini\",\"description\":\"Lajme,Vijesti,Ulqini,Ulqin,Crna Gora,Mali i Zi\",\"potentialAction\":[{\"@type\":\"SearchAction\",\"target\":{\"@type\":\"EntryPoint\",\"urlTemplate\":\"https:\/\/www.visit-ulcinj.com\/blog\/?s={search_term_string}\"},\"query-input\":\"required name=search_term_string\"}],\"inLanguage\":\"en-US\"},{\"@type\":\"ImageObject\",\"inLanguage\":\"en-US\",\"@id\":\"https:\/\/www.visit-ulcinj.com\/blog\/2008\/04\/14\/udsh-pershendet-marrjen-e-fteses-per-anetaresim-ne-nato-nga-shqiperia\/#primaryimage\",\"url\":\"http:\/\/www.visit-ulcinj.com\/blog\/wp-content\/uploads\/2008\/04\/dinosha_berisha.thumbnail.jpg\",\"contentUrl\":\"http:\/\/www.visit-ulcinj.com\/blog\/wp-content\/uploads\/2008\/04\/dinosha_berisha.thumbnail.jpg\"},{\"@type\":\"WebPage\",\"@id\":\"https:\/\/www.visit-ulcinj.com\/blog\/2008\/04\/14\/udsh-pershendet-marrjen-e-fteses-per-anetaresim-ne-nato-nga-shqiperia\/#webpage\",\"url\":\"https:\/\/www.visit-ulcinj.com\/blog\/2008\/04\/14\/udsh-pershendet-marrjen-e-fteses-per-anetaresim-ne-nato-nga-shqiperia\/\",\"name\":\"UDSH p\u00ebrsh\u00ebndet marrjen e ftes\u00ebs p\u00ebr an\u00ebtar\u00ebsim n\u00eb Nato nga Shqip\u00ebria - Lajme nga Ulqini\",\"isPartOf\":{\"@id\":\"https:\/\/www.visit-ulcinj.com\/blog\/#website\"},\"primaryImageOfPage\":{\"@id\":\"https:\/\/www.visit-ulcinj.com\/blog\/2008\/04\/14\/udsh-pershendet-marrjen-e-fteses-per-anetaresim-ne-nato-nga-shqiperia\/#primaryimage\"},\"datePublished\":\"2008-04-14T16:00:33+00:00\",\"dateModified\":\"2008-04-14T16:00:33+00:00\",\"author\":{\"@id\":\"https:\/\/www.visit-ulcinj.com\/blog\/#\/schema\/person\/dcab619c614d3038751c63bc2aadc06d\"},\"breadcrumb\":{\"@id\":\"https:\/\/www.visit-ulcinj.com\/blog\/2008\/04\/14\/udsh-pershendet-marrjen-e-fteses-per-anetaresim-ne-nato-nga-shqiperia\/#breadcrumb\"},\"inLanguage\":\"en-US\",\"potentialAction\":[{\"@type\":\"ReadAction\",\"target\":[\"https:\/\/www.visit-ulcinj.com\/blog\/2008\/04\/14\/udsh-pershendet-marrjen-e-fteses-per-anetaresim-ne-nato-nga-shqiperia\/\"]}]},{\"@type\":\"BreadcrumbList\",\"@id\":\"https:\/\/www.visit-ulcinj.com\/blog\/2008\/04\/14\/udsh-pershendet-marrjen-e-fteses-per-anetaresim-ne-nato-nga-shqiperia\/#breadcrumb\",\"itemListElement\":[{\"@type\":\"ListItem\",\"position\":1,\"name\":\"UDSH p\u00ebrsh\u00ebndet marrjen e ftes\u00ebs p\u00ebr an\u00ebtar\u00ebsim n\u00eb Nato nga Shqip\u00ebria\"}]},{\"@type\":\"Person\",\"@id\":\"https:\/\/www.visit-ulcinj.com\/blog\/#\/schema\/person\/dcab619c614d3038751c63bc2aadc06d\",\"name\":\"ulqini\",\"sameAs\":[\"http:\/\/www.visit-ulcinj.com\"],\"url\":\"https:\/\/www.visit-ulcinj.com\/blog\/author\/admin\/\"}]}<\/script>\n<!-- \/ Yoast SEO plugin. -->","yoast_head_json":{"title":"UDSH p\u00ebrsh\u00ebndet marrjen e ftes\u00ebs p\u00ebr an\u00ebtar\u00ebsim n\u00eb Nato nga Shqip\u00ebria - Lajme nga Ulqini","robots":{"index":"index","follow":"follow","max-snippet":"max-snippet:-1","max-image-preview":"max-image-preview:large","max-video-preview":"max-video-preview:-1"},"canonical":"https:\/\/www.visit-ulcinj.com\/blog\/2008\/04\/14\/udsh-pershendet-marrjen-e-fteses-per-anetaresim-ne-nato-nga-shqiperia\/","og_locale":"en_US","og_type":"article","og_title":"UDSH p\u00ebrsh\u00ebndet marrjen e ftes\u00ebs p\u00ebr an\u00ebtar\u00ebsim n\u00eb Nato nga Shqip\u00ebria - Lajme nga Ulqini","og_url":"https:\/\/www.visit-ulcinj.com\/blog\/2008\/04\/14\/udsh-pershendet-marrjen-e-fteses-per-anetaresim-ne-nato-nga-shqiperia\/","og_site_name":"Lajme nga Ulqini","article_published_time":"2008-04-14T16:00:33+00:00","og_image":[{"url":"http:\/\/www.visit-ulcinj.com\/blog\/wp-content\/uploads\/2008\/04\/dinosha_berisha.thumbnail.jpg"}],"twitter_misc":{"Written by":"ulqini","Est. reading time":"1 minute"},"schema":{"@context":"https:\/\/schema.org","@graph":[{"@type":"WebSite","@id":"https:\/\/www.visit-ulcinj.com\/blog\/#website","url":"https:\/\/www.visit-ulcinj.com\/blog\/","name":"Lajme nga Ulqini","description":"Lajme,Vijesti,Ulqini,Ulqin,Crna Gora,Mali i Zi","potentialAction":[{"@type":"SearchAction","target":{"@type":"EntryPoint","urlTemplate":"https:\/\/www.visit-ulcinj.com\/blog\/?s={search_term_string}"},"query-input":"required name=search_term_string"}],"inLanguage":"en-US"},{"@type":"ImageObject","inLanguage":"en-US","@id":"https:\/\/www.visit-ulcinj.com\/blog\/2008\/04\/14\/udsh-pershendet-marrjen-e-fteses-per-anetaresim-ne-nato-nga-shqiperia\/#primaryimage","url":"http:\/\/www.visit-ulcinj.com\/blog\/wp-content\/uploads\/2008\/04\/dinosha_berisha.thumbnail.jpg","contentUrl":"http:\/\/www.visit-ulcinj.com\/blog\/wp-content\/uploads\/2008\/04\/dinosha_berisha.thumbnail.jpg"},{"@type":"WebPage","@id":"https:\/\/www.visit-ulcinj.com\/blog\/2008\/04\/14\/udsh-pershendet-marrjen-e-fteses-per-anetaresim-ne-nato-nga-shqiperia\/#webpage","url":"https:\/\/www.visit-ulcinj.com\/blog\/2008\/04\/14\/udsh-pershendet-marrjen-e-fteses-per-anetaresim-ne-nato-nga-shqiperia\/","name":"UDSH p\u00ebrsh\u00ebndet marrjen e ftes\u00ebs p\u00ebr an\u00ebtar\u00ebsim n\u00eb Nato nga Shqip\u00ebria - Lajme nga Ulqini","isPartOf":{"@id":"https:\/\/www.visit-ulcinj.com\/blog\/#website"},"primaryImageOfPage":{"@id":"https:\/\/www.visit-ulcinj.com\/blog\/2008\/04\/14\/udsh-pershendet-marrjen-e-fteses-per-anetaresim-ne-nato-nga-shqiperia\/#primaryimage"},"datePublished":"2008-04-14T16:00:33+00:00","dateModified":"2008-04-14T16:00:33+00:00","author":{"@id":"https:\/\/www.visit-ulcinj.com\/blog\/#\/schema\/person\/dcab619c614d3038751c63bc2aadc06d"},"breadcrumb":{"@id":"https:\/\/www.visit-ulcinj.com\/blog\/2008\/04\/14\/udsh-pershendet-marrjen-e-fteses-per-anetaresim-ne-nato-nga-shqiperia\/#breadcrumb"},"inLanguage":"en-US","potentialAction":[{"@type":"ReadAction","target":["https:\/\/www.visit-ulcinj.com\/blog\/2008\/04\/14\/udsh-pershendet-marrjen-e-fteses-per-anetaresim-ne-nato-nga-shqiperia\/"]}]},{"@type":"BreadcrumbList","@id":"https:\/\/www.visit-ulcinj.com\/blog\/2008\/04\/14\/udsh-pershendet-marrjen-e-fteses-per-anetaresim-ne-nato-nga-shqiperia\/#breadcrumb","itemListElement":[{"@type":"ListItem","position":1,"name":"UDSH p\u00ebrsh\u00ebndet marrjen e ftes\u00ebs p\u00ebr an\u00ebtar\u00ebsim n\u00eb Nato nga Shqip\u00ebria"}]},{"@type":"Person","@id":"https:\/\/www.visit-ulcinj.com\/blog\/#\/schema\/person\/dcab619c614d3038751c63bc2aadc06d","name":"ulqini","sameAs":["http:\/\/www.visit-ulcinj.com"],"url":"https:\/\/www.visit-ulcinj.com\/blog\/author\/admin\/"}]}},"jetpack_featured_media_url":"","jetpack_sharing_enabled":true,"jetpack_shortlink":"https:\/\/wp.me\/pe6lTn-jX","_links":{"self":[{"href":"https:\/\/www.visit-ulcinj.com\/blog\/wp-json\/wp\/v2\/posts\/1237"}],"collection":[{"href":"https:\/\/www.visit-ulcinj.com\/blog\/wp-json\/wp\/v2\/posts"}],"about":[{"href":"https:\/\/www.visit-ulcinj.com\/blog\/wp-json\/wp\/v2\/types\/post"}],"author":[{"embeddable":true,"href":"https:\/\/www.visit-ulcinj.com\/blog\/wp-json\/wp\/v2\/users\/1"}],"replies":[{"embeddable":true,"href":"https:\/\/www.visit-ulcinj.com\/blog\/wp-json\/wp\/v2\/comments?post=1237"}],"version-history":[{"count":0,"href":"https:\/\/www.visit-ulcinj.com\/blog\/wp-json\/wp\/v2\/posts\/1237\/revisions"}],"wp:attachment":[{"href":"https:\/\/www.visit-ulcinj.com\/blog\/wp-json\/wp\/v2\/media?parent=1237"}],"wp:term":[{"taxonomy":"category","embeddable":true,"href":"https:\/\/www.visit-ulcinj.com\/blog\/wp-json\/wp\/v2\/categories?post=1237"},{"taxonomy":"post_tag","embeddable":true,"href":"https:\/\/www.visit-ulcinj.com\/blog\/wp-json\/wp\/v2\/tags?post=1237"}],"curies":[{"name":"wp","href":"https:\/\/api.w.org\/{rel}","templated":true}]}}