{"id":12374,"date":"2009-02-26T14:58:16","date_gmt":"2009-02-26T13:58:16","guid":{"rendered":"http:\/\/www.visit-ulcinj.com\/blog\/?p=12374"},"modified":"2009-02-26T14:58:16","modified_gmt":"2009-02-26T13:58:16","slug":"aida-tregon-per-jeten-e-saj","status":"publish","type":"post","link":"https:\/\/www.visit-ulcinj.com\/blog\/2009\/02\/26\/aida-tregon-per-jeten-e-saj\/","title":{"rendered":"Aida tregon p\u00ebr jet\u00ebn e saj"},"content":{"rendered":"<p><em><span class=\"newsdate\"><a href=\"http:\/\/www.visit-ulcinj.com\/blog\/wp-content\/uploads\/2009\/02\/jeta-aides.jpg\"><img loading=\"lazy\" class=\"alignleft size-full wp-image-12375\" title=\"jeta-aides-big-brother-albania\" src=\"http:\/\/www.visit-ulcinj.com\/blog\/wp-content\/uploads\/2009\/02\/jeta-aides.jpg\" alt=\"jeta-aides-big-brother-albania\" width=\"300\" height=\"205\" \/><\/a>25\/02\/09 19:35<\/span><\/em><\/p>\n<p>Ajo thot\u00eb se ka pasur kater lidhje, por tre kan\u00eb q\u00ebn\u00eb m\u00eb t\u00eb r\u00ebnd\u00ebsishmet. Bjordi e pyet\u00eb se kur e ka dh\u00ebne puthjen e par\u00eb dhe ajo thot\u00eb n\u00eb mosh\u00ebn 16-vjece nd\u00ebrsa, Qet\u00ebsori e pyet\u00eb se cfar\u00eb ka dashur t\u00eb b\u00ebhesh kur ka q\u00ebn\u00eb e vog\u00ebl dhe ajo i p\u00ebrgjigjet se kam dashur t\u00eb b\u00ebhem k\u00ebng\u00ebtare ose stiliste. Pyetja tjet\u00ebr ishte nga Pavlini i cili i thot\u00eb n\u00ebse t\u00eb p\u00eblqejn\u00eb pub-et apo diskotekat dhe Aida thot\u00eb se i p\u00eblqen t\u00eb shkoj\u00eb n\u00eb pub dhe pija e preferuar \u00ebsht\u00eb vera. Pas disa pyetjesh nga banor\u00ebt aida thote se mashkulli ideal per mua \u00ebsht\u00eb ai q\u00eb do dij\u00eb t\u00eb m\u00eb doj\u00eb dhe t\u00eb m\u00eb rrespektoj\u00eb.<\/p>\n","protected":false},"excerpt":{"rendered":"<p>25\/02\/09 19:35 Ajo thot\u00eb se ka pasur kater lidhje, por tre kan\u00eb q\u00ebn\u00eb m\u00eb t\u00eb r\u00ebnd\u00ebsishmet. Bjordi e pyet\u00eb se kur e ka dh\u00ebne puthjen e par\u00eb dhe ajo thot\u00eb n\u00eb mosh\u00ebn 16-vjece nd\u00ebrsa, Qet\u00ebsori e pyet\u00eb se cfar\u00eb ka dashur t\u00eb b\u00ebhesh kur ka q\u00ebn\u00eb e vog\u00ebl dhe ajo i p\u00ebrgjigjet se kam dashur [&hellip;]<\/p>\n","protected":false},"author":1,"featured_media":0,"comment_status":"open","ping_status":"closed","sticky":false,"template":"","format":"standard","meta":{"spay_email":"","jetpack_publicize_message":"","jetpack_is_tweetstorm":false,"jetpack_publicize_feature_enabled":true},"categories":[6502],"tags":[6566,7188,5057,6506,6712,7129,6665,6891,6693,6887],"jetpack_publicize_connections":[],"yoast_head":"<!-- This site is optimized with the Yoast SEO plugin v19.1 - https:\/\/yoast.com\/wordpress\/plugins\/seo\/ -->\n<title>Aida tregon p\u00c3\u00abr jet\u00c3\u00abn e saj - Big Brother Albania<\/title>\n<meta name=\"description\" content=\"Big Brother Albania - Ajo thot\u00c3\u00ab se ka pasur kater lidhje, por tre kan\u00c3\u00ab q\u00c3\u00abn\u00c3\u00ab m\u00c3\u00ab t\u00c3\u00ab r\u00c3\u00abnd\u00c3\u00absishmet.\" \/>\n<meta name=\"robots\" content=\"index, follow, max-snippet:-1, max-image-preview:large, max-video-preview:-1\" \/>\n<link rel=\"canonical\" href=\"https:\/\/www.visit-ulcinj.com\/blog\/2009\/02\/26\/aida-tregon-per-jeten-e-saj\/\" \/>\n<meta property=\"og:locale\" content=\"en_US\" \/>\n<meta property=\"og:type\" content=\"article\" \/>\n<meta property=\"og:title\" content=\"Aida tregon p\u00c3\u00abr jet\u00c3\u00abn e saj - Big Brother Albania\" \/>\n<meta property=\"og:description\" content=\"Big Brother Albania - Ajo thot\u00c3\u00ab se ka pasur kater lidhje, por tre kan\u00c3\u00ab q\u00c3\u00abn\u00c3\u00ab m\u00c3\u00ab t\u00c3\u00ab r\u00c3\u00abnd\u00c3\u00absishmet.\" \/>\n<meta property=\"og:url\" content=\"https:\/\/www.visit-ulcinj.com\/blog\/2009\/02\/26\/aida-tregon-per-jeten-e-saj\/\" \/>\n<meta property=\"og:site_name\" content=\"Lajme nga Ulqini\" \/>\n<meta property=\"article:published_time\" content=\"2009-02-26T13:58:16+00:00\" \/>\n<meta property=\"og:image\" content=\"http:\/\/www.visit-ulcinj.com\/blog\/wp-content\/uploads\/2009\/02\/jeta-aides.jpg\" \/>\n<meta name=\"twitter:label1\" content=\"Written by\" \/>\n\t<meta name=\"twitter:data1\" content=\"ulqini\" \/>\n\t<meta name=\"twitter:label2\" content=\"Est. reading time\" \/>\n\t<meta name=\"twitter:data2\" content=\"1 minute\" \/>\n<script type=\"application\/ld+json\" class=\"yoast-schema-graph\">{\"@context\":\"https:\/\/schema.org\",\"@graph\":[{\"@type\":\"WebSite\",\"@id\":\"https:\/\/www.visit-ulcinj.com\/blog\/#website\",\"url\":\"https:\/\/www.visit-ulcinj.com\/blog\/\",\"name\":\"Lajme nga Ulqini\",\"description\":\"Lajme,Vijesti,Ulqini,Ulqin,Crna Gora,Mali i Zi\",\"potentialAction\":[{\"@type\":\"SearchAction\",\"target\":{\"@type\":\"EntryPoint\",\"urlTemplate\":\"https:\/\/www.visit-ulcinj.com\/blog\/?s={search_term_string}\"},\"query-input\":\"required name=search_term_string\"}],\"inLanguage\":\"en-US\"},{\"@type\":\"ImageObject\",\"inLanguage\":\"en-US\",\"@id\":\"https:\/\/www.visit-ulcinj.com\/blog\/2009\/02\/26\/aida-tregon-per-jeten-e-saj\/#primaryimage\",\"url\":\"http:\/\/www.visit-ulcinj.com\/blog\/wp-content\/uploads\/2009\/02\/jeta-aides.jpg\",\"contentUrl\":\"http:\/\/www.visit-ulcinj.com\/blog\/wp-content\/uploads\/2009\/02\/jeta-aides.jpg\"},{\"@type\":\"WebPage\",\"@id\":\"https:\/\/www.visit-ulcinj.com\/blog\/2009\/02\/26\/aida-tregon-per-jeten-e-saj\/#webpage\",\"url\":\"https:\/\/www.visit-ulcinj.com\/blog\/2009\/02\/26\/aida-tregon-per-jeten-e-saj\/\",\"name\":\"Aida tregon p\u00c3\u00abr jet\u00c3\u00abn e saj - Big Brother Albania\",\"isPartOf\":{\"@id\":\"https:\/\/www.visit-ulcinj.com\/blog\/#website\"},\"primaryImageOfPage\":{\"@id\":\"https:\/\/www.visit-ulcinj.com\/blog\/2009\/02\/26\/aida-tregon-per-jeten-e-saj\/#primaryimage\"},\"datePublished\":\"2009-02-26T13:58:16+00:00\",\"dateModified\":\"2009-02-26T13:58:16+00:00\",\"author\":{\"@id\":\"https:\/\/www.visit-ulcinj.com\/blog\/#\/schema\/person\/dcab619c614d3038751c63bc2aadc06d\"},\"description\":\"Big Brother Albania - Ajo thot\u00c3\u00ab se ka pasur kater lidhje, por tre kan\u00c3\u00ab q\u00c3\u00abn\u00c3\u00ab m\u00c3\u00ab t\u00c3\u00ab r\u00c3\u00abnd\u00c3\u00absishmet.\",\"breadcrumb\":{\"@id\":\"https:\/\/www.visit-ulcinj.com\/blog\/2009\/02\/26\/aida-tregon-per-jeten-e-saj\/#breadcrumb\"},\"inLanguage\":\"en-US\",\"potentialAction\":[{\"@type\":\"ReadAction\",\"target\":[\"https:\/\/www.visit-ulcinj.com\/blog\/2009\/02\/26\/aida-tregon-per-jeten-e-saj\/\"]}]},{\"@type\":\"BreadcrumbList\",\"@id\":\"https:\/\/www.visit-ulcinj.com\/blog\/2009\/02\/26\/aida-tregon-per-jeten-e-saj\/#breadcrumb\",\"itemListElement\":[{\"@type\":\"ListItem\",\"position\":1,\"name\":\"Aida tregon p\u00ebr jet\u00ebn e saj\"}]},{\"@type\":\"Person\",\"@id\":\"https:\/\/www.visit-ulcinj.com\/blog\/#\/schema\/person\/dcab619c614d3038751c63bc2aadc06d\",\"name\":\"ulqini\",\"sameAs\":[\"http:\/\/www.visit-ulcinj.com\"],\"url\":\"https:\/\/www.visit-ulcinj.com\/blog\/author\/admin\/\"}]}<\/script>\n<!-- \/ Yoast SEO plugin. -->","yoast_head_json":{"title":"Aida tregon p\u00c3\u00abr jet\u00c3\u00abn e saj - Big Brother Albania","description":"Big Brother Albania - Ajo thot\u00c3\u00ab se ka pasur kater lidhje, por tre kan\u00c3\u00ab q\u00c3\u00abn\u00c3\u00ab m\u00c3\u00ab t\u00c3\u00ab r\u00c3\u00abnd\u00c3\u00absishmet.","robots":{"index":"index","follow":"follow","max-snippet":"max-snippet:-1","max-image-preview":"max-image-preview:large","max-video-preview":"max-video-preview:-1"},"canonical":"https:\/\/www.visit-ulcinj.com\/blog\/2009\/02\/26\/aida-tregon-per-jeten-e-saj\/","og_locale":"en_US","og_type":"article","og_title":"Aida tregon p\u00c3\u00abr jet\u00c3\u00abn e saj - Big Brother Albania","og_description":"Big Brother Albania - Ajo thot\u00c3\u00ab se ka pasur kater lidhje, por tre kan\u00c3\u00ab q\u00c3\u00abn\u00c3\u00ab m\u00c3\u00ab t\u00c3\u00ab r\u00c3\u00abnd\u00c3\u00absishmet.","og_url":"https:\/\/www.visit-ulcinj.com\/blog\/2009\/02\/26\/aida-tregon-per-jeten-e-saj\/","og_site_name":"Lajme nga Ulqini","article_published_time":"2009-02-26T13:58:16+00:00","og_image":[{"url":"http:\/\/www.visit-ulcinj.com\/blog\/wp-content\/uploads\/2009\/02\/jeta-aides.jpg"}],"twitter_misc":{"Written by":"ulqini","Est. reading time":"1 minute"},"schema":{"@context":"https:\/\/schema.org","@graph":[{"@type":"WebSite","@id":"https:\/\/www.visit-ulcinj.com\/blog\/#website","url":"https:\/\/www.visit-ulcinj.com\/blog\/","name":"Lajme nga Ulqini","description":"Lajme,Vijesti,Ulqini,Ulqin,Crna Gora,Mali i Zi","potentialAction":[{"@type":"SearchAction","target":{"@type":"EntryPoint","urlTemplate":"https:\/\/www.visit-ulcinj.com\/blog\/?s={search_term_string}"},"query-input":"required name=search_term_string"}],"inLanguage":"en-US"},{"@type":"ImageObject","inLanguage":"en-US","@id":"https:\/\/www.visit-ulcinj.com\/blog\/2009\/02\/26\/aida-tregon-per-jeten-e-saj\/#primaryimage","url":"http:\/\/www.visit-ulcinj.com\/blog\/wp-content\/uploads\/2009\/02\/jeta-aides.jpg","contentUrl":"http:\/\/www.visit-ulcinj.com\/blog\/wp-content\/uploads\/2009\/02\/jeta-aides.jpg"},{"@type":"WebPage","@id":"https:\/\/www.visit-ulcinj.com\/blog\/2009\/02\/26\/aida-tregon-per-jeten-e-saj\/#webpage","url":"https:\/\/www.visit-ulcinj.com\/blog\/2009\/02\/26\/aida-tregon-per-jeten-e-saj\/","name":"Aida tregon p\u00c3\u00abr jet\u00c3\u00abn e saj - Big Brother Albania","isPartOf":{"@id":"https:\/\/www.visit-ulcinj.com\/blog\/#website"},"primaryImageOfPage":{"@id":"https:\/\/www.visit-ulcinj.com\/blog\/2009\/02\/26\/aida-tregon-per-jeten-e-saj\/#primaryimage"},"datePublished":"2009-02-26T13:58:16+00:00","dateModified":"2009-02-26T13:58:16+00:00","author":{"@id":"https:\/\/www.visit-ulcinj.com\/blog\/#\/schema\/person\/dcab619c614d3038751c63bc2aadc06d"},"description":"Big Brother Albania - Ajo thot\u00c3\u00ab se ka pasur kater lidhje, por tre kan\u00c3\u00ab q\u00c3\u00abn\u00c3\u00ab m\u00c3\u00ab t\u00c3\u00ab r\u00c3\u00abnd\u00c3\u00absishmet.","breadcrumb":{"@id":"https:\/\/www.visit-ulcinj.com\/blog\/2009\/02\/26\/aida-tregon-per-jeten-e-saj\/#breadcrumb"},"inLanguage":"en-US","potentialAction":[{"@type":"ReadAction","target":["https:\/\/www.visit-ulcinj.com\/blog\/2009\/02\/26\/aida-tregon-per-jeten-e-saj\/"]}]},{"@type":"BreadcrumbList","@id":"https:\/\/www.visit-ulcinj.com\/blog\/2009\/02\/26\/aida-tregon-per-jeten-e-saj\/#breadcrumb","itemListElement":[{"@type":"ListItem","position":1,"name":"Aida tregon p\u00ebr jet\u00ebn e saj"}]},{"@type":"Person","@id":"https:\/\/www.visit-ulcinj.com\/blog\/#\/schema\/person\/dcab619c614d3038751c63bc2aadc06d","name":"ulqini","sameAs":["http:\/\/www.visit-ulcinj.com"],"url":"https:\/\/www.visit-ulcinj.com\/blog\/author\/admin\/"}]}},"jetpack_featured_media_url":"","jetpack_sharing_enabled":true,"jetpack_shortlink":"https:\/\/wp.me\/pe6lTn-3dA","_links":{"self":[{"href":"https:\/\/www.visit-ulcinj.com\/blog\/wp-json\/wp\/v2\/posts\/12374"}],"collection":[{"href":"https:\/\/www.visit-ulcinj.com\/blog\/wp-json\/wp\/v2\/posts"}],"about":[{"href":"https:\/\/www.visit-ulcinj.com\/blog\/wp-json\/wp\/v2\/types\/post"}],"author":[{"embeddable":true,"href":"https:\/\/www.visit-ulcinj.com\/blog\/wp-json\/wp\/v2\/users\/1"}],"replies":[{"embeddable":true,"href":"https:\/\/www.visit-ulcinj.com\/blog\/wp-json\/wp\/v2\/comments?post=12374"}],"version-history":[{"count":0,"href":"https:\/\/www.visit-ulcinj.com\/blog\/wp-json\/wp\/v2\/posts\/12374\/revisions"}],"wp:attachment":[{"href":"https:\/\/www.visit-ulcinj.com\/blog\/wp-json\/wp\/v2\/media?parent=12374"}],"wp:term":[{"taxonomy":"category","embeddable":true,"href":"https:\/\/www.visit-ulcinj.com\/blog\/wp-json\/wp\/v2\/categories?post=12374"},{"taxonomy":"post_tag","embeddable":true,"href":"https:\/\/www.visit-ulcinj.com\/blog\/wp-json\/wp\/v2\/tags?post=12374"}],"curies":[{"name":"wp","href":"https:\/\/api.w.org\/{rel}","templated":true}]}}