{"id":12381,"date":"2009-02-26T18:55:18","date_gmt":"2009-02-26T17:55:18","guid":{"rendered":"http:\/\/www.visit-ulcinj.com\/blog\/?p=12381"},"modified":"2009-03-14T19:57:16","modified_gmt":"2009-03-14T18:57:16","slug":"genc-nimanbegu-kandidati-oficiel-i-forces","status":"publish","type":"post","link":"https:\/\/www.visit-ulcinj.com\/blog\/2009\/02\/26\/genc-nimanbegu-kandidati-oficiel-i-forces\/","title":{"rendered":"Genc Nimanbegu kandidati oficiel i Forc\u00ebs"},"content":{"rendered":"<p><strong><a href=\"http:\/\/www.visit-ulcinj.com\/blog\/wp-content\/uploads\/2009\/02\/nazf-cungu_genc-nimanbegu.jpg\"><img loading=\"lazy\" class=\"alignleft size-full wp-image-12382\" title=\"nazf-cungu_genc-nimanbegu\" src=\"http:\/\/www.visit-ulcinj.com\/blog\/wp-content\/uploads\/2009\/02\/nazf-cungu_genc-nimanbegu.jpg\" alt=\"nazf-cungu_genc-nimanbegu\" width=\"570\" height=\"370\" \/><\/a>T\u00eb nderuar qytetar\u00eb,<\/strong><br \/>\nKam nder q\u00eb sot t\u00eb ju njoftoi se K\u00ebshilli Qendror, nj\u00ebz\u00ebri, aprovoi vendimin q\u00eb kandidati kryesor p\u00ebr Parlamentin e Malit t\u00eb Zi,para Forc\u00ebs s\u00eb re demokratike asht\u00eb zotni Genci Nimanbegu, N\u00ebnkryetari i partis\u00eb.<br \/>\nForca e re Demokratike ka arritur,q\u00eb me pun\u00ebn e vet tri vje\u00e7are,n\u00eb sken\u00ebn politikes\u00a0 shqiptare t\u00eb Malit t\u00eb Zi t\u00eb prezantoi partin moderne e cila vazhdon me avancimin e t\u00eb drejtave t\u00eb gjith\u00eb shqiptar\u00ebve duke respektuar standardet m\u00eb t\u00eblarta nd\u00ebrkomb\u00ebtare.<br \/>\nPersoni m\u00ebmeritor p\u00ebr arritjen e sukseseve tona,ideve bashkohore, stabilitetit partiak,avancimit t\u00eb pun\u00ebs n\u00eb ekipe,bashk\u00ebpunimit me partit\u00eb tjera,e n\u00eb ve\u00e7anti mepartit\u00eb shqiptare, asht\u00eb Genci Nimanbegu.<br \/>\nQytetar t\u00eb nderuar,<br \/>\nJu ftoj\u00eb q\u00eb medat\u00ebn 29 mars t\u00eb mb\u00ebshtetni kandidatin ton\u00eb p\u00ebr Parlamentin e Malit t\u00eb Zi.<br \/>\nVota p\u00ebr Genc Nimanbegun asht\u00eb vota p\u00ebr Forc\u00ebn e re demokratike.<br \/>\n<strong>Nazif Cungu <\/strong><\/p>\n<p><a href=\"http:\/\/www.visit-ulcinj.com\/blog\/wp-content\/uploads\/2009\/02\/geni-nimambegu-ulqin.jpg\"><img loading=\"lazy\" class=\"alignleft size-full wp-image-12384\" title=\"geni-nimambegu-ulqin\" src=\"http:\/\/www.visit-ulcinj.com\/blog\/wp-content\/uploads\/2009\/02\/geni-nimambegu-ulqin.jpg\" alt=\"geni-nimambegu-ulqin\" width=\"364\" height=\"277\" \/><\/a><br \/>\nT\u00eb nderuar koleg\u00eb dhe bashk\u00ebqytetar. Sot pranoj me nder e krenari detyr\u00ebn q\u00eb m\u00eb\u00ebsht\u00eb dh\u00ebn\u00eb nga partia ime, Forca e Re Demokratike, t\u00eb jem kandidati kryesor n\u00ebzgjedhjet parlamentare qe po afrojn\u00eb.<br \/>\nUn\u00eb k\u00ebt\u00eb propozim nuk e konsiderojsi nj\u00eb privilegj, por si nj\u00eb p\u00ebrgjegj\u00ebsi t\u00eb madhe t\u00eb cil\u00ebn un\u00eb zotohem se do takryej me maksimumin e p\u00ebrkushtimit dhe k\u00ebmb\u00ebnguljes sime.<br \/>\nPartia Forca e Re Demokratike e kamarr\u00eb k\u00ebt\u00eb vendim n\u00eb m\u00ebnyr\u00eb demokratike dhe duke respektuar me rigorozitet procedurat dhe statutin e saj. Ky \u00ebsht\u00ebnj\u00eb vendim legjitim i organeve drejtuese te partis\u00eb q\u00eb d\u00ebshmon se forca jon\u00eb politike q\u00ebndron n\u00eb rendin e pare nd\u00ebr partit\u00eb nacionale p\u00ebr sa i p\u00ebrket m\u00ebnyr\u00ebs\u00eb organizimit, standardeve t\u00eb larta evropiane t\u00eb administrimit dhe vizionit q\u00ebe ka dhe q\u00eb p\u00ebrpiqet t\u00eb v\u00ebn n\u00eb jet\u00eb.<br \/>\nBesoj se meritoj besimin e votuesve shqiptar dhe do dij\u00eb t\u00eb jem nj\u00eb p\u00ebrfaq\u00ebsues dinjitoz\u00eb i popullit tim n\u00eb parlamentin e Malit t\u00eb Zi, jo vet\u00ebm sepse kam p\u00ebrvoj\u00ebn dhe ekspertiz\u00ebn e duhur, por mbi t\u00eb gjitha sepse garoj me integritetin, energjit\u00eb e mia dhe vullnetin tim t\u00eb pal\u00ebkundur p\u00ebr t\u00eb ndryshuar dhe p\u00ebrmir\u00ebsuar gjendjen egjith\u00eb shqiptar\u00ebve brenda Malit t\u00eb Zi.<br \/>\nGjithashtu jam p\u00ebrfaq\u00ebsues i nj\u00eb force politike t\u00eb re, q\u00eb sjell nj\u00eb frym\u00eb per\u00ebndimore dhe evropiane n\u00eb politik\u00ebn shqiptare t\u00eb Malit t\u00eb Zi, i nj\u00eb forc\u00eb t\u00eb past\u00ebr, q\u00eb ska b\u00ebr\u00eb kompromis me interesat popullsis\u00eb shqiptare, q\u00eb angazhohet n\u00eb politik\u00eb jo vet\u00ebm me kuadro t\u00eb aft\u00eb dhe t\u00eb d\u00ebshmuar, q\u00eb kan\u00eb suksese t\u00eb larta dhe integritet profesional, por q\u00eb konkurron me program politik t\u00eb qart\u00eb, vjen me propozime, me nj\u00eb alternative realiste dhe t\u00eb arritshme e jo me retorik\u00eb t\u00eb zbraz\u00ebt.<a href=\"http:\/\/www.visit-ulcinj.com\/blog\/wp-content\/uploads\/2009\/02\/genc-nimanbegu_forca-e-re-demokratike1.jpg\" target=\"_blank\"><img loading=\"lazy\" class=\"alignright size-full wp-image-12385\" title=\"genc-nimanbegu_forca-e-re-demokratike1\" src=\"http:\/\/www.visit-ulcinj.com\/blog\/wp-content\/uploads\/2009\/02\/genc-nimanbegu_forca-e-re-demokratike1.jpg\" alt=\"genc-nimanbegu_forca-e-re-demokratike1\" width=\"177\" height=\"335\" \/><\/a><br \/>\nNe ofrojm\u00eb nj\u00eb platform\u00eb t\u00eb mir\u00ebfillt\u00eb elektorale q\u00eb synon t\u00eb zgjidh problemet e popullsis\u00eb shqiptare dhe p\u00ebrmir\u00ebsoj\u00eb kushtet e k\u00ebtij komuniteti duke jet\u00ebsuar tek nepraktikat dhe parimet m\u00eb t\u00eb p\u00ebrparuara evropiane.<br \/>\nK\u00ebto zgjedhje parlamentare kan\u00eb nj\u00eb r\u00ebnd\u00ebsi t\u00ebve\u00e7ant\u00eb pasi q\u00eb japin nj\u00eb mund\u00ebsi p\u00ebr t\u2019i dh\u00ebn\u00eb fund gjendjes s\u00eb d\u00ebshp\u00ebruar t\u00eb deritanishme, braktisjes s\u00eb trojeve tona, varf\u00ebris\u00eb, diskriminimit,korrupsionit, munges\u00ebs s\u00eb sh\u00ebrbimeve publike dhe infrastruktur\u00ebs.<br \/>\nT\u00eb nderuar bashk\u00ebqytetar mos e humbni rastin q\u00eb ofrojn\u00eb k\u00ebto zgjedhje por b\u00ebni zgjedhjen eduhur p\u00ebr t\u00eb zgjidhur problemet tuaja.<br \/>\nVotoni p\u00ebr Forc\u00ebn e Re Demokratike. Sepse tani radh\u00ebn p\u00ebr t\u00eb marr\u00eb n\u00eb dor\u00eb fatet e komunitetit shqiptar n\u00eb Mal t\u00eb Zi e ka brezi i ri.<\/p>\n<p><strong>Ulqin 26 shkurt2009.<br \/>\nGenci Nimanbegu<\/strong><\/p>\n<p><strong>Sh\u00ebrbimi informativ i Forc\u00ebs<\/strong><\/p>\n<p><!--YouTube Error: bad URL entered--><strong><br \/>\n<\/strong><\/p>\n","protected":false},"excerpt":{"rendered":"<p>T\u00eb nderuar qytetar\u00eb, Kam nder q\u00eb sot t\u00eb ju njoftoi se K\u00ebshilli Qendror, nj\u00ebz\u00ebri, aprovoi vendimin q\u00eb kandidati kryesor p\u00ebr Parlamentin e Malit t\u00eb Zi,para Forc\u00ebs s\u00eb re demokratike asht\u00eb zotni Genci Nimanbegu, N\u00ebnkryetari i partis\u00eb. Forca e re Demokratike ka arritur,q\u00eb me pun\u00ebn e vet tri vje\u00e7are,n\u00eb sken\u00ebn politikes\u00a0 shqiptare t\u00eb Malit t\u00eb Zi [&hellip;]<\/p>\n","protected":false},"author":1,"featured_media":0,"comment_status":"open","ping_status":"closed","sticky":false,"template":"","format":"standard","meta":{"spay_email":"","jetpack_publicize_message":"","jetpack_is_tweetstorm":false,"jetpack_publicize_feature_enabled":true},"categories":[6],"tags":[874,1074,7221,7222,118,7220],"jetpack_publicize_connections":[],"yoast_head":"<!-- This site is optimized with the Yoast SEO plugin v19.1 - https:\/\/yoast.com\/wordpress\/plugins\/seo\/ -->\n<title>Genc Nimanbegu kandidati oficiel i Forc\u00ebs - Lajme nga Ulqini<\/title>\n<meta name=\"description\" content=\"T\u00eb nderuar qytetar\u00eb, Kam nder q\u00eb sot t\u00eb ju njoftoi se K\u00ebshilli Qendror, nj\u00ebz\u00ebri, aprovoi vendimin q\u00eb kandidati kryesor p\u00ebr Parlamentin e Malit t\u00eb Zi,para\" \/>\n<meta name=\"robots\" content=\"index, follow, max-snippet:-1, max-image-preview:large, max-video-preview:-1\" \/>\n<link rel=\"canonical\" href=\"https:\/\/www.visit-ulcinj.com\/blog\/2009\/02\/26\/genc-nimanbegu-kandidati-oficiel-i-forces\/\" \/>\n<meta property=\"og:locale\" content=\"en_US\" \/>\n<meta property=\"og:type\" content=\"article\" \/>\n<meta property=\"og:title\" content=\"Genc Nimanbegu kandidati oficiel i Forc\u00ebs - Lajme nga Ulqini\" \/>\n<meta property=\"og:description\" content=\"T\u00eb nderuar qytetar\u00eb, Kam nder q\u00eb sot t\u00eb ju njoftoi se K\u00ebshilli Qendror, nj\u00ebz\u00ebri, aprovoi vendimin q\u00eb kandidati kryesor p\u00ebr Parlamentin e Malit t\u00eb Zi,para\" \/>\n<meta property=\"og:url\" content=\"https:\/\/www.visit-ulcinj.com\/blog\/2009\/02\/26\/genc-nimanbegu-kandidati-oficiel-i-forces\/\" \/>\n<meta property=\"og:site_name\" content=\"Lajme nga Ulqini\" \/>\n<meta property=\"article:published_time\" content=\"2009-02-26T17:55:18+00:00\" \/>\n<meta property=\"article:modified_time\" content=\"2009-03-14T18:57:16+00:00\" \/>\n<meta property=\"og:image\" content=\"http:\/\/www.visit-ulcinj.com\/blog\/wp-content\/uploads\/2009\/02\/nazf-cungu_genc-nimanbegu.jpg\" \/>\n<meta name=\"twitter:label1\" content=\"Written by\" \/>\n\t<meta name=\"twitter:data1\" content=\"ulqini\" \/>\n\t<meta name=\"twitter:label2\" content=\"Est. reading time\" \/>\n\t<meta name=\"twitter:data2\" content=\"3 minutes\" \/>\n<script type=\"application\/ld+json\" class=\"yoast-schema-graph\">{\"@context\":\"https:\/\/schema.org\",\"@graph\":[{\"@type\":\"WebSite\",\"@id\":\"https:\/\/www.visit-ulcinj.com\/blog\/#website\",\"url\":\"https:\/\/www.visit-ulcinj.com\/blog\/\",\"name\":\"Lajme nga Ulqini\",\"description\":\"Lajme,Vijesti,Ulqini,Ulqin,Crna Gora,Mali i Zi\",\"potentialAction\":[{\"@type\":\"SearchAction\",\"target\":{\"@type\":\"EntryPoint\",\"urlTemplate\":\"https:\/\/www.visit-ulcinj.com\/blog\/?s={search_term_string}\"},\"query-input\":\"required name=search_term_string\"}],\"inLanguage\":\"en-US\"},{\"@type\":\"ImageObject\",\"inLanguage\":\"en-US\",\"@id\":\"https:\/\/www.visit-ulcinj.com\/blog\/2009\/02\/26\/genc-nimanbegu-kandidati-oficiel-i-forces\/#primaryimage\",\"url\":\"https:\/\/www.visit-ulcinj.com\/blog\/wp-content\/uploads\/2009\/02\/nazf-cungu_genc-nimanbegu.jpg\",\"contentUrl\":\"https:\/\/www.visit-ulcinj.com\/blog\/wp-content\/uploads\/2009\/02\/nazf-cungu_genc-nimanbegu.jpg\",\"width\":\"500\",\"height\":\"334\"},{\"@type\":\"WebPage\",\"@id\":\"https:\/\/www.visit-ulcinj.com\/blog\/2009\/02\/26\/genc-nimanbegu-kandidati-oficiel-i-forces\/#webpage\",\"url\":\"https:\/\/www.visit-ulcinj.com\/blog\/2009\/02\/26\/genc-nimanbegu-kandidati-oficiel-i-forces\/\",\"name\":\"Genc Nimanbegu kandidati oficiel i Forc\u00ebs - Lajme nga Ulqini\",\"isPartOf\":{\"@id\":\"https:\/\/www.visit-ulcinj.com\/blog\/#website\"},\"primaryImageOfPage\":{\"@id\":\"https:\/\/www.visit-ulcinj.com\/blog\/2009\/02\/26\/genc-nimanbegu-kandidati-oficiel-i-forces\/#primaryimage\"},\"datePublished\":\"2009-02-26T17:55:18+00:00\",\"dateModified\":\"2009-03-14T18:57:16+00:00\",\"author\":{\"@id\":\"https:\/\/www.visit-ulcinj.com\/blog\/#\/schema\/person\/dcab619c614d3038751c63bc2aadc06d\"},\"description\":\"T\u00eb nderuar qytetar\u00eb, Kam nder q\u00eb sot t\u00eb ju njoftoi se K\u00ebshilli Qendror, nj\u00ebz\u00ebri, aprovoi vendimin q\u00eb kandidati kryesor p\u00ebr Parlamentin e Malit t\u00eb Zi,para\",\"breadcrumb\":{\"@id\":\"https:\/\/www.visit-ulcinj.com\/blog\/2009\/02\/26\/genc-nimanbegu-kandidati-oficiel-i-forces\/#breadcrumb\"},\"inLanguage\":\"en-US\",\"potentialAction\":[{\"@type\":\"ReadAction\",\"target\":[\"https:\/\/www.visit-ulcinj.com\/blog\/2009\/02\/26\/genc-nimanbegu-kandidati-oficiel-i-forces\/\"]}]},{\"@type\":\"BreadcrumbList\",\"@id\":\"https:\/\/www.visit-ulcinj.com\/blog\/2009\/02\/26\/genc-nimanbegu-kandidati-oficiel-i-forces\/#breadcrumb\",\"itemListElement\":[{\"@type\":\"ListItem\",\"position\":1,\"name\":\"Genc Nimanbegu kandidati oficiel i Forc\u00ebs\"}]},{\"@type\":\"Person\",\"@id\":\"https:\/\/www.visit-ulcinj.com\/blog\/#\/schema\/person\/dcab619c614d3038751c63bc2aadc06d\",\"name\":\"ulqini\",\"sameAs\":[\"http:\/\/www.visit-ulcinj.com\"],\"url\":\"https:\/\/www.visit-ulcinj.com\/blog\/author\/admin\/\"}]}<\/script>\n<!-- \/ Yoast SEO plugin. -->","yoast_head_json":{"title":"Genc Nimanbegu kandidati oficiel i Forc\u00ebs - Lajme nga Ulqini","description":"T\u00eb nderuar qytetar\u00eb, Kam nder q\u00eb sot t\u00eb ju njoftoi se K\u00ebshilli Qendror, nj\u00ebz\u00ebri, aprovoi vendimin q\u00eb kandidati kryesor p\u00ebr Parlamentin e Malit t\u00eb Zi,para","robots":{"index":"index","follow":"follow","max-snippet":"max-snippet:-1","max-image-preview":"max-image-preview:large","max-video-preview":"max-video-preview:-1"},"canonical":"https:\/\/www.visit-ulcinj.com\/blog\/2009\/02\/26\/genc-nimanbegu-kandidati-oficiel-i-forces\/","og_locale":"en_US","og_type":"article","og_title":"Genc Nimanbegu kandidati oficiel i Forc\u00ebs - Lajme nga Ulqini","og_description":"T\u00eb nderuar qytetar\u00eb, Kam nder q\u00eb sot t\u00eb ju njoftoi se K\u00ebshilli Qendror, nj\u00ebz\u00ebri, aprovoi vendimin q\u00eb kandidati kryesor p\u00ebr Parlamentin e Malit t\u00eb Zi,para","og_url":"https:\/\/www.visit-ulcinj.com\/blog\/2009\/02\/26\/genc-nimanbegu-kandidati-oficiel-i-forces\/","og_site_name":"Lajme nga Ulqini","article_published_time":"2009-02-26T17:55:18+00:00","article_modified_time":"2009-03-14T18:57:16+00:00","og_image":[{"url":"http:\/\/www.visit-ulcinj.com\/blog\/wp-content\/uploads\/2009\/02\/nazf-cungu_genc-nimanbegu.jpg"}],"twitter_misc":{"Written by":"ulqini","Est. reading time":"3 minutes"},"schema":{"@context":"https:\/\/schema.org","@graph":[{"@type":"WebSite","@id":"https:\/\/www.visit-ulcinj.com\/blog\/#website","url":"https:\/\/www.visit-ulcinj.com\/blog\/","name":"Lajme nga Ulqini","description":"Lajme,Vijesti,Ulqini,Ulqin,Crna Gora,Mali i Zi","potentialAction":[{"@type":"SearchAction","target":{"@type":"EntryPoint","urlTemplate":"https:\/\/www.visit-ulcinj.com\/blog\/?s={search_term_string}"},"query-input":"required name=search_term_string"}],"inLanguage":"en-US"},{"@type":"ImageObject","inLanguage":"en-US","@id":"https:\/\/www.visit-ulcinj.com\/blog\/2009\/02\/26\/genc-nimanbegu-kandidati-oficiel-i-forces\/#primaryimage","url":"https:\/\/www.visit-ulcinj.com\/blog\/wp-content\/uploads\/2009\/02\/nazf-cungu_genc-nimanbegu.jpg","contentUrl":"https:\/\/www.visit-ulcinj.com\/blog\/wp-content\/uploads\/2009\/02\/nazf-cungu_genc-nimanbegu.jpg","width":"500","height":"334"},{"@type":"WebPage","@id":"https:\/\/www.visit-ulcinj.com\/blog\/2009\/02\/26\/genc-nimanbegu-kandidati-oficiel-i-forces\/#webpage","url":"https:\/\/www.visit-ulcinj.com\/blog\/2009\/02\/26\/genc-nimanbegu-kandidati-oficiel-i-forces\/","name":"Genc Nimanbegu kandidati oficiel i Forc\u00ebs - Lajme nga Ulqini","isPartOf":{"@id":"https:\/\/www.visit-ulcinj.com\/blog\/#website"},"primaryImageOfPage":{"@id":"https:\/\/www.visit-ulcinj.com\/blog\/2009\/02\/26\/genc-nimanbegu-kandidati-oficiel-i-forces\/#primaryimage"},"datePublished":"2009-02-26T17:55:18+00:00","dateModified":"2009-03-14T18:57:16+00:00","author":{"@id":"https:\/\/www.visit-ulcinj.com\/blog\/#\/schema\/person\/dcab619c614d3038751c63bc2aadc06d"},"description":"T\u00eb nderuar qytetar\u00eb, Kam nder q\u00eb sot t\u00eb ju njoftoi se K\u00ebshilli Qendror, nj\u00ebz\u00ebri, aprovoi vendimin q\u00eb kandidati kryesor p\u00ebr Parlamentin e Malit t\u00eb Zi,para","breadcrumb":{"@id":"https:\/\/www.visit-ulcinj.com\/blog\/2009\/02\/26\/genc-nimanbegu-kandidati-oficiel-i-forces\/#breadcrumb"},"inLanguage":"en-US","potentialAction":[{"@type":"ReadAction","target":["https:\/\/www.visit-ulcinj.com\/blog\/2009\/02\/26\/genc-nimanbegu-kandidati-oficiel-i-forces\/"]}]},{"@type":"BreadcrumbList","@id":"https:\/\/www.visit-ulcinj.com\/blog\/2009\/02\/26\/genc-nimanbegu-kandidati-oficiel-i-forces\/#breadcrumb","itemListElement":[{"@type":"ListItem","position":1,"name":"Genc Nimanbegu kandidati oficiel i Forc\u00ebs"}]},{"@type":"Person","@id":"https:\/\/www.visit-ulcinj.com\/blog\/#\/schema\/person\/dcab619c614d3038751c63bc2aadc06d","name":"ulqini","sameAs":["http:\/\/www.visit-ulcinj.com"],"url":"https:\/\/www.visit-ulcinj.com\/blog\/author\/admin\/"}]}},"jetpack_featured_media_url":"","jetpack_sharing_enabled":true,"jetpack_shortlink":"https:\/\/wp.me\/pe6lTn-3dH","_links":{"self":[{"href":"https:\/\/www.visit-ulcinj.com\/blog\/wp-json\/wp\/v2\/posts\/12381"}],"collection":[{"href":"https:\/\/www.visit-ulcinj.com\/blog\/wp-json\/wp\/v2\/posts"}],"about":[{"href":"https:\/\/www.visit-ulcinj.com\/blog\/wp-json\/wp\/v2\/types\/post"}],"author":[{"embeddable":true,"href":"https:\/\/www.visit-ulcinj.com\/blog\/wp-json\/wp\/v2\/users\/1"}],"replies":[{"embeddable":true,"href":"https:\/\/www.visit-ulcinj.com\/blog\/wp-json\/wp\/v2\/comments?post=12381"}],"version-history":[{"count":0,"href":"https:\/\/www.visit-ulcinj.com\/blog\/wp-json\/wp\/v2\/posts\/12381\/revisions"}],"wp:attachment":[{"href":"https:\/\/www.visit-ulcinj.com\/blog\/wp-json\/wp\/v2\/media?parent=12381"}],"wp:term":[{"taxonomy":"category","embeddable":true,"href":"https:\/\/www.visit-ulcinj.com\/blog\/wp-json\/wp\/v2\/categories?post=12381"},{"taxonomy":"post_tag","embeddable":true,"href":"https:\/\/www.visit-ulcinj.com\/blog\/wp-json\/wp\/v2\/tags?post=12381"}],"curies":[{"name":"wp","href":"https:\/\/api.w.org\/{rel}","templated":true}]}}