{"id":12387,"date":"2009-02-26T20:04:50","date_gmt":"2009-02-26T19:04:50","guid":{"rendered":"http:\/\/www.visit-ulcinj.com\/blog\/?p=12387"},"modified":"2009-02-26T20:25:50","modified_gmt":"2009-02-26T19:25:50","slug":"levizja-atdheu-na-bashkon-ne-nju-jork-e-organizoj-festimin-e-njevjetorit-te-pavaresise-se-kosoves","status":"publish","type":"post","link":"https:\/\/www.visit-ulcinj.com\/blog\/2009\/02\/26\/levizja-atdheu-na-bashkon-ne-nju-jork-e-organizoj-festimin-e-njevjetorit-te-pavaresise-se-kosoves\/","title":{"rendered":"L\u00ebvizja Atdheu na Bashkon, n\u00eb Nju Jork, e organizoj festimin e Nj\u00ebvjetorit t\u00eb Pavar\u00ebsis\u00eb s\u00eb Kosov\u00ebs"},"content":{"rendered":"<p><strong><a href=\"http:\/\/www.visit-ulcinj.com\/blog\/wp-content\/uploads\/2009\/02\/naser-cobi_prof-dr-enver-hasani.jpg\"><img loading=\"lazy\" class=\"alignleft size-full wp-image-12388\" title=\"naser-cobi_prof-dr-enver-hasani\" src=\"http:\/\/www.visit-ulcinj.com\/blog\/wp-content\/uploads\/2009\/02\/naser-cobi_prof-dr-enver-hasani.jpg\" alt=\"naser-cobi_prof-dr-enver-hasani\" width=\"570\" height=\"370\" \/><\/a>Mir\u00ebnjohje Vjetore &#8211; p\u00ebr Universitetin e Prishtin\u00ebs p\u00ebr Kontribut n\u00eb Ruajtjen e Identitetit t\u00eb Shqiptar\u00ebve n\u00eb Mal t\u00eb Zi <\/strong><br \/>\nBRONX &#8211; NEW YORK : Festa e par\u00eb e pavar\u00ebsis\u00eb\u00a0 s\u00eb Kosov\u00ebs, ashtu si edhe pavar\u00ebsia e Shqip\u00ebris\u00eb, \u00ebsht\u00eb fest\u00eb p\u00ebr t\u00eb gjith\u00eb kombin Shqiptar\u00eb. Si till\u00eb, p\u00ebrvjetori i par\u00eb i pavar\u00ebsis\u00eb s\u00eb Kosov\u00ebs, u sh\u00ebnua me madh\u00ebshti n\u00eb Kosov\u00eb, Shqip\u00ebri, Mal t\u00eb Zi, Maqedoni n\u00eb Diaspor\u00eb, dhe t\u00eb gjith\u00eb trevat shqiptare; Preshev\u00eb, Bujanovc, Medvegje.<br \/>\nNgjash\u00ebm ndodhi q\u00eb t\u00eb festohet kudo nga shqiptar\u00ebt, edhe k\u00ebtu n\u00eb SHBA-\u00ebs, ku jetojn\u00eb rreth gjysm\u00eb milioni shqiptar\u00eb. L\u00ebvizja Atdheu na Bashkon e festoj\u00eb P\u00ebrvjetorin e Pavar\u00ebsis\u00eb s\u00eb Kosov\u00ebs, t\u00eb djel\u00ebn n\u00eb mbr\u00ebmje n\u00eb lokalin e njohur &#8220;The Eastwood Manor&#8221; &#8211;\u00a0 Bronx NY, me nj\u00eb solemnitet t\u00eb ve\u00e7ant\u00eb, ku mor\u00ebn pjes\u00eb m\u00eb shum\u00eb se 400 vet\u00eb.<br \/>\nL\u00ebvizja Atdheu na Bashkon, e organizoj festimin e Nj\u00ebvjetorit t\u00eb Pavar\u00ebsis\u00eb s\u00eb Kosov\u00ebs, shtetit m\u00eb t\u00eb ri t\u00eb bot\u00ebs, n\u00eb bashk\u00ebpunim me disa fondacione e shoqata, t\u00eb cilat kryesisht\u00eb p\u00ebrfaq\u00ebsojn\u00eb shqiptar\u00ebt e emigruar ng\u00eb Mali i Zi( Dega Don Gjon Buzuku \u2013 New York, Fondacioni Dom Simon Filipaj \u2013 New York, Fondacioni Plav\u00eb-Guci \u2013 New York,Fondi Humanitar Mal\u00ebsia \u2013 New York,\u00a0 Mal\u00ebsia e Madhe \u2013 Detroit, Shoqata Ana Malit \u2013 New York, Shoqata At\u00ebdhetare Kraja \u2013 New York, Shoqata Ded\u00eb Gjo Luli \u2013 New York, Shoqata US Ulqini \u2013 New York,U.K.A. \u2013 Chicago, UAAF \u2013 New York, Shoqata e Intelektualve t\u00eb Pavarur \u2013 Michigan).<br \/>\nL\u00ebvizja Atdheu na Bashkon, p\u00ebr her\u00eb t\u00eb par\u00eb ndau m\u00eb k\u00ebt\u00eb rast\u00eb, edhe \u00e7mimin &#8220;Mirnjohje Vjetore&#8221; &#8211; t\u00eb cil\u00ebn p\u00ebr meritat q\u00eb ka, iu dha Universitetit t\u00eb Prishtin\u00ebs, me motivacionin p\u00ebr &#8220;Kontribut n\u00eb Ruajtjen e Identitetit t\u00eb Shqiptar\u00ebve n\u00eb Mal t\u00eb Zi &#8220;. N\u00ebnkryetari i L\u00ebvizjes \u201cAtdheu na Bashkon\u201d, zoti Naser Coba, duke ia dor\u00ebzuar \u00e7mimin &#8220;Mirnjohjen Vjetore&#8221; &#8211;\u00a0 Prof. Dr. Enver Hasani &#8211; Rektor i Universitetit t\u00eb Prishtin\u00ebs, n\u00eb em\u00ebr t\u00eb avokatit t\u00eb njohur Sabri Gjoni, vlersoj\u00eb lart rolin dhe kuntributin e Universitetit t\u00eb Prishtin\u00ebs, duke th\u00ebn\u00eb se po t\u00eb b\u00ebjm\u00eb nj\u00eb v\u00ebzhgim mbrapa, \u00ebsht\u00eb i padyshimt\u00eb roli i r\u00ebnd\u00ebsish\u00ebm q\u00eb Kosova, n\u00eb ve\u00e7anti &#8211; Universiteti i Kosov\u00ebs, kan\u00eb lozur n\u00eb ruajtjen e indetitetit ton\u00eb shqiptar n\u00eb Mal t\u00eb Zi, kur p\u00ebr 50 vjet rregjimi komunist i Shqip\u00ebris\u00eb u a mbylli dyert e arsimit shqiptar\u00ebve nga Mali i Zi, e Kosova eviset shqiptare.L\u00ebvizja Atdheu na Bashkon, potencoi ai me plot merit\u00eb, i jep Universitetit t\u00eb Prishtin\u00ebs &#8211; &#8220;Mir\u00ebnjohjen Vjetore&#8221; p\u00ebr kontributin e paz\u00ebvend\u00ebsueshem q\u00eb, p\u00ebr dekada t\u00eb t\u00ebra, ka dh\u00ebn\u00eb drejt ruajtjes s\u00eb indetitetit ton\u00eb shqiptar\u00eb, n\u00eb Mal t\u00eb Zi<br \/>\nMirpo, tha n\u00ebnkryetari \u00c7oba, se &#8221; L\u00ebvizja Atdheu na Bashkon, ka marr\u00eb nj\u00eb inisiativ\u00eb, t\u00eb cil\u00ebn do t&#8217;a v\u00eb n\u00eb jet\u00eb n\u00eb \u00e7do p\u00ebrvejtor t\u00eb pavar\u00ebsis\u00eb s\u00eb Kosov\u00ebs, p\u00ebr t\u00eb nderuar p\u00ebr \u00e7do vjet, personalitet m\u00eb t\u00eb shquara shqiptare nga fusha t\u00eb ndryshme t\u00eb jet\u00ebs . Pra tha ai t\u00eb gjith\u00eb ata q\u00eb kontribojn\u00eb dhe kan\u00eb kontribuar ose kan\u00eb luajtur rol\u00eb t\u00eb r\u00ebnd\u00ebsish\u00ebm n\u00eb aspekte t\u00eb ndryshme t\u00eb \u00e7\u00ebshtjes komb\u00ebtare, n\u00eb periudha e koh\u00eb t\u00eb ndryshme &#8220;.<br \/>\nFjal\u00ebt mir\u00ebseardh\u00ebse u drejtuan nga moderator\u00ebt e organizmit t\u00eb ceremonis\u00eb\u00a0 festive, zjn. Blerina Likollari dhe z. Dhurim Ahmetaj. Ceremonia festive u hap\u00eb me intonimin dhe k\u00ebndimin e t\u00eb tre hymneve kombetare; at\u00eb t\u00eb Republik\u00ebs s\u00eb Kosov\u00ebs,( vet\u00ebm orkestrale pa tekst luajtur nga Raif Hyseni), ai i Republik\u00ebs s\u00eb Shqip\u00ebris\u00eb dhe himni i SHBA-s\u00eb, n\u00ebn interpretimin e k\u00ebng\u00ebtar\u00ebve Merita Halili, Morena Reka dhe Haxhi Zeneli, shoq\u00ebruar nga grupi muzikant\u00ebve, po me muzikantin e njohur Raif Hysenin. M\u00eb pas\u00eb me nj\u00eb minut\u00eb heshtje u nderuan n\u00eb shenj\u00eb respekti t\u00eb gjith\u00eb t\u00eb r\u00ebn\u00ebt e kombit Shqiptar\u00eb, dhe ata q\u00eb dhan\u00eb jet\u00ebn p\u00ebr lirin\u00eb dhe pavar\u00ebsin\u00eb e Kosov\u00ebs. Lutjen fetare e kreu sipas tradit\u00ebs\u00a0 &#8211; i p\u00ebrndershmi Dom Pjet\u00ebr Popaj, famullitari i Kish\u00ebs Katolike Shqiptare n\u00eb Amerike &#8220;Zoja e Shkodr\u00ebs&#8221;, Hartsdale(NY).<br \/>\nNj\u00eb mesazh t\u00eb posq\u00ebm me rastin e fest\u00ebs solli me k\u00ebt\u00eb rast\u00eb edhe kryetari i L\u00ebvizjes Atdheu na Bashkon zoti Gjon Lulgjuraj. Fjal\u00ebn p\u00ebrsh\u00ebndet\u00ebse e mbajti\u00a0 zoti Ymer Ahmetaj. Nd\u00ebrsa p\u00ebrsh\u00ebndet\u00ebn fest\u00ebn e nj\u00eb Vjetorit t\u00eb Pavar\u00ebsis\u00eb s\u00eb Kosov\u00ebs, edhe\u00a0 Prof. Dr. Enver Hasani &#8211; Rektor i Universitetit t\u00eb Prishtin\u00ebs dhe Prof. Dr. Basri \u00c7apriqi &#8211; President i Bordit t\u00eb Universitetit t\u00eb Prishtin\u00ebs, si dhe p\u00ebrfaq\u00ebsuesi i shtetit shqiptar\u00eb n\u00eb Nju Jork, konsulli i R.Sh, dr. Albert Jerasi. Nj\u00eb program i pasur muzikor me muzik\u00eb t\u00eb gjitha trevave n\u00eb\u00a0 n\u00ebn interpretimin e k\u00ebng\u00ebtar\u00ebve Merita Halili, Morena Reka, John Krasniqi, Haxhi Zeneli,Albert Stanaj, dhe Valdet Lika e b\u00ebri edhe m\u00eb hareshme fest\u00ebn. Nj\u00eb film dokumentar n\u00eb video &#8211; projeksion me subjekt nga vendabanimet shqiptare n\u00eb viset shqiptare n\u00ebn Mal t\u00eb Zi u shfaq me rastin e fest\u00ebs e pavar\u00ebsis\u00eb\u00a0 s\u00eb Kosov\u00ebs. Nosh Gjolaj recitoi nj\u00eb poezi shkruar enkas m\u00eb rastin e pavar\u00ebsis\u00eb s\u00eb Kosov\u00ebs. Ansambli &#8220;Bashkimi Komb\u00ebtar&#8221;, interpretoj\u00eb pjes\u00eb muzikore.<br \/>\nPavar\u00ebsia e Kosov\u00ebs \u00ebsht\u00eb nj\u00eb nd\u00ebr momentet m\u00eb t\u00eb ndritshme t\u00eb historis\u00eb son\u00eb Komb\u00ebtare, tha n\u00eb fjal\u00ebn e tij kryetari i L\u00ebvizjes Atdheu na Bashkon zoti Gjon Lulgjuraj. Kjo, sepse, m\u00eb n\u00eb fund, u b\u00eb nj\u00eb korrigjim i pjessh\u00ebmi nj\u00eb epopeje tragjike n\u00eb historin\u00eb ton\u00eb, kur trojet tona u p\u00ebrdoren p\u00ebr tregti n\u00eb avancimin e aspiratave t\u00eb shum\u00eb popujve europian.<br \/>\nZoti Lulgjuraj, kujtoj\u00eb se jemi krenar, sepse, tha ai populli Shqiptar autokton n\u00eb Mal t\u00eb Zi, duke p\u00ebrfshir\u00eb pjes\u00ebn d\u00ebrrmuese, q\u00eb nga nevoja, u detyrua t\u00eb m\u00ebrgoj\u00eb, ka dh\u00ebn\u00eb njkontribut t\u00eb shum\u00ebansh\u00ebm dhe t\u00eb r\u00ebnd\u00ebsish\u00ebm drejt realizimit t\u00eb pavar\u00ebsis\u00eb s\u00eb Kosov\u00ebs. &#8220;Ky kontribut, ceku, Lulgjuraj, ka p\u00ebrfshir\u00eb p\u00ebrkrahje morale dhe financiare, por, nuk ka munguar as ndihma e vullnetar\u00ebve p\u00ebr t\u00eb dh\u00ebn\u00eb jet\u00ebn n\u00eb fushat e betejes p\u00ebr lirin\u00eb dhe pavar\u00ebsin\u00eb e Kosov\u00ebs&#8221;.<br \/>\nI p\u00ebrndershmi Dom Pjet\u00ebr Popaj, famullitari i Kish\u00ebs Katolike Shqiptare n\u00eb Amerike &#8220;Zoja e Shkodr\u00ebs&#8221;, Hartsdale(NY) me t\u00eb tjerave n\u00eb fjal\u00ebn e rastit ka th\u00ebn\u00eb se;&#8221; Ne s&#8217;kemi luajt vendit, ato q\u00eb ishim, jemi dhe kemi p\u00ebr t\u00eb qen\u00eb. Shqip\u00ebrija e Kosova jan\u00eb pranuar sikur shtete jo p\u00ebr m\u00ebshir\u00eb t\u00eb shteteve t\u00eb fuqish\u00ebm , por p\u00ebr m\u00ebrit\u00ebn ton\u00eb se \u00ebsht\u00eb toka e jon\u00eb. , K\u00ebt\u00eb gj\u00eb e din\u00eb Zoti n\u00eb qiell, shqiptar\u00ebt n\u00eb tok\u00eb, historia e v\u00ebrtet\u00eb e shkruar pador\u00ebza\u00a0 dhe miqt\u00eb e dashamir\u00ebs tan\u00eb.Kosova i p\u00ebrgjet nj\u00eb lel\u00ebs se re t\u00eb nj\u00eb bime q\u00eb i ka ranj\u00ebt e thella&#8221;<br \/>\nNj\u00eb nd\u00ebr fol\u00ebsit kreysor\u00eb, zoti Ymer Ahmetaj tha se kam sjell\u00eb para jush urimin e shqiptar\u00ebve t\u00eb Amerik\u00ebs, t\u00eb ardhur nga trojet shqiptare t\u00eb Ulqinit, An\u00ebs Malit, Mal\u00ebsis\u00eb, Plav\u00ebs dhe Gucis\u00eb: Kosovar\u00eb dhe shqiptar\u00eb t&#8217;a g\u00ebzoni Kosov\u00ebn e Pavarur!. Para nj\u00eb viti, tha Ahmetaj, Pavar\u00ebsia e Kosov\u00ebs erdhi si nj\u00eb dit\u00eb e madhe, si nj\u00eb rilindje. Historia, m\u00eb n\u00eb fund, vendosi drejt\u00ebsi, sepse p\u00ebrmbushi nj\u00eb vullnet, apo nj\u00eb \u00ebnd\u00ebrr shekullore t\u00eb nj\u00eb populli t\u00eb shtypur.<br \/>\nAjo nderoi shpirtin e nj\u00eb populli p\u00ebr t\u00eb mos u p\u00ebrulur, revolt\u00ebn e minator\u00ebve dhe t\u00eb student\u00ebve , L\u00ebvizjen Demokratike t\u00eb Kososv\u00ebs, apo m\u00eb mir\u00eb me th\u00ebn\u00eb L\u00ebvizjen gjith\u00eb popullore kosovare n\u00eb krye me ish Presidentin Ibrahim Rugova, Luft\u00ebn \u00c7lirimitare t\u00eb Kosov\u00ebs dhe Ushtrin\u00eb e saj, vepr\u00ebn heroike t\u00eb Heroit komb\u00ebtar &#8211; Adem Jasharit, t\u00eb gjith\u00eb d\u00ebshmor\u00ebve q\u00eb ran\u00eb p\u00ebr liri dhe miqve tan\u00eb nd\u00ebrkomb\u00ebtar me n\u00eb krye SHBA dhe Bashk\u00ebsin\u00eb Evropiane, ka th\u00ebn\u00eb mes t\u00eb tjerave, zoti Ymer Ahmetaj.<br \/>\n&#8220;Jemi mbledhur sot k\u00ebtu, tha n\u00eb fjal\u00ebn e tij p\u00ebrsh\u00ebndet\u00ebse konsulli i R.Sh n\u00eb Nju Jork, dr Albert Jerasi, p\u00ebr t\u00eb kremtuar nj\u00eb dit\u00eb me r\u00ebnd\u00ebsi t\u00eb madhe historike p\u00ebr mbar\u00eb kombin ton\u00eb,, kudo q\u00eb ai jeton : n\u00eb Kosov\u00eb, n\u00eb Shqip\u00ebri, n\u00eb Mal t\u00eb Zi, n\u00eb Maqedoni, \u00c7am\u00ebri, Lugin\u00ebn e Preshev\u00ebs e n\u00eb Diaspor\u00eb.&#8221;<br \/>\nAi tha se &#8221; Sot, kremtojm\u00eb 17 Shkurtin 2008, dit\u00ebn e madhe t\u00eb pavar\u00ebsis\u00eb s\u00eb Kosov\u00ebs, dit\u00ebn e liris\u00eb, p\u00ebr t\u00eb cil\u00ebn jan\u00eb flijuar nd\u00ebr vite aq e aq burra, gra e f\u00ebmij\u00eb &#8211; Kosova e pavarur \u00ebsht\u00eb tashm\u00eb nj\u00eb realitet i pakthyeshem dhe njohja e m\u00ebtutjeshme e saj nd\u00ebrkomb\u00ebtare \u00ebsht\u00eb e pandalshme&#8221;.<\/p>\n<p><strong>BEQIR SINA, New York<\/strong><\/p>\n<p><strong><a href=\"http:\/\/www.malesia.org\/index.php?news=3290\" target=\"_blank\">MALESIA.ORG<\/a><\/strong><\/p>\n<p><strong>Fotografit jan esckluzivitet i web sajtit <\/strong><strong><a href=\"http:\/\/www.malesia.org\/index.php?news=3290\" target=\"_blank\">MALESIA.ORG<\/a><\/strong><\/p>\n<p><strong>\n\t\t<style type=\"text\/css\">\n\t\t\t#gallery-1 {\n\t\t\t\tmargin: auto;\n\t\t\t}\n\t\t\t#gallery-1 .gallery-item {\n\t\t\t\tfloat: left;\n\t\t\t\tmargin-top: 10px;\n\t\t\t\ttext-align: center;\n\t\t\t\twidth: 33%;\n\t\t\t}\n\t\t\t#gallery-1 img {\n\t\t\t\tborder: 2px solid #cfcfcf;\n\t\t\t}\n\t\t\t#gallery-1 .gallery-caption {\n\t\t\t\tmargin-left: 0;\n\t\t\t}\n\t\t\t\/* see gallery_shortcode() in wp-includes\/media.php *\/\n\t\t<\/style>\n\t\t<div id='gallery-1' class='gallery galleryid-12387 gallery-columns-3 gallery-size-thumbnail'><dl class='gallery-item'>\n\t\t\t<dt class='gallery-icon landscape'>\n\t\t\t\t<a href='https:\/\/www.visit-ulcinj.com\/blog\/wp-content\/uploads\/2009\/02\/naser-cobi_prof-dr-enver-hasani.jpg'><img width=\"150\" height=\"150\" src=\"https:\/\/www.visit-ulcinj.com\/blog\/wp-content\/uploads\/2009\/02\/naser-cobi_prof-dr-enver-hasani-150x150.jpg\" class=\"attachment-thumbnail size-thumbnail\" alt=\"\" loading=\"lazy\" \/><\/a>\n\t\t\t<\/dt><\/dl><dl class='gallery-item'>\n\t\t\t<dt class='gallery-icon landscape'>\n\t\t\t\t<a href='https:\/\/www.visit-ulcinj.com\/blog\/wp-content\/uploads\/2009\/02\/levizja-atdheu-na-bashkon_new-york1.jpg'><img width=\"150\" height=\"150\" src=\"https:\/\/www.visit-ulcinj.com\/blog\/wp-content\/uploads\/2009\/02\/levizja-atdheu-na-bashkon_new-york1-150x150.jpg\" class=\"attachment-thumbnail size-thumbnail\" alt=\"\" loading=\"lazy\" \/><\/a>\n\t\t\t<\/dt><\/dl><dl class='gallery-item'>\n\t\t\t<dt class='gallery-icon landscape'>\n\t\t\t\t<a href='https:\/\/www.visit-ulcinj.com\/blog\/wp-content\/uploads\/2009\/02\/levizja-atdheu-na-bashkon_new-york2.jpg'><img width=\"150\" height=\"150\" src=\"https:\/\/www.visit-ulcinj.com\/blog\/wp-content\/uploads\/2009\/02\/levizja-atdheu-na-bashkon_new-york2-150x150.jpg\" class=\"attachment-thumbnail size-thumbnail\" alt=\"\" loading=\"lazy\" \/><\/a>\n\t\t\t<\/dt><\/dl><br style=\"clear: both\" \/><dl class='gallery-item'>\n\t\t\t<dt class='gallery-icon landscape'>\n\t\t\t\t<a href='https:\/\/www.visit-ulcinj.com\/blog\/wp-content\/uploads\/2009\/02\/levizja-atdheu-na-bashkon_new-york3.jpg'><img width=\"150\" height=\"150\" src=\"https:\/\/www.visit-ulcinj.com\/blog\/wp-content\/uploads\/2009\/02\/levizja-atdheu-na-bashkon_new-york3-150x150.jpg\" class=\"attachment-thumbnail size-thumbnail\" alt=\"\" loading=\"lazy\" \/><\/a>\n\t\t\t<\/dt><\/dl><dl class='gallery-item'>\n\t\t\t<dt class='gallery-icon landscape'>\n\t\t\t\t<a href='https:\/\/www.visit-ulcinj.com\/blog\/wp-content\/uploads\/2009\/02\/levizja-atdheu-na-bashkon_new-york4.jpg'><img width=\"150\" height=\"150\" src=\"https:\/\/www.visit-ulcinj.com\/blog\/wp-content\/uploads\/2009\/02\/levizja-atdheu-na-bashkon_new-york4-150x150.jpg\" class=\"attachment-thumbnail size-thumbnail\" alt=\"\" loading=\"lazy\" \/><\/a>\n\t\t\t<\/dt><\/dl><dl class='gallery-item'>\n\t\t\t<dt class='gallery-icon landscape'>\n\t\t\t\t<a href='https:\/\/www.visit-ulcinj.com\/blog\/wp-content\/uploads\/2009\/02\/naser-cobi_levizja-atdheu-na-bashkon_new-york.jpg'><img width=\"150\" height=\"150\" src=\"https:\/\/www.visit-ulcinj.com\/blog\/wp-content\/uploads\/2009\/02\/naser-cobi_levizja-atdheu-na-bashkon_new-york-150x150.jpg\" class=\"attachment-thumbnail size-thumbnail\" alt=\"\" loading=\"lazy\" \/><\/a>\n\t\t\t<\/dt><\/dl><br style=\"clear: both\" \/><dl class='gallery-item'>\n\t\t\t<dt class='gallery-icon landscape'>\n\t\t\t\t<a href='https:\/\/www.visit-ulcinj.com\/blog\/wp-content\/uploads\/2009\/02\/levizja-atdheu-na-bashkon_new-york5.jpg'><img width=\"150\" height=\"150\" src=\"https:\/\/www.visit-ulcinj.com\/blog\/wp-content\/uploads\/2009\/02\/levizja-atdheu-na-bashkon_new-york5-150x150.jpg\" class=\"attachment-thumbnail size-thumbnail\" alt=\"\" loading=\"lazy\" \/><\/a>\n\t\t\t<\/dt><\/dl><dl class='gallery-item'>\n\t\t\t<dt class='gallery-icon landscape'>\n\t\t\t\t<a href='https:\/\/www.visit-ulcinj.com\/blog\/wp-content\/uploads\/2009\/02\/levizja-atdheu-na-bashkon_new-york6.jpg'><img width=\"150\" height=\"150\" src=\"https:\/\/www.visit-ulcinj.com\/blog\/wp-content\/uploads\/2009\/02\/levizja-atdheu-na-bashkon_new-york6-150x150.jpg\" class=\"attachment-thumbnail size-thumbnail\" alt=\"\" loading=\"lazy\" \/><\/a>\n\t\t\t<\/dt><\/dl><dl class='gallery-item'>\n\t\t\t<dt class='gallery-icon landscape'>\n\t\t\t\t<a href='https:\/\/www.visit-ulcinj.com\/blog\/wp-content\/uploads\/2009\/02\/levizja-atdheu-na-bashkon_new-york7.jpg'><img width=\"150\" height=\"150\" src=\"https:\/\/www.visit-ulcinj.com\/blog\/wp-content\/uploads\/2009\/02\/levizja-atdheu-na-bashkon_new-york7-150x150.jpg\" class=\"attachment-thumbnail size-thumbnail\" alt=\"\" loading=\"lazy\" \/><\/a>\n\t\t\t<\/dt><\/dl><br style=\"clear: both\" \/><dl class='gallery-item'>\n\t\t\t<dt class='gallery-icon landscape'>\n\t\t\t\t<a href='https:\/\/www.visit-ulcinj.com\/blog\/wp-content\/uploads\/2009\/02\/levizja-atdheu-na-bashkon_new-york8.jpg'><img width=\"150\" height=\"150\" src=\"https:\/\/www.visit-ulcinj.com\/blog\/wp-content\/uploads\/2009\/02\/levizja-atdheu-na-bashkon_new-york8-150x150.jpg\" class=\"attachment-thumbnail size-thumbnail\" alt=\"\" loading=\"lazy\" \/><\/a>\n\t\t\t<\/dt><\/dl><dl class='gallery-item'>\n\t\t\t<dt class='gallery-icon landscape'>\n\t\t\t\t<a href='https:\/\/www.visit-ulcinj.com\/blog\/wp-content\/uploads\/2009\/02\/levizja-atdheu-na-bashkon_new-york9.jpg'><img width=\"150\" height=\"150\" src=\"https:\/\/www.visit-ulcinj.com\/blog\/wp-content\/uploads\/2009\/02\/levizja-atdheu-na-bashkon_new-york9-150x150.jpg\" class=\"attachment-thumbnail size-thumbnail\" alt=\"\" loading=\"lazy\" \/><\/a>\n\t\t\t<\/dt><\/dl><dl class='gallery-item'>\n\t\t\t<dt class='gallery-icon landscape'>\n\t\t\t\t<a href='https:\/\/www.visit-ulcinj.com\/blog\/wp-content\/uploads\/2009\/02\/levizja-atdheu-na-bashkon_new-york10.jpg'><img width=\"150\" height=\"150\" src=\"https:\/\/www.visit-ulcinj.com\/blog\/wp-content\/uploads\/2009\/02\/levizja-atdheu-na-bashkon_new-york10-150x150.jpg\" class=\"attachment-thumbnail size-thumbnail\" alt=\"\" loading=\"lazy\" \/><\/a>\n\t\t\t<\/dt><\/dl><br style=\"clear: both\" \/><dl class='gallery-item'>\n\t\t\t<dt class='gallery-icon landscape'>\n\t\t\t\t<a href='https:\/\/www.visit-ulcinj.com\/blog\/wp-content\/uploads\/2009\/02\/levizja-atdheu-na-bashkon_new-york11.jpg'><img width=\"150\" height=\"150\" src=\"https:\/\/www.visit-ulcinj.com\/blog\/wp-content\/uploads\/2009\/02\/levizja-atdheu-na-bashkon_new-york11-150x150.jpg\" class=\"attachment-thumbnail size-thumbnail\" alt=\"\" loading=\"lazy\" \/><\/a>\n\t\t\t<\/dt><\/dl><dl class='gallery-item'>\n\t\t\t<dt class='gallery-icon landscape'>\n\t\t\t\t<a href='https:\/\/www.visit-ulcinj.com\/blog\/wp-content\/uploads\/2009\/02\/levizja-atdheu-na-bashkon_new-york12.jpg'><img width=\"150\" height=\"150\" src=\"https:\/\/www.visit-ulcinj.com\/blog\/wp-content\/uploads\/2009\/02\/levizja-atdheu-na-bashkon_new-york12-150x150.jpg\" class=\"attachment-thumbnail size-thumbnail\" alt=\"\" loading=\"lazy\" \/><\/a>\n\t\t\t<\/dt><\/dl><dl class='gallery-item'>\n\t\t\t<dt class='gallery-icon landscape'>\n\t\t\t\t<a href='https:\/\/www.visit-ulcinj.com\/blog\/wp-content\/uploads\/2009\/02\/levizja-atdheu-na-bashkon_new-york13.jpg'><img width=\"150\" height=\"150\" src=\"https:\/\/www.visit-ulcinj.com\/blog\/wp-content\/uploads\/2009\/02\/levizja-atdheu-na-bashkon_new-york13-150x150.jpg\" class=\"attachment-thumbnail size-thumbnail\" alt=\"\" loading=\"lazy\" \/><\/a>\n\t\t\t<\/dt><\/dl><br style=\"clear: both\" \/><dl class='gallery-item'>\n\t\t\t<dt class='gallery-icon landscape'>\n\t\t\t\t<a href='https:\/\/www.visit-ulcinj.com\/blog\/wp-content\/uploads\/2009\/02\/levizja-atdheu-na-bashkon_new-york14.jpg'><img width=\"150\" height=\"150\" src=\"https:\/\/www.visit-ulcinj.com\/blog\/wp-content\/uploads\/2009\/02\/levizja-atdheu-na-bashkon_new-york14-150x150.jpg\" class=\"attachment-thumbnail size-thumbnail\" alt=\"\" loading=\"lazy\" \/><\/a>\n\t\t\t<\/dt><\/dl><dl class='gallery-item'>\n\t\t\t<dt class='gallery-icon landscape'>\n\t\t\t\t<a href='https:\/\/www.visit-ulcinj.com\/blog\/wp-content\/uploads\/2009\/02\/levizja-atdheu-na-bashkon_new-york15.jpg'><img width=\"150\" height=\"150\" src=\"https:\/\/www.visit-ulcinj.com\/blog\/wp-content\/uploads\/2009\/02\/levizja-atdheu-na-bashkon_new-york15-150x150.jpg\" class=\"attachment-thumbnail size-thumbnail\" alt=\"\" loading=\"lazy\" \/><\/a>\n\t\t\t<\/dt><\/dl><dl class='gallery-item'>\n\t\t\t<dt class='gallery-icon landscape'>\n\t\t\t\t<a href='https:\/\/www.visit-ulcinj.com\/blog\/wp-content\/uploads\/2009\/02\/levizja-atdheu-na-bashkon_new-york16.jpg'><img width=\"150\" height=\"150\" src=\"https:\/\/www.visit-ulcinj.com\/blog\/wp-content\/uploads\/2009\/02\/levizja-atdheu-na-bashkon_new-york16-150x150.jpg\" class=\"attachment-thumbnail size-thumbnail\" alt=\"\" loading=\"lazy\" \/><\/a>\n\t\t\t<\/dt><\/dl><br style=\"clear: both\" \/><dl class='gallery-item'>\n\t\t\t<dt class='gallery-icon landscape'>\n\t\t\t\t<a href='https:\/\/www.visit-ulcinj.com\/blog\/wp-content\/uploads\/2009\/02\/levizja-atdheu-na-bashkon_new-york17.jpg'><img width=\"150\" height=\"150\" src=\"https:\/\/www.visit-ulcinj.com\/blog\/wp-content\/uploads\/2009\/02\/levizja-atdheu-na-bashkon_new-york17-150x150.jpg\" class=\"attachment-thumbnail size-thumbnail\" alt=\"\" loading=\"lazy\" \/><\/a>\n\t\t\t<\/dt><\/dl><dl class='gallery-item'>\n\t\t\t<dt class='gallery-icon landscape'>\n\t\t\t\t<a href='https:\/\/www.visit-ulcinj.com\/blog\/wp-content\/uploads\/2009\/02\/levizja-atdheu-na-bashkon_new-york18.jpg'><img width=\"150\" height=\"150\" src=\"https:\/\/www.visit-ulcinj.com\/blog\/wp-content\/uploads\/2009\/02\/levizja-atdheu-na-bashkon_new-york18-150x150.jpg\" class=\"attachment-thumbnail size-thumbnail\" alt=\"\" loading=\"lazy\" \/><\/a>\n\t\t\t<\/dt><\/dl><dl class='gallery-item'>\n\t\t\t<dt class='gallery-icon landscape'>\n\t\t\t\t<a href='https:\/\/www.visit-ulcinj.com\/blog\/wp-content\/uploads\/2009\/02\/levizja-atdheu-na-bashkon_new-york19.jpg'><img width=\"150\" height=\"150\" src=\"https:\/\/www.visit-ulcinj.com\/blog\/wp-content\/uploads\/2009\/02\/levizja-atdheu-na-bashkon_new-york19-150x150.jpg\" class=\"attachment-thumbnail size-thumbnail\" alt=\"\" loading=\"lazy\" \/><\/a>\n\t\t\t<\/dt><\/dl><br style=\"clear: both\" \/><dl class='gallery-item'>\n\t\t\t<dt class='gallery-icon landscape'>\n\t\t\t\t<a href='https:\/\/www.visit-ulcinj.com\/blog\/wp-content\/uploads\/2009\/02\/levizja-atdheu-na-bashkon_new-york20.jpg'><img width=\"150\" height=\"150\" src=\"https:\/\/www.visit-ulcinj.com\/blog\/wp-content\/uploads\/2009\/02\/levizja-atdheu-na-bashkon_new-york20-150x150.jpg\" class=\"attachment-thumbnail size-thumbnail\" alt=\"\" loading=\"lazy\" \/><\/a>\n\t\t\t<\/dt><\/dl><dl class='gallery-item'>\n\t\t\t<dt class='gallery-icon landscape'>\n\t\t\t\t<a href='https:\/\/www.visit-ulcinj.com\/blog\/wp-content\/uploads\/2009\/02\/levizja-atdheu-na-bashkon_new-york21.jpg'><img width=\"150\" height=\"150\" src=\"https:\/\/www.visit-ulcinj.com\/blog\/wp-content\/uploads\/2009\/02\/levizja-atdheu-na-bashkon_new-york21-150x150.jpg\" class=\"attachment-thumbnail size-thumbnail\" alt=\"\" loading=\"lazy\" \/><\/a>\n\t\t\t<\/dt><\/dl><dl class='gallery-item'>\n\t\t\t<dt class='gallery-icon landscape'>\n\t\t\t\t<a href='https:\/\/www.visit-ulcinj.com\/blog\/wp-content\/uploads\/2009\/02\/levizja-atdheu-na-bashkon_new-york.jpg'><img width=\"150\" height=\"150\" src=\"https:\/\/www.visit-ulcinj.com\/blog\/wp-content\/uploads\/2009\/02\/levizja-atdheu-na-bashkon_new-york-150x150.jpg\" class=\"attachment-thumbnail size-thumbnail\" alt=\"\" loading=\"lazy\" \/><\/a>\n\t\t\t<\/dt><\/dl><br style=\"clear: both\" \/>\n\t\t<\/div>\n<br \/>\n<\/strong><\/p>\n","protected":false},"excerpt":{"rendered":"<p>Mir\u00ebnjohje Vjetore &#8211; p\u00ebr Universitetin e Prishtin\u00ebs p\u00ebr Kontribut n\u00eb Ruajtjen e Identitetit t\u00eb Shqiptar\u00ebve n\u00eb Mal t\u00eb Zi BRONX &#8211; NEW YORK : Festa e par\u00eb e pavar\u00ebsis\u00eb\u00a0 s\u00eb Kosov\u00ebs, ashtu si edhe pavar\u00ebsia e Shqip\u00ebris\u00eb, \u00ebsht\u00eb fest\u00eb p\u00ebr t\u00eb gjith\u00eb kombin Shqiptar\u00eb. Si till\u00eb, p\u00ebrvjetori i par\u00eb i pavar\u00ebsis\u00eb s\u00eb Kosov\u00ebs, u sh\u00ebnua [&hellip;]<\/p>\n","protected":false},"author":1,"featured_media":0,"comment_status":"open","ping_status":"closed","sticky":false,"template":"","format":"standard","meta":{"spay_email":"","jetpack_publicize_message":"","jetpack_is_tweetstorm":false,"jetpack_publicize_feature_enabled":true},"categories":[12],"tags":[7230,7229,7227,7240,7236,7235,7226,7232,7237,7234,325,7225,7241,38,7224,7228,7231,6090,5922,7239,7238,7223,3946,7233],"jetpack_publicize_connections":[],"yoast_head":"<!-- This site is optimized with the Yoast SEO plugin v19.1 - https:\/\/yoast.com\/wordpress\/plugins\/seo\/ -->\n<title>L\u00ebvizja Atdheu na Bashkon, n\u00eb Nju Jork, e organizoj festimin e Nj\u00ebvjetorit t\u00eb Pavar\u00ebsis\u00eb s\u00eb Kosov\u00ebs - Lajme nga Ulqini<\/title>\n<meta name=\"description\" content=\"Mir\u00ebnjohje Vjetore - p\u00ebr Universitetin e Prishtin\u00ebs p\u00ebr Kontribut n\u00eb Ruajtjen e Identitetit t\u00eb Shqiptar\u00ebve n\u00eb Mal t\u00eb Zi BRONX - NEW YORK : Festa e par\u00eb e\" \/>\n<meta name=\"robots\" content=\"index, follow, max-snippet:-1, max-image-preview:large, max-video-preview:-1\" \/>\n<link rel=\"canonical\" href=\"https:\/\/www.visit-ulcinj.com\/blog\/2009\/02\/26\/levizja-atdheu-na-bashkon-ne-nju-jork-e-organizoj-festimin-e-njevjetorit-te-pavaresise-se-kosoves\/\" \/>\n<meta property=\"og:locale\" content=\"en_US\" \/>\n<meta property=\"og:type\" content=\"article\" \/>\n<meta property=\"og:title\" content=\"L\u00ebvizja Atdheu na Bashkon, n\u00eb Nju Jork, e organizoj festimin e Nj\u00ebvjetorit t\u00eb Pavar\u00ebsis\u00eb s\u00eb Kosov\u00ebs - Lajme nga Ulqini\" \/>\n<meta property=\"og:description\" content=\"Mir\u00ebnjohje Vjetore - p\u00ebr Universitetin e Prishtin\u00ebs p\u00ebr Kontribut n\u00eb Ruajtjen e Identitetit t\u00eb Shqiptar\u00ebve n\u00eb Mal t\u00eb Zi BRONX - NEW YORK : Festa e par\u00eb e\" \/>\n<meta property=\"og:url\" content=\"https:\/\/www.visit-ulcinj.com\/blog\/2009\/02\/26\/levizja-atdheu-na-bashkon-ne-nju-jork-e-organizoj-festimin-e-njevjetorit-te-pavaresise-se-kosoves\/\" \/>\n<meta property=\"og:site_name\" content=\"Lajme nga Ulqini\" \/>\n<meta property=\"article:published_time\" content=\"2009-02-26T19:04:50+00:00\" \/>\n<meta property=\"article:modified_time\" content=\"2009-02-26T19:25:50+00:00\" \/>\n<meta property=\"og:image\" content=\"https:\/\/www.visit-ulcinj.com\/blog\/wp-content\/uploads\/2009\/02\/naser-cobi_prof-dr-enver-hasani-150x150.jpg\" \/>\n<meta name=\"twitter:label1\" content=\"Written by\" \/>\n\t<meta name=\"twitter:data1\" content=\"ulqini\" \/>\n\t<meta name=\"twitter:label2\" content=\"Est. reading time\" \/>\n\t<meta name=\"twitter:data2\" content=\"8 minutes\" \/>\n<script type=\"application\/ld+json\" class=\"yoast-schema-graph\">{\"@context\":\"https:\/\/schema.org\",\"@graph\":[{\"@type\":\"WebSite\",\"@id\":\"https:\/\/www.visit-ulcinj.com\/blog\/#website\",\"url\":\"https:\/\/www.visit-ulcinj.com\/blog\/\",\"name\":\"Lajme nga Ulqini\",\"description\":\"Lajme,Vijesti,Ulqini,Ulqin,Crna Gora,Mali i Zi\",\"potentialAction\":[{\"@type\":\"SearchAction\",\"target\":{\"@type\":\"EntryPoint\",\"urlTemplate\":\"https:\/\/www.visit-ulcinj.com\/blog\/?s={search_term_string}\"},\"query-input\":\"required name=search_term_string\"}],\"inLanguage\":\"en-US\"},{\"@type\":\"ImageObject\",\"inLanguage\":\"en-US\",\"@id\":\"https:\/\/www.visit-ulcinj.com\/blog\/2009\/02\/26\/levizja-atdheu-na-bashkon-ne-nju-jork-e-organizoj-festimin-e-njevjetorit-te-pavaresise-se-kosoves\/#primaryimage\",\"url\":\"https:\/\/www.visit-ulcinj.com\/blog\/wp-content\/uploads\/2009\/02\/naser-cobi_prof-dr-enver-hasani.jpg\",\"contentUrl\":\"https:\/\/www.visit-ulcinj.com\/blog\/wp-content\/uploads\/2009\/02\/naser-cobi_prof-dr-enver-hasani.jpg\",\"width\":\"480\",\"height\":\"360\"},{\"@type\":\"WebPage\",\"@id\":\"https:\/\/www.visit-ulcinj.com\/blog\/2009\/02\/26\/levizja-atdheu-na-bashkon-ne-nju-jork-e-organizoj-festimin-e-njevjetorit-te-pavaresise-se-kosoves\/#webpage\",\"url\":\"https:\/\/www.visit-ulcinj.com\/blog\/2009\/02\/26\/levizja-atdheu-na-bashkon-ne-nju-jork-e-organizoj-festimin-e-njevjetorit-te-pavaresise-se-kosoves\/\",\"name\":\"L\u00ebvizja Atdheu na Bashkon, n\u00eb Nju Jork, e organizoj festimin e Nj\u00ebvjetorit t\u00eb Pavar\u00ebsis\u00eb s\u00eb Kosov\u00ebs - Lajme nga Ulqini\",\"isPartOf\":{\"@id\":\"https:\/\/www.visit-ulcinj.com\/blog\/#website\"},\"primaryImageOfPage\":{\"@id\":\"https:\/\/www.visit-ulcinj.com\/blog\/2009\/02\/26\/levizja-atdheu-na-bashkon-ne-nju-jork-e-organizoj-festimin-e-njevjetorit-te-pavaresise-se-kosoves\/#primaryimage\"},\"datePublished\":\"2009-02-26T19:04:50+00:00\",\"dateModified\":\"2009-02-26T19:25:50+00:00\",\"author\":{\"@id\":\"https:\/\/www.visit-ulcinj.com\/blog\/#\/schema\/person\/dcab619c614d3038751c63bc2aadc06d\"},\"description\":\"Mir\u00ebnjohje Vjetore - p\u00ebr Universitetin e Prishtin\u00ebs p\u00ebr Kontribut n\u00eb Ruajtjen e Identitetit t\u00eb Shqiptar\u00ebve n\u00eb Mal t\u00eb Zi BRONX - NEW YORK : Festa e par\u00eb e\",\"breadcrumb\":{\"@id\":\"https:\/\/www.visit-ulcinj.com\/blog\/2009\/02\/26\/levizja-atdheu-na-bashkon-ne-nju-jork-e-organizoj-festimin-e-njevjetorit-te-pavaresise-se-kosoves\/#breadcrumb\"},\"inLanguage\":\"en-US\",\"potentialAction\":[{\"@type\":\"ReadAction\",\"target\":[\"https:\/\/www.visit-ulcinj.com\/blog\/2009\/02\/26\/levizja-atdheu-na-bashkon-ne-nju-jork-e-organizoj-festimin-e-njevjetorit-te-pavaresise-se-kosoves\/\"]}]},{\"@type\":\"BreadcrumbList\",\"@id\":\"https:\/\/www.visit-ulcinj.com\/blog\/2009\/02\/26\/levizja-atdheu-na-bashkon-ne-nju-jork-e-organizoj-festimin-e-njevjetorit-te-pavaresise-se-kosoves\/#breadcrumb\",\"itemListElement\":[{\"@type\":\"ListItem\",\"position\":1,\"name\":\"L\u00ebvizja Atdheu na Bashkon, n\u00eb Nju Jork, e organizoj festimin e Nj\u00ebvjetorit t\u00eb Pavar\u00ebsis\u00eb s\u00eb Kosov\u00ebs\"}]},{\"@type\":\"Person\",\"@id\":\"https:\/\/www.visit-ulcinj.com\/blog\/#\/schema\/person\/dcab619c614d3038751c63bc2aadc06d\",\"name\":\"ulqini\",\"sameAs\":[\"http:\/\/www.visit-ulcinj.com\"],\"url\":\"https:\/\/www.visit-ulcinj.com\/blog\/author\/admin\/\"}]}<\/script>\n<!-- \/ Yoast SEO plugin. -->","yoast_head_json":{"title":"L\u00ebvizja Atdheu na Bashkon, n\u00eb Nju Jork, e organizoj festimin e Nj\u00ebvjetorit t\u00eb Pavar\u00ebsis\u00eb s\u00eb Kosov\u00ebs - Lajme nga Ulqini","description":"Mir\u00ebnjohje Vjetore - p\u00ebr Universitetin e Prishtin\u00ebs p\u00ebr Kontribut n\u00eb Ruajtjen e Identitetit t\u00eb Shqiptar\u00ebve n\u00eb Mal t\u00eb Zi BRONX - NEW YORK : Festa e par\u00eb e","robots":{"index":"index","follow":"follow","max-snippet":"max-snippet:-1","max-image-preview":"max-image-preview:large","max-video-preview":"max-video-preview:-1"},"canonical":"https:\/\/www.visit-ulcinj.com\/blog\/2009\/02\/26\/levizja-atdheu-na-bashkon-ne-nju-jork-e-organizoj-festimin-e-njevjetorit-te-pavaresise-se-kosoves\/","og_locale":"en_US","og_type":"article","og_title":"L\u00ebvizja Atdheu na Bashkon, n\u00eb Nju Jork, e organizoj festimin e Nj\u00ebvjetorit t\u00eb Pavar\u00ebsis\u00eb s\u00eb Kosov\u00ebs - Lajme nga Ulqini","og_description":"Mir\u00ebnjohje Vjetore - p\u00ebr Universitetin e Prishtin\u00ebs p\u00ebr Kontribut n\u00eb Ruajtjen e Identitetit t\u00eb Shqiptar\u00ebve n\u00eb Mal t\u00eb Zi BRONX - NEW YORK : Festa e par\u00eb e","og_url":"https:\/\/www.visit-ulcinj.com\/blog\/2009\/02\/26\/levizja-atdheu-na-bashkon-ne-nju-jork-e-organizoj-festimin-e-njevjetorit-te-pavaresise-se-kosoves\/","og_site_name":"Lajme nga Ulqini","article_published_time":"2009-02-26T19:04:50+00:00","article_modified_time":"2009-02-26T19:25:50+00:00","og_image":[{"url":"https:\/\/www.visit-ulcinj.com\/blog\/wp-content\/uploads\/2009\/02\/naser-cobi_prof-dr-enver-hasani-150x150.jpg"}],"twitter_misc":{"Written by":"ulqini","Est. reading time":"8 minutes"},"schema":{"@context":"https:\/\/schema.org","@graph":[{"@type":"WebSite","@id":"https:\/\/www.visit-ulcinj.com\/blog\/#website","url":"https:\/\/www.visit-ulcinj.com\/blog\/","name":"Lajme nga Ulqini","description":"Lajme,Vijesti,Ulqini,Ulqin,Crna Gora,Mali i Zi","potentialAction":[{"@type":"SearchAction","target":{"@type":"EntryPoint","urlTemplate":"https:\/\/www.visit-ulcinj.com\/blog\/?s={search_term_string}"},"query-input":"required name=search_term_string"}],"inLanguage":"en-US"},{"@type":"ImageObject","inLanguage":"en-US","@id":"https:\/\/www.visit-ulcinj.com\/blog\/2009\/02\/26\/levizja-atdheu-na-bashkon-ne-nju-jork-e-organizoj-festimin-e-njevjetorit-te-pavaresise-se-kosoves\/#primaryimage","url":"https:\/\/www.visit-ulcinj.com\/blog\/wp-content\/uploads\/2009\/02\/naser-cobi_prof-dr-enver-hasani.jpg","contentUrl":"https:\/\/www.visit-ulcinj.com\/blog\/wp-content\/uploads\/2009\/02\/naser-cobi_prof-dr-enver-hasani.jpg","width":"480","height":"360"},{"@type":"WebPage","@id":"https:\/\/www.visit-ulcinj.com\/blog\/2009\/02\/26\/levizja-atdheu-na-bashkon-ne-nju-jork-e-organizoj-festimin-e-njevjetorit-te-pavaresise-se-kosoves\/#webpage","url":"https:\/\/www.visit-ulcinj.com\/blog\/2009\/02\/26\/levizja-atdheu-na-bashkon-ne-nju-jork-e-organizoj-festimin-e-njevjetorit-te-pavaresise-se-kosoves\/","name":"L\u00ebvizja Atdheu na Bashkon, n\u00eb Nju Jork, e organizoj festimin e Nj\u00ebvjetorit t\u00eb Pavar\u00ebsis\u00eb s\u00eb Kosov\u00ebs - Lajme nga Ulqini","isPartOf":{"@id":"https:\/\/www.visit-ulcinj.com\/blog\/#website"},"primaryImageOfPage":{"@id":"https:\/\/www.visit-ulcinj.com\/blog\/2009\/02\/26\/levizja-atdheu-na-bashkon-ne-nju-jork-e-organizoj-festimin-e-njevjetorit-te-pavaresise-se-kosoves\/#primaryimage"},"datePublished":"2009-02-26T19:04:50+00:00","dateModified":"2009-02-26T19:25:50+00:00","author":{"@id":"https:\/\/www.visit-ulcinj.com\/blog\/#\/schema\/person\/dcab619c614d3038751c63bc2aadc06d"},"description":"Mir\u00ebnjohje Vjetore - p\u00ebr Universitetin e Prishtin\u00ebs p\u00ebr Kontribut n\u00eb Ruajtjen e Identitetit t\u00eb Shqiptar\u00ebve n\u00eb Mal t\u00eb Zi BRONX - NEW YORK : Festa e par\u00eb e","breadcrumb":{"@id":"https:\/\/www.visit-ulcinj.com\/blog\/2009\/02\/26\/levizja-atdheu-na-bashkon-ne-nju-jork-e-organizoj-festimin-e-njevjetorit-te-pavaresise-se-kosoves\/#breadcrumb"},"inLanguage":"en-US","potentialAction":[{"@type":"ReadAction","target":["https:\/\/www.visit-ulcinj.com\/blog\/2009\/02\/26\/levizja-atdheu-na-bashkon-ne-nju-jork-e-organizoj-festimin-e-njevjetorit-te-pavaresise-se-kosoves\/"]}]},{"@type":"BreadcrumbList","@id":"https:\/\/www.visit-ulcinj.com\/blog\/2009\/02\/26\/levizja-atdheu-na-bashkon-ne-nju-jork-e-organizoj-festimin-e-njevjetorit-te-pavaresise-se-kosoves\/#breadcrumb","itemListElement":[{"@type":"ListItem","position":1,"name":"L\u00ebvizja Atdheu na Bashkon, n\u00eb Nju Jork, e organizoj festimin e Nj\u00ebvjetorit t\u00eb Pavar\u00ebsis\u00eb s\u00eb Kosov\u00ebs"}]},{"@type":"Person","@id":"https:\/\/www.visit-ulcinj.com\/blog\/#\/schema\/person\/dcab619c614d3038751c63bc2aadc06d","name":"ulqini","sameAs":["http:\/\/www.visit-ulcinj.com"],"url":"https:\/\/www.visit-ulcinj.com\/blog\/author\/admin\/"}]}},"jetpack_featured_media_url":"","jetpack_sharing_enabled":true,"jetpack_shortlink":"https:\/\/wp.me\/pe6lTn-3dN","_links":{"self":[{"href":"https:\/\/www.visit-ulcinj.com\/blog\/wp-json\/wp\/v2\/posts\/12387"}],"collection":[{"href":"https:\/\/www.visit-ulcinj.com\/blog\/wp-json\/wp\/v2\/posts"}],"about":[{"href":"https:\/\/www.visit-ulcinj.com\/blog\/wp-json\/wp\/v2\/types\/post"}],"author":[{"embeddable":true,"href":"https:\/\/www.visit-ulcinj.com\/blog\/wp-json\/wp\/v2\/users\/1"}],"replies":[{"embeddable":true,"href":"https:\/\/www.visit-ulcinj.com\/blog\/wp-json\/wp\/v2\/comments?post=12387"}],"version-history":[{"count":0,"href":"https:\/\/www.visit-ulcinj.com\/blog\/wp-json\/wp\/v2\/posts\/12387\/revisions"}],"wp:attachment":[{"href":"https:\/\/www.visit-ulcinj.com\/blog\/wp-json\/wp\/v2\/media?parent=12387"}],"wp:term":[{"taxonomy":"category","embeddable":true,"href":"https:\/\/www.visit-ulcinj.com\/blog\/wp-json\/wp\/v2\/categories?post=12387"},{"taxonomy":"post_tag","embeddable":true,"href":"https:\/\/www.visit-ulcinj.com\/blog\/wp-json\/wp\/v2\/tags?post=12387"}],"curies":[{"name":"wp","href":"https:\/\/api.w.org\/{rel}","templated":true}]}}