{"id":1239,"date":"2008-04-14T11:48:24","date_gmt":"2008-04-14T16:48:24","guid":{"rendered":"http:\/\/www.visit-ulcinj.com\/blog\/?p=1239"},"modified":"2008-04-14T11:48:24","modified_gmt":"2008-04-14T16:48:24","slug":"dukanovic-oprezno-s-priznanjem-kosova","status":"publish","type":"post","link":"https:\/\/www.visit-ulcinj.com\/blog\/2008\/04\/14\/dukanovic-oprezno-s-priznanjem-kosova\/","title":{"rendered":"?ukanovi?: Oprezno s priznanjem Kosova"},"content":{"rendered":"<p><a href=\"http:\/\/www.visit-ulcinj.com\/blog\/wp-content\/uploads\/2008\/04\/svetozar-marovic.jpg\"><img loading=\"lazy\" class=\"alignleft attachment wp-att-1240\" style=\"float: left;\" src=\"http:\/\/www.visit-ulcinj.com\/blog\/wp-content\/uploads\/2008\/04\/svetozar-marovic.thumbnail.jpg\" alt=\"\" width=\"200\" height=\"102\" \/><\/a>Podgorica &#8211; Rekao je da Crna Gora &#8220;nije priznala Kosovo jer slijedi svoje nacionalne interese&#8221; i dodao da njegovi politi?ki oponenti poku\u0161avaju da se konfrontiraju toj tezi, &#8220;i po staroj matrici svrstaju se uz tu?e nacionalne interese&#8221;.<br \/>\nCrnogorski premijer Milo ?ukanovi? izjavio je danas da ?e se Crna Gora o pitanju Kosova izjasniti uva\u017eavaju?i sve okolnosti i potrebu o?uvanja unutra\u0161nje i regionalne stabilnosti i ocijenio da pitanje Kosova &#8220;mo\u017ee izazvati buru u Srbiji, ali i ?itavom regionu&#8221;. ?ukanovi? je u intervjuu sarajevskom &#8220;Dnevnom avazu&#8221; rekao da Crna Gora &#8220;nije priznala Kosovo jer slijedi svoje nacionalne interese&#8221; i dodao da njegovi politi?ki oponenti poku\u0161avaju da se konfrontiraju toj tezi, &#8220;i po staroj matrici svrstaju se uz tu?e nacionalne interese&#8221;.<br \/>\n&#8220;Koliko god se razlikujemo od nekih tuma?enja s beogradske politi?ke scene koji previ?aju uzroke i veoma stare korijene koji su doveli do ovog epiloga s Kosovom, svjesni smo da je to jako osjetljivo pitanje koje izaziva buru emocija u Srbiji, a ona je svojom burom u stanju izazivati buru u regionu&#8221;, kazao je crnogorski premijer.<br \/>\nOn je objasnio da &#8220;ako ne bismo s takvim senzibilitetom gledali na to pitanje bojim se da bi pravili grube previde i mogli doprineti ugro\u017eavanju obnovljene stabilnosti, koja je va\u017ean, pa i najve?i kapital regiona&#8221;.<br \/>\n?ukanovi? je rekao da je Crna Gora opredjeljena da bude deo EU i NATO-a, \u0161to zna?i da ?e dijeliti spoljnopoliti?ke stavove, prioritete i ciljeve, ali i istakao da ?e aktivnosti i dinamiku postupanja opredjeljivati uva\u017eavaju?i sve okolnosti i potrebu o?uvanja unutra\u0161nje i regionalne stabilnosti.<\/p>\n<p>Autor\/izvor: SEEbiz<\/p>\n","protected":false},"excerpt":{"rendered":"<p><img loading=\"lazy\" class=\"alignleft attachment wp-att-1240\" style=\"float: left;\" src=\"http:\/\/www.visit-ulcinj.com\/blog\/wp-content\/uploads\/2008\/04\/svetozar-marovic.thumbnail.jpg\" alt=\"\" width=\"140\" height=\"140\" \/><\/p>\n","protected":false},"author":1,"featured_media":0,"comment_status":"open","ping_status":"closed","sticky":false,"template":"","format":"standard","meta":{"spay_email":"","jetpack_publicize_message":"","jetpack_is_tweetstorm":false,"jetpack_publicize_feature_enabled":true},"categories":[1,12],"tags":[20,2478,2479,788,924,1753,2477],"jetpack_publicize_connections":[],"yoast_head":"<!-- This site is optimized with the Yoast SEO plugin v19.1 - https:\/\/yoast.com\/wordpress\/plugins\/seo\/ -->\n<title>?ukanovi?: Oprezno s priznanjem Kosova - Lajme nga Ulqini<\/title>\n<meta name=\"robots\" content=\"index, follow, max-snippet:-1, max-image-preview:large, max-video-preview:-1\" \/>\n<link rel=\"canonical\" href=\"https:\/\/www.visit-ulcinj.com\/blog\/2008\/04\/14\/dukanovic-oprezno-s-priznanjem-kosova\/\" \/>\n<meta property=\"og:locale\" content=\"en_US\" \/>\n<meta property=\"og:type\" content=\"article\" \/>\n<meta property=\"og:title\" content=\"?ukanovi?: Oprezno s priznanjem Kosova - Lajme nga Ulqini\" \/>\n<meta property=\"og:url\" content=\"https:\/\/www.visit-ulcinj.com\/blog\/2008\/04\/14\/dukanovic-oprezno-s-priznanjem-kosova\/\" \/>\n<meta property=\"og:site_name\" content=\"Lajme nga Ulqini\" \/>\n<meta property=\"article:published_time\" content=\"2008-04-14T16:48:24+00:00\" \/>\n<meta property=\"og:image\" content=\"http:\/\/www.visit-ulcinj.com\/blog\/wp-content\/uploads\/2008\/04\/svetozar-marovic.thumbnail.jpg\" \/>\n<meta name=\"twitter:label1\" content=\"Written by\" \/>\n\t<meta name=\"twitter:data1\" content=\"ulqini\" \/>\n\t<meta name=\"twitter:label2\" content=\"Est. reading time\" \/>\n\t<meta name=\"twitter:data2\" content=\"1 minute\" \/>\n<script type=\"application\/ld+json\" class=\"yoast-schema-graph\">{\"@context\":\"https:\/\/schema.org\",\"@graph\":[{\"@type\":\"WebSite\",\"@id\":\"https:\/\/www.visit-ulcinj.com\/blog\/#website\",\"url\":\"https:\/\/www.visit-ulcinj.com\/blog\/\",\"name\":\"Lajme nga Ulqini\",\"description\":\"Lajme,Vijesti,Ulqini,Ulqin,Crna Gora,Mali i Zi\",\"potentialAction\":[{\"@type\":\"SearchAction\",\"target\":{\"@type\":\"EntryPoint\",\"urlTemplate\":\"https:\/\/www.visit-ulcinj.com\/blog\/?s={search_term_string}\"},\"query-input\":\"required name=search_term_string\"}],\"inLanguage\":\"en-US\"},{\"@type\":\"ImageObject\",\"inLanguage\":\"en-US\",\"@id\":\"https:\/\/www.visit-ulcinj.com\/blog\/2008\/04\/14\/dukanovic-oprezno-s-priznanjem-kosova\/#primaryimage\",\"url\":\"http:\/\/www.visit-ulcinj.com\/blog\/wp-content\/uploads\/2008\/04\/svetozar-marovic.thumbnail.jpg\",\"contentUrl\":\"http:\/\/www.visit-ulcinj.com\/blog\/wp-content\/uploads\/2008\/04\/svetozar-marovic.thumbnail.jpg\"},{\"@type\":\"WebPage\",\"@id\":\"https:\/\/www.visit-ulcinj.com\/blog\/2008\/04\/14\/dukanovic-oprezno-s-priznanjem-kosova\/#webpage\",\"url\":\"https:\/\/www.visit-ulcinj.com\/blog\/2008\/04\/14\/dukanovic-oprezno-s-priznanjem-kosova\/\",\"name\":\"?ukanovi?: Oprezno s priznanjem Kosova - Lajme nga Ulqini\",\"isPartOf\":{\"@id\":\"https:\/\/www.visit-ulcinj.com\/blog\/#website\"},\"primaryImageOfPage\":{\"@id\":\"https:\/\/www.visit-ulcinj.com\/blog\/2008\/04\/14\/dukanovic-oprezno-s-priznanjem-kosova\/#primaryimage\"},\"datePublished\":\"2008-04-14T16:48:24+00:00\",\"dateModified\":\"2008-04-14T16:48:24+00:00\",\"author\":{\"@id\":\"https:\/\/www.visit-ulcinj.com\/blog\/#\/schema\/person\/dcab619c614d3038751c63bc2aadc06d\"},\"breadcrumb\":{\"@id\":\"https:\/\/www.visit-ulcinj.com\/blog\/2008\/04\/14\/dukanovic-oprezno-s-priznanjem-kosova\/#breadcrumb\"},\"inLanguage\":\"en-US\",\"potentialAction\":[{\"@type\":\"ReadAction\",\"target\":[\"https:\/\/www.visit-ulcinj.com\/blog\/2008\/04\/14\/dukanovic-oprezno-s-priznanjem-kosova\/\"]}]},{\"@type\":\"BreadcrumbList\",\"@id\":\"https:\/\/www.visit-ulcinj.com\/blog\/2008\/04\/14\/dukanovic-oprezno-s-priznanjem-kosova\/#breadcrumb\",\"itemListElement\":[{\"@type\":\"ListItem\",\"position\":1,\"name\":\"?ukanovi?: Oprezno s priznanjem Kosova\"}]},{\"@type\":\"Person\",\"@id\":\"https:\/\/www.visit-ulcinj.com\/blog\/#\/schema\/person\/dcab619c614d3038751c63bc2aadc06d\",\"name\":\"ulqini\",\"sameAs\":[\"http:\/\/www.visit-ulcinj.com\"],\"url\":\"https:\/\/www.visit-ulcinj.com\/blog\/author\/admin\/\"}]}<\/script>\n<!-- \/ Yoast SEO plugin. -->","yoast_head_json":{"title":"?ukanovi?: Oprezno s priznanjem Kosova - Lajme nga Ulqini","robots":{"index":"index","follow":"follow","max-snippet":"max-snippet:-1","max-image-preview":"max-image-preview:large","max-video-preview":"max-video-preview:-1"},"canonical":"https:\/\/www.visit-ulcinj.com\/blog\/2008\/04\/14\/dukanovic-oprezno-s-priznanjem-kosova\/","og_locale":"en_US","og_type":"article","og_title":"?ukanovi?: Oprezno s priznanjem Kosova - Lajme nga Ulqini","og_url":"https:\/\/www.visit-ulcinj.com\/blog\/2008\/04\/14\/dukanovic-oprezno-s-priznanjem-kosova\/","og_site_name":"Lajme nga Ulqini","article_published_time":"2008-04-14T16:48:24+00:00","og_image":[{"url":"http:\/\/www.visit-ulcinj.com\/blog\/wp-content\/uploads\/2008\/04\/svetozar-marovic.thumbnail.jpg"}],"twitter_misc":{"Written by":"ulqini","Est. reading time":"1 minute"},"schema":{"@context":"https:\/\/schema.org","@graph":[{"@type":"WebSite","@id":"https:\/\/www.visit-ulcinj.com\/blog\/#website","url":"https:\/\/www.visit-ulcinj.com\/blog\/","name":"Lajme nga Ulqini","description":"Lajme,Vijesti,Ulqini,Ulqin,Crna Gora,Mali i Zi","potentialAction":[{"@type":"SearchAction","target":{"@type":"EntryPoint","urlTemplate":"https:\/\/www.visit-ulcinj.com\/blog\/?s={search_term_string}"},"query-input":"required name=search_term_string"}],"inLanguage":"en-US"},{"@type":"ImageObject","inLanguage":"en-US","@id":"https:\/\/www.visit-ulcinj.com\/blog\/2008\/04\/14\/dukanovic-oprezno-s-priznanjem-kosova\/#primaryimage","url":"http:\/\/www.visit-ulcinj.com\/blog\/wp-content\/uploads\/2008\/04\/svetozar-marovic.thumbnail.jpg","contentUrl":"http:\/\/www.visit-ulcinj.com\/blog\/wp-content\/uploads\/2008\/04\/svetozar-marovic.thumbnail.jpg"},{"@type":"WebPage","@id":"https:\/\/www.visit-ulcinj.com\/blog\/2008\/04\/14\/dukanovic-oprezno-s-priznanjem-kosova\/#webpage","url":"https:\/\/www.visit-ulcinj.com\/blog\/2008\/04\/14\/dukanovic-oprezno-s-priznanjem-kosova\/","name":"?ukanovi?: Oprezno s priznanjem Kosova - Lajme nga Ulqini","isPartOf":{"@id":"https:\/\/www.visit-ulcinj.com\/blog\/#website"},"primaryImageOfPage":{"@id":"https:\/\/www.visit-ulcinj.com\/blog\/2008\/04\/14\/dukanovic-oprezno-s-priznanjem-kosova\/#primaryimage"},"datePublished":"2008-04-14T16:48:24+00:00","dateModified":"2008-04-14T16:48:24+00:00","author":{"@id":"https:\/\/www.visit-ulcinj.com\/blog\/#\/schema\/person\/dcab619c614d3038751c63bc2aadc06d"},"breadcrumb":{"@id":"https:\/\/www.visit-ulcinj.com\/blog\/2008\/04\/14\/dukanovic-oprezno-s-priznanjem-kosova\/#breadcrumb"},"inLanguage":"en-US","potentialAction":[{"@type":"ReadAction","target":["https:\/\/www.visit-ulcinj.com\/blog\/2008\/04\/14\/dukanovic-oprezno-s-priznanjem-kosova\/"]}]},{"@type":"BreadcrumbList","@id":"https:\/\/www.visit-ulcinj.com\/blog\/2008\/04\/14\/dukanovic-oprezno-s-priznanjem-kosova\/#breadcrumb","itemListElement":[{"@type":"ListItem","position":1,"name":"?ukanovi?: Oprezno s priznanjem Kosova"}]},{"@type":"Person","@id":"https:\/\/www.visit-ulcinj.com\/blog\/#\/schema\/person\/dcab619c614d3038751c63bc2aadc06d","name":"ulqini","sameAs":["http:\/\/www.visit-ulcinj.com"],"url":"https:\/\/www.visit-ulcinj.com\/blog\/author\/admin\/"}]}},"jetpack_featured_media_url":"","jetpack_sharing_enabled":true,"jetpack_shortlink":"https:\/\/wp.me\/pe6lTn-jZ","_links":{"self":[{"href":"https:\/\/www.visit-ulcinj.com\/blog\/wp-json\/wp\/v2\/posts\/1239"}],"collection":[{"href":"https:\/\/www.visit-ulcinj.com\/blog\/wp-json\/wp\/v2\/posts"}],"about":[{"href":"https:\/\/www.visit-ulcinj.com\/blog\/wp-json\/wp\/v2\/types\/post"}],"author":[{"embeddable":true,"href":"https:\/\/www.visit-ulcinj.com\/blog\/wp-json\/wp\/v2\/users\/1"}],"replies":[{"embeddable":true,"href":"https:\/\/www.visit-ulcinj.com\/blog\/wp-json\/wp\/v2\/comments?post=1239"}],"version-history":[{"count":0,"href":"https:\/\/www.visit-ulcinj.com\/blog\/wp-json\/wp\/v2\/posts\/1239\/revisions"}],"wp:attachment":[{"href":"https:\/\/www.visit-ulcinj.com\/blog\/wp-json\/wp\/v2\/media?parent=1239"}],"wp:term":[{"taxonomy":"category","embeddable":true,"href":"https:\/\/www.visit-ulcinj.com\/blog\/wp-json\/wp\/v2\/categories?post=1239"},{"taxonomy":"post_tag","embeddable":true,"href":"https:\/\/www.visit-ulcinj.com\/blog\/wp-json\/wp\/v2\/tags?post=1239"}],"curies":[{"name":"wp","href":"https:\/\/api.w.org\/{rel}","templated":true}]}}