{"id":1241,"date":"2008-04-14T11:57:09","date_gmt":"2008-04-14T16:57:09","guid":{"rendered":"http:\/\/www.visit-ulcinj.com\/blog\/?p=1241"},"modified":"2008-04-14T11:57:09","modified_gmt":"2008-04-14T16:57:09","slug":"kumtese-e-lidhjes-demokratike-ne-mal-te-zi","status":"publish","type":"post","link":"https:\/\/www.visit-ulcinj.com\/blog\/2008\/04\/14\/kumtese-e-lidhjes-demokratike-ne-mal-te-zi\/","title":{"rendered":"Kumtes\u00eb e Lidhjes Demokratike n\u00eb Mal t\u00eb Zi"},"content":{"rendered":"<p><a href=\"http:\/\/www.visit-ulcinj.com\/blog\/wp-content\/uploads\/2008\/04\/mehmet-bardhi_1.jpg\"><img loading=\"lazy\" class=\"alignleft attachment wp-att-1199\" style=\"float: left;\" src=\"http:\/\/www.visit-ulcinj.com\/blog\/wp-content\/uploads\/2008\/04\/mehmet-bardhi_1.thumbnail.jpg\" alt=\"\" width=\"176\" height=\"200\" \/><\/a><strong>K\u00ebnaq\u00ebsi p\u00ebr t\u00eb gjith\u00eb shqiptar\u00ebt<\/strong><br \/>\nKryetari i LD n\u00eb MZ, z. Mehmet Bardhi u d\u00ebrgoi telegram urimi udh\u00ebheqjes m\u00eb t\u00eb lart\u00eb t\u00eb shtetit shqiptar p\u00ebr ftes\u00ebn n\u00eb an\u00ebtar\u00ebsim n\u00eb NATO dhe Ramush Haradinajt p\u00ebr lirimin nga Tribunali i Hag\u00ebs.<br \/>\nLajmi q\u00eb n\u00eb Samitin e Bukureshtit, Shqip\u00ebria mori ftes\u00ebn p\u00ebr t`iu bashkangjitur Aleanc\u00ebs Verio-Atlantike g\u00ebzoi t\u00eb gjith\u00eb shqiptar\u00ebt n\u00eb mbar\u00eb globin . Ky \u00ebsht\u00eb nj\u00eb vazhdim i mbar\u00eb i k\u00ebtij viti. Viti 2008 filloi me shpalljen e Pavar\u00ebsis\u00eb s\u00eb Kosov\u00ebs, me ftes\u00ebn drejtuar Shqip\u00ebris\u00eb p\u00ebr an\u00ebtar\u00ebsim n\u00eb NATO dhe me pafaj\u00ebsin\u00eb e nj\u00ebrit nga komandant\u00ebt m\u00eb t\u00eb njohur t\u00eb U\u00c7K-s\u00eb, Ramush Haradinaj, nga Tribunali i Hag\u00ebs. Me k\u00ebnaq\u00ebsi konstatojm\u00eb se k\u00ebto jan\u00eb ngjarje q\u00eb e b\u00ebjn\u00eb krenar \u00e7do shqiptar. Andaj, me an\u00eb t\u00eb k\u00ebsaj shkrese, n\u00eb em\u00ebr t\u00eb Lidhjes Demokratike n\u00eb Mal t\u00eb Zi, subjektit t\u00eb par\u00eb politik t\u00eb shqiptar\u00ebve n\u00eb trojet e veta n\u00eb Mal t\u00eb Zi, q\u00eb me<a href=\"http:\/\/www.visit-ulcinj.com\/blog\/wp-content\/uploads\/2008\/04\/shqiperija-ne-nato.jpeg\"><img loading=\"lazy\" class=\"alignright attachment wp-att-1134\" style=\"float: right;\" src=\"http:\/\/www.visit-ulcinj.com\/blog\/wp-content\/uploads\/2008\/04\/shqiperija-ne-nato-150x150.jpg\" alt=\"\" width=\"150\" height=\"150\" \/><\/a> devotshm\u00ebri dhe me krenari po mban gjall\u00eb flak\u00ebn komb\u00ebtare e demokratike n\u00eb k\u00ebto treva dhe n\u00eb emrin tim, ju d\u00ebrgojm\u00eb urimet m\u00eb t\u00eb ngrohta, Ju dhe t\u00eb gjith\u00eb shqiptar\u00ebve n\u00eb trojet e veta dhe n\u00eb diaspor\u00eb. Shpresojm\u00eb se pas k\u00ebtyre ngjarjeve t\u00eb m\u00ebdha dhe nj\u00eb sadisfaksioni t\u00eb d\u00ebshmuar t\u00eb klas\u00ebs politike shqiptare tashm\u00eb t\u00eb pranuar nga SHBA, shtetet e UE-s\u00eb, NATO-s dhe forcave t\u00eb tjera demokratike n\u00eb bot\u00eb \u00ebsht\u00eb koha q\u00eb Shqip\u00ebria ta kthej\u00eb kok\u00ebn m\u00eb me kujdes e p\u00ebrkushtim nga shqiptar\u00ebt n\u00eb trojet e veta str\u00ebrgjyshore jasht\u00eb kufijve t\u00eb Ship\u00ebris\u00eb s\u00eb sotme, konkretisht n\u00eb Malin e Zi, n\u00eb Lugin\u00ebn e Preshev\u00ebs, po edhe nga \u00e7\u00ebshtja \u00c7ame. Po ashtu p\u00ebrsh\u00ebndesim dhe jemi t\u00eb g\u00ebzuar shum\u00eb p\u00ebr lirimin e Ramush Haradinajt, nj\u00ebrit nga komandat\u00ebt e njohur t\u00eb U\u00c7K-s\u00eb nga burgu i Tribunalit Hag\u00ebs, thuhet n\u00eb kumtes\u00ebn e k\u00ebsaj partie.<\/p>\n","protected":false},"excerpt":{"rendered":"<p><img loading=\"lazy\" class=\"alignleft attachment wp-att-1199\" style=\"float: left;\" src=\"http:\/\/www.visit-ulcinj.com\/blog\/wp-content\/uploads\/2008\/04\/mehmet-bardhi_1.thumbnail.jpg\" alt=\"\" width=\"140\" height=\"140\" \/><\/p>\n","protected":false},"author":1,"featured_media":0,"comment_status":"open","ping_status":"closed","sticky":false,"template":"","format":"standard","meta":{"spay_email":"","jetpack_publicize_message":"","jetpack_is_tweetstorm":false,"jetpack_publicize_feature_enabled":true},"categories":[1,12],"tags":[2483,896,2480,95,1753,2482,354,2481,2484],"jetpack_publicize_connections":[],"yoast_head":"<!-- This site is optimized with the Yoast SEO plugin v19.1 - https:\/\/yoast.com\/wordpress\/plugins\/seo\/ -->\n<title>Kumtes\u00eb e Lidhjes Demokratike n\u00eb Mal t\u00eb Zi - Lajme nga Ulqini<\/title>\n<meta name=\"robots\" content=\"index, follow, max-snippet:-1, max-image-preview:large, max-video-preview:-1\" \/>\n<link rel=\"canonical\" href=\"https:\/\/www.visit-ulcinj.com\/blog\/2008\/04\/14\/kumtese-e-lidhjes-demokratike-ne-mal-te-zi\/\" \/>\n<meta property=\"og:locale\" content=\"en_US\" \/>\n<meta property=\"og:type\" content=\"article\" \/>\n<meta property=\"og:title\" content=\"Kumtes\u00eb e Lidhjes Demokratike n\u00eb Mal t\u00eb Zi - Lajme nga Ulqini\" \/>\n<meta property=\"og:url\" content=\"https:\/\/www.visit-ulcinj.com\/blog\/2008\/04\/14\/kumtese-e-lidhjes-demokratike-ne-mal-te-zi\/\" \/>\n<meta property=\"og:site_name\" content=\"Lajme nga Ulqini\" \/>\n<meta property=\"article:published_time\" content=\"2008-04-14T16:57:09+00:00\" \/>\n<meta property=\"og:image\" content=\"http:\/\/www.visit-ulcinj.com\/blog\/wp-content\/uploads\/2008\/04\/mehmet-bardhi_1.thumbnail.jpg\" \/>\n<meta name=\"twitter:label1\" content=\"Written by\" \/>\n\t<meta name=\"twitter:data1\" content=\"ulqini\" \/>\n\t<meta name=\"twitter:label2\" content=\"Est. reading time\" \/>\n\t<meta name=\"twitter:data2\" content=\"2 minutes\" \/>\n<script type=\"application\/ld+json\" class=\"yoast-schema-graph\">{\"@context\":\"https:\/\/schema.org\",\"@graph\":[{\"@type\":\"WebSite\",\"@id\":\"https:\/\/www.visit-ulcinj.com\/blog\/#website\",\"url\":\"https:\/\/www.visit-ulcinj.com\/blog\/\",\"name\":\"Lajme nga Ulqini\",\"description\":\"Lajme,Vijesti,Ulqini,Ulqin,Crna Gora,Mali i Zi\",\"potentialAction\":[{\"@type\":\"SearchAction\",\"target\":{\"@type\":\"EntryPoint\",\"urlTemplate\":\"https:\/\/www.visit-ulcinj.com\/blog\/?s={search_term_string}\"},\"query-input\":\"required name=search_term_string\"}],\"inLanguage\":\"en-US\"},{\"@type\":\"ImageObject\",\"inLanguage\":\"en-US\",\"@id\":\"https:\/\/www.visit-ulcinj.com\/blog\/2008\/04\/14\/kumtese-e-lidhjes-demokratike-ne-mal-te-zi\/#primaryimage\",\"url\":\"http:\/\/www.visit-ulcinj.com\/blog\/wp-content\/uploads\/2008\/04\/mehmet-bardhi_1.thumbnail.jpg\",\"contentUrl\":\"http:\/\/www.visit-ulcinj.com\/blog\/wp-content\/uploads\/2008\/04\/mehmet-bardhi_1.thumbnail.jpg\"},{\"@type\":\"WebPage\",\"@id\":\"https:\/\/www.visit-ulcinj.com\/blog\/2008\/04\/14\/kumtese-e-lidhjes-demokratike-ne-mal-te-zi\/#webpage\",\"url\":\"https:\/\/www.visit-ulcinj.com\/blog\/2008\/04\/14\/kumtese-e-lidhjes-demokratike-ne-mal-te-zi\/\",\"name\":\"Kumtes\u00eb e Lidhjes Demokratike n\u00eb Mal t\u00eb Zi - Lajme nga Ulqini\",\"isPartOf\":{\"@id\":\"https:\/\/www.visit-ulcinj.com\/blog\/#website\"},\"primaryImageOfPage\":{\"@id\":\"https:\/\/www.visit-ulcinj.com\/blog\/2008\/04\/14\/kumtese-e-lidhjes-demokratike-ne-mal-te-zi\/#primaryimage\"},\"datePublished\":\"2008-04-14T16:57:09+00:00\",\"dateModified\":\"2008-04-14T16:57:09+00:00\",\"author\":{\"@id\":\"https:\/\/www.visit-ulcinj.com\/blog\/#\/schema\/person\/dcab619c614d3038751c63bc2aadc06d\"},\"breadcrumb\":{\"@id\":\"https:\/\/www.visit-ulcinj.com\/blog\/2008\/04\/14\/kumtese-e-lidhjes-demokratike-ne-mal-te-zi\/#breadcrumb\"},\"inLanguage\":\"en-US\",\"potentialAction\":[{\"@type\":\"ReadAction\",\"target\":[\"https:\/\/www.visit-ulcinj.com\/blog\/2008\/04\/14\/kumtese-e-lidhjes-demokratike-ne-mal-te-zi\/\"]}]},{\"@type\":\"BreadcrumbList\",\"@id\":\"https:\/\/www.visit-ulcinj.com\/blog\/2008\/04\/14\/kumtese-e-lidhjes-demokratike-ne-mal-te-zi\/#breadcrumb\",\"itemListElement\":[{\"@type\":\"ListItem\",\"position\":1,\"name\":\"Kumtes\u00eb e Lidhjes Demokratike n\u00eb Mal t\u00eb Zi\"}]},{\"@type\":\"Person\",\"@id\":\"https:\/\/www.visit-ulcinj.com\/blog\/#\/schema\/person\/dcab619c614d3038751c63bc2aadc06d\",\"name\":\"ulqini\",\"sameAs\":[\"http:\/\/www.visit-ulcinj.com\"],\"url\":\"https:\/\/www.visit-ulcinj.com\/blog\/author\/admin\/\"}]}<\/script>\n<!-- \/ Yoast SEO plugin. -->","yoast_head_json":{"title":"Kumtes\u00eb e Lidhjes Demokratike n\u00eb Mal t\u00eb Zi - Lajme nga Ulqini","robots":{"index":"index","follow":"follow","max-snippet":"max-snippet:-1","max-image-preview":"max-image-preview:large","max-video-preview":"max-video-preview:-1"},"canonical":"https:\/\/www.visit-ulcinj.com\/blog\/2008\/04\/14\/kumtese-e-lidhjes-demokratike-ne-mal-te-zi\/","og_locale":"en_US","og_type":"article","og_title":"Kumtes\u00eb e Lidhjes Demokratike n\u00eb Mal t\u00eb Zi - Lajme nga Ulqini","og_url":"https:\/\/www.visit-ulcinj.com\/blog\/2008\/04\/14\/kumtese-e-lidhjes-demokratike-ne-mal-te-zi\/","og_site_name":"Lajme nga Ulqini","article_published_time":"2008-04-14T16:57:09+00:00","og_image":[{"url":"http:\/\/www.visit-ulcinj.com\/blog\/wp-content\/uploads\/2008\/04\/mehmet-bardhi_1.thumbnail.jpg"}],"twitter_misc":{"Written by":"ulqini","Est. reading time":"2 minutes"},"schema":{"@context":"https:\/\/schema.org","@graph":[{"@type":"WebSite","@id":"https:\/\/www.visit-ulcinj.com\/blog\/#website","url":"https:\/\/www.visit-ulcinj.com\/blog\/","name":"Lajme nga Ulqini","description":"Lajme,Vijesti,Ulqini,Ulqin,Crna Gora,Mali i Zi","potentialAction":[{"@type":"SearchAction","target":{"@type":"EntryPoint","urlTemplate":"https:\/\/www.visit-ulcinj.com\/blog\/?s={search_term_string}"},"query-input":"required name=search_term_string"}],"inLanguage":"en-US"},{"@type":"ImageObject","inLanguage":"en-US","@id":"https:\/\/www.visit-ulcinj.com\/blog\/2008\/04\/14\/kumtese-e-lidhjes-demokratike-ne-mal-te-zi\/#primaryimage","url":"http:\/\/www.visit-ulcinj.com\/blog\/wp-content\/uploads\/2008\/04\/mehmet-bardhi_1.thumbnail.jpg","contentUrl":"http:\/\/www.visit-ulcinj.com\/blog\/wp-content\/uploads\/2008\/04\/mehmet-bardhi_1.thumbnail.jpg"},{"@type":"WebPage","@id":"https:\/\/www.visit-ulcinj.com\/blog\/2008\/04\/14\/kumtese-e-lidhjes-demokratike-ne-mal-te-zi\/#webpage","url":"https:\/\/www.visit-ulcinj.com\/blog\/2008\/04\/14\/kumtese-e-lidhjes-demokratike-ne-mal-te-zi\/","name":"Kumtes\u00eb e Lidhjes Demokratike n\u00eb Mal t\u00eb Zi - Lajme nga Ulqini","isPartOf":{"@id":"https:\/\/www.visit-ulcinj.com\/blog\/#website"},"primaryImageOfPage":{"@id":"https:\/\/www.visit-ulcinj.com\/blog\/2008\/04\/14\/kumtese-e-lidhjes-demokratike-ne-mal-te-zi\/#primaryimage"},"datePublished":"2008-04-14T16:57:09+00:00","dateModified":"2008-04-14T16:57:09+00:00","author":{"@id":"https:\/\/www.visit-ulcinj.com\/blog\/#\/schema\/person\/dcab619c614d3038751c63bc2aadc06d"},"breadcrumb":{"@id":"https:\/\/www.visit-ulcinj.com\/blog\/2008\/04\/14\/kumtese-e-lidhjes-demokratike-ne-mal-te-zi\/#breadcrumb"},"inLanguage":"en-US","potentialAction":[{"@type":"ReadAction","target":["https:\/\/www.visit-ulcinj.com\/blog\/2008\/04\/14\/kumtese-e-lidhjes-demokratike-ne-mal-te-zi\/"]}]},{"@type":"BreadcrumbList","@id":"https:\/\/www.visit-ulcinj.com\/blog\/2008\/04\/14\/kumtese-e-lidhjes-demokratike-ne-mal-te-zi\/#breadcrumb","itemListElement":[{"@type":"ListItem","position":1,"name":"Kumtes\u00eb e Lidhjes Demokratike n\u00eb Mal t\u00eb Zi"}]},{"@type":"Person","@id":"https:\/\/www.visit-ulcinj.com\/blog\/#\/schema\/person\/dcab619c614d3038751c63bc2aadc06d","name":"ulqini","sameAs":["http:\/\/www.visit-ulcinj.com"],"url":"https:\/\/www.visit-ulcinj.com\/blog\/author\/admin\/"}]}},"jetpack_featured_media_url":"","jetpack_sharing_enabled":true,"jetpack_shortlink":"https:\/\/wp.me\/pe6lTn-k1","_links":{"self":[{"href":"https:\/\/www.visit-ulcinj.com\/blog\/wp-json\/wp\/v2\/posts\/1241"}],"collection":[{"href":"https:\/\/www.visit-ulcinj.com\/blog\/wp-json\/wp\/v2\/posts"}],"about":[{"href":"https:\/\/www.visit-ulcinj.com\/blog\/wp-json\/wp\/v2\/types\/post"}],"author":[{"embeddable":true,"href":"https:\/\/www.visit-ulcinj.com\/blog\/wp-json\/wp\/v2\/users\/1"}],"replies":[{"embeddable":true,"href":"https:\/\/www.visit-ulcinj.com\/blog\/wp-json\/wp\/v2\/comments?post=1241"}],"version-history":[{"count":0,"href":"https:\/\/www.visit-ulcinj.com\/blog\/wp-json\/wp\/v2\/posts\/1241\/revisions"}],"wp:attachment":[{"href":"https:\/\/www.visit-ulcinj.com\/blog\/wp-json\/wp\/v2\/media?parent=1241"}],"wp:term":[{"taxonomy":"category","embeddable":true,"href":"https:\/\/www.visit-ulcinj.com\/blog\/wp-json\/wp\/v2\/categories?post=1241"},{"taxonomy":"post_tag","embeddable":true,"href":"https:\/\/www.visit-ulcinj.com\/blog\/wp-json\/wp\/v2\/tags?post=1241"}],"curies":[{"name":"wp","href":"https:\/\/api.w.org\/{rel}","templated":true}]}}