{"id":1242,"date":"2008-04-14T12:06:08","date_gmt":"2008-04-14T17:06:08","guid":{"rendered":"http:\/\/www.visit-ulcinj.com\/blog\/?p=1242"},"modified":"2008-04-14T12:06:08","modified_gmt":"2008-04-14T17:06:08","slug":"zakon-o-svojinsko-pravnim-odnosima-dobra-vijest-za-berzu","status":"publish","type":"post","link":"https:\/\/www.visit-ulcinj.com\/blog\/2008\/04\/14\/zakon-o-svojinsko-pravnim-odnosima-dobra-vijest-za-berzu\/","title":{"rendered":"Zakon o svojinsko-pravnim odnosima dobra vijest za berzu"},"content":{"rendered":"<p><a href=\"http:\/\/www.visit-ulcinj.com\/blog\/wp-content\/uploads\/2008\/04\/igor-luksic.jpg\"><img loading=\"lazy\" class=\"alignleft attachment wp-att-1243\" style=\"float: left;\" src=\"http:\/\/www.visit-ulcinj.com\/blog\/wp-content\/uploads\/2008\/04\/igor-luksic.thumbnail.jpg\" alt=\"\" width=\"200\" height=\"133\" \/><\/a>Podgorica:Pomenuti zakon ?e omogu?iti strancima da do?u u Crnu Goru i ula\u017eu novac, ocijenio je ministar finansija Igor Luk\u0161i?<br \/>\nUsvajanje zakona o svojinsko-pravnim odnosima indirektno ?e uticati na razvoj berze, jer ?e omogu?iti strancima da do?u u Crnu Goru i ula\u017eu novac, ocijenio je ministar finansija Igor Luk\u0161i?. On je kazao da je u ekonomiji sve povezano, pa o?ekuje da ?e i usvajanje zakona o svojinskim odnosima, koji precizira da stranac mo\u017ee raspolagati nepokretnostima kao i crnogorski gra?ani, imati povoljne efekte na razvoj tr\u017ei\u0161ta kapitala. Luk\u0161i? je naveo da je za oporavak berzi potrebna ve?e tra\u017enja, koju treba, kako je kazao, potra\u017eiti u stranom kapitalu.<br \/>\n&#8220;Dominantna je tra\u017enja u stranom kapitalu. S druge strane, treba da razmi\u0161ljamo i o ponudi&#8221;, rekao je Luk\u0161i? Republici.<br \/>\nOn o?ekuje da ?e se jedan dio zna?ajnih i uspje\u0161nih preduze?a u Crnoj Gori koje su registrovane kao dru\u0161tva sa ograni?enom odgovorno\u0161?u (DOO), transformisati u odre?ena akcionarska dru\u0161tva i biti na berzi.<br \/>\n&#8220;Na taj na?in, ponuda ?e biti bolja. To su neki srednjoro?ni tokovi&#8221;, naveo je Luk\u0161i?.<br \/>\nOn je kazao da berze i kretanje cijena treba posmatrati kao ciklus.<br \/>\n&#8220;Pro\u0161le godine, kao i prethodne dvije-tri, imali smo rapidan rast cijena na tr\u017ei\u0161tu kapitala, kada su godi\u0161njii indeksi skakali i 100 odsto. U pojedinim preduze?ima indeksi su rasli i vi\u0161e&#8221;, podsje?a Luk\u0161i?.<br \/>\nMe?utim, kako je dodao, u drugoj polovini pro\u0161le godine, pogotovo na samom kraju, bilo je odre?enih korekcija.<br \/>\n&#8220;Do\u017eivljavam ih kao dio globalnih kretanja, i neminovno je da se ta de\u0161avanja prelivaju na region&#8221;, objasnio je Luk\u0161i?.<br \/>\nOn je siguran da je pitanje trenutka kada ?e se popraviti stanje na crnogorskim berzama, ali je dodao i kako je ipak veoma te\u0161ko davati prognoze kada ?e se to desiti.<\/p>\n<p>(Mina-business)<\/p>\n","protected":false},"excerpt":{"rendered":"<p><img loading=\"lazy\" class=\"alignleft attachment wp-att-1243\" style=\"float: left;\" src=\"http:\/\/www.visit-ulcinj.com\/blog\/wp-content\/uploads\/2008\/04\/igor-luksic.thumbnail.jpg\" alt=\"\" width=\"140\" height=\"140\" \/><\/p>\n","protected":false},"author":1,"featured_media":0,"comment_status":"open","ping_status":"closed","sticky":false,"template":"","format":"standard","meta":{"spay_email":"","jetpack_publicize_message":"","jetpack_is_tweetstorm":false,"jetpack_publicize_feature_enabled":true},"categories":[1,12],"tags":[147,2485],"jetpack_publicize_connections":[],"yoast_head":"<!-- This site is optimized with the Yoast SEO plugin v19.1 - https:\/\/yoast.com\/wordpress\/plugins\/seo\/ -->\n<title>Zakon o svojinsko-pravnim odnosima dobra vijest za berzu - Lajme nga Ulqini<\/title>\n<meta name=\"robots\" content=\"index, follow, max-snippet:-1, max-image-preview:large, max-video-preview:-1\" \/>\n<link rel=\"canonical\" href=\"https:\/\/www.visit-ulcinj.com\/blog\/2008\/04\/14\/zakon-o-svojinsko-pravnim-odnosima-dobra-vijest-za-berzu\/\" \/>\n<meta property=\"og:locale\" content=\"en_US\" \/>\n<meta property=\"og:type\" content=\"article\" \/>\n<meta property=\"og:title\" content=\"Zakon o svojinsko-pravnim odnosima dobra vijest za berzu - Lajme nga Ulqini\" \/>\n<meta property=\"og:url\" content=\"https:\/\/www.visit-ulcinj.com\/blog\/2008\/04\/14\/zakon-o-svojinsko-pravnim-odnosima-dobra-vijest-za-berzu\/\" \/>\n<meta property=\"og:site_name\" content=\"Lajme nga Ulqini\" \/>\n<meta property=\"article:published_time\" content=\"2008-04-14T17:06:08+00:00\" \/>\n<meta property=\"og:image\" content=\"http:\/\/www.visit-ulcinj.com\/blog\/wp-content\/uploads\/2008\/04\/igor-luksic.thumbnail.jpg\" \/>\n<meta name=\"twitter:label1\" content=\"Written by\" \/>\n\t<meta name=\"twitter:data1\" content=\"ulqini\" \/>\n\t<meta name=\"twitter:label2\" content=\"Est. reading time\" \/>\n\t<meta name=\"twitter:data2\" content=\"2 minutes\" \/>\n<script type=\"application\/ld+json\" class=\"yoast-schema-graph\">{\"@context\":\"https:\/\/schema.org\",\"@graph\":[{\"@type\":\"WebSite\",\"@id\":\"https:\/\/www.visit-ulcinj.com\/blog\/#website\",\"url\":\"https:\/\/www.visit-ulcinj.com\/blog\/\",\"name\":\"Lajme nga Ulqini\",\"description\":\"Lajme,Vijesti,Ulqini,Ulqin,Crna Gora,Mali i Zi\",\"potentialAction\":[{\"@type\":\"SearchAction\",\"target\":{\"@type\":\"EntryPoint\",\"urlTemplate\":\"https:\/\/www.visit-ulcinj.com\/blog\/?s={search_term_string}\"},\"query-input\":\"required name=search_term_string\"}],\"inLanguage\":\"en-US\"},{\"@type\":\"ImageObject\",\"inLanguage\":\"en-US\",\"@id\":\"https:\/\/www.visit-ulcinj.com\/blog\/2008\/04\/14\/zakon-o-svojinsko-pravnim-odnosima-dobra-vijest-za-berzu\/#primaryimage\",\"url\":\"http:\/\/www.visit-ulcinj.com\/blog\/wp-content\/uploads\/2008\/04\/igor-luksic.thumbnail.jpg\",\"contentUrl\":\"http:\/\/www.visit-ulcinj.com\/blog\/wp-content\/uploads\/2008\/04\/igor-luksic.thumbnail.jpg\"},{\"@type\":\"WebPage\",\"@id\":\"https:\/\/www.visit-ulcinj.com\/blog\/2008\/04\/14\/zakon-o-svojinsko-pravnim-odnosima-dobra-vijest-za-berzu\/#webpage\",\"url\":\"https:\/\/www.visit-ulcinj.com\/blog\/2008\/04\/14\/zakon-o-svojinsko-pravnim-odnosima-dobra-vijest-za-berzu\/\",\"name\":\"Zakon o svojinsko-pravnim odnosima dobra vijest za berzu - Lajme nga Ulqini\",\"isPartOf\":{\"@id\":\"https:\/\/www.visit-ulcinj.com\/blog\/#website\"},\"primaryImageOfPage\":{\"@id\":\"https:\/\/www.visit-ulcinj.com\/blog\/2008\/04\/14\/zakon-o-svojinsko-pravnim-odnosima-dobra-vijest-za-berzu\/#primaryimage\"},\"datePublished\":\"2008-04-14T17:06:08+00:00\",\"dateModified\":\"2008-04-14T17:06:08+00:00\",\"author\":{\"@id\":\"https:\/\/www.visit-ulcinj.com\/blog\/#\/schema\/person\/dcab619c614d3038751c63bc2aadc06d\"},\"breadcrumb\":{\"@id\":\"https:\/\/www.visit-ulcinj.com\/blog\/2008\/04\/14\/zakon-o-svojinsko-pravnim-odnosima-dobra-vijest-za-berzu\/#breadcrumb\"},\"inLanguage\":\"en-US\",\"potentialAction\":[{\"@type\":\"ReadAction\",\"target\":[\"https:\/\/www.visit-ulcinj.com\/blog\/2008\/04\/14\/zakon-o-svojinsko-pravnim-odnosima-dobra-vijest-za-berzu\/\"]}]},{\"@type\":\"BreadcrumbList\",\"@id\":\"https:\/\/www.visit-ulcinj.com\/blog\/2008\/04\/14\/zakon-o-svojinsko-pravnim-odnosima-dobra-vijest-za-berzu\/#breadcrumb\",\"itemListElement\":[{\"@type\":\"ListItem\",\"position\":1,\"name\":\"Zakon o svojinsko-pravnim odnosima dobra vijest za berzu\"}]},{\"@type\":\"Person\",\"@id\":\"https:\/\/www.visit-ulcinj.com\/blog\/#\/schema\/person\/dcab619c614d3038751c63bc2aadc06d\",\"name\":\"ulqini\",\"sameAs\":[\"http:\/\/www.visit-ulcinj.com\"],\"url\":\"https:\/\/www.visit-ulcinj.com\/blog\/author\/admin\/\"}]}<\/script>\n<!-- \/ Yoast SEO plugin. -->","yoast_head_json":{"title":"Zakon o svojinsko-pravnim odnosima dobra vijest za berzu - Lajme nga Ulqini","robots":{"index":"index","follow":"follow","max-snippet":"max-snippet:-1","max-image-preview":"max-image-preview:large","max-video-preview":"max-video-preview:-1"},"canonical":"https:\/\/www.visit-ulcinj.com\/blog\/2008\/04\/14\/zakon-o-svojinsko-pravnim-odnosima-dobra-vijest-za-berzu\/","og_locale":"en_US","og_type":"article","og_title":"Zakon o svojinsko-pravnim odnosima dobra vijest za berzu - Lajme nga Ulqini","og_url":"https:\/\/www.visit-ulcinj.com\/blog\/2008\/04\/14\/zakon-o-svojinsko-pravnim-odnosima-dobra-vijest-za-berzu\/","og_site_name":"Lajme nga Ulqini","article_published_time":"2008-04-14T17:06:08+00:00","og_image":[{"url":"http:\/\/www.visit-ulcinj.com\/blog\/wp-content\/uploads\/2008\/04\/igor-luksic.thumbnail.jpg"}],"twitter_misc":{"Written by":"ulqini","Est. reading time":"2 minutes"},"schema":{"@context":"https:\/\/schema.org","@graph":[{"@type":"WebSite","@id":"https:\/\/www.visit-ulcinj.com\/blog\/#website","url":"https:\/\/www.visit-ulcinj.com\/blog\/","name":"Lajme nga Ulqini","description":"Lajme,Vijesti,Ulqini,Ulqin,Crna Gora,Mali i Zi","potentialAction":[{"@type":"SearchAction","target":{"@type":"EntryPoint","urlTemplate":"https:\/\/www.visit-ulcinj.com\/blog\/?s={search_term_string}"},"query-input":"required name=search_term_string"}],"inLanguage":"en-US"},{"@type":"ImageObject","inLanguage":"en-US","@id":"https:\/\/www.visit-ulcinj.com\/blog\/2008\/04\/14\/zakon-o-svojinsko-pravnim-odnosima-dobra-vijest-za-berzu\/#primaryimage","url":"http:\/\/www.visit-ulcinj.com\/blog\/wp-content\/uploads\/2008\/04\/igor-luksic.thumbnail.jpg","contentUrl":"http:\/\/www.visit-ulcinj.com\/blog\/wp-content\/uploads\/2008\/04\/igor-luksic.thumbnail.jpg"},{"@type":"WebPage","@id":"https:\/\/www.visit-ulcinj.com\/blog\/2008\/04\/14\/zakon-o-svojinsko-pravnim-odnosima-dobra-vijest-za-berzu\/#webpage","url":"https:\/\/www.visit-ulcinj.com\/blog\/2008\/04\/14\/zakon-o-svojinsko-pravnim-odnosima-dobra-vijest-za-berzu\/","name":"Zakon o svojinsko-pravnim odnosima dobra vijest za berzu - Lajme nga Ulqini","isPartOf":{"@id":"https:\/\/www.visit-ulcinj.com\/blog\/#website"},"primaryImageOfPage":{"@id":"https:\/\/www.visit-ulcinj.com\/blog\/2008\/04\/14\/zakon-o-svojinsko-pravnim-odnosima-dobra-vijest-za-berzu\/#primaryimage"},"datePublished":"2008-04-14T17:06:08+00:00","dateModified":"2008-04-14T17:06:08+00:00","author":{"@id":"https:\/\/www.visit-ulcinj.com\/blog\/#\/schema\/person\/dcab619c614d3038751c63bc2aadc06d"},"breadcrumb":{"@id":"https:\/\/www.visit-ulcinj.com\/blog\/2008\/04\/14\/zakon-o-svojinsko-pravnim-odnosima-dobra-vijest-za-berzu\/#breadcrumb"},"inLanguage":"en-US","potentialAction":[{"@type":"ReadAction","target":["https:\/\/www.visit-ulcinj.com\/blog\/2008\/04\/14\/zakon-o-svojinsko-pravnim-odnosima-dobra-vijest-za-berzu\/"]}]},{"@type":"BreadcrumbList","@id":"https:\/\/www.visit-ulcinj.com\/blog\/2008\/04\/14\/zakon-o-svojinsko-pravnim-odnosima-dobra-vijest-za-berzu\/#breadcrumb","itemListElement":[{"@type":"ListItem","position":1,"name":"Zakon o svojinsko-pravnim odnosima dobra vijest za berzu"}]},{"@type":"Person","@id":"https:\/\/www.visit-ulcinj.com\/blog\/#\/schema\/person\/dcab619c614d3038751c63bc2aadc06d","name":"ulqini","sameAs":["http:\/\/www.visit-ulcinj.com"],"url":"https:\/\/www.visit-ulcinj.com\/blog\/author\/admin\/"}]}},"jetpack_featured_media_url":"","jetpack_sharing_enabled":true,"jetpack_shortlink":"https:\/\/wp.me\/pe6lTn-k2","_links":{"self":[{"href":"https:\/\/www.visit-ulcinj.com\/blog\/wp-json\/wp\/v2\/posts\/1242"}],"collection":[{"href":"https:\/\/www.visit-ulcinj.com\/blog\/wp-json\/wp\/v2\/posts"}],"about":[{"href":"https:\/\/www.visit-ulcinj.com\/blog\/wp-json\/wp\/v2\/types\/post"}],"author":[{"embeddable":true,"href":"https:\/\/www.visit-ulcinj.com\/blog\/wp-json\/wp\/v2\/users\/1"}],"replies":[{"embeddable":true,"href":"https:\/\/www.visit-ulcinj.com\/blog\/wp-json\/wp\/v2\/comments?post=1242"}],"version-history":[{"count":0,"href":"https:\/\/www.visit-ulcinj.com\/blog\/wp-json\/wp\/v2\/posts\/1242\/revisions"}],"wp:attachment":[{"href":"https:\/\/www.visit-ulcinj.com\/blog\/wp-json\/wp\/v2\/media?parent=1242"}],"wp:term":[{"taxonomy":"category","embeddable":true,"href":"https:\/\/www.visit-ulcinj.com\/blog\/wp-json\/wp\/v2\/categories?post=1242"},{"taxonomy":"post_tag","embeddable":true,"href":"https:\/\/www.visit-ulcinj.com\/blog\/wp-json\/wp\/v2\/tags?post=1242"}],"curies":[{"name":"wp","href":"https:\/\/api.w.org\/{rel}","templated":true}]}}