{"id":12421,"date":"2009-02-26T21:17:35","date_gmt":"2009-02-26T20:17:35","guid":{"rendered":"http:\/\/www.visit-ulcinj.com\/blog\/?p=12421"},"modified":"2009-02-26T21:17:35","modified_gmt":"2009-02-26T20:17:35","slug":"moza-lirita-argoni-ne-nje-lidhje","status":"publish","type":"post","link":"https:\/\/www.visit-ulcinj.com\/blog\/2009\/02\/26\/moza-lirita-argoni-ne-nje-lidhje\/","title":{"rendered":"Moza, Lirita, Argoni : N\u00eb nj\u00eb lidhje"},"content":{"rendered":"<p><strong><span class=\"newstitlec\"><a href=\"http:\/\/www.visit-ulcinj.com\/blog\/wp-content\/uploads\/2009\/02\/lidhjet-1.jpg\"><img loading=\"lazy\" class=\"alignleft size-full wp-image-12422\" title=\"lidhjet-1-big-brother-albania\" src=\"http:\/\/www.visit-ulcinj.com\/blog\/wp-content\/uploads\/2009\/02\/lidhjet-1.jpg\" alt=\"lidhjet-1-big-brother-albania\" width=\"300\" height=\"205\" \/><\/a>N\u00eb nj\u00eb lidhje<\/span><\/strong><br \/>\n<em><span class=\"newsdate\">26\/02\/09 14:17<\/span><\/em><\/p>\n<p>\u201cNuk m\u00eb p\u00eblqen t\u00eb jem tip dominant por, dua q\u00eb ai t\u00eb m\u00eb respektoj\u00eb\u201d ka th\u00ebn\u00eb Moza gjat\u00eb bised\u00ebs s\u00eb saj me Agonin dhe Lirit\u00ebn. T\u00eb tre kan\u00eb filluar t\u00eb flasin se si duhet dhe se si sillen n\u00eb marr\u00ebdh\u00ebniet n\u00eb cift. P\u00ebr Agonin \u00ebsht\u00eb e pamundur q\u00eb Moza t\u00eb flas\u00eb p\u00ebr k\u00ebt\u00eb tem\u00eb, pasi ajo thot\u00eb se nuk ka patur asnj\u00eb lidhje deri tani, por ajo thot\u00eb se e njeh veten dhe tipin q\u00eb ka. Lirita thot\u00eb se asnj\u00ebher\u00eb nuk e di se si do sillesh. \u201cNuk jam xheloze\u201d ka shtuar Moza dhe Lirita i thot\u00eb se n\u00eb fillim t\u00eb gjith\u00eb k\u00ebshtu thon\u00eb, madje se edhe ajo nj\u00ebsoj si Moza mendonte m\u00eb par\u00eb por, me kalimin e koh\u00ebs ka ndryshuar mendim dhe ndihet dy-fish xheloze tani. Moza vazhdon t\u00eb thoj\u00eb se ka par\u00eb shum\u00eb cifte q\u00eb i ndalojn\u00eb njeri-tjetrit shum\u00eb veprime dhe se kjo i duket e tep\u00ebrt. Agoni vazhdon me iden\u00eb e tij\u00eb se ajo s\u2019mund t\u00eb flas\u00eb n\u00ebse nuk i ka provuar. Edhe Lirita mendon se edhe pse \u00ebsht\u00eb tip xheloz, nuk i p\u00eblqen q\u00eb t\u00eb kaloj\u00eb n\u00eb ekstrem.<\/p>\n","protected":false},"excerpt":{"rendered":"<p>N\u00eb nj\u00eb lidhje 26\/02\/09 14:17 \u201cNuk m\u00eb p\u00eblqen t\u00eb jem tip dominant por, dua q\u00eb ai t\u00eb m\u00eb respektoj\u00eb\u201d ka th\u00ebn\u00eb Moza gjat\u00eb bised\u00ebs s\u00eb saj me Agonin dhe Lirit\u00ebn. T\u00eb tre kan\u00eb filluar t\u00eb flasin se si duhet dhe se si sillen n\u00eb marr\u00ebdh\u00ebniet n\u00eb cift. P\u00ebr Agonin \u00ebsht\u00eb e pamundur q\u00eb Moza t\u00eb [&hellip;]<\/p>\n","protected":false},"author":1,"featured_media":0,"comment_status":"open","ping_status":"closed","sticky":false,"template":"","format":"standard","meta":{"spay_email":"","jetpack_publicize_message":"","jetpack_is_tweetstorm":false,"jetpack_publicize_feature_enabled":true},"categories":[6502],"tags":[6697,5057,6506,6712,7129,6665,6567,6568,6544,6891,6693,6887],"jetpack_publicize_connections":[],"yoast_head":"<!-- This site is optimized with the Yoast SEO plugin v19.1 - https:\/\/yoast.com\/wordpress\/plugins\/seo\/ -->\n<title>Moza, Lirita, Argoni : N\u00c3\u00ab nj\u00c3\u00ab lidhje - Big Brother Albania<\/title>\n<meta name=\"description\" content=\"Big Brother Albania - Nuk m\u00c3\u00ab p\u00c3\u00ablqen t\u00c3\u00ab jem tip dominant por, dua q\u00c3\u00ab ai t\u00c3\u00ab m\u00c3\u00ab respektoj\u00c3\u00ab ka th\u00c3\u00abn\u00c3\u00ab Moza gjat\u00c3\u00ab bised\u00c3\u00abs s\u00c3\u00ab saj me Agonin dhe Lirit\u00c3\u00abn.\" \/>\n<meta name=\"robots\" content=\"index, follow, max-snippet:-1, max-image-preview:large, max-video-preview:-1\" \/>\n<link rel=\"canonical\" href=\"https:\/\/www.visit-ulcinj.com\/blog\/2009\/02\/26\/moza-lirita-argoni-ne-nje-lidhje\/\" \/>\n<meta property=\"og:locale\" content=\"en_US\" \/>\n<meta property=\"og:type\" content=\"article\" \/>\n<meta property=\"og:title\" content=\"Moza, Lirita, Argoni : N\u00c3\u00ab nj\u00c3\u00ab lidhje - Big Brother Albania\" \/>\n<meta property=\"og:description\" content=\"Big Brother Albania - Nuk m\u00c3\u00ab p\u00c3\u00ablqen t\u00c3\u00ab jem tip dominant por, dua q\u00c3\u00ab ai t\u00c3\u00ab m\u00c3\u00ab respektoj\u00c3\u00ab ka th\u00c3\u00abn\u00c3\u00ab Moza gjat\u00c3\u00ab bised\u00c3\u00abs s\u00c3\u00ab saj me Agonin dhe Lirit\u00c3\u00abn.\" \/>\n<meta property=\"og:url\" content=\"https:\/\/www.visit-ulcinj.com\/blog\/2009\/02\/26\/moza-lirita-argoni-ne-nje-lidhje\/\" \/>\n<meta property=\"og:site_name\" content=\"Lajme nga Ulqini\" \/>\n<meta property=\"article:published_time\" content=\"2009-02-26T20:17:35+00:00\" \/>\n<meta property=\"og:image\" content=\"http:\/\/www.visit-ulcinj.com\/blog\/wp-content\/uploads\/2009\/02\/lidhjet-1.jpg\" \/>\n<meta name=\"twitter:label1\" content=\"Written by\" \/>\n\t<meta name=\"twitter:data1\" content=\"ulqini\" \/>\n\t<meta name=\"twitter:label2\" content=\"Est. reading time\" \/>\n\t<meta name=\"twitter:data2\" content=\"1 minute\" \/>\n<script type=\"application\/ld+json\" class=\"yoast-schema-graph\">{\"@context\":\"https:\/\/schema.org\",\"@graph\":[{\"@type\":\"WebSite\",\"@id\":\"https:\/\/www.visit-ulcinj.com\/blog\/#website\",\"url\":\"https:\/\/www.visit-ulcinj.com\/blog\/\",\"name\":\"Lajme nga Ulqini\",\"description\":\"Lajme,Vijesti,Ulqini,Ulqin,Crna Gora,Mali i Zi\",\"potentialAction\":[{\"@type\":\"SearchAction\",\"target\":{\"@type\":\"EntryPoint\",\"urlTemplate\":\"https:\/\/www.visit-ulcinj.com\/blog\/?s={search_term_string}\"},\"query-input\":\"required name=search_term_string\"}],\"inLanguage\":\"en-US\"},{\"@type\":\"ImageObject\",\"inLanguage\":\"en-US\",\"@id\":\"https:\/\/www.visit-ulcinj.com\/blog\/2009\/02\/26\/moza-lirita-argoni-ne-nje-lidhje\/#primaryimage\",\"url\":\"http:\/\/www.visit-ulcinj.com\/blog\/wp-content\/uploads\/2009\/02\/lidhjet-1.jpg\",\"contentUrl\":\"http:\/\/www.visit-ulcinj.com\/blog\/wp-content\/uploads\/2009\/02\/lidhjet-1.jpg\"},{\"@type\":\"WebPage\",\"@id\":\"https:\/\/www.visit-ulcinj.com\/blog\/2009\/02\/26\/moza-lirita-argoni-ne-nje-lidhje\/#webpage\",\"url\":\"https:\/\/www.visit-ulcinj.com\/blog\/2009\/02\/26\/moza-lirita-argoni-ne-nje-lidhje\/\",\"name\":\"Moza, Lirita, Argoni : N\u00c3\u00ab nj\u00c3\u00ab lidhje - Big Brother Albania\",\"isPartOf\":{\"@id\":\"https:\/\/www.visit-ulcinj.com\/blog\/#website\"},\"primaryImageOfPage\":{\"@id\":\"https:\/\/www.visit-ulcinj.com\/blog\/2009\/02\/26\/moza-lirita-argoni-ne-nje-lidhje\/#primaryimage\"},\"datePublished\":\"2009-02-26T20:17:35+00:00\",\"dateModified\":\"2009-02-26T20:17:35+00:00\",\"author\":{\"@id\":\"https:\/\/www.visit-ulcinj.com\/blog\/#\/schema\/person\/dcab619c614d3038751c63bc2aadc06d\"},\"description\":\"Big Brother Albania - Nuk m\u00c3\u00ab p\u00c3\u00ablqen t\u00c3\u00ab jem tip dominant por, dua q\u00c3\u00ab ai t\u00c3\u00ab m\u00c3\u00ab respektoj\u00c3\u00ab ka th\u00c3\u00abn\u00c3\u00ab Moza gjat\u00c3\u00ab bised\u00c3\u00abs s\u00c3\u00ab saj me Agonin dhe Lirit\u00c3\u00abn.\",\"breadcrumb\":{\"@id\":\"https:\/\/www.visit-ulcinj.com\/blog\/2009\/02\/26\/moza-lirita-argoni-ne-nje-lidhje\/#breadcrumb\"},\"inLanguage\":\"en-US\",\"potentialAction\":[{\"@type\":\"ReadAction\",\"target\":[\"https:\/\/www.visit-ulcinj.com\/blog\/2009\/02\/26\/moza-lirita-argoni-ne-nje-lidhje\/\"]}]},{\"@type\":\"BreadcrumbList\",\"@id\":\"https:\/\/www.visit-ulcinj.com\/blog\/2009\/02\/26\/moza-lirita-argoni-ne-nje-lidhje\/#breadcrumb\",\"itemListElement\":[{\"@type\":\"ListItem\",\"position\":1,\"name\":\"Moza, Lirita, Argoni : N\u00eb nj\u00eb lidhje\"}]},{\"@type\":\"Person\",\"@id\":\"https:\/\/www.visit-ulcinj.com\/blog\/#\/schema\/person\/dcab619c614d3038751c63bc2aadc06d\",\"name\":\"ulqini\",\"sameAs\":[\"http:\/\/www.visit-ulcinj.com\"],\"url\":\"https:\/\/www.visit-ulcinj.com\/blog\/author\/admin\/\"}]}<\/script>\n<!-- \/ Yoast SEO plugin. -->","yoast_head_json":{"title":"Moza, Lirita, Argoni : N\u00c3\u00ab nj\u00c3\u00ab lidhje - Big Brother Albania","description":"Big Brother Albania - Nuk m\u00c3\u00ab p\u00c3\u00ablqen t\u00c3\u00ab jem tip dominant por, dua q\u00c3\u00ab ai t\u00c3\u00ab m\u00c3\u00ab respektoj\u00c3\u00ab ka th\u00c3\u00abn\u00c3\u00ab Moza gjat\u00c3\u00ab bised\u00c3\u00abs s\u00c3\u00ab saj me Agonin dhe Lirit\u00c3\u00abn.","robots":{"index":"index","follow":"follow","max-snippet":"max-snippet:-1","max-image-preview":"max-image-preview:large","max-video-preview":"max-video-preview:-1"},"canonical":"https:\/\/www.visit-ulcinj.com\/blog\/2009\/02\/26\/moza-lirita-argoni-ne-nje-lidhje\/","og_locale":"en_US","og_type":"article","og_title":"Moza, Lirita, Argoni : N\u00c3\u00ab nj\u00c3\u00ab lidhje - Big Brother Albania","og_description":"Big Brother Albania - Nuk m\u00c3\u00ab p\u00c3\u00ablqen t\u00c3\u00ab jem tip dominant por, dua q\u00c3\u00ab ai t\u00c3\u00ab m\u00c3\u00ab respektoj\u00c3\u00ab ka th\u00c3\u00abn\u00c3\u00ab Moza gjat\u00c3\u00ab bised\u00c3\u00abs s\u00c3\u00ab saj me Agonin dhe Lirit\u00c3\u00abn.","og_url":"https:\/\/www.visit-ulcinj.com\/blog\/2009\/02\/26\/moza-lirita-argoni-ne-nje-lidhje\/","og_site_name":"Lajme nga Ulqini","article_published_time":"2009-02-26T20:17:35+00:00","og_image":[{"url":"http:\/\/www.visit-ulcinj.com\/blog\/wp-content\/uploads\/2009\/02\/lidhjet-1.jpg"}],"twitter_misc":{"Written by":"ulqini","Est. reading time":"1 minute"},"schema":{"@context":"https:\/\/schema.org","@graph":[{"@type":"WebSite","@id":"https:\/\/www.visit-ulcinj.com\/blog\/#website","url":"https:\/\/www.visit-ulcinj.com\/blog\/","name":"Lajme nga Ulqini","description":"Lajme,Vijesti,Ulqini,Ulqin,Crna Gora,Mali i Zi","potentialAction":[{"@type":"SearchAction","target":{"@type":"EntryPoint","urlTemplate":"https:\/\/www.visit-ulcinj.com\/blog\/?s={search_term_string}"},"query-input":"required name=search_term_string"}],"inLanguage":"en-US"},{"@type":"ImageObject","inLanguage":"en-US","@id":"https:\/\/www.visit-ulcinj.com\/blog\/2009\/02\/26\/moza-lirita-argoni-ne-nje-lidhje\/#primaryimage","url":"http:\/\/www.visit-ulcinj.com\/blog\/wp-content\/uploads\/2009\/02\/lidhjet-1.jpg","contentUrl":"http:\/\/www.visit-ulcinj.com\/blog\/wp-content\/uploads\/2009\/02\/lidhjet-1.jpg"},{"@type":"WebPage","@id":"https:\/\/www.visit-ulcinj.com\/blog\/2009\/02\/26\/moza-lirita-argoni-ne-nje-lidhje\/#webpage","url":"https:\/\/www.visit-ulcinj.com\/blog\/2009\/02\/26\/moza-lirita-argoni-ne-nje-lidhje\/","name":"Moza, Lirita, Argoni : N\u00c3\u00ab nj\u00c3\u00ab lidhje - Big Brother Albania","isPartOf":{"@id":"https:\/\/www.visit-ulcinj.com\/blog\/#website"},"primaryImageOfPage":{"@id":"https:\/\/www.visit-ulcinj.com\/blog\/2009\/02\/26\/moza-lirita-argoni-ne-nje-lidhje\/#primaryimage"},"datePublished":"2009-02-26T20:17:35+00:00","dateModified":"2009-02-26T20:17:35+00:00","author":{"@id":"https:\/\/www.visit-ulcinj.com\/blog\/#\/schema\/person\/dcab619c614d3038751c63bc2aadc06d"},"description":"Big Brother Albania - Nuk m\u00c3\u00ab p\u00c3\u00ablqen t\u00c3\u00ab jem tip dominant por, dua q\u00c3\u00ab ai t\u00c3\u00ab m\u00c3\u00ab respektoj\u00c3\u00ab ka th\u00c3\u00abn\u00c3\u00ab Moza gjat\u00c3\u00ab bised\u00c3\u00abs s\u00c3\u00ab saj me Agonin dhe Lirit\u00c3\u00abn.","breadcrumb":{"@id":"https:\/\/www.visit-ulcinj.com\/blog\/2009\/02\/26\/moza-lirita-argoni-ne-nje-lidhje\/#breadcrumb"},"inLanguage":"en-US","potentialAction":[{"@type":"ReadAction","target":["https:\/\/www.visit-ulcinj.com\/blog\/2009\/02\/26\/moza-lirita-argoni-ne-nje-lidhje\/"]}]},{"@type":"BreadcrumbList","@id":"https:\/\/www.visit-ulcinj.com\/blog\/2009\/02\/26\/moza-lirita-argoni-ne-nje-lidhje\/#breadcrumb","itemListElement":[{"@type":"ListItem","position":1,"name":"Moza, Lirita, Argoni : N\u00eb nj\u00eb lidhje"}]},{"@type":"Person","@id":"https:\/\/www.visit-ulcinj.com\/blog\/#\/schema\/person\/dcab619c614d3038751c63bc2aadc06d","name":"ulqini","sameAs":["http:\/\/www.visit-ulcinj.com"],"url":"https:\/\/www.visit-ulcinj.com\/blog\/author\/admin\/"}]}},"jetpack_featured_media_url":"","jetpack_sharing_enabled":true,"jetpack_shortlink":"https:\/\/wp.me\/pe6lTn-3el","_links":{"self":[{"href":"https:\/\/www.visit-ulcinj.com\/blog\/wp-json\/wp\/v2\/posts\/12421"}],"collection":[{"href":"https:\/\/www.visit-ulcinj.com\/blog\/wp-json\/wp\/v2\/posts"}],"about":[{"href":"https:\/\/www.visit-ulcinj.com\/blog\/wp-json\/wp\/v2\/types\/post"}],"author":[{"embeddable":true,"href":"https:\/\/www.visit-ulcinj.com\/blog\/wp-json\/wp\/v2\/users\/1"}],"replies":[{"embeddable":true,"href":"https:\/\/www.visit-ulcinj.com\/blog\/wp-json\/wp\/v2\/comments?post=12421"}],"version-history":[{"count":0,"href":"https:\/\/www.visit-ulcinj.com\/blog\/wp-json\/wp\/v2\/posts\/12421\/revisions"}],"wp:attachment":[{"href":"https:\/\/www.visit-ulcinj.com\/blog\/wp-json\/wp\/v2\/media?parent=12421"}],"wp:term":[{"taxonomy":"category","embeddable":true,"href":"https:\/\/www.visit-ulcinj.com\/blog\/wp-json\/wp\/v2\/categories?post=12421"},{"taxonomy":"post_tag","embeddable":true,"href":"https:\/\/www.visit-ulcinj.com\/blog\/wp-json\/wp\/v2\/tags?post=12421"}],"curies":[{"name":"wp","href":"https:\/\/api.w.org\/{rel}","templated":true}]}}