{"id":12430,"date":"2009-02-26T22:00:16","date_gmt":"2009-02-26T21:00:16","guid":{"rendered":"http:\/\/www.visit-ulcinj.com\/blog\/?p=12430"},"modified":"2009-02-26T21:27:12","modified_gmt":"2009-02-26T20:27:12","slug":"pershtypjet-e-banoreve","status":"publish","type":"post","link":"https:\/\/www.visit-ulcinj.com\/blog\/2009\/02\/26\/pershtypjet-e-banoreve\/","title":{"rendered":"P\u00ebrshtypjet e banor\u00ebve"},"content":{"rendered":"<p><em><span class=\"newsdate\"><a href=\"http:\/\/www.visit-ulcinj.com\/blog\/wp-content\/uploads\/2009\/02\/pershtypjet.jpg\"><img loading=\"lazy\" class=\"alignleft size-full wp-image-12431\" title=\"pershtypjet-big-brother-albania\" src=\"http:\/\/www.visit-ulcinj.com\/blog\/wp-content\/uploads\/2009\/02\/pershtypjet.jpg\" alt=\"pershtypjet-big-brother-albania\" width=\"300\" height=\"205\" \/><\/a>26\/02\/09 14:47<\/span><\/em><\/p>\n<p>Bika, Arjoni, Adela dhe Moza jan\u00eb n\u00eb kuzhin\u00eb duke ngr\u00ebn\u00eb m\u00ebngjesin. Bika i b\u00ebn nj\u00eb kompliment Arjonit p\u00ebr syt\u00eb e bukur dhe se i kujtojn\u00eb dik\u00eb. Ajo i thot\u00eb se p\u00ebrvec syve i p\u00eblqejn\u00eb edhe inteligjenca dhe m\u00ebnyra e t\u00eb folurit tek Arjoni por, p\u00ebrvec k\u00ebtyre ka edhe disa gj\u00ebra t\u00eb k\u00ebqija q\u00eb nuk do tia thot\u00eb. Edhe Adelajda i k\u00ebrkon disa p\u00ebrshtypje dhe Bika i tregon se nuk i p\u00eblqen q\u00eb ajo \u00ebsht\u00eb e shum\u00eb e ndjeshme dhe indinjohet shpejt nd\u00ebrsa p\u00ebrshtypjet pozitive ia ka th\u00ebn\u00eb dhe m\u00eb par\u00eb. Pas Adel\u00ebs afrohet edhe Moza me Lirit\u00ebn p\u00ebr t\u00eb marr\u00eb p\u00ebrshtypjet p\u00ebr to dhe Bika pa rezerva ua thot\u00eb se cfar\u00eb mendon. Moza i \u00ebsht\u00eb dukur n\u00eb fillim shum\u00eb e urt\u00eb dhe se Bika vler\u00ebson shum\u00eb qet\u00ebsin\u00eb q\u00eb e karakterizon. Ajo nuk harron t\u2019i thot\u00eb edhe se \u00ebsht\u00eb fotozhenike. Tipin e Lirit\u00ebs Bika e adhuron dhe se i p\u00eblqen shum\u00eb sensi i humorit q\u00eb ajo ka. Agonin e ka p\u00ebrcaktuar si tip q\u00eb flet pak dhe sakt\u00eb. Pasi p\u00ebrfundon p\u00ebrshkrimet e saja, Bika pret q\u00eb edhe banor\u00ebt t\u00eb shprehin mendimet e tyre p\u00ebr t\u00eb. Agoni i thot\u00eb se n\u00eb fillim ka patur antipati por tani ka ndryshuar mendim. Arjoni dhe Moza preferojn\u00eb t\u2019ia thon\u00eb n\u00eb vecanti. Adela i tregon se i duket njeri i drejt\u00eb dhe i mir\u00eb por nuk i p\u00eblqen se reagon shpejt dhe keq n\u00eb shumic\u00ebn e rasteve.<br \/>\nMe kaq i mbyllin banor\u00ebt p\u00ebrcaktimet e tyre dhe fillojn\u00eb t\u00eb k\u00ebrcejn\u00eb e t\u00eb k\u00ebndojn\u00eb k\u00ebng\u00eb popullore.<\/p>\n","protected":false},"excerpt":{"rendered":"<p>26\/02\/09 14:47 Bika, Arjoni, Adela dhe Moza jan\u00eb n\u00eb kuzhin\u00eb duke ngr\u00ebn\u00eb m\u00ebngjesin. Bika i b\u00ebn nj\u00eb kompliment Arjonit p\u00ebr syt\u00eb e bukur dhe se i kujtojn\u00eb dik\u00eb. Ajo i thot\u00eb se p\u00ebrvec syve i p\u00eblqejn\u00eb edhe inteligjenca dhe m\u00ebnyra e t\u00eb folurit tek Arjoni por, p\u00ebrvec k\u00ebtyre ka edhe disa gj\u00ebra t\u00eb k\u00ebqija q\u00eb [&hellip;]<\/p>\n","protected":false},"author":1,"featured_media":0,"comment_status":"open","ping_status":"closed","sticky":false,"template":"","format":"standard","meta":{"spay_email":"","jetpack_publicize_message":"","jetpack_is_tweetstorm":false,"jetpack_publicize_feature_enabled":true},"categories":[6502],"tags":[6562,6558,6738,5057,6506,6712,7129,6568,262,6891,6693,6887],"jetpack_publicize_connections":[],"yoast_head":"<!-- This site is optimized with the Yoast SEO plugin v19.1 - https:\/\/yoast.com\/wordpress\/plugins\/seo\/ -->\n<title>P\u00c3\u00abrshtypjet e banor\u00c3\u00abve - Big Brother Albania<\/title>\n<meta name=\"description\" content=\"Big Brother Albania - Bika, Arjoni, Adela dhe Moza jan\u00c3\u00ab n\u00c3\u00ab kuzhin\u00c3\u00ab duke ngr\u00c3\u00abn\u00c3\u00ab m\u00c3\u00abngjesin.\" \/>\n<meta name=\"robots\" content=\"index, follow, max-snippet:-1, max-image-preview:large, max-video-preview:-1\" \/>\n<link rel=\"canonical\" href=\"https:\/\/www.visit-ulcinj.com\/blog\/2009\/02\/26\/pershtypjet-e-banoreve\/\" \/>\n<meta property=\"og:locale\" content=\"en_US\" \/>\n<meta property=\"og:type\" content=\"article\" \/>\n<meta property=\"og:title\" content=\"P\u00c3\u00abrshtypjet e banor\u00c3\u00abve - Big Brother Albania\" \/>\n<meta property=\"og:description\" content=\"Big Brother Albania - Bika, Arjoni, Adela dhe Moza jan\u00c3\u00ab n\u00c3\u00ab kuzhin\u00c3\u00ab duke ngr\u00c3\u00abn\u00c3\u00ab m\u00c3\u00abngjesin.\" \/>\n<meta property=\"og:url\" content=\"https:\/\/www.visit-ulcinj.com\/blog\/2009\/02\/26\/pershtypjet-e-banoreve\/\" \/>\n<meta property=\"og:site_name\" content=\"Lajme nga Ulqini\" \/>\n<meta property=\"article:published_time\" content=\"2009-02-26T21:00:16+00:00\" \/>\n<meta property=\"article:modified_time\" content=\"2009-02-26T20:27:12+00:00\" \/>\n<meta property=\"og:image\" content=\"http:\/\/www.visit-ulcinj.com\/blog\/wp-content\/uploads\/2009\/02\/pershtypjet.jpg\" \/>\n<meta name=\"twitter:label1\" content=\"Written by\" \/>\n\t<meta name=\"twitter:data1\" content=\"ulqini\" \/>\n\t<meta name=\"twitter:label2\" content=\"Est. reading time\" \/>\n\t<meta name=\"twitter:data2\" content=\"1 minute\" \/>\n<script type=\"application\/ld+json\" class=\"yoast-schema-graph\">{\"@context\":\"https:\/\/schema.org\",\"@graph\":[{\"@type\":\"WebSite\",\"@id\":\"https:\/\/www.visit-ulcinj.com\/blog\/#website\",\"url\":\"https:\/\/www.visit-ulcinj.com\/blog\/\",\"name\":\"Lajme nga Ulqini\",\"description\":\"Lajme,Vijesti,Ulqini,Ulqin,Crna Gora,Mali i Zi\",\"potentialAction\":[{\"@type\":\"SearchAction\",\"target\":{\"@type\":\"EntryPoint\",\"urlTemplate\":\"https:\/\/www.visit-ulcinj.com\/blog\/?s={search_term_string}\"},\"query-input\":\"required name=search_term_string\"}],\"inLanguage\":\"en-US\"},{\"@type\":\"ImageObject\",\"inLanguage\":\"en-US\",\"@id\":\"https:\/\/www.visit-ulcinj.com\/blog\/2009\/02\/26\/pershtypjet-e-banoreve\/#primaryimage\",\"url\":\"http:\/\/www.visit-ulcinj.com\/blog\/wp-content\/uploads\/2009\/02\/pershtypjet.jpg\",\"contentUrl\":\"http:\/\/www.visit-ulcinj.com\/blog\/wp-content\/uploads\/2009\/02\/pershtypjet.jpg\"},{\"@type\":\"WebPage\",\"@id\":\"https:\/\/www.visit-ulcinj.com\/blog\/2009\/02\/26\/pershtypjet-e-banoreve\/#webpage\",\"url\":\"https:\/\/www.visit-ulcinj.com\/blog\/2009\/02\/26\/pershtypjet-e-banoreve\/\",\"name\":\"P\u00c3\u00abrshtypjet e banor\u00c3\u00abve - Big Brother Albania\",\"isPartOf\":{\"@id\":\"https:\/\/www.visit-ulcinj.com\/blog\/#website\"},\"primaryImageOfPage\":{\"@id\":\"https:\/\/www.visit-ulcinj.com\/blog\/2009\/02\/26\/pershtypjet-e-banoreve\/#primaryimage\"},\"datePublished\":\"2009-02-26T21:00:16+00:00\",\"dateModified\":\"2009-02-26T20:27:12+00:00\",\"author\":{\"@id\":\"https:\/\/www.visit-ulcinj.com\/blog\/#\/schema\/person\/dcab619c614d3038751c63bc2aadc06d\"},\"description\":\"Big Brother Albania - Bika, Arjoni, Adela dhe Moza jan\u00c3\u00ab n\u00c3\u00ab kuzhin\u00c3\u00ab duke ngr\u00c3\u00abn\u00c3\u00ab m\u00c3\u00abngjesin.\",\"breadcrumb\":{\"@id\":\"https:\/\/www.visit-ulcinj.com\/blog\/2009\/02\/26\/pershtypjet-e-banoreve\/#breadcrumb\"},\"inLanguage\":\"en-US\",\"potentialAction\":[{\"@type\":\"ReadAction\",\"target\":[\"https:\/\/www.visit-ulcinj.com\/blog\/2009\/02\/26\/pershtypjet-e-banoreve\/\"]}]},{\"@type\":\"BreadcrumbList\",\"@id\":\"https:\/\/www.visit-ulcinj.com\/blog\/2009\/02\/26\/pershtypjet-e-banoreve\/#breadcrumb\",\"itemListElement\":[{\"@type\":\"ListItem\",\"position\":1,\"name\":\"P\u00ebrshtypjet e banor\u00ebve\"}]},{\"@type\":\"Person\",\"@id\":\"https:\/\/www.visit-ulcinj.com\/blog\/#\/schema\/person\/dcab619c614d3038751c63bc2aadc06d\",\"name\":\"ulqini\",\"sameAs\":[\"http:\/\/www.visit-ulcinj.com\"],\"url\":\"https:\/\/www.visit-ulcinj.com\/blog\/author\/admin\/\"}]}<\/script>\n<!-- \/ Yoast SEO plugin. -->","yoast_head_json":{"title":"P\u00c3\u00abrshtypjet e banor\u00c3\u00abve - Big Brother Albania","description":"Big Brother Albania - Bika, Arjoni, Adela dhe Moza jan\u00c3\u00ab n\u00c3\u00ab kuzhin\u00c3\u00ab duke ngr\u00c3\u00abn\u00c3\u00ab m\u00c3\u00abngjesin.","robots":{"index":"index","follow":"follow","max-snippet":"max-snippet:-1","max-image-preview":"max-image-preview:large","max-video-preview":"max-video-preview:-1"},"canonical":"https:\/\/www.visit-ulcinj.com\/blog\/2009\/02\/26\/pershtypjet-e-banoreve\/","og_locale":"en_US","og_type":"article","og_title":"P\u00c3\u00abrshtypjet e banor\u00c3\u00abve - Big Brother Albania","og_description":"Big Brother Albania - Bika, Arjoni, Adela dhe Moza jan\u00c3\u00ab n\u00c3\u00ab kuzhin\u00c3\u00ab duke ngr\u00c3\u00abn\u00c3\u00ab m\u00c3\u00abngjesin.","og_url":"https:\/\/www.visit-ulcinj.com\/blog\/2009\/02\/26\/pershtypjet-e-banoreve\/","og_site_name":"Lajme nga Ulqini","article_published_time":"2009-02-26T21:00:16+00:00","article_modified_time":"2009-02-26T20:27:12+00:00","og_image":[{"url":"http:\/\/www.visit-ulcinj.com\/blog\/wp-content\/uploads\/2009\/02\/pershtypjet.jpg"}],"twitter_misc":{"Written by":"ulqini","Est. reading time":"1 minute"},"schema":{"@context":"https:\/\/schema.org","@graph":[{"@type":"WebSite","@id":"https:\/\/www.visit-ulcinj.com\/blog\/#website","url":"https:\/\/www.visit-ulcinj.com\/blog\/","name":"Lajme nga Ulqini","description":"Lajme,Vijesti,Ulqini,Ulqin,Crna Gora,Mali i Zi","potentialAction":[{"@type":"SearchAction","target":{"@type":"EntryPoint","urlTemplate":"https:\/\/www.visit-ulcinj.com\/blog\/?s={search_term_string}"},"query-input":"required name=search_term_string"}],"inLanguage":"en-US"},{"@type":"ImageObject","inLanguage":"en-US","@id":"https:\/\/www.visit-ulcinj.com\/blog\/2009\/02\/26\/pershtypjet-e-banoreve\/#primaryimage","url":"http:\/\/www.visit-ulcinj.com\/blog\/wp-content\/uploads\/2009\/02\/pershtypjet.jpg","contentUrl":"http:\/\/www.visit-ulcinj.com\/blog\/wp-content\/uploads\/2009\/02\/pershtypjet.jpg"},{"@type":"WebPage","@id":"https:\/\/www.visit-ulcinj.com\/blog\/2009\/02\/26\/pershtypjet-e-banoreve\/#webpage","url":"https:\/\/www.visit-ulcinj.com\/blog\/2009\/02\/26\/pershtypjet-e-banoreve\/","name":"P\u00c3\u00abrshtypjet e banor\u00c3\u00abve - Big Brother Albania","isPartOf":{"@id":"https:\/\/www.visit-ulcinj.com\/blog\/#website"},"primaryImageOfPage":{"@id":"https:\/\/www.visit-ulcinj.com\/blog\/2009\/02\/26\/pershtypjet-e-banoreve\/#primaryimage"},"datePublished":"2009-02-26T21:00:16+00:00","dateModified":"2009-02-26T20:27:12+00:00","author":{"@id":"https:\/\/www.visit-ulcinj.com\/blog\/#\/schema\/person\/dcab619c614d3038751c63bc2aadc06d"},"description":"Big Brother Albania - Bika, Arjoni, Adela dhe Moza jan\u00c3\u00ab n\u00c3\u00ab kuzhin\u00c3\u00ab duke ngr\u00c3\u00abn\u00c3\u00ab m\u00c3\u00abngjesin.","breadcrumb":{"@id":"https:\/\/www.visit-ulcinj.com\/blog\/2009\/02\/26\/pershtypjet-e-banoreve\/#breadcrumb"},"inLanguage":"en-US","potentialAction":[{"@type":"ReadAction","target":["https:\/\/www.visit-ulcinj.com\/blog\/2009\/02\/26\/pershtypjet-e-banoreve\/"]}]},{"@type":"BreadcrumbList","@id":"https:\/\/www.visit-ulcinj.com\/blog\/2009\/02\/26\/pershtypjet-e-banoreve\/#breadcrumb","itemListElement":[{"@type":"ListItem","position":1,"name":"P\u00ebrshtypjet e banor\u00ebve"}]},{"@type":"Person","@id":"https:\/\/www.visit-ulcinj.com\/blog\/#\/schema\/person\/dcab619c614d3038751c63bc2aadc06d","name":"ulqini","sameAs":["http:\/\/www.visit-ulcinj.com"],"url":"https:\/\/www.visit-ulcinj.com\/blog\/author\/admin\/"}]}},"jetpack_featured_media_url":"","jetpack_sharing_enabled":true,"jetpack_shortlink":"https:\/\/wp.me\/pe6lTn-3eu","_links":{"self":[{"href":"https:\/\/www.visit-ulcinj.com\/blog\/wp-json\/wp\/v2\/posts\/12430"}],"collection":[{"href":"https:\/\/www.visit-ulcinj.com\/blog\/wp-json\/wp\/v2\/posts"}],"about":[{"href":"https:\/\/www.visit-ulcinj.com\/blog\/wp-json\/wp\/v2\/types\/post"}],"author":[{"embeddable":true,"href":"https:\/\/www.visit-ulcinj.com\/blog\/wp-json\/wp\/v2\/users\/1"}],"replies":[{"embeddable":true,"href":"https:\/\/www.visit-ulcinj.com\/blog\/wp-json\/wp\/v2\/comments?post=12430"}],"version-history":[{"count":0,"href":"https:\/\/www.visit-ulcinj.com\/blog\/wp-json\/wp\/v2\/posts\/12430\/revisions"}],"wp:attachment":[{"href":"https:\/\/www.visit-ulcinj.com\/blog\/wp-json\/wp\/v2\/media?parent=12430"}],"wp:term":[{"taxonomy":"category","embeddable":true,"href":"https:\/\/www.visit-ulcinj.com\/blog\/wp-json\/wp\/v2\/categories?post=12430"},{"taxonomy":"post_tag","embeddable":true,"href":"https:\/\/www.visit-ulcinj.com\/blog\/wp-json\/wp\/v2\/tags?post=12430"}],"curies":[{"name":"wp","href":"https:\/\/api.w.org\/{rel}","templated":true}]}}