{"id":1244,"date":"2008-04-14T12:12:26","date_gmt":"2008-04-14T17:12:26","guid":{"rendered":"http:\/\/www.visit-ulcinj.com\/blog\/?p=1244"},"modified":"2008-04-14T12:12:26","modified_gmt":"2008-04-14T17:12:26","slug":"shqiperia-ne-natoera-e-forte-e-perendimit","status":"publish","type":"post","link":"https:\/\/www.visit-ulcinj.com\/blog\/2008\/04\/14\/shqiperia-ne-natoera-e-forte-e-perendimit\/","title":{"rendered":"Shqip\u00ebria n\u00eb Nato,era e fort\u00eb e Per\u00ebndimit"},"content":{"rendered":"<p><img loading=\"lazy\" class=\"alignleft\" style=\"float: left;\" src=\"http:\/\/www.kohajavore.cg.yu\/slike\/1208156166.jpg\" alt=\"\" width=\"270\" height=\"179\" \/>Malit t\u00eb Zi tani m\u00eb i shtohet nj\u00eb mik q\u00eb do tzia leht\u00ebsoj\u00eb udh\u00ebn po deshi t\u00eb hyj\u00eb n\u00eb NATO, dhe gjithsesi nj\u00eb vend si Mali i Zi tani duhet t\u00eb ndihet m\u00eb i sigurt\u00eb, sepse rajoni me Shqip\u00ebrin n\u00eb NATO fiton imazhin e ri t\u00eb nj\u00eb vendi q\u00eb tradicionalisht ka qen\u00eb n\u00eb sh\u00ebrbim t\u00eb paqes.<br \/>\nMbas nj\u00eb periudhe t\u00eb gjat\u00eb, q\u00eb prej koh\u00ebs kur Sk\u00ebnderbeu e shnd\u00ebrroi vendin n\u00eb k\u00ebshtjell\u00ebn e fundit t\u00eb Europ\u00ebs q\u00eb k\u00ebrkonte mbrojtje, shqiptar\u00ebt p\u00ebrs\u00ebri hyjn\u00eb n\u00eb aleanc\u00eb me aleat\u00ebt e tyre t\u00eb natyrsh\u00ebm Amerik\u00ebn dhe Europ\u00ebn.<br \/>\nAspekti komb\u00ebtar p\u00ebr k\u00ebt\u00eb ngjarje do t\u00eb thot\u00eb integrim kurse komb\u00ebtar emancipim, ky ishte nj\u00eb vit i mbar\u00eb p\u00ebr ne shqiptar\u00ebt, t\u00eb shpresojme q\u00eb &#8220;zot\u00ebrat&#8221; t\u00eb vazhdojn\u00eb t\u00eb jen\u00eb n\u00eb an\u00ebn ton\u00eb. Sot jemi me plot miq t\u00eb m\u00ebdhenj dhe t\u00eb fuqish\u00ebm, Shqip\u00ebria n\u00eb NATO do t\u00eb thot\u00eb edhe nj\u00eb garanc\u00eb m\u00eb shum\u00eb p\u00ebr t\u00eb ardhmen e ndritur t\u00eb shtetit t\u00eb Kosov\u00ebs dhe t\u00eb rajonit. Opsesioni yn\u00eb, Euro-Amerika, kurr\u00eb nuk kan\u00eb qen\u00eb m\u00eb af\u00ebr dhe \u00e7do distancim q\u00eb pat\u00ebm me to qe i imponuar dhe artificial. Ky \u00ebsht\u00eb veprim i natyrshem dhe i drejt\u00eb i udh\u00ebs s\u00eb nj\u00eb kombi q\u00eb rr\u00ebnj\u00ebt i ka n\u00eb themelin e qytet\u00ebrimit dhe filozofis\u00eb europiane.<br \/>\nNe kurr\u00eb nuk heq\u00ebm dor\u00eb nga Europa dhe vlerat q\u00eb ajo krijoi me shekuj, aq m\u00eb pak kur aleanc\u00ebs europiane iu shtua edhe shteti i madh e i fuqish\u00ebm Amerika. Era e fort\u00eb e Per\u00ebndimit kurr\u00eb nuk na ka penguar, e Lindja p\u00ebr ne ishte e larg\u00ebt sa edhe Dielli, madje kok\u00ebn kurr\u00eb nuk e kthyem nga ajo, edhe pse n\u00eb lasht\u00ebsi kemi adhuruar Diellin, por m\u00eb teper i jemi g\u00ebzuar Per\u00ebndimit.<br \/>\nTurbulencat e Ballkanit kurr\u00eb nuk na josh\u00ebn. Shqip\u00ebria l\u00eb t\u00eb krenohet se n\u00eb historin\u00eb e saj 98 vje\u00e7are si shtet nuk pati as spastrime etnike as varre masive, as val\u00eb t\u00eb d\u00ebbuarish. Ajo p\u00ebrballoi burr\u00ebrisht dhimbjet dhe trim\u00ebrisht epshet.<br \/>\nMeritor\u00eb jan\u00eb shum\u00eb faktor\u00eb, por m\u00eb t\u00eb r\u00ebnd\u00ebsishmit jan\u00eb ata q\u00eb bartim n\u00eb dejt\u00eb tan\u00eb, pra gjaku yn\u00eb, sepse nj\u00eb urt\u00ebsi thot\u00eb se &#8220;gjaku nuk tradh\u00ebton&#8221;. E prit\u00ebm Europ\u00ebn shum\u00eb her\u00eb, edhe kur ajo ktheu kok\u00ebn n\u00eb tjetr\u00ebn an\u00eb, por na priti edhe ajo ne kur qem\u00eb n\u00ebn &#8220;doz\u00ebn e tepruar&#8221; t\u00eb komunizmit.<br \/>\nMalit t\u00eb Zi tani m\u00eb i shtohet nj\u00eb mik q\u00eb do tzia leht\u00ebsoj\u00eb udh\u00ebn po deshi t\u00eb hyj\u00eb n\u00eb NATO, dhe gjithsesi nj\u00eb vend si Mali i Zi tani duhet t\u00eb ndihet m\u00eb i sigurt\u00eb, sepse rajoni me Shqip\u00ebrin n\u00eb NATO fiton imazhin e ri t\u00eb nj\u00eb vendi q\u00eb tradicionalisht ka qen\u00eb n\u00eb sh\u00ebrbim t\u00eb paqes. Aleanca Euroatlantike u themelua p\u00ebr q\u00ebllime mbrojtje dhe sigurie, sot ajo \u00ebsht\u00eb aleanca m\u00eb e madhe ushtarake n\u00eb bot\u00eb, ajo nuk \u00ebsht\u00eb bllok as mur\u00eb as k\u00ebshtjell\u00eb, por fush\u00eb e madhe veprimi ku njer\u00ebzit jan\u00eb dhe veprojn\u00eb si t\u00eb lir\u00eb. Vit i mbar\u00eb p\u00ebr kombin ton\u00eb dhe szdua t\u00eb besoj n\u00eb bestytni, por dua t\u00eb shpresoj se t\u00eb mbarat p\u00ebr kombin ton\u00eb nuk do p\u00ebrfundojn\u00eb me kaq, meritojm\u00eb m\u00eb shum\u00eb e m\u00eb mir\u00eb.<br \/>\nNj\u00eb dit\u00eb pas\u00eb ftes\u00ebs n\u00eb NATO dhe nj\u00eb muaj pas pavar\u00ebsis\u00eb s\u00eb shtetit t\u00eb Kosov\u00ebs kombi \u00ebsht\u00eb m\u00eb vital, yjet se\u00e7 jan\u00eb kthyer n\u00eb an\u00ebn ton\u00eb, por ky konstelacion le t\u00eb qendroj\u00eb dhe t\u00eb mos l\u00ebvizin, le t\u00eb na monitorojn\u00eb edhe p\u00ebr nj\u00eb koh\u00eb t\u00eb gjat\u00eb, se kemi nevoj\u00eb dhe e meritojm\u00eb k\u00ebt\u00eb.<br \/>\n\u00c7do shtetas shqiptar \u00ebsht\u00eb merotor p\u00ebr k\u00ebt\u00eb, sepse testimet dhe provokimet i kaluan me pjekuri t\u00eb madhe dhe lutja e tyre kryesore ishte integrimet europiane. Thon\u00eb se nuk ka miq\u00ebsi t\u00eb v\u00ebrtet\u00eb n\u00eb diplomaci dhe se fuqit\u00eb e m\u00ebdha t\u00eb p\u00ebrkrahin p\u00ebr interesa t\u00eb veta, e un\u00eb them: n\u00ebse k\u00ebto interesa p\u00ebrputhen me t\u00eb miat ,mir\u00eb se t\u00eb vijn\u00eb dhe jet\u00eb t\u00eb gjat\u00eb miq\u00ebsis\u00eb.<br \/>\nDhe si konkludim: Thank You America!<br \/>\nRobert Camaj<br \/>\nKOHA JAVORE<\/p>\n","protected":false},"excerpt":{"rendered":"<p><img loading=\"lazy\" class=\"alignleft\" style=\"float: left;\" src=\"http:\/\/www.kohajavore.cg.yu\/slike\/1208156166.jpg\" alt=\"\" width=\"140\" height=\"140\" \/><\/p>\n","protected":false},"author":1,"featured_media":0,"comment_status":"open","ping_status":"closed","sticky":false,"template":"","format":"standard","meta":{"spay_email":"","jetpack_publicize_message":"","jetpack_is_tweetstorm":false,"jetpack_publicize_feature_enabled":true},"categories":[1,12],"tags":[95,2486],"jetpack_publicize_connections":[],"yoast_head":"<!-- This site is optimized with the Yoast SEO plugin v19.1 - https:\/\/yoast.com\/wordpress\/plugins\/seo\/ -->\n<title>Shqip\u00ebria n\u00eb Nato,era e fort\u00eb e Per\u00ebndimit - Lajme nga Ulqini<\/title>\n<meta name=\"robots\" content=\"index, follow, max-snippet:-1, max-image-preview:large, max-video-preview:-1\" \/>\n<link rel=\"canonical\" href=\"https:\/\/www.visit-ulcinj.com\/blog\/2008\/04\/14\/shqiperia-ne-natoera-e-forte-e-perendimit\/\" \/>\n<meta property=\"og:locale\" content=\"en_US\" \/>\n<meta property=\"og:type\" content=\"article\" \/>\n<meta property=\"og:title\" content=\"Shqip\u00ebria n\u00eb Nato,era e fort\u00eb e Per\u00ebndimit - Lajme nga Ulqini\" \/>\n<meta property=\"og:url\" content=\"https:\/\/www.visit-ulcinj.com\/blog\/2008\/04\/14\/shqiperia-ne-natoera-e-forte-e-perendimit\/\" \/>\n<meta property=\"og:site_name\" content=\"Lajme nga Ulqini\" \/>\n<meta property=\"article:published_time\" content=\"2008-04-14T17:12:26+00:00\" \/>\n<meta property=\"og:image\" content=\"http:\/\/www.kohajavore.cg.yu\/slike\/1208156166.jpg\" \/>\n<meta name=\"twitter:label1\" content=\"Written by\" \/>\n\t<meta name=\"twitter:data1\" content=\"ulqini\" \/>\n\t<meta name=\"twitter:label2\" content=\"Est. reading time\" \/>\n\t<meta name=\"twitter:data2\" content=\"4 minutes\" \/>\n<script type=\"application\/ld+json\" class=\"yoast-schema-graph\">{\"@context\":\"https:\/\/schema.org\",\"@graph\":[{\"@type\":\"WebSite\",\"@id\":\"https:\/\/www.visit-ulcinj.com\/blog\/#website\",\"url\":\"https:\/\/www.visit-ulcinj.com\/blog\/\",\"name\":\"Lajme nga Ulqini\",\"description\":\"Lajme,Vijesti,Ulqini,Ulqin,Crna Gora,Mali i Zi\",\"potentialAction\":[{\"@type\":\"SearchAction\",\"target\":{\"@type\":\"EntryPoint\",\"urlTemplate\":\"https:\/\/www.visit-ulcinj.com\/blog\/?s={search_term_string}\"},\"query-input\":\"required name=search_term_string\"}],\"inLanguage\":\"en-US\"},{\"@type\":\"ImageObject\",\"inLanguage\":\"en-US\",\"@id\":\"https:\/\/www.visit-ulcinj.com\/blog\/2008\/04\/14\/shqiperia-ne-natoera-e-forte-e-perendimit\/#primaryimage\",\"url\":\"http:\/\/www.kohajavore.cg.yu\/slike\/1208156166.jpg\",\"contentUrl\":\"http:\/\/www.kohajavore.cg.yu\/slike\/1208156166.jpg\"},{\"@type\":\"WebPage\",\"@id\":\"https:\/\/www.visit-ulcinj.com\/blog\/2008\/04\/14\/shqiperia-ne-natoera-e-forte-e-perendimit\/#webpage\",\"url\":\"https:\/\/www.visit-ulcinj.com\/blog\/2008\/04\/14\/shqiperia-ne-natoera-e-forte-e-perendimit\/\",\"name\":\"Shqip\u00ebria n\u00eb Nato,era e fort\u00eb e Per\u00ebndimit - Lajme nga Ulqini\",\"isPartOf\":{\"@id\":\"https:\/\/www.visit-ulcinj.com\/blog\/#website\"},\"primaryImageOfPage\":{\"@id\":\"https:\/\/www.visit-ulcinj.com\/blog\/2008\/04\/14\/shqiperia-ne-natoera-e-forte-e-perendimit\/#primaryimage\"},\"datePublished\":\"2008-04-14T17:12:26+00:00\",\"dateModified\":\"2008-04-14T17:12:26+00:00\",\"author\":{\"@id\":\"https:\/\/www.visit-ulcinj.com\/blog\/#\/schema\/person\/dcab619c614d3038751c63bc2aadc06d\"},\"breadcrumb\":{\"@id\":\"https:\/\/www.visit-ulcinj.com\/blog\/2008\/04\/14\/shqiperia-ne-natoera-e-forte-e-perendimit\/#breadcrumb\"},\"inLanguage\":\"en-US\",\"potentialAction\":[{\"@type\":\"ReadAction\",\"target\":[\"https:\/\/www.visit-ulcinj.com\/blog\/2008\/04\/14\/shqiperia-ne-natoera-e-forte-e-perendimit\/\"]}]},{\"@type\":\"BreadcrumbList\",\"@id\":\"https:\/\/www.visit-ulcinj.com\/blog\/2008\/04\/14\/shqiperia-ne-natoera-e-forte-e-perendimit\/#breadcrumb\",\"itemListElement\":[{\"@type\":\"ListItem\",\"position\":1,\"name\":\"Shqip\u00ebria n\u00eb Nato,era e fort\u00eb e Per\u00ebndimit\"}]},{\"@type\":\"Person\",\"@id\":\"https:\/\/www.visit-ulcinj.com\/blog\/#\/schema\/person\/dcab619c614d3038751c63bc2aadc06d\",\"name\":\"ulqini\",\"sameAs\":[\"http:\/\/www.visit-ulcinj.com\"],\"url\":\"https:\/\/www.visit-ulcinj.com\/blog\/author\/admin\/\"}]}<\/script>\n<!-- \/ Yoast SEO plugin. -->","yoast_head_json":{"title":"Shqip\u00ebria n\u00eb Nato,era e fort\u00eb e Per\u00ebndimit - Lajme nga Ulqini","robots":{"index":"index","follow":"follow","max-snippet":"max-snippet:-1","max-image-preview":"max-image-preview:large","max-video-preview":"max-video-preview:-1"},"canonical":"https:\/\/www.visit-ulcinj.com\/blog\/2008\/04\/14\/shqiperia-ne-natoera-e-forte-e-perendimit\/","og_locale":"en_US","og_type":"article","og_title":"Shqip\u00ebria n\u00eb Nato,era e fort\u00eb e Per\u00ebndimit - Lajme nga Ulqini","og_url":"https:\/\/www.visit-ulcinj.com\/blog\/2008\/04\/14\/shqiperia-ne-natoera-e-forte-e-perendimit\/","og_site_name":"Lajme nga Ulqini","article_published_time":"2008-04-14T17:12:26+00:00","og_image":[{"url":"http:\/\/www.kohajavore.cg.yu\/slike\/1208156166.jpg"}],"twitter_misc":{"Written by":"ulqini","Est. reading time":"4 minutes"},"schema":{"@context":"https:\/\/schema.org","@graph":[{"@type":"WebSite","@id":"https:\/\/www.visit-ulcinj.com\/blog\/#website","url":"https:\/\/www.visit-ulcinj.com\/blog\/","name":"Lajme nga Ulqini","description":"Lajme,Vijesti,Ulqini,Ulqin,Crna Gora,Mali i Zi","potentialAction":[{"@type":"SearchAction","target":{"@type":"EntryPoint","urlTemplate":"https:\/\/www.visit-ulcinj.com\/blog\/?s={search_term_string}"},"query-input":"required name=search_term_string"}],"inLanguage":"en-US"},{"@type":"ImageObject","inLanguage":"en-US","@id":"https:\/\/www.visit-ulcinj.com\/blog\/2008\/04\/14\/shqiperia-ne-natoera-e-forte-e-perendimit\/#primaryimage","url":"http:\/\/www.kohajavore.cg.yu\/slike\/1208156166.jpg","contentUrl":"http:\/\/www.kohajavore.cg.yu\/slike\/1208156166.jpg"},{"@type":"WebPage","@id":"https:\/\/www.visit-ulcinj.com\/blog\/2008\/04\/14\/shqiperia-ne-natoera-e-forte-e-perendimit\/#webpage","url":"https:\/\/www.visit-ulcinj.com\/blog\/2008\/04\/14\/shqiperia-ne-natoera-e-forte-e-perendimit\/","name":"Shqip\u00ebria n\u00eb Nato,era e fort\u00eb e Per\u00ebndimit - Lajme nga Ulqini","isPartOf":{"@id":"https:\/\/www.visit-ulcinj.com\/blog\/#website"},"primaryImageOfPage":{"@id":"https:\/\/www.visit-ulcinj.com\/blog\/2008\/04\/14\/shqiperia-ne-natoera-e-forte-e-perendimit\/#primaryimage"},"datePublished":"2008-04-14T17:12:26+00:00","dateModified":"2008-04-14T17:12:26+00:00","author":{"@id":"https:\/\/www.visit-ulcinj.com\/blog\/#\/schema\/person\/dcab619c614d3038751c63bc2aadc06d"},"breadcrumb":{"@id":"https:\/\/www.visit-ulcinj.com\/blog\/2008\/04\/14\/shqiperia-ne-natoera-e-forte-e-perendimit\/#breadcrumb"},"inLanguage":"en-US","potentialAction":[{"@type":"ReadAction","target":["https:\/\/www.visit-ulcinj.com\/blog\/2008\/04\/14\/shqiperia-ne-natoera-e-forte-e-perendimit\/"]}]},{"@type":"BreadcrumbList","@id":"https:\/\/www.visit-ulcinj.com\/blog\/2008\/04\/14\/shqiperia-ne-natoera-e-forte-e-perendimit\/#breadcrumb","itemListElement":[{"@type":"ListItem","position":1,"name":"Shqip\u00ebria n\u00eb Nato,era e fort\u00eb e Per\u00ebndimit"}]},{"@type":"Person","@id":"https:\/\/www.visit-ulcinj.com\/blog\/#\/schema\/person\/dcab619c614d3038751c63bc2aadc06d","name":"ulqini","sameAs":["http:\/\/www.visit-ulcinj.com"],"url":"https:\/\/www.visit-ulcinj.com\/blog\/author\/admin\/"}]}},"jetpack_featured_media_url":"","jetpack_sharing_enabled":true,"jetpack_shortlink":"https:\/\/wp.me\/pe6lTn-k4","_links":{"self":[{"href":"https:\/\/www.visit-ulcinj.com\/blog\/wp-json\/wp\/v2\/posts\/1244"}],"collection":[{"href":"https:\/\/www.visit-ulcinj.com\/blog\/wp-json\/wp\/v2\/posts"}],"about":[{"href":"https:\/\/www.visit-ulcinj.com\/blog\/wp-json\/wp\/v2\/types\/post"}],"author":[{"embeddable":true,"href":"https:\/\/www.visit-ulcinj.com\/blog\/wp-json\/wp\/v2\/users\/1"}],"replies":[{"embeddable":true,"href":"https:\/\/www.visit-ulcinj.com\/blog\/wp-json\/wp\/v2\/comments?post=1244"}],"version-history":[{"count":0,"href":"https:\/\/www.visit-ulcinj.com\/blog\/wp-json\/wp\/v2\/posts\/1244\/revisions"}],"wp:attachment":[{"href":"https:\/\/www.visit-ulcinj.com\/blog\/wp-json\/wp\/v2\/media?parent=1244"}],"wp:term":[{"taxonomy":"category","embeddable":true,"href":"https:\/\/www.visit-ulcinj.com\/blog\/wp-json\/wp\/v2\/categories?post=1244"},{"taxonomy":"post_tag","embeddable":true,"href":"https:\/\/www.visit-ulcinj.com\/blog\/wp-json\/wp\/v2\/tags?post=1244"}],"curies":[{"name":"wp","href":"https:\/\/api.w.org\/{rel}","templated":true}]}}