{"id":12445,"date":"2009-02-26T22:40:59","date_gmt":"2009-02-26T21:40:59","guid":{"rendered":"http:\/\/www.visit-ulcinj.com\/blog\/?p=12445"},"modified":"2009-02-26T22:16:59","modified_gmt":"2009-02-26T21:16:59","slug":"bjordi-dhe-adelajda-basti-i-bjordit","status":"publish","type":"post","link":"https:\/\/www.visit-ulcinj.com\/blog\/2009\/02\/26\/bjordi-dhe-adelajda-basti-i-bjordit\/","title":{"rendered":"Bjordi dhe Adelajda : Basti i Bjordit"},"content":{"rendered":"<p><em><span class=\"newsdate\"><a href=\"http:\/\/www.visit-ulcinj.com\/blog\/wp-content\/uploads\/2009\/02\/bjordiadelajda.jpg\"><img loading=\"lazy\" class=\"alignleft size-full wp-image-12446\" title=\"bjordi-adelajda-big-brother-albania\" src=\"http:\/\/www.visit-ulcinj.com\/blog\/wp-content\/uploads\/2009\/02\/bjordiadelajda.jpg\" alt=\"bjordi-adelajda-big-brother-albania\" width=\"300\" height=\"205\" \/><\/a>26\/02\/09 19:19<\/span><\/em><\/p>\n<p>Bjordi dhe Adela diskutojn\u00eb me njeri-tjetrin p\u00ebr raportin q\u00eb kan\u00eb krijuar. Bjordi i thot\u00eb se ajo nuk mund t\u00eb ndahet prej tij. Adel\u00ebs nuk i p\u00eblqen ky p\u00ebrcaktim dhe i thot\u00eb se e ka si shok dhe n\u00ebse Bjordi vazhdon me k\u00ebt\u00eb sjellje ajo do t\u2019i q\u00ebndroj\u00eb larg. Bjordi vazhdon ta ngacmoj\u00eb duke i th\u00ebn\u00eb se kur t\u00eb dalin q\u00eb k\u00ebtu, prind\u00ebrit e saj kan\u00eb p\u00ebr t\u2019i k\u00ebrkuar q\u00eb t\u00eb martohet me t\u00eb. Ai madje i k\u00ebrkon q\u00eb ky t\u00eb jet\u00eb n j\u00eb bast midis tyre. Adela mundohet t\u2019i shpjegoj\u00eb se jan\u00eb si mot\u00ebr e v\u00eblla dhe se veprimet e tyre nuk duhet t\u00eb keqkuptohen nga ai apo edhe nga t\u00eb tjer\u00ebt q\u00eb i shohin. Kjo \u00ebsht\u00eb shum\u00eb e r\u00ebnd\u00ebsishme p\u00ebr t\u00eb madje edhe fakti se cfar\u00eb do t\u00eb mendojn\u00eb prind\u00ebrit e saj. Ajo i thot\u00eb Bjordit se nuk d\u00ebshiron t\u00eb b\u00ebj\u00eb veprime t\u00eb tilla t\u00eb cilat mund t\u2019i zhg\u00ebnjejn\u00eb ata. Adela insiston se n\u00ebse ai vazhdon me k\u00ebt\u00eb sjellje do t\u2019i q\u00ebndroj\u00eb larg, s\u2019do t\u2019i flas\u00eb e as do ta p\u00ebrfilli m\u00eb. \u201cP\u00ebr t\u00eb qen\u00eb n\u00eb rregull me prind\u00ebrit e mi un\u00eb b\u00ebj cdo gj\u00eb\u201d ka th\u00ebn\u00eb ajo dhe ka k\u00ebrkuar m\u00eb shum\u00eb seriozitet nga ana e tij.<\/p>\n<p><em>TCH<\/em><\/p>\n","protected":false},"excerpt":{"rendered":"<p>26\/02\/09 19:19 Bjordi dhe Adela diskutojn\u00eb me njeri-tjetrin p\u00ebr raportin q\u00eb kan\u00eb krijuar. Bjordi i thot\u00eb se ajo nuk mund t\u00eb ndahet prej tij. Adel\u00ebs nuk i p\u00eblqen ky p\u00ebrcaktim dhe i thot\u00eb se e ka si shok dhe n\u00ebse Bjordi vazhdon me k\u00ebt\u00eb sjellje ajo do t\u2019i q\u00ebndroj\u00eb larg. Bjordi vazhdon ta ngacmoj\u00eb duke [&hellip;]<\/p>\n","protected":false},"author":1,"featured_media":0,"comment_status":"open","ping_status":"closed","sticky":false,"template":"","format":"standard","meta":{"spay_email":"","jetpack_publicize_message":"","jetpack_is_tweetstorm":false,"jetpack_publicize_feature_enabled":true},"categories":[6502],"tags":[6562,7249,5057,6506,6712,7129,6665,6891,6693,6887],"jetpack_publicize_connections":[],"yoast_head":"<!-- This site is optimized with the Yoast SEO plugin v19.1 - https:\/\/yoast.com\/wordpress\/plugins\/seo\/ -->\n<title>Bjordi dhe Adelajda : Basti i Bjordit - Big Brother Albania<\/title>\n<meta name=\"description\" content=\"Big Brother Albania - Bjordi dhe Adela diskutojn\u00c3\u00ab me njeri-tjetrin p\u00c3\u00abr raportin q\u00c3\u00ab kan\u00c3\u00ab krijuar\" \/>\n<meta name=\"robots\" content=\"index, follow, max-snippet:-1, max-image-preview:large, max-video-preview:-1\" \/>\n<link rel=\"canonical\" href=\"https:\/\/www.visit-ulcinj.com\/blog\/2009\/02\/26\/bjordi-dhe-adelajda-basti-i-bjordit\/\" \/>\n<meta property=\"og:locale\" content=\"en_US\" \/>\n<meta property=\"og:type\" content=\"article\" \/>\n<meta property=\"og:title\" content=\"Bjordi dhe Adelajda : Basti i Bjordit - Big Brother Albania\" \/>\n<meta property=\"og:description\" content=\"Big Brother Albania - Bjordi dhe Adela diskutojn\u00c3\u00ab me njeri-tjetrin p\u00c3\u00abr raportin q\u00c3\u00ab kan\u00c3\u00ab krijuar\" \/>\n<meta property=\"og:url\" content=\"https:\/\/www.visit-ulcinj.com\/blog\/2009\/02\/26\/bjordi-dhe-adelajda-basti-i-bjordit\/\" \/>\n<meta property=\"og:site_name\" content=\"Lajme nga Ulqini\" \/>\n<meta property=\"article:published_time\" content=\"2009-02-26T21:40:59+00:00\" \/>\n<meta property=\"article:modified_time\" content=\"2009-02-26T21:16:59+00:00\" \/>\n<meta property=\"og:image\" content=\"http:\/\/www.visit-ulcinj.com\/blog\/wp-content\/uploads\/2009\/02\/bjordiadelajda.jpg\" \/>\n<meta name=\"twitter:label1\" content=\"Written by\" \/>\n\t<meta name=\"twitter:data1\" content=\"ulqini\" \/>\n\t<meta name=\"twitter:label2\" content=\"Est. reading time\" \/>\n\t<meta name=\"twitter:data2\" content=\"1 minute\" \/>\n<script type=\"application\/ld+json\" class=\"yoast-schema-graph\">{\"@context\":\"https:\/\/schema.org\",\"@graph\":[{\"@type\":\"WebSite\",\"@id\":\"https:\/\/www.visit-ulcinj.com\/blog\/#website\",\"url\":\"https:\/\/www.visit-ulcinj.com\/blog\/\",\"name\":\"Lajme nga Ulqini\",\"description\":\"Lajme,Vijesti,Ulqini,Ulqin,Crna Gora,Mali i Zi\",\"potentialAction\":[{\"@type\":\"SearchAction\",\"target\":{\"@type\":\"EntryPoint\",\"urlTemplate\":\"https:\/\/www.visit-ulcinj.com\/blog\/?s={search_term_string}\"},\"query-input\":\"required name=search_term_string\"}],\"inLanguage\":\"en-US\"},{\"@type\":\"ImageObject\",\"inLanguage\":\"en-US\",\"@id\":\"https:\/\/www.visit-ulcinj.com\/blog\/2009\/02\/26\/bjordi-dhe-adelajda-basti-i-bjordit\/#primaryimage\",\"url\":\"http:\/\/www.visit-ulcinj.com\/blog\/wp-content\/uploads\/2009\/02\/bjordiadelajda.jpg\",\"contentUrl\":\"http:\/\/www.visit-ulcinj.com\/blog\/wp-content\/uploads\/2009\/02\/bjordiadelajda.jpg\"},{\"@type\":\"WebPage\",\"@id\":\"https:\/\/www.visit-ulcinj.com\/blog\/2009\/02\/26\/bjordi-dhe-adelajda-basti-i-bjordit\/#webpage\",\"url\":\"https:\/\/www.visit-ulcinj.com\/blog\/2009\/02\/26\/bjordi-dhe-adelajda-basti-i-bjordit\/\",\"name\":\"Bjordi dhe Adelajda : Basti i Bjordit - Big Brother Albania\",\"isPartOf\":{\"@id\":\"https:\/\/www.visit-ulcinj.com\/blog\/#website\"},\"primaryImageOfPage\":{\"@id\":\"https:\/\/www.visit-ulcinj.com\/blog\/2009\/02\/26\/bjordi-dhe-adelajda-basti-i-bjordit\/#primaryimage\"},\"datePublished\":\"2009-02-26T21:40:59+00:00\",\"dateModified\":\"2009-02-26T21:16:59+00:00\",\"author\":{\"@id\":\"https:\/\/www.visit-ulcinj.com\/blog\/#\/schema\/person\/dcab619c614d3038751c63bc2aadc06d\"},\"description\":\"Big Brother Albania - Bjordi dhe Adela diskutojn\u00c3\u00ab me njeri-tjetrin p\u00c3\u00abr raportin q\u00c3\u00ab kan\u00c3\u00ab krijuar\",\"breadcrumb\":{\"@id\":\"https:\/\/www.visit-ulcinj.com\/blog\/2009\/02\/26\/bjordi-dhe-adelajda-basti-i-bjordit\/#breadcrumb\"},\"inLanguage\":\"en-US\",\"potentialAction\":[{\"@type\":\"ReadAction\",\"target\":[\"https:\/\/www.visit-ulcinj.com\/blog\/2009\/02\/26\/bjordi-dhe-adelajda-basti-i-bjordit\/\"]}]},{\"@type\":\"BreadcrumbList\",\"@id\":\"https:\/\/www.visit-ulcinj.com\/blog\/2009\/02\/26\/bjordi-dhe-adelajda-basti-i-bjordit\/#breadcrumb\",\"itemListElement\":[{\"@type\":\"ListItem\",\"position\":1,\"name\":\"Bjordi dhe Adelajda : Basti i Bjordit\"}]},{\"@type\":\"Person\",\"@id\":\"https:\/\/www.visit-ulcinj.com\/blog\/#\/schema\/person\/dcab619c614d3038751c63bc2aadc06d\",\"name\":\"ulqini\",\"sameAs\":[\"http:\/\/www.visit-ulcinj.com\"],\"url\":\"https:\/\/www.visit-ulcinj.com\/blog\/author\/admin\/\"}]}<\/script>\n<!-- \/ Yoast SEO plugin. -->","yoast_head_json":{"title":"Bjordi dhe Adelajda : Basti i Bjordit - Big Brother Albania","description":"Big Brother Albania - Bjordi dhe Adela diskutojn\u00c3\u00ab me njeri-tjetrin p\u00c3\u00abr raportin q\u00c3\u00ab kan\u00c3\u00ab krijuar","robots":{"index":"index","follow":"follow","max-snippet":"max-snippet:-1","max-image-preview":"max-image-preview:large","max-video-preview":"max-video-preview:-1"},"canonical":"https:\/\/www.visit-ulcinj.com\/blog\/2009\/02\/26\/bjordi-dhe-adelajda-basti-i-bjordit\/","og_locale":"en_US","og_type":"article","og_title":"Bjordi dhe Adelajda : Basti i Bjordit - Big Brother Albania","og_description":"Big Brother Albania - Bjordi dhe Adela diskutojn\u00c3\u00ab me njeri-tjetrin p\u00c3\u00abr raportin q\u00c3\u00ab kan\u00c3\u00ab krijuar","og_url":"https:\/\/www.visit-ulcinj.com\/blog\/2009\/02\/26\/bjordi-dhe-adelajda-basti-i-bjordit\/","og_site_name":"Lajme nga Ulqini","article_published_time":"2009-02-26T21:40:59+00:00","article_modified_time":"2009-02-26T21:16:59+00:00","og_image":[{"url":"http:\/\/www.visit-ulcinj.com\/blog\/wp-content\/uploads\/2009\/02\/bjordiadelajda.jpg"}],"twitter_misc":{"Written by":"ulqini","Est. reading time":"1 minute"},"schema":{"@context":"https:\/\/schema.org","@graph":[{"@type":"WebSite","@id":"https:\/\/www.visit-ulcinj.com\/blog\/#website","url":"https:\/\/www.visit-ulcinj.com\/blog\/","name":"Lajme nga Ulqini","description":"Lajme,Vijesti,Ulqini,Ulqin,Crna Gora,Mali i Zi","potentialAction":[{"@type":"SearchAction","target":{"@type":"EntryPoint","urlTemplate":"https:\/\/www.visit-ulcinj.com\/blog\/?s={search_term_string}"},"query-input":"required name=search_term_string"}],"inLanguage":"en-US"},{"@type":"ImageObject","inLanguage":"en-US","@id":"https:\/\/www.visit-ulcinj.com\/blog\/2009\/02\/26\/bjordi-dhe-adelajda-basti-i-bjordit\/#primaryimage","url":"http:\/\/www.visit-ulcinj.com\/blog\/wp-content\/uploads\/2009\/02\/bjordiadelajda.jpg","contentUrl":"http:\/\/www.visit-ulcinj.com\/blog\/wp-content\/uploads\/2009\/02\/bjordiadelajda.jpg"},{"@type":"WebPage","@id":"https:\/\/www.visit-ulcinj.com\/blog\/2009\/02\/26\/bjordi-dhe-adelajda-basti-i-bjordit\/#webpage","url":"https:\/\/www.visit-ulcinj.com\/blog\/2009\/02\/26\/bjordi-dhe-adelajda-basti-i-bjordit\/","name":"Bjordi dhe Adelajda : Basti i Bjordit - Big Brother Albania","isPartOf":{"@id":"https:\/\/www.visit-ulcinj.com\/blog\/#website"},"primaryImageOfPage":{"@id":"https:\/\/www.visit-ulcinj.com\/blog\/2009\/02\/26\/bjordi-dhe-adelajda-basti-i-bjordit\/#primaryimage"},"datePublished":"2009-02-26T21:40:59+00:00","dateModified":"2009-02-26T21:16:59+00:00","author":{"@id":"https:\/\/www.visit-ulcinj.com\/blog\/#\/schema\/person\/dcab619c614d3038751c63bc2aadc06d"},"description":"Big Brother Albania - Bjordi dhe Adela diskutojn\u00c3\u00ab me njeri-tjetrin p\u00c3\u00abr raportin q\u00c3\u00ab kan\u00c3\u00ab krijuar","breadcrumb":{"@id":"https:\/\/www.visit-ulcinj.com\/blog\/2009\/02\/26\/bjordi-dhe-adelajda-basti-i-bjordit\/#breadcrumb"},"inLanguage":"en-US","potentialAction":[{"@type":"ReadAction","target":["https:\/\/www.visit-ulcinj.com\/blog\/2009\/02\/26\/bjordi-dhe-adelajda-basti-i-bjordit\/"]}]},{"@type":"BreadcrumbList","@id":"https:\/\/www.visit-ulcinj.com\/blog\/2009\/02\/26\/bjordi-dhe-adelajda-basti-i-bjordit\/#breadcrumb","itemListElement":[{"@type":"ListItem","position":1,"name":"Bjordi dhe Adelajda : Basti i Bjordit"}]},{"@type":"Person","@id":"https:\/\/www.visit-ulcinj.com\/blog\/#\/schema\/person\/dcab619c614d3038751c63bc2aadc06d","name":"ulqini","sameAs":["http:\/\/www.visit-ulcinj.com"],"url":"https:\/\/www.visit-ulcinj.com\/blog\/author\/admin\/"}]}},"jetpack_featured_media_url":"","jetpack_sharing_enabled":true,"jetpack_shortlink":"https:\/\/wp.me\/pe6lTn-3eJ","_links":{"self":[{"href":"https:\/\/www.visit-ulcinj.com\/blog\/wp-json\/wp\/v2\/posts\/12445"}],"collection":[{"href":"https:\/\/www.visit-ulcinj.com\/blog\/wp-json\/wp\/v2\/posts"}],"about":[{"href":"https:\/\/www.visit-ulcinj.com\/blog\/wp-json\/wp\/v2\/types\/post"}],"author":[{"embeddable":true,"href":"https:\/\/www.visit-ulcinj.com\/blog\/wp-json\/wp\/v2\/users\/1"}],"replies":[{"embeddable":true,"href":"https:\/\/www.visit-ulcinj.com\/blog\/wp-json\/wp\/v2\/comments?post=12445"}],"version-history":[{"count":0,"href":"https:\/\/www.visit-ulcinj.com\/blog\/wp-json\/wp\/v2\/posts\/12445\/revisions"}],"wp:attachment":[{"href":"https:\/\/www.visit-ulcinj.com\/blog\/wp-json\/wp\/v2\/media?parent=12445"}],"wp:term":[{"taxonomy":"category","embeddable":true,"href":"https:\/\/www.visit-ulcinj.com\/blog\/wp-json\/wp\/v2\/categories?post=12445"},{"taxonomy":"post_tag","embeddable":true,"href":"https:\/\/www.visit-ulcinj.com\/blog\/wp-json\/wp\/v2\/tags?post=12445"}],"curies":[{"name":"wp","href":"https:\/\/api.w.org\/{rel}","templated":true}]}}