{"id":1247,"date":"2008-04-14T12:34:37","date_gmt":"2008-04-14T17:34:37","guid":{"rendered":"http:\/\/www.visit-ulcinj.com\/blog\/?p=1247"},"modified":"2008-04-14T12:34:37","modified_gmt":"2008-04-14T17:34:37","slug":"shqiptaret-ne-mal-te-zi-dhe-lufta-per-liderizem","status":"publish","type":"post","link":"https:\/\/www.visit-ulcinj.com\/blog\/2008\/04\/14\/shqiptaret-ne-mal-te-zi-dhe-lufta-per-liderizem\/","title":{"rendered":"Shqiptar\u00ebt n\u00eb Mal t\u00eb Zi dhe lufta p\u00ebr lideriz\u00ebm"},"content":{"rendered":"<p><a href=\"http:\/\/www.visit-ulcinj.com\/blog\/wp-content\/uploads\/2008\/04\/apartheid.jpg\"><img loading=\"lazy\" class=\"alignleft attachment wp-att-1248\" style=\"float: left;\" src=\"http:\/\/www.visit-ulcinj.com\/blog\/wp-content\/uploads\/2008\/04\/apartheid.thumbnail.jpg\" alt=\"\" width=\"192\" height=\"200\" \/><\/a><strong>Kush \u00ebsht\u00eb lideri im?<\/strong><br \/>\nKush \u00ebsht\u00eb lideri im? Askush! Anglisht lead do t\u00eb thot\u00eb &#8220;udh\u00ebheqi&#8221;, pra, kush \u00ebsht\u00eb ai i cili ka asisoj aft\u00ebsish p\u00ebr t\u00eb m\u00eb udh\u00ebhequr mua? Askush! Sepse nuk dua t\u00eb m\u00eb udh\u00ebheqin njer\u00ebzit konservativ, pa vizion, antieuropian\u00eb, pa manire personale, pa njohuri t\u00eb komunikimit interpersonal dhe njer\u00ebz autoritar\u00eb t\u00eb cil\u00ebt nuk dijn\u00eb ta respektojn\u00eb mendimin e kund\u00ebrt . Nuk dua t\u00eb ushqehem me banana, nuk i takoj llojit t\u00eb shtaz\u00ebve t\u00eb tilla dhe nuk dua t\u00eb m\u00eb kalojn\u00eb dit\u00ebt kot duke m\u00eb prir\u00eb lider\u00ebt e amortizuar.<br \/>\nKa qen\u00eb nj\u00eb koh\u00eb n\u00eb historin\u00eb e shqiptar\u00ebve t\u00eb Malit t\u00eb Zi kur ne, si etnos, nuk kemi pasur as njer\u00ebz t\u00eb shkolluar e as lider\u00eb. Nuk i kemi pasur p\u00ebr shkak se sistemet kan\u00eb qen\u00eb t\u00eb tilla, si ai komunist, ashtu edhe ai para tij, i mbret\u00ebris\u00eb jugosllave, ku shqiptari \u00ebsht\u00eb konsideruar si qenie m\u00eb e ul\u00ebt. Prej k\u00ebtyre dy sistemeve nuk dihet cili ka qen\u00eb m\u00eb skandaloz dhe m\u00eb gjakpir\u00ebs. Sot kur flas p\u00ebr k\u00ebt\u00eb, e p\u00ebrdori termin &#8220;skandaloz&#8221;, dhe kjo \u00ebsht\u00eb pasoj\u00eb e nj\u00eb relaksimi psikologjik ndaj nj\u00eb fenomeni qoft\u00eb ai edhe kriminel dhe i cili vjen me kalimin e koh\u00ebs, mir\u00ebpo, p\u00ebr et\u00ebrit tan\u00eb, kjo ka qen\u00eb \u00e7\u00ebshtje e jet\u00ebs ose e vdekjes. Madje, n\u00eb Mal\u00ebsi edhe sot ritregohet fjalia e nj\u00eb funksionari t\u00eb lart\u00eb komunist, i cili pat th\u00ebn\u00eb se &#8220;shqiptar\u00ebve nuk u nevojiten shkollat, sepse ata jan\u00eb prej natyre t\u00eb men\u00e7ur&#8221;. Nj\u00eb demagogji e till\u00eb na ka p\u00ebrcjell\u00eb si etnos gjat\u00eb t\u00ebr\u00eb historis\u00eb komuniste n\u00eb k\u00ebt\u00eb trev\u00eb. \u00c7far\u00eb kan\u00eb b\u00ebr\u00eb et\u00ebrit tan\u00eb p\u00ebr ta p\u00ebrballuar k\u00ebt\u00eb situat\u00eb? Ata q\u00eb arrit\u00ebn q\u00eb me sakrifica t\u00eb m\u00ebdha t\u00eb shkollohen jasht\u00eb Malit t\u00eb Zi, me t`u kthyer n\u00eb vendlindje, u detyruan t\u00eb shp\u00ebrngulen n\u00eb Kosov\u00eb, nd\u00ebrsa, nj\u00eb num\u00ebr arriti t\u00eb shkoj\u00eb n\u00eb SHBA.<br \/>\nSot, kemi njer\u00ebz t\u00eb shkolluar, intelektual\u00eb t\u00eb nivelit m\u00eb t\u00eb lart\u00eb q\u00eb mund t\u00eb na reprezentojn\u00eb kudo n\u00eb Europ\u00eb dhe n\u00eb bot\u00eb, si p\u00ebr nga niveli profesional ashtu edhe p\u00ebr nga m\u00ebnyra e komunikimit dhe maniret personale. Mir\u00ebpo, \u00e7ka po ndodh\u00eb? Ballafaqohemi me nj\u00eb problem, ndryshe nga ai i p\u00ebrmendur. Ky \u00ebsht\u00eb problemi i faktit se qe 17 vjet nga r\u00ebnia e komunizmit \u00ebsht\u00eb krijuar nj\u00eb establishment politik i etnosit shqiptar n\u00eb Mal t\u00eb Zi, q\u00eb funksionon si nj\u00eb rreth i mbyllur. Si\u00e7 jan\u00eb mason\u00ebt, p.sh.. Ku \u00ebsht\u00eb problemi? Problemi \u00ebsht\u00eb se njer\u00ebzit me ide t\u00eb reja dhe inovative, qoft\u00eb n\u00eb politik\u00eb, qoft\u00eb n\u00eb ekonomi ose n\u00eb kultur\u00eb, detyrohen t\u00eb b\u00ebhen peng t\u00eb nj\u00eb radhitje t\u00eb till\u00eb t\u00eb fuqive n\u00eb sken\u00ebn politike shqiptare t\u00eb Malit t\u00eb Zi.<br \/>\n&#8220;Aq shum\u00eb dit\u00eb i \u00e7uam kot, t\u00eb shtrir\u00eb, duke ngr\u00ebn\u00eb banana, dhe, ram\u00eb n\u00eb shkall\u00eb aq t\u00eb ul\u00ebt &#8230;&#8221; thuhet n\u00eb nj\u00eb poezi q\u00eb i takon rock subkultur\u00ebs. Po, \u00e7ka ishte subkultura, e pyet veten nj\u00eb shqiptar mesatar i Malit t\u00eb Zi. P\u00ebr nj\u00eb person q\u00eb ka pasur mund\u00ebsi t\u00eb jetoj\u00eb edhe diku tjet\u00ebr n\u00eb truallin shqiptar, \u00ebsht\u00eb tragjike mbrapambeturia kulturologjike e shoq\u00ebris\u00eb shqiptare n\u00eb Mal t\u00eb Zi. Pra, as q\u00eb pres q\u00eb t\u00eb m\u00eb kuptoj\u00eb kush sa i p\u00ebrket terminologjis\u00eb s\u00eb till\u00eb. Pra, ato banana m\u00eb lart, nuk jan\u00eb p\u00ebrmendur kot. Me siguri, nuk d\u00ebshirojm\u00eb q\u00eb edhe m\u00eb tutje t\u00eb na ushqejn\u00eb me banana. Sepse, dihet kush ushqehet me banana. &#8220;Should I stay or should I go now, if I go it will be trouble &#8220;(T\u00eb largohem apo t\u00eb mos largohem, n\u00ebse largohem do t\u00eb ket\u00eb problem), \u00ebsht\u00eb nj\u00eb k\u00ebng\u00eb dashurie q\u00eb n\u00eb k\u00ebt\u00eb rast u tregua e p\u00ebrshtatshme p\u00ebr ta cituar.<br \/>\nKudo n\u00eb bot\u00ebn demokratike, po flas p\u00ebr demokracin\u00eb per\u00ebndimore, nj\u00eb mandat politik, n\u00eb \u00e7far\u00ebdo funksioni qoft\u00eb, nuk mund t\u00eb ushtrohet m\u00eb gjat\u00eb se dy mandate. Vet\u00ebm te ne, njer\u00ebzit thirren n\u00eb demokracin\u00eb per\u00ebndimore, nd\u00ebrsa, mburren me faktin q\u00eb gati dy decenie e mbulojn\u00eb nj\u00eb post qoft\u00eb partiak qoft\u00eb politik, e n\u00eb disa raste, ku posa\u00e7\u00ebrisht \u00ebsht\u00eb p\u00ebr mburrje, i mbulojn\u00eb t\u00eb dy postet. Pyes me ironi, vall\u00eb, a ka njer\u00ebz t\u00eb tjer\u00eb t\u00eb aft\u00eb n\u00eb k\u00ebt\u00eb Mal t\u00eb Zi?<br \/>\nKush \u00ebsht\u00eb lideri im? Askush! Anglisht lead do t\u00eb thot\u00eb &#8220;udh\u00ebheqi&#8221;, pra, kush \u00ebsht\u00eb ai i cili ka asisoj aft\u00ebsish p\u00ebr t\u00eb m\u00eb udh\u00ebhequr mua? Askush! Sepse nuk dua t\u00eb m\u00eb udh\u00ebheqin njer\u00ebzit konservativ, pa vizion, antieuropian\u00eb, pa manire personale, pa njohuri t\u00eb komunikimit interpersonal dhe njer\u00ebz autoritar\u00eb t\u00eb cil\u00ebt nuk dijn\u00eb ta respektojn\u00eb mendimin e kund\u00ebrt . Nuk dua t\u00eb ushqehem me banana, nuk i takoj llojit t\u00eb shtaz\u00ebve t\u00eb tilla dhe nuk dua t\u00eb m\u00eb kalojn\u00eb dit\u00ebt kot duke m\u00eb prir\u00eb lider\u00ebt e amortizuar. Ka kaluar koha madje edhe e nj\u00eb Fidel Castro -s. K\u00ebto dit\u00eb, trash\u00ebgimtari i tij, v\u00ebllau Raul Castro, u ka lejuar kubanezve q\u00eb mund t`i p\u00ebrdorin telefonat mobil\u00eb dhe mund t\u00eb hyjn\u00eb n\u00eb hotele luksoze kubaneze, t\u00eb cil\u00ebt deri tani kan\u00eb qen\u00eb t\u00eb parapar\u00eb p\u00ebr turist\u00ebt e huaj, pra, populli ka mundur t`i shikoj\u00eb vet\u00ebm prej s\u00eb largu at\u00eb q\u00eb vet\u00eb e ka nd\u00ebrtuar. Nuk dua ta pres lejen e dikujt q\u00eb t\u00eb hyj\u00eb n\u00eb nj\u00eb hotel t\u00eb till\u00eb. Dua vet\u00eb t\u00eb hyj\u00eb kur t\u00eb m\u00eb teket. Nuk m\u00eb nevojitet &#8220;lideri&#8221; t\u00eb mendoj\u00eb p\u00ebr mua dhe t\u00eb m\u00eb lejoj\u00eb t\u00eb p\u00ebrdori mobitel (ha ha) ather\u00eb kur i teket atij?<br \/>\nN\u00eb Ballkan \u00ebsht\u00eb duke ardhur nj\u00eb epok\u00eb krejt\u00ebsisht tjet\u00ebr. Momenti vendimtar ka qen\u00eb shpallja e Shtetit t\u00eb Kosov\u00ebs. Kjo ting\u00ebllon aq bukur sa q\u00eb m`u desh ta shkruaj\u00eb me &#8220;Sh &#8221; t\u00eb madhe. Jav\u00ebn q\u00eb shkoi, Shqip\u00ebris\u00eb i \u00ebsht\u00eb drejtuar ftesa p\u00ebr t\u00eb hyr\u00eb n\u00eb NATO. Pozita gjeostrategjike e shqiptar\u00ebve n\u00eb Gadishull do t\u00eb jet\u00eb pozit\u00eb prir\u00ebse. Shqiptar\u00ebt do ta shfryt\u00ebzojn\u00eb shansin e tyre historik dhe do t\u00eb jen\u00eb partneri kryesor i SHBA-s\u00eb n\u00eb Ballkan. Kjo nga shum\u00eb shkaqe, e shkaku kryesor \u00ebsht\u00eb aty se kjo \u00ebsht\u00eb shansi kryesor, ndoshta i vetmi, q\u00eb pas shekujve otomane dhe komuniste, t`i bashkohemi mesit ton\u00eb t\u00eb natyrsh\u00ebm &#8211; Per\u00ebndimit. Shqip\u00ebria dhe NATO do t\u00eb jen\u00eb ajo lokomotiv\u00eb q\u00eb do t`i prij\u00eb k\u00ebtij kompozicioni.<br \/>\nP\u00ebr shqiptar\u00ebt \u00ebsht\u00eb duke ardhur nj\u00eb epok\u00eb krejt\u00ebsisht e re civilizuese. Do t\u00eb kthehemi n\u00eb Fushat tona t\u00eb Elizeut p\u00ebr t\u00eb cilat k\u00ebndohet n\u00eb Himnin e Europ\u00ebs. N\u00eb Europ\u00ebn e till\u00eb dhe Ballkanin e ri, do t\u00eb jet\u00eb e natyrshme edhe p\u00ebr serb\u00ebt, edhe pse n\u00eb k\u00ebt\u00eb moment kjo duket si utopi, fakti se Adem Jashari \u00ebsht\u00eb heroi m\u00eb i madh shqiptar q\u00eb nga koha e Gjergj Kastriotit. Ta rikujtojm\u00eb se k\u00ebt\u00eb ver\u00eb n\u00eb Novi Sad ka qen\u00eb e postuar ekspozita koncepcionale e artist\u00ebve nga Kosova, ku si hero i nj\u00eb stripi ka qen\u00eb i paraqitur Adem Jashari. Kjo Europ\u00eb e re, kosmopolite, e bazuar n\u00eb diversitetin e identitetit sociokulturor, do t\u00eb vij\u00eb shum\u00eb shpejt edhe n\u00eb dyert tona, pra, t\u00eb shqiptar\u00ebve t\u00eb Malit t\u00eb Zi. Dhe, un\u00eb si individ d\u00ebshiroj q\u00eb mua n\u00eb at\u00eb Europ\u00eb t\u00eb m\u00eb p\u00ebrfaq\u00ebsojn\u00eb njer\u00ebzit e kultur\u00ebs dhe manireve europiane.<br \/>\n<strong>Xhoana M. Perkaj<\/strong><br \/>\n(Autorja \u00ebsht\u00eb intelektuale e pavarur)<br \/>\n<a href=\"http:\/\/mce_host\/blog\/wp-admin\/xhoanaperkaj@yahoo.com\" target=\"_blank\">xhoanaperkaj@yahoo.com<\/a><br \/>\n<strong>KOHA JAVORE<\/strong><\/p>\n","protected":false},"excerpt":{"rendered":"<p><img loading=\"lazy\" class=\"alignleft attachment wp-att-1248\" style=\"float: left;\" src=\"http:\/\/www.visit-ulcinj.com\/blog\/wp-content\/uploads\/2008\/04\/apartheid.thumbnail.jpg\" alt=\"\" width=\"140\" height=\"140\" \/><\/p>\n","protected":false},"author":1,"featured_media":0,"comment_status":"open","ping_status":"closed","sticky":false,"template":"","format":"standard","meta":{"spay_email":"","jetpack_publicize_message":"","jetpack_is_tweetstorm":false,"jetpack_publicize_feature_enabled":true},"categories":[1,12],"tags":[],"jetpack_publicize_connections":[],"yoast_head":"<!-- This site is optimized with the Yoast SEO plugin v19.1 - https:\/\/yoast.com\/wordpress\/plugins\/seo\/ -->\n<title>Shqiptar\u00ebt n\u00eb Mal t\u00eb Zi dhe lufta p\u00ebr lideriz\u00ebm - Lajme nga Ulqini<\/title>\n<meta name=\"robots\" content=\"index, follow, max-snippet:-1, max-image-preview:large, max-video-preview:-1\" \/>\n<link rel=\"canonical\" href=\"https:\/\/www.visit-ulcinj.com\/blog\/2008\/04\/14\/shqiptaret-ne-mal-te-zi-dhe-lufta-per-liderizem\/\" \/>\n<meta property=\"og:locale\" content=\"en_US\" \/>\n<meta property=\"og:type\" content=\"article\" \/>\n<meta property=\"og:title\" content=\"Shqiptar\u00ebt n\u00eb Mal t\u00eb Zi dhe lufta p\u00ebr lideriz\u00ebm - Lajme nga Ulqini\" \/>\n<meta property=\"og:url\" content=\"https:\/\/www.visit-ulcinj.com\/blog\/2008\/04\/14\/shqiptaret-ne-mal-te-zi-dhe-lufta-per-liderizem\/\" \/>\n<meta property=\"og:site_name\" content=\"Lajme nga Ulqini\" \/>\n<meta property=\"article:published_time\" content=\"2008-04-14T17:34:37+00:00\" \/>\n<meta property=\"og:image\" content=\"http:\/\/www.visit-ulcinj.com\/blog\/wp-content\/uploads\/2008\/04\/apartheid.thumbnail.jpg\" \/>\n<meta name=\"twitter:label1\" content=\"Written by\" \/>\n\t<meta name=\"twitter:data1\" content=\"ulqini\" \/>\n\t<meta name=\"twitter:label2\" content=\"Est. reading time\" \/>\n\t<meta name=\"twitter:data2\" content=\"6 minutes\" \/>\n<script type=\"application\/ld+json\" class=\"yoast-schema-graph\">{\"@context\":\"https:\/\/schema.org\",\"@graph\":[{\"@type\":\"WebSite\",\"@id\":\"https:\/\/www.visit-ulcinj.com\/blog\/#website\",\"url\":\"https:\/\/www.visit-ulcinj.com\/blog\/\",\"name\":\"Lajme nga Ulqini\",\"description\":\"Lajme,Vijesti,Ulqini,Ulqin,Crna Gora,Mali i Zi\",\"potentialAction\":[{\"@type\":\"SearchAction\",\"target\":{\"@type\":\"EntryPoint\",\"urlTemplate\":\"https:\/\/www.visit-ulcinj.com\/blog\/?s={search_term_string}\"},\"query-input\":\"required name=search_term_string\"}],\"inLanguage\":\"en-US\"},{\"@type\":\"ImageObject\",\"inLanguage\":\"en-US\",\"@id\":\"https:\/\/www.visit-ulcinj.com\/blog\/2008\/04\/14\/shqiptaret-ne-mal-te-zi-dhe-lufta-per-liderizem\/#primaryimage\",\"url\":\"http:\/\/www.visit-ulcinj.com\/blog\/wp-content\/uploads\/2008\/04\/apartheid.thumbnail.jpg\",\"contentUrl\":\"http:\/\/www.visit-ulcinj.com\/blog\/wp-content\/uploads\/2008\/04\/apartheid.thumbnail.jpg\"},{\"@type\":\"WebPage\",\"@id\":\"https:\/\/www.visit-ulcinj.com\/blog\/2008\/04\/14\/shqiptaret-ne-mal-te-zi-dhe-lufta-per-liderizem\/#webpage\",\"url\":\"https:\/\/www.visit-ulcinj.com\/blog\/2008\/04\/14\/shqiptaret-ne-mal-te-zi-dhe-lufta-per-liderizem\/\",\"name\":\"Shqiptar\u00ebt n\u00eb Mal t\u00eb Zi dhe lufta p\u00ebr lideriz\u00ebm - Lajme nga Ulqini\",\"isPartOf\":{\"@id\":\"https:\/\/www.visit-ulcinj.com\/blog\/#website\"},\"primaryImageOfPage\":{\"@id\":\"https:\/\/www.visit-ulcinj.com\/blog\/2008\/04\/14\/shqiptaret-ne-mal-te-zi-dhe-lufta-per-liderizem\/#primaryimage\"},\"datePublished\":\"2008-04-14T17:34:37+00:00\",\"dateModified\":\"2008-04-14T17:34:37+00:00\",\"author\":{\"@id\":\"https:\/\/www.visit-ulcinj.com\/blog\/#\/schema\/person\/dcab619c614d3038751c63bc2aadc06d\"},\"breadcrumb\":{\"@id\":\"https:\/\/www.visit-ulcinj.com\/blog\/2008\/04\/14\/shqiptaret-ne-mal-te-zi-dhe-lufta-per-liderizem\/#breadcrumb\"},\"inLanguage\":\"en-US\",\"potentialAction\":[{\"@type\":\"ReadAction\",\"target\":[\"https:\/\/www.visit-ulcinj.com\/blog\/2008\/04\/14\/shqiptaret-ne-mal-te-zi-dhe-lufta-per-liderizem\/\"]}]},{\"@type\":\"BreadcrumbList\",\"@id\":\"https:\/\/www.visit-ulcinj.com\/blog\/2008\/04\/14\/shqiptaret-ne-mal-te-zi-dhe-lufta-per-liderizem\/#breadcrumb\",\"itemListElement\":[{\"@type\":\"ListItem\",\"position\":1,\"name\":\"Shqiptar\u00ebt n\u00eb Mal t\u00eb Zi dhe lufta p\u00ebr lideriz\u00ebm\"}]},{\"@type\":\"Person\",\"@id\":\"https:\/\/www.visit-ulcinj.com\/blog\/#\/schema\/person\/dcab619c614d3038751c63bc2aadc06d\",\"name\":\"ulqini\",\"sameAs\":[\"http:\/\/www.visit-ulcinj.com\"],\"url\":\"https:\/\/www.visit-ulcinj.com\/blog\/author\/admin\/\"}]}<\/script>\n<!-- \/ Yoast SEO plugin. -->","yoast_head_json":{"title":"Shqiptar\u00ebt n\u00eb Mal t\u00eb Zi dhe lufta p\u00ebr lideriz\u00ebm - Lajme nga Ulqini","robots":{"index":"index","follow":"follow","max-snippet":"max-snippet:-1","max-image-preview":"max-image-preview:large","max-video-preview":"max-video-preview:-1"},"canonical":"https:\/\/www.visit-ulcinj.com\/blog\/2008\/04\/14\/shqiptaret-ne-mal-te-zi-dhe-lufta-per-liderizem\/","og_locale":"en_US","og_type":"article","og_title":"Shqiptar\u00ebt n\u00eb Mal t\u00eb Zi dhe lufta p\u00ebr lideriz\u00ebm - Lajme nga Ulqini","og_url":"https:\/\/www.visit-ulcinj.com\/blog\/2008\/04\/14\/shqiptaret-ne-mal-te-zi-dhe-lufta-per-liderizem\/","og_site_name":"Lajme nga Ulqini","article_published_time":"2008-04-14T17:34:37+00:00","og_image":[{"url":"http:\/\/www.visit-ulcinj.com\/blog\/wp-content\/uploads\/2008\/04\/apartheid.thumbnail.jpg"}],"twitter_misc":{"Written by":"ulqini","Est. reading time":"6 minutes"},"schema":{"@context":"https:\/\/schema.org","@graph":[{"@type":"WebSite","@id":"https:\/\/www.visit-ulcinj.com\/blog\/#website","url":"https:\/\/www.visit-ulcinj.com\/blog\/","name":"Lajme nga Ulqini","description":"Lajme,Vijesti,Ulqini,Ulqin,Crna Gora,Mali i Zi","potentialAction":[{"@type":"SearchAction","target":{"@type":"EntryPoint","urlTemplate":"https:\/\/www.visit-ulcinj.com\/blog\/?s={search_term_string}"},"query-input":"required name=search_term_string"}],"inLanguage":"en-US"},{"@type":"ImageObject","inLanguage":"en-US","@id":"https:\/\/www.visit-ulcinj.com\/blog\/2008\/04\/14\/shqiptaret-ne-mal-te-zi-dhe-lufta-per-liderizem\/#primaryimage","url":"http:\/\/www.visit-ulcinj.com\/blog\/wp-content\/uploads\/2008\/04\/apartheid.thumbnail.jpg","contentUrl":"http:\/\/www.visit-ulcinj.com\/blog\/wp-content\/uploads\/2008\/04\/apartheid.thumbnail.jpg"},{"@type":"WebPage","@id":"https:\/\/www.visit-ulcinj.com\/blog\/2008\/04\/14\/shqiptaret-ne-mal-te-zi-dhe-lufta-per-liderizem\/#webpage","url":"https:\/\/www.visit-ulcinj.com\/blog\/2008\/04\/14\/shqiptaret-ne-mal-te-zi-dhe-lufta-per-liderizem\/","name":"Shqiptar\u00ebt n\u00eb Mal t\u00eb Zi dhe lufta p\u00ebr lideriz\u00ebm - Lajme nga Ulqini","isPartOf":{"@id":"https:\/\/www.visit-ulcinj.com\/blog\/#website"},"primaryImageOfPage":{"@id":"https:\/\/www.visit-ulcinj.com\/blog\/2008\/04\/14\/shqiptaret-ne-mal-te-zi-dhe-lufta-per-liderizem\/#primaryimage"},"datePublished":"2008-04-14T17:34:37+00:00","dateModified":"2008-04-14T17:34:37+00:00","author":{"@id":"https:\/\/www.visit-ulcinj.com\/blog\/#\/schema\/person\/dcab619c614d3038751c63bc2aadc06d"},"breadcrumb":{"@id":"https:\/\/www.visit-ulcinj.com\/blog\/2008\/04\/14\/shqiptaret-ne-mal-te-zi-dhe-lufta-per-liderizem\/#breadcrumb"},"inLanguage":"en-US","potentialAction":[{"@type":"ReadAction","target":["https:\/\/www.visit-ulcinj.com\/blog\/2008\/04\/14\/shqiptaret-ne-mal-te-zi-dhe-lufta-per-liderizem\/"]}]},{"@type":"BreadcrumbList","@id":"https:\/\/www.visit-ulcinj.com\/blog\/2008\/04\/14\/shqiptaret-ne-mal-te-zi-dhe-lufta-per-liderizem\/#breadcrumb","itemListElement":[{"@type":"ListItem","position":1,"name":"Shqiptar\u00ebt n\u00eb Mal t\u00eb Zi dhe lufta p\u00ebr lideriz\u00ebm"}]},{"@type":"Person","@id":"https:\/\/www.visit-ulcinj.com\/blog\/#\/schema\/person\/dcab619c614d3038751c63bc2aadc06d","name":"ulqini","sameAs":["http:\/\/www.visit-ulcinj.com"],"url":"https:\/\/www.visit-ulcinj.com\/blog\/author\/admin\/"}]}},"jetpack_featured_media_url":"","jetpack_sharing_enabled":true,"jetpack_shortlink":"https:\/\/wp.me\/pe6lTn-k7","_links":{"self":[{"href":"https:\/\/www.visit-ulcinj.com\/blog\/wp-json\/wp\/v2\/posts\/1247"}],"collection":[{"href":"https:\/\/www.visit-ulcinj.com\/blog\/wp-json\/wp\/v2\/posts"}],"about":[{"href":"https:\/\/www.visit-ulcinj.com\/blog\/wp-json\/wp\/v2\/types\/post"}],"author":[{"embeddable":true,"href":"https:\/\/www.visit-ulcinj.com\/blog\/wp-json\/wp\/v2\/users\/1"}],"replies":[{"embeddable":true,"href":"https:\/\/www.visit-ulcinj.com\/blog\/wp-json\/wp\/v2\/comments?post=1247"}],"version-history":[{"count":0,"href":"https:\/\/www.visit-ulcinj.com\/blog\/wp-json\/wp\/v2\/posts\/1247\/revisions"}],"wp:attachment":[{"href":"https:\/\/www.visit-ulcinj.com\/blog\/wp-json\/wp\/v2\/media?parent=1247"}],"wp:term":[{"taxonomy":"category","embeddable":true,"href":"https:\/\/www.visit-ulcinj.com\/blog\/wp-json\/wp\/v2\/categories?post=1247"},{"taxonomy":"post_tag","embeddable":true,"href":"https:\/\/www.visit-ulcinj.com\/blog\/wp-json\/wp\/v2\/tags?post=1247"}],"curies":[{"name":"wp","href":"https:\/\/api.w.org\/{rel}","templated":true}]}}