{"id":12495,"date":"2009-02-27T23:49:23","date_gmt":"2009-02-27T22:49:23","guid":{"rendered":"http:\/\/www.visit-ulcinj.com\/blog\/?p=12495"},"modified":"2009-02-27T23:42:30","modified_gmt":"2009-02-27T22:42:30","slug":"adi-sfida-e-adit","status":"publish","type":"post","link":"https:\/\/www.visit-ulcinj.com\/blog\/2009\/02\/27\/adi-sfida-e-adit\/","title":{"rendered":"Adi : Sfida e Adit"},"content":{"rendered":"<p><em><span class=\"newsdate\"><a href=\"http:\/\/www.visit-ulcinj.com\/blog\/wp-content\/uploads\/2009\/02\/adi-sfida.jpg\"><img loading=\"lazy\" class=\"alignleft size-full wp-image-12496\" title=\"adi-sfida-big-brother-albania\" src=\"http:\/\/www.visit-ulcinj.com\/blog\/wp-content\/uploads\/2009\/02\/adi-sfida.jpg\" alt=\"adi-sfida-big-brother-albania\" width=\"300\" height=\"205\" \/><\/a>27\/02\/09 01:50<\/span><\/em><\/p>\n<p>Adi pyet Bjordin dhe Arjonin n\u00ebse do ta pranonin nj\u00eb sfid\u00eb ku ai, nj\u00eb mashkull 40-vjecar dhe m\u00eb pak i pash\u00ebm se ata, deklaron se do t\u00eb dal\u00eb nga kjo sht\u00ebpi me nj\u00eb t\u00eb dashur. Adi u thot\u00eb atyre se ai i sheh si dy djem shum\u00eb simpatik\u00eb dhe q\u00eb nes\u00eb do t\u00eb mund t\u00eb ishte n\u00eb vend t\u00eb tyre do e b\u00ebnte me k\u00ebnaq\u00ebsi. Arjoni nuk e pranon k\u00ebt\u00eb sfid\u00eb dhe i thot\u00eb se nuk mund t\u2019i v\u00ebr\u00eb femrat n\u00eb k\u00ebt\u00eb nivel, nuk mund t\u2019i b\u00ebj\u00eb njer\u00ebzit p\u00ebr vete vet\u00ebm p\u00ebr loj\u00eb. Ai thot\u00eb se zakonisht i pranon sfidat dhe nuk trembet por, kjo ide nuk i p\u00eblqen sepse d\u00ebshiron q\u00eb nj\u00eb lidhje ta ket\u00eb n\u00eb saj\u00eb t\u00eb d\u00ebshir\u00ebs, ndjenj\u00ebs dhe jo p\u00ebr nj\u00eb bast. Edhe Bjordi nuk e pranon k\u00ebt\u00eb sfid\u00eb dhe i uron Adit suksese n\u00ebse v\u00ebrtet\u00eb do ta b\u00ebnte k\u00ebt\u00eb veprim. Adi i spjegon Bjordit se \u00ebsht\u00eb vec nj\u00eb pyetje dhe jo nj\u00eb sfid\u00eb e v\u00ebrtet\u00eb. Megjithat\u00eb djemt\u00eb e refuzuan sfid\u00ebn e Adit.<\/p>\n","protected":false},"excerpt":{"rendered":"<p>27\/02\/09 01:50 Adi pyet Bjordin dhe Arjonin n\u00ebse do ta pranonin nj\u00eb sfid\u00eb ku ai, nj\u00eb mashkull 40-vjecar dhe m\u00eb pak i pash\u00ebm se ata, deklaron se do t\u00eb dal\u00eb nga kjo sht\u00ebpi me nj\u00eb t\u00eb dashur. Adi u thot\u00eb atyre se ai i sheh si dy djem shum\u00eb simpatik\u00eb dhe q\u00eb nes\u00eb do t\u00eb [&hellip;]<\/p>\n","protected":false},"author":1,"featured_media":0,"comment_status":"open","ping_status":"closed","sticky":false,"template":"","format":"standard","meta":{"spay_email":"","jetpack_publicize_message":"","jetpack_is_tweetstorm":false,"jetpack_publicize_feature_enabled":true},"categories":[6502],"tags":[1414,6520,5057,6506,6712,7129,7268,6891,6693,6887],"jetpack_publicize_connections":[],"yoast_head":"<!-- This site is optimized with the Yoast SEO plugin v19.1 - https:\/\/yoast.com\/wordpress\/plugins\/seo\/ -->\n<title>Adi : Sfida e Adit - Big Brother Albania<\/title>\n<meta name=\"description\" content=\"Big Brother Albania - Adi pyet Bjordin dhe Arjonin n\u00c3\u00abse do ta pranonin nj\u00c3\u00ab sfid\u00c3\u00ab ku ai, nj\u00c3\u00ab mashkull 40-vjecar dhe m\u00c3\u00ab pak i pash\u00c3\u00abm se ata, deklaron se do t\u00c3\u00ab dal\u00c3\u00ab nga kjo sht\u00c3\u00abpi me nj\u00c3\u00ab t\u00c3\u00ab dashur.\" \/>\n<meta name=\"robots\" content=\"index, follow, max-snippet:-1, max-image-preview:large, max-video-preview:-1\" \/>\n<link rel=\"canonical\" href=\"https:\/\/www.visit-ulcinj.com\/blog\/2009\/02\/27\/adi-sfida-e-adit\/\" \/>\n<meta property=\"og:locale\" content=\"en_US\" \/>\n<meta property=\"og:type\" content=\"article\" \/>\n<meta property=\"og:title\" content=\"Adi : Sfida e Adit - Big Brother Albania\" \/>\n<meta property=\"og:description\" content=\"Big Brother Albania - Adi pyet Bjordin dhe Arjonin n\u00c3\u00abse do ta pranonin nj\u00c3\u00ab sfid\u00c3\u00ab ku ai, nj\u00c3\u00ab mashkull 40-vjecar dhe m\u00c3\u00ab pak i pash\u00c3\u00abm se ata, deklaron se do t\u00c3\u00ab dal\u00c3\u00ab nga kjo sht\u00c3\u00abpi me nj\u00c3\u00ab t\u00c3\u00ab dashur.\" \/>\n<meta property=\"og:url\" content=\"https:\/\/www.visit-ulcinj.com\/blog\/2009\/02\/27\/adi-sfida-e-adit\/\" \/>\n<meta property=\"og:site_name\" content=\"Lajme nga Ulqini\" \/>\n<meta property=\"article:published_time\" content=\"2009-02-27T22:49:23+00:00\" \/>\n<meta property=\"article:modified_time\" content=\"2009-02-27T22:42:30+00:00\" \/>\n<meta property=\"og:image\" content=\"http:\/\/www.visit-ulcinj.com\/blog\/wp-content\/uploads\/2009\/02\/adi-sfida.jpg\" \/>\n<meta name=\"twitter:label1\" content=\"Written by\" \/>\n\t<meta name=\"twitter:data1\" content=\"ulqini\" \/>\n\t<meta name=\"twitter:label2\" content=\"Est. reading time\" \/>\n\t<meta name=\"twitter:data2\" content=\"1 minute\" \/>\n<script type=\"application\/ld+json\" class=\"yoast-schema-graph\">{\"@context\":\"https:\/\/schema.org\",\"@graph\":[{\"@type\":\"WebSite\",\"@id\":\"https:\/\/www.visit-ulcinj.com\/blog\/#website\",\"url\":\"https:\/\/www.visit-ulcinj.com\/blog\/\",\"name\":\"Lajme nga Ulqini\",\"description\":\"Lajme,Vijesti,Ulqini,Ulqin,Crna Gora,Mali i Zi\",\"potentialAction\":[{\"@type\":\"SearchAction\",\"target\":{\"@type\":\"EntryPoint\",\"urlTemplate\":\"https:\/\/www.visit-ulcinj.com\/blog\/?s={search_term_string}\"},\"query-input\":\"required name=search_term_string\"}],\"inLanguage\":\"en-US\"},{\"@type\":\"ImageObject\",\"inLanguage\":\"en-US\",\"@id\":\"https:\/\/www.visit-ulcinj.com\/blog\/2009\/02\/27\/adi-sfida-e-adit\/#primaryimage\",\"url\":\"http:\/\/www.visit-ulcinj.com\/blog\/wp-content\/uploads\/2009\/02\/adi-sfida.jpg\",\"contentUrl\":\"http:\/\/www.visit-ulcinj.com\/blog\/wp-content\/uploads\/2009\/02\/adi-sfida.jpg\"},{\"@type\":\"WebPage\",\"@id\":\"https:\/\/www.visit-ulcinj.com\/blog\/2009\/02\/27\/adi-sfida-e-adit\/#webpage\",\"url\":\"https:\/\/www.visit-ulcinj.com\/blog\/2009\/02\/27\/adi-sfida-e-adit\/\",\"name\":\"Adi : Sfida e Adit - Big Brother Albania\",\"isPartOf\":{\"@id\":\"https:\/\/www.visit-ulcinj.com\/blog\/#website\"},\"primaryImageOfPage\":{\"@id\":\"https:\/\/www.visit-ulcinj.com\/blog\/2009\/02\/27\/adi-sfida-e-adit\/#primaryimage\"},\"datePublished\":\"2009-02-27T22:49:23+00:00\",\"dateModified\":\"2009-02-27T22:42:30+00:00\",\"author\":{\"@id\":\"https:\/\/www.visit-ulcinj.com\/blog\/#\/schema\/person\/dcab619c614d3038751c63bc2aadc06d\"},\"description\":\"Big Brother Albania - Adi pyet Bjordin dhe Arjonin n\u00c3\u00abse do ta pranonin nj\u00c3\u00ab sfid\u00c3\u00ab ku ai, nj\u00c3\u00ab mashkull 40-vjecar dhe m\u00c3\u00ab pak i pash\u00c3\u00abm se ata, deklaron se do t\u00c3\u00ab dal\u00c3\u00ab nga kjo sht\u00c3\u00abpi me nj\u00c3\u00ab t\u00c3\u00ab dashur.\",\"breadcrumb\":{\"@id\":\"https:\/\/www.visit-ulcinj.com\/blog\/2009\/02\/27\/adi-sfida-e-adit\/#breadcrumb\"},\"inLanguage\":\"en-US\",\"potentialAction\":[{\"@type\":\"ReadAction\",\"target\":[\"https:\/\/www.visit-ulcinj.com\/blog\/2009\/02\/27\/adi-sfida-e-adit\/\"]}]},{\"@type\":\"BreadcrumbList\",\"@id\":\"https:\/\/www.visit-ulcinj.com\/blog\/2009\/02\/27\/adi-sfida-e-adit\/#breadcrumb\",\"itemListElement\":[{\"@type\":\"ListItem\",\"position\":1,\"name\":\"Adi : Sfida e Adit\"}]},{\"@type\":\"Person\",\"@id\":\"https:\/\/www.visit-ulcinj.com\/blog\/#\/schema\/person\/dcab619c614d3038751c63bc2aadc06d\",\"name\":\"ulqini\",\"sameAs\":[\"http:\/\/www.visit-ulcinj.com\"],\"url\":\"https:\/\/www.visit-ulcinj.com\/blog\/author\/admin\/\"}]}<\/script>\n<!-- \/ Yoast SEO plugin. -->","yoast_head_json":{"title":"Adi : Sfida e Adit - Big Brother Albania","description":"Big Brother Albania - Adi pyet Bjordin dhe Arjonin n\u00c3\u00abse do ta pranonin nj\u00c3\u00ab sfid\u00c3\u00ab ku ai, nj\u00c3\u00ab mashkull 40-vjecar dhe m\u00c3\u00ab pak i pash\u00c3\u00abm se ata, deklaron se do t\u00c3\u00ab dal\u00c3\u00ab nga kjo sht\u00c3\u00abpi me nj\u00c3\u00ab t\u00c3\u00ab dashur.","robots":{"index":"index","follow":"follow","max-snippet":"max-snippet:-1","max-image-preview":"max-image-preview:large","max-video-preview":"max-video-preview:-1"},"canonical":"https:\/\/www.visit-ulcinj.com\/blog\/2009\/02\/27\/adi-sfida-e-adit\/","og_locale":"en_US","og_type":"article","og_title":"Adi : Sfida e Adit - Big Brother Albania","og_description":"Big Brother Albania - Adi pyet Bjordin dhe Arjonin n\u00c3\u00abse do ta pranonin nj\u00c3\u00ab sfid\u00c3\u00ab ku ai, nj\u00c3\u00ab mashkull 40-vjecar dhe m\u00c3\u00ab pak i pash\u00c3\u00abm se ata, deklaron se do t\u00c3\u00ab dal\u00c3\u00ab nga kjo sht\u00c3\u00abpi me nj\u00c3\u00ab t\u00c3\u00ab dashur.","og_url":"https:\/\/www.visit-ulcinj.com\/blog\/2009\/02\/27\/adi-sfida-e-adit\/","og_site_name":"Lajme nga Ulqini","article_published_time":"2009-02-27T22:49:23+00:00","article_modified_time":"2009-02-27T22:42:30+00:00","og_image":[{"url":"http:\/\/www.visit-ulcinj.com\/blog\/wp-content\/uploads\/2009\/02\/adi-sfida.jpg"}],"twitter_misc":{"Written by":"ulqini","Est. reading time":"1 minute"},"schema":{"@context":"https:\/\/schema.org","@graph":[{"@type":"WebSite","@id":"https:\/\/www.visit-ulcinj.com\/blog\/#website","url":"https:\/\/www.visit-ulcinj.com\/blog\/","name":"Lajme nga Ulqini","description":"Lajme,Vijesti,Ulqini,Ulqin,Crna Gora,Mali i Zi","potentialAction":[{"@type":"SearchAction","target":{"@type":"EntryPoint","urlTemplate":"https:\/\/www.visit-ulcinj.com\/blog\/?s={search_term_string}"},"query-input":"required name=search_term_string"}],"inLanguage":"en-US"},{"@type":"ImageObject","inLanguage":"en-US","@id":"https:\/\/www.visit-ulcinj.com\/blog\/2009\/02\/27\/adi-sfida-e-adit\/#primaryimage","url":"http:\/\/www.visit-ulcinj.com\/blog\/wp-content\/uploads\/2009\/02\/adi-sfida.jpg","contentUrl":"http:\/\/www.visit-ulcinj.com\/blog\/wp-content\/uploads\/2009\/02\/adi-sfida.jpg"},{"@type":"WebPage","@id":"https:\/\/www.visit-ulcinj.com\/blog\/2009\/02\/27\/adi-sfida-e-adit\/#webpage","url":"https:\/\/www.visit-ulcinj.com\/blog\/2009\/02\/27\/adi-sfida-e-adit\/","name":"Adi : Sfida e Adit - Big Brother Albania","isPartOf":{"@id":"https:\/\/www.visit-ulcinj.com\/blog\/#website"},"primaryImageOfPage":{"@id":"https:\/\/www.visit-ulcinj.com\/blog\/2009\/02\/27\/adi-sfida-e-adit\/#primaryimage"},"datePublished":"2009-02-27T22:49:23+00:00","dateModified":"2009-02-27T22:42:30+00:00","author":{"@id":"https:\/\/www.visit-ulcinj.com\/blog\/#\/schema\/person\/dcab619c614d3038751c63bc2aadc06d"},"description":"Big Brother Albania - Adi pyet Bjordin dhe Arjonin n\u00c3\u00abse do ta pranonin nj\u00c3\u00ab sfid\u00c3\u00ab ku ai, nj\u00c3\u00ab mashkull 40-vjecar dhe m\u00c3\u00ab pak i pash\u00c3\u00abm se ata, deklaron se do t\u00c3\u00ab dal\u00c3\u00ab nga kjo sht\u00c3\u00abpi me nj\u00c3\u00ab t\u00c3\u00ab dashur.","breadcrumb":{"@id":"https:\/\/www.visit-ulcinj.com\/blog\/2009\/02\/27\/adi-sfida-e-adit\/#breadcrumb"},"inLanguage":"en-US","potentialAction":[{"@type":"ReadAction","target":["https:\/\/www.visit-ulcinj.com\/blog\/2009\/02\/27\/adi-sfida-e-adit\/"]}]},{"@type":"BreadcrumbList","@id":"https:\/\/www.visit-ulcinj.com\/blog\/2009\/02\/27\/adi-sfida-e-adit\/#breadcrumb","itemListElement":[{"@type":"ListItem","position":1,"name":"Adi : Sfida e Adit"}]},{"@type":"Person","@id":"https:\/\/www.visit-ulcinj.com\/blog\/#\/schema\/person\/dcab619c614d3038751c63bc2aadc06d","name":"ulqini","sameAs":["http:\/\/www.visit-ulcinj.com"],"url":"https:\/\/www.visit-ulcinj.com\/blog\/author\/admin\/"}]}},"jetpack_featured_media_url":"","jetpack_sharing_enabled":true,"jetpack_shortlink":"https:\/\/wp.me\/pe6lTn-3fx","_links":{"self":[{"href":"https:\/\/www.visit-ulcinj.com\/blog\/wp-json\/wp\/v2\/posts\/12495"}],"collection":[{"href":"https:\/\/www.visit-ulcinj.com\/blog\/wp-json\/wp\/v2\/posts"}],"about":[{"href":"https:\/\/www.visit-ulcinj.com\/blog\/wp-json\/wp\/v2\/types\/post"}],"author":[{"embeddable":true,"href":"https:\/\/www.visit-ulcinj.com\/blog\/wp-json\/wp\/v2\/users\/1"}],"replies":[{"embeddable":true,"href":"https:\/\/www.visit-ulcinj.com\/blog\/wp-json\/wp\/v2\/comments?post=12495"}],"version-history":[{"count":0,"href":"https:\/\/www.visit-ulcinj.com\/blog\/wp-json\/wp\/v2\/posts\/12495\/revisions"}],"wp:attachment":[{"href":"https:\/\/www.visit-ulcinj.com\/blog\/wp-json\/wp\/v2\/media?parent=12495"}],"wp:term":[{"taxonomy":"category","embeddable":true,"href":"https:\/\/www.visit-ulcinj.com\/blog\/wp-json\/wp\/v2\/categories?post=12495"},{"taxonomy":"post_tag","embeddable":true,"href":"https:\/\/www.visit-ulcinj.com\/blog\/wp-json\/wp\/v2\/tags?post=12495"}],"curies":[{"name":"wp","href":"https:\/\/api.w.org\/{rel}","templated":true}]}}