{"id":12499,"date":"2009-02-27T23:52:49","date_gmt":"2009-02-27T22:52:49","guid":{"rendered":"http:\/\/www.visit-ulcinj.com\/blog\/?p=12499"},"modified":"2009-03-15T14:36:23","modified_gmt":"2009-03-15T13:36:23","slug":"aida-e-ke-gabim","status":"publish","type":"post","link":"https:\/\/www.visit-ulcinj.com\/blog\/2009\/02\/27\/aida-e-ke-gabim\/","title":{"rendered":"Aida: E ke gabim"},"content":{"rendered":"<p><em><span class=\"newsdate\"><span style=\"font-style: normal;\"><a href=\"http:\/\/www.visit-ulcinj.com\/blog\/wp-content\/uploads\/2009\/02\/aida-dritani.jpg\"><img loading=\"lazy\" class=\"alignleft size-full wp-image-12500\" title=\"aida-dritani-big-brother-albania\" src=\"http:\/\/www.visit-ulcinj.com\/blog\/wp-content\/uploads\/2009\/02\/aida-dritani.jpg\" alt=\"aida-dritani-big-brother-albania\" width=\"300\" height=\"205\" \/><\/a><\/span>27\/02\/09 02:17<\/span><\/em><\/p>\n<p>Dritani dhe Aida, pas loj\u00ebs me shishe, b\u00ebjn\u00eb nj\u00eb debat mes tyre n\u00eb lidhje me shprehjen e Aid\u00ebs \u201ce ke gabim\u201d. Aida pretendon se e ka nj\u00eb shprehje q\u00eb e thot\u00eb gjithmon\u00eb dhe se e p\u00ebrdor at\u00ebher\u00eb kur duhet t\u00eb mbroj\u00eb mendimin e saj. Dritani i thot\u00eb se ajo e p\u00ebrdor vend e pa vend dhe se nuk i l\u00eb t\u00eb tjer\u00ebt t\u00eb shprehin mendimet e tyre dhe shpesh her\u00eb i duket sikur ai dialog nuk ka m\u00eb vler\u00eb e kthehet n\u00eb nj\u00eb monolog. Aida justifikohet duke i th\u00ebn\u00eb se k\u00ebt\u00eb e ka nj\u00eb shprehi edhe jasht\u00eb sht\u00ebpis\u00eb dhe normalisht q\u00eb ata do mbartin fjal\u00eb dhe gjeste q\u00eb i personalizojn\u00eb. Megjithat\u00eb, ajo i thot\u00eb Dritanit se n\u00ebse e ka ofenduar me k\u00ebt\u00eb sjellje e ka b\u00ebr\u00eb pa t\u00eb keq dhe se mendon se me t\u00eb ka krijuar kofidenc\u00eb dhe se duke patur nj\u00eb natyr\u00eb impulsive, p\u00ebrdor shprehje t\u00eb tilla. Por, p\u00ebr Dritanin ky nuk \u00ebsht\u00eb ofendim se n\u00eb t\u00eb kund\u00ebrt do e diskutonte vec me t\u00eb e jo n\u00eb sy t\u00eb t\u00eb tjer\u00ebve. Ata e l\u00ebn\u00eb k\u00ebt\u00eb bised\u00eb me kaq duke menduar se duhet ta vazhdojn\u00eb kur t\u00eb jen\u00eb m\u00eb t\u00eb qet\u00eb e m\u00eb t\u00eb kthjell\u00ebt.<\/p>\n","protected":false},"excerpt":{"rendered":"<p>27\/02\/09 02:17 Dritani dhe Aida, pas loj\u00ebs me shishe, b\u00ebjn\u00eb nj\u00eb debat mes tyre n\u00eb lidhje me shprehjen e Aid\u00ebs \u201ce ke gabim\u201d. Aida pretendon se e ka nj\u00eb shprehje q\u00eb e thot\u00eb gjithmon\u00eb dhe se e p\u00ebrdor at\u00ebher\u00eb kur duhet t\u00eb mbroj\u00eb mendimin e saj. Dritani i thot\u00eb se ajo e p\u00ebrdor vend e [&hellip;]<\/p>\n","protected":false},"author":1,"featured_media":0,"comment_status":"open","ping_status":"closed","sticky":false,"template":"","format":"standard","meta":{"spay_email":"","jetpack_publicize_message":"","jetpack_is_tweetstorm":false,"jetpack_publicize_feature_enabled":true},"categories":[6502],"tags":[6566,7269],"jetpack_publicize_connections":[],"yoast_head":"<!-- This site is optimized with the Yoast SEO plugin v19.1 - https:\/\/yoast.com\/wordpress\/plugins\/seo\/ -->\n<title>Aida: E ke gabim - Big Brother Albania<\/title>\n<meta name=\"description\" content=\"Big Brother Albania - Dritani dhe Aida, pas loj\u00c3\u00abs me shishe, b\u00c3\u00abjn\u00c3\u00ab nj\u00c3\u00ab debat mes tyre n\u00c3\u00ab lidhje me shprehjen e Aid\u00c3\u00abs \u00e2\u20ac\u0153e ke gabim\u00e2\u20ac\u009d.\" \/>\n<meta name=\"robots\" content=\"index, follow, max-snippet:-1, max-image-preview:large, max-video-preview:-1\" \/>\n<link rel=\"canonical\" href=\"https:\/\/www.visit-ulcinj.com\/blog\/2009\/02\/27\/aida-e-ke-gabim\/\" \/>\n<meta property=\"og:locale\" content=\"en_US\" \/>\n<meta property=\"og:type\" content=\"article\" \/>\n<meta property=\"og:title\" content=\"Aida: E ke gabim - Big Brother Albania\" \/>\n<meta property=\"og:description\" content=\"Big Brother Albania - Dritani dhe Aida, pas loj\u00c3\u00abs me shishe, b\u00c3\u00abjn\u00c3\u00ab nj\u00c3\u00ab debat mes tyre n\u00c3\u00ab lidhje me shprehjen e Aid\u00c3\u00abs \u00e2\u20ac\u0153e ke gabim\u00e2\u20ac\u009d.\" \/>\n<meta property=\"og:url\" content=\"https:\/\/www.visit-ulcinj.com\/blog\/2009\/02\/27\/aida-e-ke-gabim\/\" \/>\n<meta property=\"og:site_name\" content=\"Lajme nga Ulqini\" \/>\n<meta property=\"article:published_time\" content=\"2009-02-27T22:52:49+00:00\" \/>\n<meta property=\"article:modified_time\" content=\"2009-03-15T13:36:23+00:00\" \/>\n<meta property=\"og:image\" content=\"http:\/\/www.visit-ulcinj.com\/blog\/wp-content\/uploads\/2009\/02\/aida-dritani.jpg\" \/>\n<meta name=\"twitter:label1\" content=\"Written by\" \/>\n\t<meta name=\"twitter:data1\" content=\"ulqini\" \/>\n\t<meta name=\"twitter:label2\" content=\"Est. reading time\" \/>\n\t<meta name=\"twitter:data2\" content=\"1 minute\" \/>\n<script type=\"application\/ld+json\" class=\"yoast-schema-graph\">{\"@context\":\"https:\/\/schema.org\",\"@graph\":[{\"@type\":\"WebSite\",\"@id\":\"https:\/\/www.visit-ulcinj.com\/blog\/#website\",\"url\":\"https:\/\/www.visit-ulcinj.com\/blog\/\",\"name\":\"Lajme nga Ulqini\",\"description\":\"Lajme,Vijesti,Ulqini,Ulqin,Crna Gora,Mali i Zi\",\"potentialAction\":[{\"@type\":\"SearchAction\",\"target\":{\"@type\":\"EntryPoint\",\"urlTemplate\":\"https:\/\/www.visit-ulcinj.com\/blog\/?s={search_term_string}\"},\"query-input\":\"required name=search_term_string\"}],\"inLanguage\":\"en-US\"},{\"@type\":\"ImageObject\",\"inLanguage\":\"en-US\",\"@id\":\"https:\/\/www.visit-ulcinj.com\/blog\/2009\/02\/27\/aida-e-ke-gabim\/#primaryimage\",\"url\":\"http:\/\/www.visit-ulcinj.com\/blog\/wp-content\/uploads\/2009\/02\/aida-dritani.jpg\",\"contentUrl\":\"http:\/\/www.visit-ulcinj.com\/blog\/wp-content\/uploads\/2009\/02\/aida-dritani.jpg\"},{\"@type\":\"WebPage\",\"@id\":\"https:\/\/www.visit-ulcinj.com\/blog\/2009\/02\/27\/aida-e-ke-gabim\/#webpage\",\"url\":\"https:\/\/www.visit-ulcinj.com\/blog\/2009\/02\/27\/aida-e-ke-gabim\/\",\"name\":\"Aida: E ke gabim - Big Brother Albania\",\"isPartOf\":{\"@id\":\"https:\/\/www.visit-ulcinj.com\/blog\/#website\"},\"primaryImageOfPage\":{\"@id\":\"https:\/\/www.visit-ulcinj.com\/blog\/2009\/02\/27\/aida-e-ke-gabim\/#primaryimage\"},\"datePublished\":\"2009-02-27T22:52:49+00:00\",\"dateModified\":\"2009-03-15T13:36:23+00:00\",\"author\":{\"@id\":\"https:\/\/www.visit-ulcinj.com\/blog\/#\/schema\/person\/dcab619c614d3038751c63bc2aadc06d\"},\"description\":\"Big Brother Albania - Dritani dhe Aida, pas loj\u00c3\u00abs me shishe, b\u00c3\u00abjn\u00c3\u00ab nj\u00c3\u00ab debat mes tyre n\u00c3\u00ab lidhje me shprehjen e Aid\u00c3\u00abs \u00e2\u20ac\u0153e ke gabim\u00e2\u20ac\u009d.\",\"breadcrumb\":{\"@id\":\"https:\/\/www.visit-ulcinj.com\/blog\/2009\/02\/27\/aida-e-ke-gabim\/#breadcrumb\"},\"inLanguage\":\"en-US\",\"potentialAction\":[{\"@type\":\"ReadAction\",\"target\":[\"https:\/\/www.visit-ulcinj.com\/blog\/2009\/02\/27\/aida-e-ke-gabim\/\"]}]},{\"@type\":\"BreadcrumbList\",\"@id\":\"https:\/\/www.visit-ulcinj.com\/blog\/2009\/02\/27\/aida-e-ke-gabim\/#breadcrumb\",\"itemListElement\":[{\"@type\":\"ListItem\",\"position\":1,\"name\":\"Aida: E ke gabim\"}]},{\"@type\":\"Person\",\"@id\":\"https:\/\/www.visit-ulcinj.com\/blog\/#\/schema\/person\/dcab619c614d3038751c63bc2aadc06d\",\"name\":\"ulqini\",\"sameAs\":[\"http:\/\/www.visit-ulcinj.com\"],\"url\":\"https:\/\/www.visit-ulcinj.com\/blog\/author\/admin\/\"}]}<\/script>\n<!-- \/ Yoast SEO plugin. -->","yoast_head_json":{"title":"Aida: E ke gabim - Big Brother Albania","description":"Big Brother Albania - Dritani dhe Aida, pas loj\u00c3\u00abs me shishe, b\u00c3\u00abjn\u00c3\u00ab nj\u00c3\u00ab debat mes tyre n\u00c3\u00ab lidhje me shprehjen e Aid\u00c3\u00abs \u00e2\u20ac\u0153e ke gabim\u00e2\u20ac\u009d.","robots":{"index":"index","follow":"follow","max-snippet":"max-snippet:-1","max-image-preview":"max-image-preview:large","max-video-preview":"max-video-preview:-1"},"canonical":"https:\/\/www.visit-ulcinj.com\/blog\/2009\/02\/27\/aida-e-ke-gabim\/","og_locale":"en_US","og_type":"article","og_title":"Aida: E ke gabim - Big Brother Albania","og_description":"Big Brother Albania - Dritani dhe Aida, pas loj\u00c3\u00abs me shishe, b\u00c3\u00abjn\u00c3\u00ab nj\u00c3\u00ab debat mes tyre n\u00c3\u00ab lidhje me shprehjen e Aid\u00c3\u00abs \u00e2\u20ac\u0153e ke gabim\u00e2\u20ac\u009d.","og_url":"https:\/\/www.visit-ulcinj.com\/blog\/2009\/02\/27\/aida-e-ke-gabim\/","og_site_name":"Lajme nga Ulqini","article_published_time":"2009-02-27T22:52:49+00:00","article_modified_time":"2009-03-15T13:36:23+00:00","og_image":[{"url":"http:\/\/www.visit-ulcinj.com\/blog\/wp-content\/uploads\/2009\/02\/aida-dritani.jpg"}],"twitter_misc":{"Written by":"ulqini","Est. reading time":"1 minute"},"schema":{"@context":"https:\/\/schema.org","@graph":[{"@type":"WebSite","@id":"https:\/\/www.visit-ulcinj.com\/blog\/#website","url":"https:\/\/www.visit-ulcinj.com\/blog\/","name":"Lajme nga Ulqini","description":"Lajme,Vijesti,Ulqini,Ulqin,Crna Gora,Mali i Zi","potentialAction":[{"@type":"SearchAction","target":{"@type":"EntryPoint","urlTemplate":"https:\/\/www.visit-ulcinj.com\/blog\/?s={search_term_string}"},"query-input":"required name=search_term_string"}],"inLanguage":"en-US"},{"@type":"ImageObject","inLanguage":"en-US","@id":"https:\/\/www.visit-ulcinj.com\/blog\/2009\/02\/27\/aida-e-ke-gabim\/#primaryimage","url":"http:\/\/www.visit-ulcinj.com\/blog\/wp-content\/uploads\/2009\/02\/aida-dritani.jpg","contentUrl":"http:\/\/www.visit-ulcinj.com\/blog\/wp-content\/uploads\/2009\/02\/aida-dritani.jpg"},{"@type":"WebPage","@id":"https:\/\/www.visit-ulcinj.com\/blog\/2009\/02\/27\/aida-e-ke-gabim\/#webpage","url":"https:\/\/www.visit-ulcinj.com\/blog\/2009\/02\/27\/aida-e-ke-gabim\/","name":"Aida: E ke gabim - Big Brother Albania","isPartOf":{"@id":"https:\/\/www.visit-ulcinj.com\/blog\/#website"},"primaryImageOfPage":{"@id":"https:\/\/www.visit-ulcinj.com\/blog\/2009\/02\/27\/aida-e-ke-gabim\/#primaryimage"},"datePublished":"2009-02-27T22:52:49+00:00","dateModified":"2009-03-15T13:36:23+00:00","author":{"@id":"https:\/\/www.visit-ulcinj.com\/blog\/#\/schema\/person\/dcab619c614d3038751c63bc2aadc06d"},"description":"Big Brother Albania - Dritani dhe Aida, pas loj\u00c3\u00abs me shishe, b\u00c3\u00abjn\u00c3\u00ab nj\u00c3\u00ab debat mes tyre n\u00c3\u00ab lidhje me shprehjen e Aid\u00c3\u00abs \u00e2\u20ac\u0153e ke gabim\u00e2\u20ac\u009d.","breadcrumb":{"@id":"https:\/\/www.visit-ulcinj.com\/blog\/2009\/02\/27\/aida-e-ke-gabim\/#breadcrumb"},"inLanguage":"en-US","potentialAction":[{"@type":"ReadAction","target":["https:\/\/www.visit-ulcinj.com\/blog\/2009\/02\/27\/aida-e-ke-gabim\/"]}]},{"@type":"BreadcrumbList","@id":"https:\/\/www.visit-ulcinj.com\/blog\/2009\/02\/27\/aida-e-ke-gabim\/#breadcrumb","itemListElement":[{"@type":"ListItem","position":1,"name":"Aida: E ke gabim"}]},{"@type":"Person","@id":"https:\/\/www.visit-ulcinj.com\/blog\/#\/schema\/person\/dcab619c614d3038751c63bc2aadc06d","name":"ulqini","sameAs":["http:\/\/www.visit-ulcinj.com"],"url":"https:\/\/www.visit-ulcinj.com\/blog\/author\/admin\/"}]}},"jetpack_featured_media_url":"","jetpack_sharing_enabled":true,"jetpack_shortlink":"https:\/\/wp.me\/pe6lTn-3fB","_links":{"self":[{"href":"https:\/\/www.visit-ulcinj.com\/blog\/wp-json\/wp\/v2\/posts\/12499"}],"collection":[{"href":"https:\/\/www.visit-ulcinj.com\/blog\/wp-json\/wp\/v2\/posts"}],"about":[{"href":"https:\/\/www.visit-ulcinj.com\/blog\/wp-json\/wp\/v2\/types\/post"}],"author":[{"embeddable":true,"href":"https:\/\/www.visit-ulcinj.com\/blog\/wp-json\/wp\/v2\/users\/1"}],"replies":[{"embeddable":true,"href":"https:\/\/www.visit-ulcinj.com\/blog\/wp-json\/wp\/v2\/comments?post=12499"}],"version-history":[{"count":0,"href":"https:\/\/www.visit-ulcinj.com\/blog\/wp-json\/wp\/v2\/posts\/12499\/revisions"}],"wp:attachment":[{"href":"https:\/\/www.visit-ulcinj.com\/blog\/wp-json\/wp\/v2\/media?parent=12499"}],"wp:term":[{"taxonomy":"category","embeddable":true,"href":"https:\/\/www.visit-ulcinj.com\/blog\/wp-json\/wp\/v2\/categories?post=12499"},{"taxonomy":"post_tag","embeddable":true,"href":"https:\/\/www.visit-ulcinj.com\/blog\/wp-json\/wp\/v2\/tags?post=12499"}],"curies":[{"name":"wp","href":"https:\/\/api.w.org\/{rel}","templated":true}]}}