{"id":12503,"date":"2009-02-27T23:59:05","date_gmt":"2009-02-27T22:59:05","guid":{"rendered":"http:\/\/www.visit-ulcinj.com\/blog\/?p=12503"},"modified":"2009-02-27T23:51:47","modified_gmt":"2009-02-27T22:51:47","slug":"bjordi-e-adi-per-komunizmin","status":"publish","type":"post","link":"https:\/\/www.visit-ulcinj.com\/blog\/2009\/02\/27\/bjordi-e-adi-per-komunizmin\/","title":{"rendered":"Bjordi \u00eb Adi : P\u00ebr komunizmin"},"content":{"rendered":"<p><em><span class=\"newsdate\"><a href=\"http:\/\/www.visit-ulcinj.com\/blog\/wp-content\/uploads\/2009\/02\/bjordi-adi.jpg\"><img loading=\"lazy\" class=\"alignleft size-full wp-image-12504\" title=\"bjordi-adi-big-brother-albania\" src=\"http:\/\/www.visit-ulcinj.com\/blog\/wp-content\/uploads\/2009\/02\/bjordi-adi.jpg\" alt=\"bjordi-adi-big-brother-albania\" width=\"300\" height=\"205\" \/><\/a>27\/02\/09 11:55<\/span><\/em><\/p>\n<p>Bjordi shoq\u00ebron n\u00eb kop\u00ebsht Adin gjat\u00eb m\u00ebngjesit. Ata b\u00ebjn\u00eb shaka me njeri-tjetrin n\u00eb gjuh\u00ebn italiane dhe t\u00eb dy qeshin me batutat e krijuara aty p\u00ebr aty. Pas diskutimeve dhe t\u00eb qeshurave, Bjordi e pyet dhe i k\u00ebrkon Adit t\u2019i tregoj\u00eb dicka p\u00ebr komunizmin dhe se si e kishte p\u00ebrjetuar ai. Adi fillon t\u2019i tregoj\u00eb gjithcka q\u00eb di duke e filluar historin\u00eb q\u00eb nga fillimi. Ai i tregon edhe dicka mbi m\u00ebnyr\u00ebn se si arg\u00ebtohej rinia at\u00ebher\u00eb, t\u00eb mirat e pakta dhe t\u00eb k\u00ebqijat e k\u00ebtij sistemi. Adi i thot\u00eb se edhe pse Bjordi \u00ebsht\u00eb fryt i lidhjes s\u00eb dy prind\u00ebrve q\u00eb e kan\u00eb jetuar at\u00eb koh\u00eb, fatmir\u00ebsisht \u00ebsht\u00eb rritur larg k\u00ebsaj jetese. Edhe Bjordi e pranon se nga tregimet e n\u00ebn\u00ebs s\u00eb tij, di q\u00eb n\u00eb at\u00eb periudh\u00eb njer\u00ebzit kan\u00eb vuajtur shum\u00eb. Adi i tregon edhe p\u00ebr internimet dhe burgosjen e njer\u00ebzve pa nj\u00eb arsye t\u00eb fort\u00eb. Bjordi i thot\u00eb se e kupton, por, nuk e koncepton dot k\u00ebt\u00eb sistem. Ata flasin gjat\u00eb p\u00ebr k\u00ebt\u00eb tem\u00eb.<\/p>\n","protected":false},"excerpt":{"rendered":"<p>27\/02\/09 11:55 Bjordi shoq\u00ebron n\u00eb kop\u00ebsht Adin gjat\u00eb m\u00ebngjesit. Ata b\u00ebjn\u00eb shaka me njeri-tjetrin n\u00eb gjuh\u00ebn italiane dhe t\u00eb dy qeshin me batutat e krijuara aty p\u00ebr aty. Pas diskutimeve dhe t\u00eb qeshurave, Bjordi e pyet dhe i k\u00ebrkon Adit t\u2019i tregoj\u00eb dicka p\u00ebr komunizmin dhe se si e kishte p\u00ebrjetuar ai. Adi fillon t\u2019i [&hellip;]<\/p>\n","protected":false},"author":1,"featured_media":0,"comment_status":"open","ping_status":"closed","sticky":false,"template":"","format":"standard","meta":{"spay_email":"","jetpack_publicize_message":"","jetpack_is_tweetstorm":false,"jetpack_publicize_feature_enabled":true},"categories":[6502],"tags":[6520,5057,6506,6712,7129,6665,7270,6891,6693,6887],"jetpack_publicize_connections":[],"yoast_head":"<!-- This site is optimized with the Yoast SEO plugin v19.1 - https:\/\/yoast.com\/wordpress\/plugins\/seo\/ -->\n<title>Bjordi \u00c3\u00ab Adi : P\u00c3\u00abr komunizmin - Big Brother Albania<\/title>\n<meta name=\"description\" content=\"Big Brother Albania - Bjordi shoq\u00c3\u00abron n\u00c3\u00ab kop\u00c3\u00absht Adin gjat\u00c3\u00ab m\u00c3\u00abngjesit. Ata b\u00c3\u00abjn\u00c3\u00ab shaka me njeri-tjetrin n\u00c3\u00ab gjuh\u00c3\u00abn italiane dhe t\u00c3\u00ab dy qeshin me batutat e krijuara aty p\u00c3\u00abr aty.\" \/>\n<meta name=\"robots\" content=\"index, follow, max-snippet:-1, max-image-preview:large, max-video-preview:-1\" \/>\n<link rel=\"canonical\" href=\"https:\/\/www.visit-ulcinj.com\/blog\/2009\/02\/27\/bjordi-e-adi-per-komunizmin\/\" \/>\n<meta property=\"og:locale\" content=\"en_US\" \/>\n<meta property=\"og:type\" content=\"article\" \/>\n<meta property=\"og:title\" content=\"Bjordi \u00c3\u00ab Adi : P\u00c3\u00abr komunizmin - Big Brother Albania\" \/>\n<meta property=\"og:description\" content=\"Big Brother Albania - Bjordi shoq\u00c3\u00abron n\u00c3\u00ab kop\u00c3\u00absht Adin gjat\u00c3\u00ab m\u00c3\u00abngjesit. Ata b\u00c3\u00abjn\u00c3\u00ab shaka me njeri-tjetrin n\u00c3\u00ab gjuh\u00c3\u00abn italiane dhe t\u00c3\u00ab dy qeshin me batutat e krijuara aty p\u00c3\u00abr aty.\" \/>\n<meta property=\"og:url\" content=\"https:\/\/www.visit-ulcinj.com\/blog\/2009\/02\/27\/bjordi-e-adi-per-komunizmin\/\" \/>\n<meta property=\"og:site_name\" content=\"Lajme nga Ulqini\" \/>\n<meta property=\"article:published_time\" content=\"2009-02-27T22:59:05+00:00\" \/>\n<meta property=\"article:modified_time\" content=\"2009-02-27T22:51:47+00:00\" \/>\n<meta property=\"og:image\" content=\"http:\/\/www.visit-ulcinj.com\/blog\/wp-content\/uploads\/2009\/02\/bjordi-adi.jpg\" \/>\n<meta name=\"twitter:label1\" content=\"Written by\" \/>\n\t<meta name=\"twitter:data1\" content=\"ulqini\" \/>\n\t<meta name=\"twitter:label2\" content=\"Est. reading time\" \/>\n\t<meta name=\"twitter:data2\" content=\"1 minute\" \/>\n<script type=\"application\/ld+json\" class=\"yoast-schema-graph\">{\"@context\":\"https:\/\/schema.org\",\"@graph\":[{\"@type\":\"WebSite\",\"@id\":\"https:\/\/www.visit-ulcinj.com\/blog\/#website\",\"url\":\"https:\/\/www.visit-ulcinj.com\/blog\/\",\"name\":\"Lajme nga Ulqini\",\"description\":\"Lajme,Vijesti,Ulqini,Ulqin,Crna Gora,Mali i Zi\",\"potentialAction\":[{\"@type\":\"SearchAction\",\"target\":{\"@type\":\"EntryPoint\",\"urlTemplate\":\"https:\/\/www.visit-ulcinj.com\/blog\/?s={search_term_string}\"},\"query-input\":\"required name=search_term_string\"}],\"inLanguage\":\"en-US\"},{\"@type\":\"ImageObject\",\"inLanguage\":\"en-US\",\"@id\":\"https:\/\/www.visit-ulcinj.com\/blog\/2009\/02\/27\/bjordi-e-adi-per-komunizmin\/#primaryimage\",\"url\":\"http:\/\/www.visit-ulcinj.com\/blog\/wp-content\/uploads\/2009\/02\/bjordi-adi.jpg\",\"contentUrl\":\"http:\/\/www.visit-ulcinj.com\/blog\/wp-content\/uploads\/2009\/02\/bjordi-adi.jpg\"},{\"@type\":\"WebPage\",\"@id\":\"https:\/\/www.visit-ulcinj.com\/blog\/2009\/02\/27\/bjordi-e-adi-per-komunizmin\/#webpage\",\"url\":\"https:\/\/www.visit-ulcinj.com\/blog\/2009\/02\/27\/bjordi-e-adi-per-komunizmin\/\",\"name\":\"Bjordi \u00c3\u00ab Adi : P\u00c3\u00abr komunizmin - Big Brother Albania\",\"isPartOf\":{\"@id\":\"https:\/\/www.visit-ulcinj.com\/blog\/#website\"},\"primaryImageOfPage\":{\"@id\":\"https:\/\/www.visit-ulcinj.com\/blog\/2009\/02\/27\/bjordi-e-adi-per-komunizmin\/#primaryimage\"},\"datePublished\":\"2009-02-27T22:59:05+00:00\",\"dateModified\":\"2009-02-27T22:51:47+00:00\",\"author\":{\"@id\":\"https:\/\/www.visit-ulcinj.com\/blog\/#\/schema\/person\/dcab619c614d3038751c63bc2aadc06d\"},\"description\":\"Big Brother Albania - Bjordi shoq\u00c3\u00abron n\u00c3\u00ab kop\u00c3\u00absht Adin gjat\u00c3\u00ab m\u00c3\u00abngjesit. Ata b\u00c3\u00abjn\u00c3\u00ab shaka me njeri-tjetrin n\u00c3\u00ab gjuh\u00c3\u00abn italiane dhe t\u00c3\u00ab dy qeshin me batutat e krijuara aty p\u00c3\u00abr aty.\",\"breadcrumb\":{\"@id\":\"https:\/\/www.visit-ulcinj.com\/blog\/2009\/02\/27\/bjordi-e-adi-per-komunizmin\/#breadcrumb\"},\"inLanguage\":\"en-US\",\"potentialAction\":[{\"@type\":\"ReadAction\",\"target\":[\"https:\/\/www.visit-ulcinj.com\/blog\/2009\/02\/27\/bjordi-e-adi-per-komunizmin\/\"]}]},{\"@type\":\"BreadcrumbList\",\"@id\":\"https:\/\/www.visit-ulcinj.com\/blog\/2009\/02\/27\/bjordi-e-adi-per-komunizmin\/#breadcrumb\",\"itemListElement\":[{\"@type\":\"ListItem\",\"position\":1,\"name\":\"Bjordi \u00eb Adi : P\u00ebr komunizmin\"}]},{\"@type\":\"Person\",\"@id\":\"https:\/\/www.visit-ulcinj.com\/blog\/#\/schema\/person\/dcab619c614d3038751c63bc2aadc06d\",\"name\":\"ulqini\",\"sameAs\":[\"http:\/\/www.visit-ulcinj.com\"],\"url\":\"https:\/\/www.visit-ulcinj.com\/blog\/author\/admin\/\"}]}<\/script>\n<!-- \/ Yoast SEO plugin. -->","yoast_head_json":{"title":"Bjordi \u00c3\u00ab Adi : P\u00c3\u00abr komunizmin - Big Brother Albania","description":"Big Brother Albania - Bjordi shoq\u00c3\u00abron n\u00c3\u00ab kop\u00c3\u00absht Adin gjat\u00c3\u00ab m\u00c3\u00abngjesit. Ata b\u00c3\u00abjn\u00c3\u00ab shaka me njeri-tjetrin n\u00c3\u00ab gjuh\u00c3\u00abn italiane dhe t\u00c3\u00ab dy qeshin me batutat e krijuara aty p\u00c3\u00abr aty.","robots":{"index":"index","follow":"follow","max-snippet":"max-snippet:-1","max-image-preview":"max-image-preview:large","max-video-preview":"max-video-preview:-1"},"canonical":"https:\/\/www.visit-ulcinj.com\/blog\/2009\/02\/27\/bjordi-e-adi-per-komunizmin\/","og_locale":"en_US","og_type":"article","og_title":"Bjordi \u00c3\u00ab Adi : P\u00c3\u00abr komunizmin - Big Brother Albania","og_description":"Big Brother Albania - Bjordi shoq\u00c3\u00abron n\u00c3\u00ab kop\u00c3\u00absht Adin gjat\u00c3\u00ab m\u00c3\u00abngjesit. Ata b\u00c3\u00abjn\u00c3\u00ab shaka me njeri-tjetrin n\u00c3\u00ab gjuh\u00c3\u00abn italiane dhe t\u00c3\u00ab dy qeshin me batutat e krijuara aty p\u00c3\u00abr aty.","og_url":"https:\/\/www.visit-ulcinj.com\/blog\/2009\/02\/27\/bjordi-e-adi-per-komunizmin\/","og_site_name":"Lajme nga Ulqini","article_published_time":"2009-02-27T22:59:05+00:00","article_modified_time":"2009-02-27T22:51:47+00:00","og_image":[{"url":"http:\/\/www.visit-ulcinj.com\/blog\/wp-content\/uploads\/2009\/02\/bjordi-adi.jpg"}],"twitter_misc":{"Written by":"ulqini","Est. reading time":"1 minute"},"schema":{"@context":"https:\/\/schema.org","@graph":[{"@type":"WebSite","@id":"https:\/\/www.visit-ulcinj.com\/blog\/#website","url":"https:\/\/www.visit-ulcinj.com\/blog\/","name":"Lajme nga Ulqini","description":"Lajme,Vijesti,Ulqini,Ulqin,Crna Gora,Mali i Zi","potentialAction":[{"@type":"SearchAction","target":{"@type":"EntryPoint","urlTemplate":"https:\/\/www.visit-ulcinj.com\/blog\/?s={search_term_string}"},"query-input":"required name=search_term_string"}],"inLanguage":"en-US"},{"@type":"ImageObject","inLanguage":"en-US","@id":"https:\/\/www.visit-ulcinj.com\/blog\/2009\/02\/27\/bjordi-e-adi-per-komunizmin\/#primaryimage","url":"http:\/\/www.visit-ulcinj.com\/blog\/wp-content\/uploads\/2009\/02\/bjordi-adi.jpg","contentUrl":"http:\/\/www.visit-ulcinj.com\/blog\/wp-content\/uploads\/2009\/02\/bjordi-adi.jpg"},{"@type":"WebPage","@id":"https:\/\/www.visit-ulcinj.com\/blog\/2009\/02\/27\/bjordi-e-adi-per-komunizmin\/#webpage","url":"https:\/\/www.visit-ulcinj.com\/blog\/2009\/02\/27\/bjordi-e-adi-per-komunizmin\/","name":"Bjordi \u00c3\u00ab Adi : P\u00c3\u00abr komunizmin - Big Brother Albania","isPartOf":{"@id":"https:\/\/www.visit-ulcinj.com\/blog\/#website"},"primaryImageOfPage":{"@id":"https:\/\/www.visit-ulcinj.com\/blog\/2009\/02\/27\/bjordi-e-adi-per-komunizmin\/#primaryimage"},"datePublished":"2009-02-27T22:59:05+00:00","dateModified":"2009-02-27T22:51:47+00:00","author":{"@id":"https:\/\/www.visit-ulcinj.com\/blog\/#\/schema\/person\/dcab619c614d3038751c63bc2aadc06d"},"description":"Big Brother Albania - Bjordi shoq\u00c3\u00abron n\u00c3\u00ab kop\u00c3\u00absht Adin gjat\u00c3\u00ab m\u00c3\u00abngjesit. Ata b\u00c3\u00abjn\u00c3\u00ab shaka me njeri-tjetrin n\u00c3\u00ab gjuh\u00c3\u00abn italiane dhe t\u00c3\u00ab dy qeshin me batutat e krijuara aty p\u00c3\u00abr aty.","breadcrumb":{"@id":"https:\/\/www.visit-ulcinj.com\/blog\/2009\/02\/27\/bjordi-e-adi-per-komunizmin\/#breadcrumb"},"inLanguage":"en-US","potentialAction":[{"@type":"ReadAction","target":["https:\/\/www.visit-ulcinj.com\/blog\/2009\/02\/27\/bjordi-e-adi-per-komunizmin\/"]}]},{"@type":"BreadcrumbList","@id":"https:\/\/www.visit-ulcinj.com\/blog\/2009\/02\/27\/bjordi-e-adi-per-komunizmin\/#breadcrumb","itemListElement":[{"@type":"ListItem","position":1,"name":"Bjordi \u00eb Adi : P\u00ebr komunizmin"}]},{"@type":"Person","@id":"https:\/\/www.visit-ulcinj.com\/blog\/#\/schema\/person\/dcab619c614d3038751c63bc2aadc06d","name":"ulqini","sameAs":["http:\/\/www.visit-ulcinj.com"],"url":"https:\/\/www.visit-ulcinj.com\/blog\/author\/admin\/"}]}},"jetpack_featured_media_url":"","jetpack_sharing_enabled":true,"jetpack_shortlink":"https:\/\/wp.me\/pe6lTn-3fF","_links":{"self":[{"href":"https:\/\/www.visit-ulcinj.com\/blog\/wp-json\/wp\/v2\/posts\/12503"}],"collection":[{"href":"https:\/\/www.visit-ulcinj.com\/blog\/wp-json\/wp\/v2\/posts"}],"about":[{"href":"https:\/\/www.visit-ulcinj.com\/blog\/wp-json\/wp\/v2\/types\/post"}],"author":[{"embeddable":true,"href":"https:\/\/www.visit-ulcinj.com\/blog\/wp-json\/wp\/v2\/users\/1"}],"replies":[{"embeddable":true,"href":"https:\/\/www.visit-ulcinj.com\/blog\/wp-json\/wp\/v2\/comments?post=12503"}],"version-history":[{"count":0,"href":"https:\/\/www.visit-ulcinj.com\/blog\/wp-json\/wp\/v2\/posts\/12503\/revisions"}],"wp:attachment":[{"href":"https:\/\/www.visit-ulcinj.com\/blog\/wp-json\/wp\/v2\/media?parent=12503"}],"wp:term":[{"taxonomy":"category","embeddable":true,"href":"https:\/\/www.visit-ulcinj.com\/blog\/wp-json\/wp\/v2\/categories?post=12503"},{"taxonomy":"post_tag","embeddable":true,"href":"https:\/\/www.visit-ulcinj.com\/blog\/wp-json\/wp\/v2\/tags?post=12503"}],"curies":[{"name":"wp","href":"https:\/\/api.w.org\/{rel}","templated":true}]}}