{"id":12513,"date":"2009-02-27T12:27:50","date_gmt":"2009-02-27T11:27:50","guid":{"rendered":"http:\/\/www.visit-ulcinj.com\/blog\/?p=12513"},"modified":"2009-02-28T12:24:16","modified_gmt":"2009-02-28T11:24:16","slug":"adelajda-cfare-ti-pelqesh-asaj","status":"publish","type":"post","link":"https:\/\/www.visit-ulcinj.com\/blog\/2009\/02\/27\/adelajda-cfare-ti-pelqesh-asaj\/","title":{"rendered":"Adelajda : Cfar\u00eb ti p\u00eblqesh asaj?"},"content":{"rendered":"<p><em><span class=\"newsdate\"><a href=\"http:\/\/www.visit-ulcinj.com\/blog\/wp-content\/uploads\/2009\/02\/adelajda-per-zhuljeten.jpg\"><img loading=\"lazy\" class=\"alignleft size-full wp-image-12514\" title=\"adelajda-per-zhuljeten-big-brother-albania\" src=\"http:\/\/www.visit-ulcinj.com\/blog\/wp-content\/uploads\/2009\/02\/adelajda-per-zhuljeten.jpg\" alt=\"adelajda-per-zhuljeten-big-brother-albania\" width=\"300\" height=\"205\" \/><\/a>27\/02\/09 16:38<\/span><\/em><\/p>\n<p>Mimoza shpreh interes p\u00ebr t\u00eb ditur se cfar\u00eb bisede kishte patur Adelajda me Arjonin por ajo i thot\u00eb q\u00eb asgj\u00eb interesante. Adelajda i tregon Mimoz\u00ebs p\u00ebr simpatin\u00eb q\u00eb ka shprehur Arjoni p\u00ebr Zhuljet\u00ebn jo si fem\u00ebr por si person. Ajo thot\u00eb q\u00eb ai ka mendim shum\u00eb t\u00eb mir\u00eb p\u00ebr Zhuljet\u00ebn duke th\u00ebn\u00eb q\u00eb \u00ebsht\u00eb e zgjuar, dhe se ajo do shkoj n\u00eb finale madje mund ta fitoj\u00eb. Adelajda flet me p\u00ebrcmim p\u00ebr Zhuljet\u00ebn duke th\u00ebn\u00eb q\u00eb nuk e kupton se cfar\u00eb mund ti p\u00eblqesh asaj. Ajo shton se Zhuljeta mund t\u00eb jet\u00eb person inteligjent por, me m\u00ebnyr\u00ebn q\u00eb ka ajo p\u00ebr ta shprehur i ul shum\u00eb pik\u00eb vetes.<\/p>\n","protected":false},"excerpt":{"rendered":"<p>27\/02\/09 16:38 Mimoza shpreh interes p\u00ebr t\u00eb ditur se cfar\u00eb bisede kishte patur Adelajda me Arjonin por ajo i thot\u00eb q\u00eb asgj\u00eb interesante. Adelajda i tregon Mimoz\u00ebs p\u00ebr simpatin\u00eb q\u00eb ka shprehur Arjoni p\u00ebr Zhuljet\u00ebn jo si fem\u00ebr por si person. Ajo thot\u00eb q\u00eb ai ka mendim shum\u00eb t\u00eb mir\u00eb p\u00ebr Zhuljet\u00ebn duke th\u00ebn\u00eb q\u00eb [&hellip;]<\/p>\n","protected":false},"author":1,"featured_media":0,"comment_status":"open","ping_status":"closed","sticky":false,"template":"","format":"standard","meta":{"spay_email":"","jetpack_publicize_message":"","jetpack_is_tweetstorm":false,"jetpack_publicize_feature_enabled":true},"categories":[6502],"tags":[6562,6738,5057,6506,6712,7129,6568,6891,6693,6887,6564],"jetpack_publicize_connections":[],"yoast_head":"<!-- This site is optimized with the Yoast SEO plugin v19.1 - https:\/\/yoast.com\/wordpress\/plugins\/seo\/ -->\n<title>Adelajda : Cfar\u00c3\u00ab ti p\u00c3\u00ablqesh asaj? - Big Brother Albania<\/title>\n<meta name=\"description\" content=\"Big Brother Albania - Mimoza shpreh interes p\u00c3\u00abr t\u00c3\u00ab ditur se cfar\u00c3\u00ab bisede kishte patur Adelajda me Arjonin por ajo i thot\u00c3\u00ab q\u00c3\u00ab asgj\u00c3\u00ab interesante. Adelajda i tregon Mimoz\u00c3\u00abs p\u00c3\u00abr simpatin\u00c3\u00ab q\u00c3\u00ab ka shprehur Arjoni p\u00c3\u00abr Zhuljet\u00c3\u00abn jo si fem\u00c3\u00abr por si person.\" \/>\n<meta name=\"robots\" content=\"index, follow, max-snippet:-1, max-image-preview:large, max-video-preview:-1\" \/>\n<link rel=\"canonical\" href=\"https:\/\/www.visit-ulcinj.com\/blog\/2009\/02\/27\/adelajda-cfare-ti-pelqesh-asaj\/\" \/>\n<meta property=\"og:locale\" content=\"en_US\" \/>\n<meta property=\"og:type\" content=\"article\" \/>\n<meta property=\"og:title\" content=\"Adelajda : Cfar\u00c3\u00ab ti p\u00c3\u00ablqesh asaj? - Big Brother Albania\" \/>\n<meta property=\"og:description\" content=\"Big Brother Albania - Mimoza shpreh interes p\u00c3\u00abr t\u00c3\u00ab ditur se cfar\u00c3\u00ab bisede kishte patur Adelajda me Arjonin por ajo i thot\u00c3\u00ab q\u00c3\u00ab asgj\u00c3\u00ab interesante. Adelajda i tregon Mimoz\u00c3\u00abs p\u00c3\u00abr simpatin\u00c3\u00ab q\u00c3\u00ab ka shprehur Arjoni p\u00c3\u00abr Zhuljet\u00c3\u00abn jo si fem\u00c3\u00abr por si person.\" \/>\n<meta property=\"og:url\" content=\"https:\/\/www.visit-ulcinj.com\/blog\/2009\/02\/27\/adelajda-cfare-ti-pelqesh-asaj\/\" \/>\n<meta property=\"og:site_name\" content=\"Lajme nga Ulqini\" \/>\n<meta property=\"article:published_time\" content=\"2009-02-27T11:27:50+00:00\" \/>\n<meta property=\"article:modified_time\" content=\"2009-02-28T11:24:16+00:00\" \/>\n<meta property=\"og:image\" content=\"http:\/\/www.visit-ulcinj.com\/blog\/wp-content\/uploads\/2009\/02\/adelajda-per-zhuljeten.jpg\" \/>\n<meta name=\"twitter:label1\" content=\"Written by\" \/>\n\t<meta name=\"twitter:data1\" content=\"ulqini\" \/>\n\t<meta name=\"twitter:label2\" content=\"Est. reading time\" \/>\n\t<meta name=\"twitter:data2\" content=\"1 minute\" \/>\n<script type=\"application\/ld+json\" class=\"yoast-schema-graph\">{\"@context\":\"https:\/\/schema.org\",\"@graph\":[{\"@type\":\"WebSite\",\"@id\":\"https:\/\/www.visit-ulcinj.com\/blog\/#website\",\"url\":\"https:\/\/www.visit-ulcinj.com\/blog\/\",\"name\":\"Lajme nga Ulqini\",\"description\":\"Lajme,Vijesti,Ulqini,Ulqin,Crna Gora,Mali i Zi\",\"potentialAction\":[{\"@type\":\"SearchAction\",\"target\":{\"@type\":\"EntryPoint\",\"urlTemplate\":\"https:\/\/www.visit-ulcinj.com\/blog\/?s={search_term_string}\"},\"query-input\":\"required name=search_term_string\"}],\"inLanguage\":\"en-US\"},{\"@type\":\"ImageObject\",\"inLanguage\":\"en-US\",\"@id\":\"https:\/\/www.visit-ulcinj.com\/blog\/2009\/02\/27\/adelajda-cfare-ti-pelqesh-asaj\/#primaryimage\",\"url\":\"http:\/\/www.visit-ulcinj.com\/blog\/wp-content\/uploads\/2009\/02\/adelajda-per-zhuljeten.jpg\",\"contentUrl\":\"http:\/\/www.visit-ulcinj.com\/blog\/wp-content\/uploads\/2009\/02\/adelajda-per-zhuljeten.jpg\"},{\"@type\":\"WebPage\",\"@id\":\"https:\/\/www.visit-ulcinj.com\/blog\/2009\/02\/27\/adelajda-cfare-ti-pelqesh-asaj\/#webpage\",\"url\":\"https:\/\/www.visit-ulcinj.com\/blog\/2009\/02\/27\/adelajda-cfare-ti-pelqesh-asaj\/\",\"name\":\"Adelajda : Cfar\u00c3\u00ab ti p\u00c3\u00ablqesh asaj? - Big Brother Albania\",\"isPartOf\":{\"@id\":\"https:\/\/www.visit-ulcinj.com\/blog\/#website\"},\"primaryImageOfPage\":{\"@id\":\"https:\/\/www.visit-ulcinj.com\/blog\/2009\/02\/27\/adelajda-cfare-ti-pelqesh-asaj\/#primaryimage\"},\"datePublished\":\"2009-02-27T11:27:50+00:00\",\"dateModified\":\"2009-02-28T11:24:16+00:00\",\"author\":{\"@id\":\"https:\/\/www.visit-ulcinj.com\/blog\/#\/schema\/person\/dcab619c614d3038751c63bc2aadc06d\"},\"description\":\"Big Brother Albania - Mimoza shpreh interes p\u00c3\u00abr t\u00c3\u00ab ditur se cfar\u00c3\u00ab bisede kishte patur Adelajda me Arjonin por ajo i thot\u00c3\u00ab q\u00c3\u00ab asgj\u00c3\u00ab interesante. Adelajda i tregon Mimoz\u00c3\u00abs p\u00c3\u00abr simpatin\u00c3\u00ab q\u00c3\u00ab ka shprehur Arjoni p\u00c3\u00abr Zhuljet\u00c3\u00abn jo si fem\u00c3\u00abr por si person.\",\"breadcrumb\":{\"@id\":\"https:\/\/www.visit-ulcinj.com\/blog\/2009\/02\/27\/adelajda-cfare-ti-pelqesh-asaj\/#breadcrumb\"},\"inLanguage\":\"en-US\",\"potentialAction\":[{\"@type\":\"ReadAction\",\"target\":[\"https:\/\/www.visit-ulcinj.com\/blog\/2009\/02\/27\/adelajda-cfare-ti-pelqesh-asaj\/\"]}]},{\"@type\":\"BreadcrumbList\",\"@id\":\"https:\/\/www.visit-ulcinj.com\/blog\/2009\/02\/27\/adelajda-cfare-ti-pelqesh-asaj\/#breadcrumb\",\"itemListElement\":[{\"@type\":\"ListItem\",\"position\":1,\"name\":\"Adelajda : Cfar\u00eb ti p\u00eblqesh asaj?\"}]},{\"@type\":\"Person\",\"@id\":\"https:\/\/www.visit-ulcinj.com\/blog\/#\/schema\/person\/dcab619c614d3038751c63bc2aadc06d\",\"name\":\"ulqini\",\"sameAs\":[\"http:\/\/www.visit-ulcinj.com\"],\"url\":\"https:\/\/www.visit-ulcinj.com\/blog\/author\/admin\/\"}]}<\/script>\n<!-- \/ Yoast SEO plugin. -->","yoast_head_json":{"title":"Adelajda : Cfar\u00c3\u00ab ti p\u00c3\u00ablqesh asaj? - Big Brother Albania","description":"Big Brother Albania - Mimoza shpreh interes p\u00c3\u00abr t\u00c3\u00ab ditur se cfar\u00c3\u00ab bisede kishte patur Adelajda me Arjonin por ajo i thot\u00c3\u00ab q\u00c3\u00ab asgj\u00c3\u00ab interesante. Adelajda i tregon Mimoz\u00c3\u00abs p\u00c3\u00abr simpatin\u00c3\u00ab q\u00c3\u00ab ka shprehur Arjoni p\u00c3\u00abr Zhuljet\u00c3\u00abn jo si fem\u00c3\u00abr por si person.","robots":{"index":"index","follow":"follow","max-snippet":"max-snippet:-1","max-image-preview":"max-image-preview:large","max-video-preview":"max-video-preview:-1"},"canonical":"https:\/\/www.visit-ulcinj.com\/blog\/2009\/02\/27\/adelajda-cfare-ti-pelqesh-asaj\/","og_locale":"en_US","og_type":"article","og_title":"Adelajda : Cfar\u00c3\u00ab ti p\u00c3\u00ablqesh asaj? - Big Brother Albania","og_description":"Big Brother Albania - Mimoza shpreh interes p\u00c3\u00abr t\u00c3\u00ab ditur se cfar\u00c3\u00ab bisede kishte patur Adelajda me Arjonin por ajo i thot\u00c3\u00ab q\u00c3\u00ab asgj\u00c3\u00ab interesante. Adelajda i tregon Mimoz\u00c3\u00abs p\u00c3\u00abr simpatin\u00c3\u00ab q\u00c3\u00ab ka shprehur Arjoni p\u00c3\u00abr Zhuljet\u00c3\u00abn jo si fem\u00c3\u00abr por si person.","og_url":"https:\/\/www.visit-ulcinj.com\/blog\/2009\/02\/27\/adelajda-cfare-ti-pelqesh-asaj\/","og_site_name":"Lajme nga Ulqini","article_published_time":"2009-02-27T11:27:50+00:00","article_modified_time":"2009-02-28T11:24:16+00:00","og_image":[{"url":"http:\/\/www.visit-ulcinj.com\/blog\/wp-content\/uploads\/2009\/02\/adelajda-per-zhuljeten.jpg"}],"twitter_misc":{"Written by":"ulqini","Est. reading time":"1 minute"},"schema":{"@context":"https:\/\/schema.org","@graph":[{"@type":"WebSite","@id":"https:\/\/www.visit-ulcinj.com\/blog\/#website","url":"https:\/\/www.visit-ulcinj.com\/blog\/","name":"Lajme nga Ulqini","description":"Lajme,Vijesti,Ulqini,Ulqin,Crna Gora,Mali i Zi","potentialAction":[{"@type":"SearchAction","target":{"@type":"EntryPoint","urlTemplate":"https:\/\/www.visit-ulcinj.com\/blog\/?s={search_term_string}"},"query-input":"required name=search_term_string"}],"inLanguage":"en-US"},{"@type":"ImageObject","inLanguage":"en-US","@id":"https:\/\/www.visit-ulcinj.com\/blog\/2009\/02\/27\/adelajda-cfare-ti-pelqesh-asaj\/#primaryimage","url":"http:\/\/www.visit-ulcinj.com\/blog\/wp-content\/uploads\/2009\/02\/adelajda-per-zhuljeten.jpg","contentUrl":"http:\/\/www.visit-ulcinj.com\/blog\/wp-content\/uploads\/2009\/02\/adelajda-per-zhuljeten.jpg"},{"@type":"WebPage","@id":"https:\/\/www.visit-ulcinj.com\/blog\/2009\/02\/27\/adelajda-cfare-ti-pelqesh-asaj\/#webpage","url":"https:\/\/www.visit-ulcinj.com\/blog\/2009\/02\/27\/adelajda-cfare-ti-pelqesh-asaj\/","name":"Adelajda : Cfar\u00c3\u00ab ti p\u00c3\u00ablqesh asaj? - Big Brother Albania","isPartOf":{"@id":"https:\/\/www.visit-ulcinj.com\/blog\/#website"},"primaryImageOfPage":{"@id":"https:\/\/www.visit-ulcinj.com\/blog\/2009\/02\/27\/adelajda-cfare-ti-pelqesh-asaj\/#primaryimage"},"datePublished":"2009-02-27T11:27:50+00:00","dateModified":"2009-02-28T11:24:16+00:00","author":{"@id":"https:\/\/www.visit-ulcinj.com\/blog\/#\/schema\/person\/dcab619c614d3038751c63bc2aadc06d"},"description":"Big Brother Albania - Mimoza shpreh interes p\u00c3\u00abr t\u00c3\u00ab ditur se cfar\u00c3\u00ab bisede kishte patur Adelajda me Arjonin por ajo i thot\u00c3\u00ab q\u00c3\u00ab asgj\u00c3\u00ab interesante. Adelajda i tregon Mimoz\u00c3\u00abs p\u00c3\u00abr simpatin\u00c3\u00ab q\u00c3\u00ab ka shprehur Arjoni p\u00c3\u00abr Zhuljet\u00c3\u00abn jo si fem\u00c3\u00abr por si person.","breadcrumb":{"@id":"https:\/\/www.visit-ulcinj.com\/blog\/2009\/02\/27\/adelajda-cfare-ti-pelqesh-asaj\/#breadcrumb"},"inLanguage":"en-US","potentialAction":[{"@type":"ReadAction","target":["https:\/\/www.visit-ulcinj.com\/blog\/2009\/02\/27\/adelajda-cfare-ti-pelqesh-asaj\/"]}]},{"@type":"BreadcrumbList","@id":"https:\/\/www.visit-ulcinj.com\/blog\/2009\/02\/27\/adelajda-cfare-ti-pelqesh-asaj\/#breadcrumb","itemListElement":[{"@type":"ListItem","position":1,"name":"Adelajda : Cfar\u00eb ti p\u00eblqesh asaj?"}]},{"@type":"Person","@id":"https:\/\/www.visit-ulcinj.com\/blog\/#\/schema\/person\/dcab619c614d3038751c63bc2aadc06d","name":"ulqini","sameAs":["http:\/\/www.visit-ulcinj.com"],"url":"https:\/\/www.visit-ulcinj.com\/blog\/author\/admin\/"}]}},"jetpack_featured_media_url":"","jetpack_sharing_enabled":true,"jetpack_shortlink":"https:\/\/wp.me\/pe6lTn-3fP","_links":{"self":[{"href":"https:\/\/www.visit-ulcinj.com\/blog\/wp-json\/wp\/v2\/posts\/12513"}],"collection":[{"href":"https:\/\/www.visit-ulcinj.com\/blog\/wp-json\/wp\/v2\/posts"}],"about":[{"href":"https:\/\/www.visit-ulcinj.com\/blog\/wp-json\/wp\/v2\/types\/post"}],"author":[{"embeddable":true,"href":"https:\/\/www.visit-ulcinj.com\/blog\/wp-json\/wp\/v2\/users\/1"}],"replies":[{"embeddable":true,"href":"https:\/\/www.visit-ulcinj.com\/blog\/wp-json\/wp\/v2\/comments?post=12513"}],"version-history":[{"count":0,"href":"https:\/\/www.visit-ulcinj.com\/blog\/wp-json\/wp\/v2\/posts\/12513\/revisions"}],"wp:attachment":[{"href":"https:\/\/www.visit-ulcinj.com\/blog\/wp-json\/wp\/v2\/media?parent=12513"}],"wp:term":[{"taxonomy":"category","embeddable":true,"href":"https:\/\/www.visit-ulcinj.com\/blog\/wp-json\/wp\/v2\/categories?post=12513"},{"taxonomy":"post_tag","embeddable":true,"href":"https:\/\/www.visit-ulcinj.com\/blog\/wp-json\/wp\/v2\/tags?post=12513"}],"curies":[{"name":"wp","href":"https:\/\/api.w.org\/{rel}","templated":true}]}}