{"id":12516,"date":"2009-02-28T12:28:32","date_gmt":"2009-02-28T11:28:32","guid":{"rendered":"http:\/\/www.visit-ulcinj.com\/blog\/?p=12516"},"modified":"2009-02-28T12:24:47","modified_gmt":"2009-02-28T11:24:47","slug":"mimoza-e-agoni-mendime-per-banoret","status":"publish","type":"post","link":"https:\/\/www.visit-ulcinj.com\/blog\/2009\/02\/28\/mimoza-e-agoni-mendime-per-banoret\/","title":{"rendered":"Mimoza \u00eb Agoni &#8211; Mendime per banoret"},"content":{"rendered":"<p><em><span class=\"newsdate\"><span style=\"font-style: normal;\"><a href=\"http:\/\/www.visit-ulcinj.com\/blog\/wp-content\/uploads\/2009\/02\/moza-agon.jpg\"><img loading=\"lazy\" class=\"alignleft size-full wp-image-12517\" title=\"moza-agon-big-brother-albania\" src=\"http:\/\/www.visit-ulcinj.com\/blog\/wp-content\/uploads\/2009\/02\/moza-agon.jpg\" alt=\"moza-agon-big-brother-albania\" width=\"300\" height=\"205\" \/><\/a><\/span>27\/02\/09 17:36<\/span><\/em><\/p>\n<p>Agoni dhe Mimoza gjat\u00eb turnit diskutojn p\u00ebr persona t\u00eb ndrysh\u00ebm n\u00eb sht\u00ebpi. Mimoza thot\u00eb q\u00eb Arjoni nuk i pelqen p\u00ebr tipin kurioz q\u00eb ka. Ajo thot\u00eb q\u00eb ai \u00ebsht\u00eb nj\u00eb person q\u00eb do t\u00eb di shum\u00eb gj\u00ebra q\u00eb nuk i takojn,dhe se e bezdis kjo gj\u00eb.Mimoza shton q\u00eb nj\u00eb person duhet ta njoh\u00ebsh ngadal\u00eb dhe jo tja dish gj\u00ebrat direkt.Agoni shprehet n\u00eb lidhje me antipatin q\u00eb ka Adeljada p\u00ebr t\u00eb dhe thot\u00eb q\u00eb nuk di si t\u00eb b\u00ebj muhabet me t\u00eb. Mimoza i thot\u00eb q\u00eb ajo nuk e kishte qejf q\u00eb kur hyri dhe nuk i dha shansin q\u00eb ta njihte prandaj do ishte m\u00eb mir\u00eb t\u00eb mos fliste me t\u00eb p\u00ebrderisa ajo nuk do. Mimoza i shpreh habin\u00eb Agonit n\u00eb lidhje me Lirit\u00ebn sepse nuk e kishte menduar kurr\u00eb q\u00eb ajo mund t\u00eb ishte e virgj\u00ebr por e kishte marr\u00eb vesh nga loja me shishe.Ajo i thot\u00eb q\u00eb kjo gj\u00eb shpreh karakterin e nj\u00eb personi nd\u00ebrsa Agon thot\u00eb q\u00eb nuk varet karkteri nga ajo gj\u00eb.<\/p>\n","protected":false},"excerpt":{"rendered":"<p>27\/02\/09 17:36 Agoni dhe Mimoza gjat\u00eb turnit diskutojn p\u00ebr persona t\u00eb ndrysh\u00ebm n\u00eb sht\u00ebpi. Mimoza thot\u00eb q\u00eb Arjoni nuk i pelqen p\u00ebr tipin kurioz q\u00eb ka. Ajo thot\u00eb q\u00eb ai \u00ebsht\u00eb nj\u00eb person q\u00eb do t\u00eb di shum\u00eb gj\u00ebra q\u00eb nuk i takojn,dhe se e bezdis kjo gj\u00eb.Mimoza shton q\u00eb nj\u00eb person duhet ta njoh\u00ebsh [&hellip;]<\/p>\n","protected":false},"author":1,"featured_media":0,"comment_status":"open","ping_status":"closed","sticky":false,"template":"","format":"standard","meta":{"spay_email":"","jetpack_publicize_message":"","jetpack_is_tweetstorm":false,"jetpack_publicize_feature_enabled":true},"categories":[6502],"tags":[6551,5057,6506,6712,7129,6568,7272,6544,6891,6693,6887],"jetpack_publicize_connections":[],"yoast_head":"<!-- This site is optimized with the Yoast SEO plugin v19.1 - https:\/\/yoast.com\/wordpress\/plugins\/seo\/ -->\n<title>Mimoza \u00c3\u00ab Agoni - Mendime per banoret - Big Brother Albania<\/title>\n<meta name=\"description\" content=\"Big Brother Albania - Agoni dhe Mimoza gjat\u00c3\u00ab turnit diskutojn p\u00c3\u00abr persona t\u00c3\u00ab ndrysh\u00c3\u00abm n\u00c3\u00ab sht\u00c3\u00abpi. Mimoza thot\u00c3\u00ab q\u00c3\u00ab Arjoni nuk i pelqen p\u00c3\u00abr tipin kurioz q\u00c3\u00ab ka\" \/>\n<meta name=\"robots\" content=\"index, follow, max-snippet:-1, max-image-preview:large, max-video-preview:-1\" \/>\n<link rel=\"canonical\" href=\"https:\/\/www.visit-ulcinj.com\/blog\/2009\/02\/28\/mimoza-e-agoni-mendime-per-banoret\/\" \/>\n<meta property=\"og:locale\" content=\"en_US\" \/>\n<meta property=\"og:type\" content=\"article\" \/>\n<meta property=\"og:title\" content=\"Mimoza \u00c3\u00ab Agoni - Mendime per banoret - Big Brother Albania\" \/>\n<meta property=\"og:description\" content=\"Big Brother Albania - Agoni dhe Mimoza gjat\u00c3\u00ab turnit diskutojn p\u00c3\u00abr persona t\u00c3\u00ab ndrysh\u00c3\u00abm n\u00c3\u00ab sht\u00c3\u00abpi. Mimoza thot\u00c3\u00ab q\u00c3\u00ab Arjoni nuk i pelqen p\u00c3\u00abr tipin kurioz q\u00c3\u00ab ka\" \/>\n<meta property=\"og:url\" content=\"https:\/\/www.visit-ulcinj.com\/blog\/2009\/02\/28\/mimoza-e-agoni-mendime-per-banoret\/\" \/>\n<meta property=\"og:site_name\" content=\"Lajme nga Ulqini\" \/>\n<meta property=\"article:published_time\" content=\"2009-02-28T11:28:32+00:00\" \/>\n<meta property=\"article:modified_time\" content=\"2009-02-28T11:24:47+00:00\" \/>\n<meta property=\"og:image\" content=\"http:\/\/www.visit-ulcinj.com\/blog\/wp-content\/uploads\/2009\/02\/moza-agon.jpg\" \/>\n<meta name=\"twitter:label1\" content=\"Written by\" \/>\n\t<meta name=\"twitter:data1\" content=\"ulqini\" \/>\n\t<meta name=\"twitter:label2\" content=\"Est. reading time\" \/>\n\t<meta name=\"twitter:data2\" content=\"1 minute\" \/>\n<script type=\"application\/ld+json\" class=\"yoast-schema-graph\">{\"@context\":\"https:\/\/schema.org\",\"@graph\":[{\"@type\":\"WebSite\",\"@id\":\"https:\/\/www.visit-ulcinj.com\/blog\/#website\",\"url\":\"https:\/\/www.visit-ulcinj.com\/blog\/\",\"name\":\"Lajme nga Ulqini\",\"description\":\"Lajme,Vijesti,Ulqini,Ulqin,Crna Gora,Mali i Zi\",\"potentialAction\":[{\"@type\":\"SearchAction\",\"target\":{\"@type\":\"EntryPoint\",\"urlTemplate\":\"https:\/\/www.visit-ulcinj.com\/blog\/?s={search_term_string}\"},\"query-input\":\"required name=search_term_string\"}],\"inLanguage\":\"en-US\"},{\"@type\":\"ImageObject\",\"inLanguage\":\"en-US\",\"@id\":\"https:\/\/www.visit-ulcinj.com\/blog\/2009\/02\/28\/mimoza-e-agoni-mendime-per-banoret\/#primaryimage\",\"url\":\"http:\/\/www.visit-ulcinj.com\/blog\/wp-content\/uploads\/2009\/02\/moza-agon.jpg\",\"contentUrl\":\"http:\/\/www.visit-ulcinj.com\/blog\/wp-content\/uploads\/2009\/02\/moza-agon.jpg\"},{\"@type\":\"WebPage\",\"@id\":\"https:\/\/www.visit-ulcinj.com\/blog\/2009\/02\/28\/mimoza-e-agoni-mendime-per-banoret\/#webpage\",\"url\":\"https:\/\/www.visit-ulcinj.com\/blog\/2009\/02\/28\/mimoza-e-agoni-mendime-per-banoret\/\",\"name\":\"Mimoza \u00c3\u00ab Agoni - Mendime per banoret - Big Brother Albania\",\"isPartOf\":{\"@id\":\"https:\/\/www.visit-ulcinj.com\/blog\/#website\"},\"primaryImageOfPage\":{\"@id\":\"https:\/\/www.visit-ulcinj.com\/blog\/2009\/02\/28\/mimoza-e-agoni-mendime-per-banoret\/#primaryimage\"},\"datePublished\":\"2009-02-28T11:28:32+00:00\",\"dateModified\":\"2009-02-28T11:24:47+00:00\",\"author\":{\"@id\":\"https:\/\/www.visit-ulcinj.com\/blog\/#\/schema\/person\/dcab619c614d3038751c63bc2aadc06d\"},\"description\":\"Big Brother Albania - Agoni dhe Mimoza gjat\u00c3\u00ab turnit diskutojn p\u00c3\u00abr persona t\u00c3\u00ab ndrysh\u00c3\u00abm n\u00c3\u00ab sht\u00c3\u00abpi. Mimoza thot\u00c3\u00ab q\u00c3\u00ab Arjoni nuk i pelqen p\u00c3\u00abr tipin kurioz q\u00c3\u00ab ka\",\"breadcrumb\":{\"@id\":\"https:\/\/www.visit-ulcinj.com\/blog\/2009\/02\/28\/mimoza-e-agoni-mendime-per-banoret\/#breadcrumb\"},\"inLanguage\":\"en-US\",\"potentialAction\":[{\"@type\":\"ReadAction\",\"target\":[\"https:\/\/www.visit-ulcinj.com\/blog\/2009\/02\/28\/mimoza-e-agoni-mendime-per-banoret\/\"]}]},{\"@type\":\"BreadcrumbList\",\"@id\":\"https:\/\/www.visit-ulcinj.com\/blog\/2009\/02\/28\/mimoza-e-agoni-mendime-per-banoret\/#breadcrumb\",\"itemListElement\":[{\"@type\":\"ListItem\",\"position\":1,\"name\":\"Mimoza \u00eb Agoni &#8211; Mendime per banoret\"}]},{\"@type\":\"Person\",\"@id\":\"https:\/\/www.visit-ulcinj.com\/blog\/#\/schema\/person\/dcab619c614d3038751c63bc2aadc06d\",\"name\":\"ulqini\",\"sameAs\":[\"http:\/\/www.visit-ulcinj.com\"],\"url\":\"https:\/\/www.visit-ulcinj.com\/blog\/author\/admin\/\"}]}<\/script>\n<!-- \/ Yoast SEO plugin. -->","yoast_head_json":{"title":"Mimoza \u00c3\u00ab Agoni - Mendime per banoret - Big Brother Albania","description":"Big Brother Albania - Agoni dhe Mimoza gjat\u00c3\u00ab turnit diskutojn p\u00c3\u00abr persona t\u00c3\u00ab ndrysh\u00c3\u00abm n\u00c3\u00ab sht\u00c3\u00abpi. Mimoza thot\u00c3\u00ab q\u00c3\u00ab Arjoni nuk i pelqen p\u00c3\u00abr tipin kurioz q\u00c3\u00ab ka","robots":{"index":"index","follow":"follow","max-snippet":"max-snippet:-1","max-image-preview":"max-image-preview:large","max-video-preview":"max-video-preview:-1"},"canonical":"https:\/\/www.visit-ulcinj.com\/blog\/2009\/02\/28\/mimoza-e-agoni-mendime-per-banoret\/","og_locale":"en_US","og_type":"article","og_title":"Mimoza \u00c3\u00ab Agoni - Mendime per banoret - Big Brother Albania","og_description":"Big Brother Albania - Agoni dhe Mimoza gjat\u00c3\u00ab turnit diskutojn p\u00c3\u00abr persona t\u00c3\u00ab ndrysh\u00c3\u00abm n\u00c3\u00ab sht\u00c3\u00abpi. Mimoza thot\u00c3\u00ab q\u00c3\u00ab Arjoni nuk i pelqen p\u00c3\u00abr tipin kurioz q\u00c3\u00ab ka","og_url":"https:\/\/www.visit-ulcinj.com\/blog\/2009\/02\/28\/mimoza-e-agoni-mendime-per-banoret\/","og_site_name":"Lajme nga Ulqini","article_published_time":"2009-02-28T11:28:32+00:00","article_modified_time":"2009-02-28T11:24:47+00:00","og_image":[{"url":"http:\/\/www.visit-ulcinj.com\/blog\/wp-content\/uploads\/2009\/02\/moza-agon.jpg"}],"twitter_misc":{"Written by":"ulqini","Est. reading time":"1 minute"},"schema":{"@context":"https:\/\/schema.org","@graph":[{"@type":"WebSite","@id":"https:\/\/www.visit-ulcinj.com\/blog\/#website","url":"https:\/\/www.visit-ulcinj.com\/blog\/","name":"Lajme nga Ulqini","description":"Lajme,Vijesti,Ulqini,Ulqin,Crna Gora,Mali i Zi","potentialAction":[{"@type":"SearchAction","target":{"@type":"EntryPoint","urlTemplate":"https:\/\/www.visit-ulcinj.com\/blog\/?s={search_term_string}"},"query-input":"required name=search_term_string"}],"inLanguage":"en-US"},{"@type":"ImageObject","inLanguage":"en-US","@id":"https:\/\/www.visit-ulcinj.com\/blog\/2009\/02\/28\/mimoza-e-agoni-mendime-per-banoret\/#primaryimage","url":"http:\/\/www.visit-ulcinj.com\/blog\/wp-content\/uploads\/2009\/02\/moza-agon.jpg","contentUrl":"http:\/\/www.visit-ulcinj.com\/blog\/wp-content\/uploads\/2009\/02\/moza-agon.jpg"},{"@type":"WebPage","@id":"https:\/\/www.visit-ulcinj.com\/blog\/2009\/02\/28\/mimoza-e-agoni-mendime-per-banoret\/#webpage","url":"https:\/\/www.visit-ulcinj.com\/blog\/2009\/02\/28\/mimoza-e-agoni-mendime-per-banoret\/","name":"Mimoza \u00c3\u00ab Agoni - Mendime per banoret - Big Brother Albania","isPartOf":{"@id":"https:\/\/www.visit-ulcinj.com\/blog\/#website"},"primaryImageOfPage":{"@id":"https:\/\/www.visit-ulcinj.com\/blog\/2009\/02\/28\/mimoza-e-agoni-mendime-per-banoret\/#primaryimage"},"datePublished":"2009-02-28T11:28:32+00:00","dateModified":"2009-02-28T11:24:47+00:00","author":{"@id":"https:\/\/www.visit-ulcinj.com\/blog\/#\/schema\/person\/dcab619c614d3038751c63bc2aadc06d"},"description":"Big Brother Albania - Agoni dhe Mimoza gjat\u00c3\u00ab turnit diskutojn p\u00c3\u00abr persona t\u00c3\u00ab ndrysh\u00c3\u00abm n\u00c3\u00ab sht\u00c3\u00abpi. Mimoza thot\u00c3\u00ab q\u00c3\u00ab Arjoni nuk i pelqen p\u00c3\u00abr tipin kurioz q\u00c3\u00ab ka","breadcrumb":{"@id":"https:\/\/www.visit-ulcinj.com\/blog\/2009\/02\/28\/mimoza-e-agoni-mendime-per-banoret\/#breadcrumb"},"inLanguage":"en-US","potentialAction":[{"@type":"ReadAction","target":["https:\/\/www.visit-ulcinj.com\/blog\/2009\/02\/28\/mimoza-e-agoni-mendime-per-banoret\/"]}]},{"@type":"BreadcrumbList","@id":"https:\/\/www.visit-ulcinj.com\/blog\/2009\/02\/28\/mimoza-e-agoni-mendime-per-banoret\/#breadcrumb","itemListElement":[{"@type":"ListItem","position":1,"name":"Mimoza \u00eb Agoni &#8211; Mendime per banoret"}]},{"@type":"Person","@id":"https:\/\/www.visit-ulcinj.com\/blog\/#\/schema\/person\/dcab619c614d3038751c63bc2aadc06d","name":"ulqini","sameAs":["http:\/\/www.visit-ulcinj.com"],"url":"https:\/\/www.visit-ulcinj.com\/blog\/author\/admin\/"}]}},"jetpack_featured_media_url":"","jetpack_sharing_enabled":true,"jetpack_shortlink":"https:\/\/wp.me\/pe6lTn-3fS","_links":{"self":[{"href":"https:\/\/www.visit-ulcinj.com\/blog\/wp-json\/wp\/v2\/posts\/12516"}],"collection":[{"href":"https:\/\/www.visit-ulcinj.com\/blog\/wp-json\/wp\/v2\/posts"}],"about":[{"href":"https:\/\/www.visit-ulcinj.com\/blog\/wp-json\/wp\/v2\/types\/post"}],"author":[{"embeddable":true,"href":"https:\/\/www.visit-ulcinj.com\/blog\/wp-json\/wp\/v2\/users\/1"}],"replies":[{"embeddable":true,"href":"https:\/\/www.visit-ulcinj.com\/blog\/wp-json\/wp\/v2\/comments?post=12516"}],"version-history":[{"count":0,"href":"https:\/\/www.visit-ulcinj.com\/blog\/wp-json\/wp\/v2\/posts\/12516\/revisions"}],"wp:attachment":[{"href":"https:\/\/www.visit-ulcinj.com\/blog\/wp-json\/wp\/v2\/media?parent=12516"}],"wp:term":[{"taxonomy":"category","embeddable":true,"href":"https:\/\/www.visit-ulcinj.com\/blog\/wp-json\/wp\/v2\/categories?post=12516"},{"taxonomy":"post_tag","embeddable":true,"href":"https:\/\/www.visit-ulcinj.com\/blog\/wp-json\/wp\/v2\/tags?post=12516"}],"curies":[{"name":"wp","href":"https:\/\/api.w.org\/{rel}","templated":true}]}}