{"id":12534,"date":"2009-02-28T14:46:47","date_gmt":"2009-02-28T13:46:47","guid":{"rendered":"http:\/\/www.visit-ulcinj.com\/blog\/?p=12534"},"modified":"2009-02-28T14:46:51","modified_gmt":"2009-02-28T13:46:51","slug":"disco-puls-soni-malaj-28-shkurt-2","status":"publish","type":"post","link":"https:\/\/www.visit-ulcinj.com\/blog\/2009\/02\/28\/disco-puls-soni-malaj-28-shkurt-2\/","title":{"rendered":"Disco Puls: Soni Malaj &#8211; 28 Shkurt"},"content":{"rendered":"<p class=\"Stil2\" style=\"text-align: left;\"><strong><a rel=\"attachment wp-att-11978\" href=\"http:\/\/www.visit-ulcinj.com\/blog\/2009\/02\/22\/disco-puls-soni-malaj-28-shkurt\/disco-puls_soni-malaj_flyera6__\/\"><img loading=\"lazy\" class=\"alignleft size-full wp-image-11978\" title=\"disco-puls_soni-malaj_flyera6__\" src=\"http:\/\/www.visit-ulcinj.com\/blog\/wp-content\/uploads\/2009\/02\/disco-puls_soni-malaj_flyera6__.jpg\" alt=\"disco-puls_soni-malaj_flyera6__\" width=\"570\" height=\"700\" \/><\/a><\/strong><\/p>\n<p class=\"Stil2\" style=\"text-align: left;\"><span class=\"Stil82\"><br \/>\n<strong><span class=\"Stil91\">T\u00eb Shtun\u00ebn <\/span><br \/>\n28.02.09<br \/>\n<span class=\"Stil100\">SONI MALAJ<\/span><br \/>\nBajram DOBRA &amp; Nusran FERA<br \/>\nRESIDENT DJ <\/strong> <\/span><span class=\"Stil38\"><span class=\"Stil40\"><br \/>\n<\/span><\/span><br \/>\n<strong>Disco PULS \u00e7do t\u00eb Premt\u00eb dhe t\u00eb Shtun\u00eb<\/strong><\/p>\n<p class=\"Stil2\" style=\"text-align: left;\">\u00ebsht\u00eb e hapur p\u00ebr disponimin tuaj&#8230;<\/p>\n<p>\u00eb t\u00eb organizoni nj\u00eb aheng si p.sh.:Datlindje ,Das\u00ebm ose pa marr\u00eb parasysh qfar ahengu mund t\u00eb rezevroni tek ne&#8230;<strong> Info.076 449 57 09<\/strong><\/p>\n<p>E-Mail:<strong> <a href=\"info@disco-puls.ch\" target=\"_blank\">info@disco-puls.ch<\/a><\/strong><\/p>\n<p class=\"Stil1\" style=\"text-align: left;\"><strong>Disco Puls <\/strong><\/p>\n<p class=\"Stil1\" style=\"text-align: left;\"><strong>Industriestr. 40 <\/strong><\/p>\n<p class=\"Stil1\" style=\"text-align: left;\"><strong>Lenzburg<\/strong><\/p>\n<p class=\"Stil1\" style=\"text-align: left;\"><strong>info@disco-puls.ch<\/strong><\/p>\n<p class=\"Stil1\" style=\"text-align: left;\"><strong><a class=\"Stil2\" href=\"http:\/\/www.disco-puls.ch\/\">www.disco-puls.ch<\/a><\/strong><\/p>\n<p class=\"Stil1\" style=\"text-align: left;\"><strong>076 \/ 449 57 09<\/strong><\/p>\n<p class=\"Stil1\" style=\"text-align: left;\"><strong>076 \/ 589 15 91 <\/strong><\/p>\n","protected":false},"excerpt":{"rendered":"<p>T\u00eb Shtun\u00ebn 28.02.09 SONI MALAJ Bajram DOBRA &amp; Nusran FERA RESIDENT DJ Disco PULS \u00e7do t\u00eb Premt\u00eb dhe t\u00eb Shtun\u00eb \u00ebsht\u00eb e hapur p\u00ebr disponimin tuaj&#8230; \u00eb t\u00eb organizoni nj\u00eb aheng si p.sh.:Datlindje ,Das\u00ebm ose pa marr\u00eb parasysh qfar ahengu mund t\u00eb rezevroni tek ne&#8230; Info.076 449 57 09 E-Mail: info@disco-puls.ch Disco Puls Industriestr. 40 [&hellip;]<\/p>\n","protected":false},"author":1,"featured_media":0,"comment_status":"open","ping_status":"closed","sticky":false,"template":"","format":"standard","meta":{"spay_email":"","jetpack_publicize_message":"","jetpack_is_tweetstorm":false,"jetpack_publicize_feature_enabled":true},"categories":[6950],"tags":[7045,7042,7044,7043,7048,7046,7047,4904,7049],"jetpack_publicize_connections":[],"yoast_head":"<!-- This site is optimized with the Yoast SEO plugin v19.1 - https:\/\/yoast.com\/wordpress\/plugins\/seo\/ -->\n<title>Disco Puls: Soni Malaj - 28 Shkurt - Lajme nga Ulqini<\/title>\n<meta name=\"description\" content=\"T\u00eb Shtun\u00ebn 28.02.09 SONI MALAJ Bajram DOBRA &amp; Nusran FERA RESIDENT DJ Disco PULS \u00e7do t\u00eb Premt\u00eb dhe t\u00eb Shtun\u00eb \u00ebsht\u00eb e hapur p\u00ebr disponimin tuaj... \u00eb t\u00eb\" \/>\n<meta name=\"robots\" content=\"index, follow, max-snippet:-1, max-image-preview:large, max-video-preview:-1\" \/>\n<link rel=\"canonical\" href=\"https:\/\/www.visit-ulcinj.com\/blog\/2009\/02\/28\/disco-puls-soni-malaj-28-shkurt-2\/\" \/>\n<meta property=\"og:locale\" content=\"en_US\" \/>\n<meta property=\"og:type\" content=\"article\" \/>\n<meta property=\"og:title\" content=\"Disco Puls: Soni Malaj - 28 Shkurt - Lajme nga Ulqini\" \/>\n<meta property=\"og:description\" content=\"T\u00eb Shtun\u00ebn 28.02.09 SONI MALAJ Bajram DOBRA &amp; Nusran FERA RESIDENT DJ Disco PULS \u00e7do t\u00eb Premt\u00eb dhe t\u00eb Shtun\u00eb \u00ebsht\u00eb e hapur p\u00ebr disponimin tuaj... \u00eb t\u00eb\" \/>\n<meta property=\"og:url\" content=\"https:\/\/www.visit-ulcinj.com\/blog\/2009\/02\/28\/disco-puls-soni-malaj-28-shkurt-2\/\" \/>\n<meta property=\"og:site_name\" content=\"Lajme nga Ulqini\" \/>\n<meta property=\"article:published_time\" content=\"2009-02-28T13:46:47+00:00\" \/>\n<meta property=\"article:modified_time\" content=\"2009-02-28T13:46:51+00:00\" \/>\n<meta property=\"og:image\" content=\"http:\/\/www.visit-ulcinj.com\/blog\/wp-content\/uploads\/2009\/02\/disco-puls_soni-malaj_flyera6__.jpg\" \/>\n<meta name=\"twitter:label1\" content=\"Written by\" \/>\n\t<meta name=\"twitter:data1\" content=\"ulqini\" \/>\n<script type=\"application\/ld+json\" class=\"yoast-schema-graph\">{\"@context\":\"https:\/\/schema.org\",\"@graph\":[{\"@type\":\"WebSite\",\"@id\":\"https:\/\/www.visit-ulcinj.com\/blog\/#website\",\"url\":\"https:\/\/www.visit-ulcinj.com\/blog\/\",\"name\":\"Lajme nga Ulqini\",\"description\":\"Lajme,Vijesti,Ulqini,Ulqin,Crna Gora,Mali i Zi\",\"potentialAction\":[{\"@type\":\"SearchAction\",\"target\":{\"@type\":\"EntryPoint\",\"urlTemplate\":\"https:\/\/www.visit-ulcinj.com\/blog\/?s={search_term_string}\"},\"query-input\":\"required name=search_term_string\"}],\"inLanguage\":\"en-US\"},{\"@type\":\"ImageObject\",\"inLanguage\":\"en-US\",\"@id\":\"https:\/\/www.visit-ulcinj.com\/blog\/2009\/02\/28\/disco-puls-soni-malaj-28-shkurt-2\/#primaryimage\",\"url\":\"http:\/\/www.visit-ulcinj.com\/blog\/wp-content\/uploads\/2009\/02\/disco-puls_soni-malaj_flyera6__.jpg\",\"contentUrl\":\"http:\/\/www.visit-ulcinj.com\/blog\/wp-content\/uploads\/2009\/02\/disco-puls_soni-malaj_flyera6__.jpg\"},{\"@type\":\"WebPage\",\"@id\":\"https:\/\/www.visit-ulcinj.com\/blog\/2009\/02\/28\/disco-puls-soni-malaj-28-shkurt-2\/#webpage\",\"url\":\"https:\/\/www.visit-ulcinj.com\/blog\/2009\/02\/28\/disco-puls-soni-malaj-28-shkurt-2\/\",\"name\":\"Disco Puls: Soni Malaj - 28 Shkurt - Lajme nga Ulqini\",\"isPartOf\":{\"@id\":\"https:\/\/www.visit-ulcinj.com\/blog\/#website\"},\"primaryImageOfPage\":{\"@id\":\"https:\/\/www.visit-ulcinj.com\/blog\/2009\/02\/28\/disco-puls-soni-malaj-28-shkurt-2\/#primaryimage\"},\"datePublished\":\"2009-02-28T13:46:47+00:00\",\"dateModified\":\"2009-02-28T13:46:51+00:00\",\"author\":{\"@id\":\"https:\/\/www.visit-ulcinj.com\/blog\/#\/schema\/person\/dcab619c614d3038751c63bc2aadc06d\"},\"description\":\"T\u00eb Shtun\u00ebn 28.02.09 SONI MALAJ Bajram DOBRA &amp; Nusran FERA RESIDENT DJ Disco PULS \u00e7do t\u00eb Premt\u00eb dhe t\u00eb Shtun\u00eb \u00ebsht\u00eb e hapur p\u00ebr disponimin tuaj... \u00eb t\u00eb\",\"breadcrumb\":{\"@id\":\"https:\/\/www.visit-ulcinj.com\/blog\/2009\/02\/28\/disco-puls-soni-malaj-28-shkurt-2\/#breadcrumb\"},\"inLanguage\":\"en-US\",\"potentialAction\":[{\"@type\":\"ReadAction\",\"target\":[\"https:\/\/www.visit-ulcinj.com\/blog\/2009\/02\/28\/disco-puls-soni-malaj-28-shkurt-2\/\"]}]},{\"@type\":\"BreadcrumbList\",\"@id\":\"https:\/\/www.visit-ulcinj.com\/blog\/2009\/02\/28\/disco-puls-soni-malaj-28-shkurt-2\/#breadcrumb\",\"itemListElement\":[{\"@type\":\"ListItem\",\"position\":1,\"name\":\"Disco Puls: Soni Malaj &#8211; 28 Shkurt\"}]},{\"@type\":\"Person\",\"@id\":\"https:\/\/www.visit-ulcinj.com\/blog\/#\/schema\/person\/dcab619c614d3038751c63bc2aadc06d\",\"name\":\"ulqini\",\"sameAs\":[\"http:\/\/www.visit-ulcinj.com\"],\"url\":\"https:\/\/www.visit-ulcinj.com\/blog\/author\/admin\/\"}]}<\/script>\n<!-- \/ Yoast SEO plugin. -->","yoast_head_json":{"title":"Disco Puls: Soni Malaj - 28 Shkurt - Lajme nga Ulqini","description":"T\u00eb Shtun\u00ebn 28.02.09 SONI MALAJ Bajram DOBRA &amp; Nusran FERA RESIDENT DJ Disco PULS \u00e7do t\u00eb Premt\u00eb dhe t\u00eb Shtun\u00eb \u00ebsht\u00eb e hapur p\u00ebr disponimin tuaj... \u00eb t\u00eb","robots":{"index":"index","follow":"follow","max-snippet":"max-snippet:-1","max-image-preview":"max-image-preview:large","max-video-preview":"max-video-preview:-1"},"canonical":"https:\/\/www.visit-ulcinj.com\/blog\/2009\/02\/28\/disco-puls-soni-malaj-28-shkurt-2\/","og_locale":"en_US","og_type":"article","og_title":"Disco Puls: Soni Malaj - 28 Shkurt - Lajme nga Ulqini","og_description":"T\u00eb Shtun\u00ebn 28.02.09 SONI MALAJ Bajram DOBRA &amp; Nusran FERA RESIDENT DJ Disco PULS \u00e7do t\u00eb Premt\u00eb dhe t\u00eb Shtun\u00eb \u00ebsht\u00eb e hapur p\u00ebr disponimin tuaj... \u00eb t\u00eb","og_url":"https:\/\/www.visit-ulcinj.com\/blog\/2009\/02\/28\/disco-puls-soni-malaj-28-shkurt-2\/","og_site_name":"Lajme nga Ulqini","article_published_time":"2009-02-28T13:46:47+00:00","article_modified_time":"2009-02-28T13:46:51+00:00","og_image":[{"url":"http:\/\/www.visit-ulcinj.com\/blog\/wp-content\/uploads\/2009\/02\/disco-puls_soni-malaj_flyera6__.jpg"}],"twitter_misc":{"Written by":"ulqini"},"schema":{"@context":"https:\/\/schema.org","@graph":[{"@type":"WebSite","@id":"https:\/\/www.visit-ulcinj.com\/blog\/#website","url":"https:\/\/www.visit-ulcinj.com\/blog\/","name":"Lajme nga Ulqini","description":"Lajme,Vijesti,Ulqini,Ulqin,Crna Gora,Mali i Zi","potentialAction":[{"@type":"SearchAction","target":{"@type":"EntryPoint","urlTemplate":"https:\/\/www.visit-ulcinj.com\/blog\/?s={search_term_string}"},"query-input":"required name=search_term_string"}],"inLanguage":"en-US"},{"@type":"ImageObject","inLanguage":"en-US","@id":"https:\/\/www.visit-ulcinj.com\/blog\/2009\/02\/28\/disco-puls-soni-malaj-28-shkurt-2\/#primaryimage","url":"http:\/\/www.visit-ulcinj.com\/blog\/wp-content\/uploads\/2009\/02\/disco-puls_soni-malaj_flyera6__.jpg","contentUrl":"http:\/\/www.visit-ulcinj.com\/blog\/wp-content\/uploads\/2009\/02\/disco-puls_soni-malaj_flyera6__.jpg"},{"@type":"WebPage","@id":"https:\/\/www.visit-ulcinj.com\/blog\/2009\/02\/28\/disco-puls-soni-malaj-28-shkurt-2\/#webpage","url":"https:\/\/www.visit-ulcinj.com\/blog\/2009\/02\/28\/disco-puls-soni-malaj-28-shkurt-2\/","name":"Disco Puls: Soni Malaj - 28 Shkurt - Lajme nga Ulqini","isPartOf":{"@id":"https:\/\/www.visit-ulcinj.com\/blog\/#website"},"primaryImageOfPage":{"@id":"https:\/\/www.visit-ulcinj.com\/blog\/2009\/02\/28\/disco-puls-soni-malaj-28-shkurt-2\/#primaryimage"},"datePublished":"2009-02-28T13:46:47+00:00","dateModified":"2009-02-28T13:46:51+00:00","author":{"@id":"https:\/\/www.visit-ulcinj.com\/blog\/#\/schema\/person\/dcab619c614d3038751c63bc2aadc06d"},"description":"T\u00eb Shtun\u00ebn 28.02.09 SONI MALAJ Bajram DOBRA &amp; Nusran FERA RESIDENT DJ Disco PULS \u00e7do t\u00eb Premt\u00eb dhe t\u00eb Shtun\u00eb \u00ebsht\u00eb e hapur p\u00ebr disponimin tuaj... \u00eb t\u00eb","breadcrumb":{"@id":"https:\/\/www.visit-ulcinj.com\/blog\/2009\/02\/28\/disco-puls-soni-malaj-28-shkurt-2\/#breadcrumb"},"inLanguage":"en-US","potentialAction":[{"@type":"ReadAction","target":["https:\/\/www.visit-ulcinj.com\/blog\/2009\/02\/28\/disco-puls-soni-malaj-28-shkurt-2\/"]}]},{"@type":"BreadcrumbList","@id":"https:\/\/www.visit-ulcinj.com\/blog\/2009\/02\/28\/disco-puls-soni-malaj-28-shkurt-2\/#breadcrumb","itemListElement":[{"@type":"ListItem","position":1,"name":"Disco Puls: Soni Malaj &#8211; 28 Shkurt"}]},{"@type":"Person","@id":"https:\/\/www.visit-ulcinj.com\/blog\/#\/schema\/person\/dcab619c614d3038751c63bc2aadc06d","name":"ulqini","sameAs":["http:\/\/www.visit-ulcinj.com"],"url":"https:\/\/www.visit-ulcinj.com\/blog\/author\/admin\/"}]}},"jetpack_featured_media_url":"","jetpack_sharing_enabled":true,"jetpack_shortlink":"https:\/\/wp.me\/pe6lTn-3ga","_links":{"self":[{"href":"https:\/\/www.visit-ulcinj.com\/blog\/wp-json\/wp\/v2\/posts\/12534"}],"collection":[{"href":"https:\/\/www.visit-ulcinj.com\/blog\/wp-json\/wp\/v2\/posts"}],"about":[{"href":"https:\/\/www.visit-ulcinj.com\/blog\/wp-json\/wp\/v2\/types\/post"}],"author":[{"embeddable":true,"href":"https:\/\/www.visit-ulcinj.com\/blog\/wp-json\/wp\/v2\/users\/1"}],"replies":[{"embeddable":true,"href":"https:\/\/www.visit-ulcinj.com\/blog\/wp-json\/wp\/v2\/comments?post=12534"}],"version-history":[{"count":0,"href":"https:\/\/www.visit-ulcinj.com\/blog\/wp-json\/wp\/v2\/posts\/12534\/revisions"}],"wp:attachment":[{"href":"https:\/\/www.visit-ulcinj.com\/blog\/wp-json\/wp\/v2\/media?parent=12534"}],"wp:term":[{"taxonomy":"category","embeddable":true,"href":"https:\/\/www.visit-ulcinj.com\/blog\/wp-json\/wp\/v2\/categories?post=12534"},{"taxonomy":"post_tag","embeddable":true,"href":"https:\/\/www.visit-ulcinj.com\/blog\/wp-json\/wp\/v2\/tags?post=12534"}],"curies":[{"name":"wp","href":"https:\/\/api.w.org\/{rel}","templated":true}]}}