{"id":12545,"date":"2009-02-28T18:27:57","date_gmt":"2009-02-28T17:27:57","guid":{"rendered":"http:\/\/www.visit-ulcinj.com\/blog\/?p=12545"},"modified":"2009-02-28T18:27:57","modified_gmt":"2009-02-28T17:27:57","slug":"u-promovua-libri-i-ferhat-dinoshes-%e2%80%9cnje-nene-kane-edhe-bletet%e2%80%9d","status":"publish","type":"post","link":"https:\/\/www.visit-ulcinj.com\/blog\/2009\/02\/28\/u-promovua-libri-i-ferhat-dinoshes-%e2%80%9cnje-nene-kane-edhe-bletet%e2%80%9d\/","title":{"rendered":"U promovua libri i Ferhat Dinosh\u00ebs \u201cNj\u00eb n\u00ebn\u00eb kan\u00eb edhe blet\u00ebt\u201d"},"content":{"rendered":"<p><strong><a href=\"http:\/\/www.visit-ulcinj.com\/blog\/wp-content\/uploads\/2009\/02\/libri-i-ferhat-dinoshes.jpg\"><img loading=\"lazy\" class=\"size-full wp-image-12546 alignright\" title=\"libri-i-ferhat-dinoshes\" src=\"http:\/\/www.visit-ulcinj.com\/blog\/wp-content\/uploads\/2009\/02\/libri-i-ferhat-dinoshes.jpg\" alt=\"libri-i-ferhat-dinoshes\" width=\"340\" height=\"453\" srcset=\"https:\/\/www.visit-ulcinj.com\/blog\/wp-content\/uploads\/2009\/02\/libri-i-ferhat-dinoshes.jpg 340w, https:\/\/www.visit-ulcinj.com\/blog\/wp-content\/uploads\/2009\/02\/libri-i-ferhat-dinoshes-225x300.jpg 225w\" sizes=\"(max-width: 340px) 100vw, 340px\" \/><\/a>Lib\u00ebr me frym\u00eb bashk\u00ebpunimi dhe mir\u00ebkuptimi<\/strong><br \/>\nPresidenti i Akademis\u00eb Diplomatike Shqiptare, dr. Lisen Bashkurti, tha se \u201cFerhat Dinosha \u00ebsht\u00eb nj\u00eb jet\u00eb p\u00ebrkushtimore p\u00ebr lirin\u00eb, p\u00ebr demokracin\u00eb, p\u00ebr prosperitetin e shqiptar\u00ebve n\u00eb Malin e Zi, p\u00ebr faktorizimin e tyre n\u00eb integrimin n\u00eb jet\u00ebn shoq\u00ebrore, politike dhe institucionale t\u00eb k\u00ebtij vendi dhe pjes\u00eb e historis\u00eb s\u00eb r\u00ebnd\u00ebsishme t\u00eb popullit shqiptar t\u00eb Malit t\u00eb Zi\u201d.<br \/>\nT\u00eb premt\u00ebn n\u00eb Bibliotek\u00ebn e Qytetit n\u00eb Ulqin u promovua libri i Ferhat Dinosh\u00ebs \u201cNj\u00eb n\u00ebn\u00eb kan\u00eb edhe blet\u00ebt\u201d. Ky lib\u00ebr publicistik i cili flet p\u00ebr shqiptar\u00ebt dhe pluralizmin n\u00eb Mal t\u00eb Zi, \u00ebsht\u00eb botuar nga Akademia Diplomatike Shqiptare.<br \/>\nKryetari i Akademis\u00eb Diplomatike Shqiptare, ambasadori dr. Lisen Bashkurti, tha se kjo akademi ka pasur privilegjin q\u00eb t\u00eb botoj\u00eb n\u00eb kolan\u00ebn e botimeve t\u00eb saj \u201cnj\u00eb prej librave m\u00eb unik\u00eb n\u00eb let\u00ebrsin\u00eb politike shqiptare t\u00eb koh\u00ebve moderne\u201d.<br \/>\nDuke lexuar parath\u00ebnien e librit, q\u00eb si\u00e7 tha ai, \u201cia ka dedikuar mikut, shokut, kolegut dhe bashk\u00ebpun\u00ebtorit tim t\u00eb shquar, z. Dinosha\u201d, Bashkurti tha se \u201cFerhat Dinosha \u00ebsht\u00eb nj\u00eb jet\u00eb p\u00ebrkushtimore p\u00ebr lirin\u00eb, p\u00ebr demokracin\u00eb, p\u00ebr prosperitetin e shqiptar\u00ebve n\u00eb Malin e Zi, p\u00ebr faktorizimin e tyre n\u00eb integrimin n\u00eb jet\u00ebn shoq\u00ebrore, politike dhe institucionale t\u00eb k\u00ebtij vendi\u201d.<br \/>\nAi tha se Ferhat Dinosha tashm\u00eb \u00ebsht\u00eb pjes\u00eb e historis\u00eb s\u00eb r\u00ebnd\u00ebsishme t\u00eb popullit shqiptar t\u00eb Malit t\u00eb Zi.<br \/>\nBashkurti tha se Dinosha ka qen\u00eb nd\u00ebr lider\u00ebt e guximsh\u00ebm politik\u00eb shqiptar\u00eb q\u00eb ka punuar me urt\u00ebsi, vullnet, por edhe k\u00ebmb\u00ebngulje q\u00eb qytetar\u00ebt shqiptar\u00ebt t\u00eb Malit t\u00eb Zi t\u00eb l\u00ebn\u00eb pas diferencimet, diskriminimet, kompleksitetet dhe t\u00eb jen\u00eb pjes\u00eb e r\u00ebnd\u00ebsishme e historis\u00eb moderne t\u00eb Republik\u00ebs s\u00eb Malit t\u00eb Zi,<br \/>\n\u201cFerhat Dinosha \u00ebsht\u00eb nj\u00ebri nd\u00ebr politikan\u00ebt m\u00eb t\u00eb m\u00ebn\u00e7ur shqiptar\u00eb n\u00eb t\u00eb gjith\u00eb hap\u00ebsir\u00ebn ballkanike\u201d, tha ai.<br \/>\nNd\u00ebrsa duke folur p\u00ebr librin, Bashkurti tha se \u00e7dokush do t\u00eb gjej\u00eb veten n\u00eb t\u00eb dhe se n\u00eb k\u00ebt\u00eb lib\u00ebr ka vet\u00ebm frym\u00eb bashk\u00ebpunimi dhe mir\u00ebkuptimi.<br \/>\nAutori i librit, Ferhat Dinosha, kryetar i UDSH-s\u00eb dhe deputet n\u00eb Parlamentin e Malit t\u00eb Zi, tha se libri nuk kishte qen\u00eb n\u00eb duart e lexuesve po t\u00eb mos kishte qen\u00eb familja e tij e dyt\u00eb, Unioni Demokratik i Shqiptar\u00ebve.<br \/>\n\u201cNuk do t\u00eb kishte qen\u00eb ky lib\u00ebr po t\u00eb mos kishin qen\u00eb votuesit e tij besnik\u00eb, simpatizant\u00ebt e tij besnik\u00eb, an\u00ebtar\u00ebt secili dhe n\u00eb \u00e7do nivel, po t\u00eb mos kishin qen\u00eb udh\u00ebheq\u00ebsit e UDSH-s\u00eb. Un\u00eb jam shum\u00eb i vet\u00ebdijsh\u00ebm dhe shum\u00eb mir\u00ebnjoh\u00ebs p\u00ebr k\u00ebt\u00eb dhe besoj se k\u00ebt\u00eb lib\u00ebr t\u00eb gjith\u00eb do ta p\u00ebrjetojn\u00eb si fryt t\u00eb pun\u00ebs s\u00eb vet p\u00ebr arsye se Ferhat Dinosha nuk do t\u00eb mund t\u00eb fuste n\u00eb k\u00ebto faqe at\u00eb q\u00eb gjendet aty pa patur bashk\u00ebpunimin dhe ndihm\u00ebn e madhe, ndihm\u00ebn e paz\u00ebvend\u00ebsueshme t\u00eb bashk\u00ebpun\u00ebtor\u00ebve t\u00eb mi, duke filluar prej kryetarit t\u00eb par\u00eb t\u00eb UDSH-s\u00eb, t\u00eb ndjerit Bajram Rexha, e deri n\u00eb dit\u00ebt n\u00eb t\u00eb cilat jemi sot\u201d, tha Dinosha.<br \/>\nAi fal\u00ebnderoi edhe kryetarin e Akademis\u00eb Diplomatike Shqiptare, dr. Lisen Bashkurti p\u00ebr ndihm\u00ebn e dh\u00ebn\u00eb n\u00eb publikimin e k\u00ebtij libri.<br \/>\nPresidenti i Akademis\u00eb Diplomatike Shqiptare, dr. Lisen Bashkurti, i ndau me k\u00ebt\u00eb rast Ferhat Dinosh\u00ebs Mir\u00ebnjohje n\u00eb em\u00ebr t\u00eb Akademis\u00eb Diplomatike Shqiptare, n\u00eb p\u00ebrvjetorin e 55-t\u00eb t\u00eb dit\u00eblindjes s\u00eb tij.<br \/>\nN\u00eb mbr\u00ebmjen promovuese mor\u00ebn pjes\u00eb shum\u00eb personalitete n\u00eb mesin e t\u00eb cil\u00ebve ambasadori i Republik\u00ebs s\u00eb Shqip\u00ebris\u00eb, Tonin Beci, kryetar\u00ebt e zyrave t\u00eb Akademis\u00eb Diplomatike Shqiptare p\u00ebr Kosov\u00eb dhe Maqedoni, etj.<br \/>\nMbr\u00ebmja promovuese u organizua nga Akademia Diplomatike Shqiptare n\u00eb bashk\u00ebpunim me Qendr\u00ebn e Kultur\u00ebs n\u00eb Ulqin, nd\u00ebrsa u moderua nga gazetari Agron Bala.<br \/>\n<strong>I.Kallaba<br \/>\nKoha Javore<\/strong><\/p>\n","protected":false},"excerpt":{"rendered":"<p>Lib\u00ebr me frym\u00eb bashk\u00ebpunimi dhe mir\u00ebkuptimi Presidenti i Akademis\u00eb Diplomatike Shqiptare, dr. Lisen Bashkurti, tha se \u201cFerhat Dinosha \u00ebsht\u00eb nj\u00eb jet\u00eb p\u00ebrkushtimore p\u00ebr lirin\u00eb, p\u00ebr demokracin\u00eb, p\u00ebr prosperitetin e shqiptar\u00ebve n\u00eb Malin e Zi, p\u00ebr faktorizimin e tyre n\u00eb integrimin n\u00eb jet\u00ebn shoq\u00ebrore, politike dhe institucionale t\u00eb k\u00ebtij vendi dhe pjes\u00eb e historis\u00eb s\u00eb r\u00ebnd\u00ebsishme [&hellip;]<\/p>\n","protected":false},"author":1,"featured_media":0,"comment_status":"open","ping_status":"closed","sticky":false,"template":"","format":"standard","meta":{"spay_email":"","jetpack_publicize_message":"","jetpack_is_tweetstorm":false,"jetpack_publicize_feature_enabled":true},"categories":[4],"tags":[7286,7285,7281,97,7283,7287,7288,7280,7290,7284,7289,7282,7291,7278,2445,7279],"jetpack_publicize_connections":[],"yoast_head":"<!-- This site is optimized with the Yoast SEO plugin v19.1 - https:\/\/yoast.com\/wordpress\/plugins\/seo\/ -->\n<title>U promovua libri i Ferhat Dinosh\u00ebs \u201cNj\u00eb n\u00ebn\u00eb kan\u00eb edhe blet\u00ebt\u201d - Lajme nga Ulqini<\/title>\n<meta name=\"description\" content=\"Lib\u00ebr me frym\u00eb bashk\u00ebpunimi dhe mir\u00ebkuptimi Presidenti i Akademis\u00eb Diplomatike Shqiptare, dr. Lisen Bashkurti, tha se \u201cFerhat Dinosha \u00ebsht\u00eb nj\u00eb jet\u00eb\" \/>\n<meta name=\"robots\" content=\"index, follow, max-snippet:-1, max-image-preview:large, max-video-preview:-1\" \/>\n<link rel=\"canonical\" href=\"https:\/\/www.visit-ulcinj.com\/blog\/2009\/02\/28\/u-promovua-libri-i-ferhat-dinoshes-\u201cnje-nene-kane-edhe-bletet\u201d\/\" \/>\n<meta property=\"og:locale\" content=\"en_US\" \/>\n<meta property=\"og:type\" content=\"article\" \/>\n<meta property=\"og:title\" content=\"U promovua libri i Ferhat Dinosh\u00ebs \u201cNj\u00eb n\u00ebn\u00eb kan\u00eb edhe blet\u00ebt\u201d - Lajme nga Ulqini\" \/>\n<meta property=\"og:description\" content=\"Lib\u00ebr me frym\u00eb bashk\u00ebpunimi dhe mir\u00ebkuptimi Presidenti i Akademis\u00eb Diplomatike Shqiptare, dr. Lisen Bashkurti, tha se \u201cFerhat Dinosha \u00ebsht\u00eb nj\u00eb jet\u00eb\" \/>\n<meta property=\"og:url\" content=\"https:\/\/www.visit-ulcinj.com\/blog\/2009\/02\/28\/u-promovua-libri-i-ferhat-dinoshes-\u201cnje-nene-kane-edhe-bletet\u201d\/\" \/>\n<meta property=\"og:site_name\" content=\"Lajme nga Ulqini\" \/>\n<meta property=\"article:published_time\" content=\"2009-02-28T17:27:57+00:00\" \/>\n<meta property=\"og:image\" content=\"http:\/\/www.visit-ulcinj.com\/blog\/wp-content\/uploads\/2009\/02\/libri-i-ferhat-dinoshes.jpg\" \/>\n<meta name=\"twitter:label1\" content=\"Written by\" \/>\n\t<meta name=\"twitter:data1\" content=\"ulqini\" \/>\n\t<meta name=\"twitter:label2\" content=\"Est. reading time\" \/>\n\t<meta name=\"twitter:data2\" content=\"3 minutes\" \/>\n<script type=\"application\/ld+json\" class=\"yoast-schema-graph\">{\"@context\":\"https:\/\/schema.org\",\"@graph\":[{\"@type\":\"WebSite\",\"@id\":\"https:\/\/www.visit-ulcinj.com\/blog\/#website\",\"url\":\"https:\/\/www.visit-ulcinj.com\/blog\/\",\"name\":\"Lajme nga Ulqini\",\"description\":\"Lajme,Vijesti,Ulqini,Ulqin,Crna Gora,Mali i Zi\",\"potentialAction\":[{\"@type\":\"SearchAction\",\"target\":{\"@type\":\"EntryPoint\",\"urlTemplate\":\"https:\/\/www.visit-ulcinj.com\/blog\/?s={search_term_string}\"},\"query-input\":\"required name=search_term_string\"}],\"inLanguage\":\"en-US\"},{\"@type\":\"ImageObject\",\"inLanguage\":\"en-US\",\"@id\":\"https:\/\/www.visit-ulcinj.com\/blog\/2009\/02\/28\/u-promovua-libri-i-ferhat-dinoshes-%e2%80%9cnje-nene-kane-edhe-bletet%e2%80%9d\/#primaryimage\",\"url\":\"https:\/\/www.visit-ulcinj.com\/blog\/wp-content\/uploads\/2009\/02\/libri-i-ferhat-dinoshes.jpg\",\"contentUrl\":\"https:\/\/www.visit-ulcinj.com\/blog\/wp-content\/uploads\/2009\/02\/libri-i-ferhat-dinoshes.jpg\",\"width\":\"340\",\"height\":\"453\"},{\"@type\":\"WebPage\",\"@id\":\"https:\/\/www.visit-ulcinj.com\/blog\/2009\/02\/28\/u-promovua-libri-i-ferhat-dinoshes-%e2%80%9cnje-nene-kane-edhe-bletet%e2%80%9d\/#webpage\",\"url\":\"https:\/\/www.visit-ulcinj.com\/blog\/2009\/02\/28\/u-promovua-libri-i-ferhat-dinoshes-%e2%80%9cnje-nene-kane-edhe-bletet%e2%80%9d\/\",\"name\":\"U promovua libri i Ferhat Dinosh\u00ebs \u201cNj\u00eb n\u00ebn\u00eb kan\u00eb edhe blet\u00ebt\u201d - Lajme nga Ulqini\",\"isPartOf\":{\"@id\":\"https:\/\/www.visit-ulcinj.com\/blog\/#website\"},\"primaryImageOfPage\":{\"@id\":\"https:\/\/www.visit-ulcinj.com\/blog\/2009\/02\/28\/u-promovua-libri-i-ferhat-dinoshes-%e2%80%9cnje-nene-kane-edhe-bletet%e2%80%9d\/#primaryimage\"},\"datePublished\":\"2009-02-28T17:27:57+00:00\",\"dateModified\":\"2009-02-28T17:27:57+00:00\",\"author\":{\"@id\":\"https:\/\/www.visit-ulcinj.com\/blog\/#\/schema\/person\/dcab619c614d3038751c63bc2aadc06d\"},\"description\":\"Lib\u00ebr me frym\u00eb bashk\u00ebpunimi dhe mir\u00ebkuptimi Presidenti i Akademis\u00eb Diplomatike Shqiptare, dr. Lisen Bashkurti, tha se \u201cFerhat Dinosha \u00ebsht\u00eb nj\u00eb jet\u00eb\",\"breadcrumb\":{\"@id\":\"https:\/\/www.visit-ulcinj.com\/blog\/2009\/02\/28\/u-promovua-libri-i-ferhat-dinoshes-%e2%80%9cnje-nene-kane-edhe-bletet%e2%80%9d\/#breadcrumb\"},\"inLanguage\":\"en-US\",\"potentialAction\":[{\"@type\":\"ReadAction\",\"target\":[\"https:\/\/www.visit-ulcinj.com\/blog\/2009\/02\/28\/u-promovua-libri-i-ferhat-dinoshes-%e2%80%9cnje-nene-kane-edhe-bletet%e2%80%9d\/\"]}]},{\"@type\":\"BreadcrumbList\",\"@id\":\"https:\/\/www.visit-ulcinj.com\/blog\/2009\/02\/28\/u-promovua-libri-i-ferhat-dinoshes-%e2%80%9cnje-nene-kane-edhe-bletet%e2%80%9d\/#breadcrumb\",\"itemListElement\":[{\"@type\":\"ListItem\",\"position\":1,\"name\":\"U promovua libri i Ferhat Dinosh\u00ebs \u201cNj\u00eb n\u00ebn\u00eb kan\u00eb edhe blet\u00ebt\u201d\"}]},{\"@type\":\"Person\",\"@id\":\"https:\/\/www.visit-ulcinj.com\/blog\/#\/schema\/person\/dcab619c614d3038751c63bc2aadc06d\",\"name\":\"ulqini\",\"sameAs\":[\"http:\/\/www.visit-ulcinj.com\"],\"url\":\"https:\/\/www.visit-ulcinj.com\/blog\/author\/admin\/\"}]}<\/script>\n<!-- \/ Yoast SEO plugin. -->","yoast_head_json":{"title":"U promovua libri i Ferhat Dinosh\u00ebs \u201cNj\u00eb n\u00ebn\u00eb kan\u00eb edhe blet\u00ebt\u201d - Lajme nga Ulqini","description":"Lib\u00ebr me frym\u00eb bashk\u00ebpunimi dhe mir\u00ebkuptimi Presidenti i Akademis\u00eb Diplomatike Shqiptare, dr. Lisen Bashkurti, tha se \u201cFerhat Dinosha \u00ebsht\u00eb nj\u00eb jet\u00eb","robots":{"index":"index","follow":"follow","max-snippet":"max-snippet:-1","max-image-preview":"max-image-preview:large","max-video-preview":"max-video-preview:-1"},"canonical":"https:\/\/www.visit-ulcinj.com\/blog\/2009\/02\/28\/u-promovua-libri-i-ferhat-dinoshes-\u201cnje-nene-kane-edhe-bletet\u201d\/","og_locale":"en_US","og_type":"article","og_title":"U promovua libri i Ferhat Dinosh\u00ebs \u201cNj\u00eb n\u00ebn\u00eb kan\u00eb edhe blet\u00ebt\u201d - Lajme nga Ulqini","og_description":"Lib\u00ebr me frym\u00eb bashk\u00ebpunimi dhe mir\u00ebkuptimi Presidenti i Akademis\u00eb Diplomatike Shqiptare, dr. Lisen Bashkurti, tha se \u201cFerhat Dinosha \u00ebsht\u00eb nj\u00eb jet\u00eb","og_url":"https:\/\/www.visit-ulcinj.com\/blog\/2009\/02\/28\/u-promovua-libri-i-ferhat-dinoshes-\u201cnje-nene-kane-edhe-bletet\u201d\/","og_site_name":"Lajme nga Ulqini","article_published_time":"2009-02-28T17:27:57+00:00","og_image":[{"url":"http:\/\/www.visit-ulcinj.com\/blog\/wp-content\/uploads\/2009\/02\/libri-i-ferhat-dinoshes.jpg"}],"twitter_misc":{"Written by":"ulqini","Est. reading time":"3 minutes"},"schema":{"@context":"https:\/\/schema.org","@graph":[{"@type":"WebSite","@id":"https:\/\/www.visit-ulcinj.com\/blog\/#website","url":"https:\/\/www.visit-ulcinj.com\/blog\/","name":"Lajme nga Ulqini","description":"Lajme,Vijesti,Ulqini,Ulqin,Crna Gora,Mali i Zi","potentialAction":[{"@type":"SearchAction","target":{"@type":"EntryPoint","urlTemplate":"https:\/\/www.visit-ulcinj.com\/blog\/?s={search_term_string}"},"query-input":"required name=search_term_string"}],"inLanguage":"en-US"},{"@type":"ImageObject","inLanguage":"en-US","@id":"https:\/\/www.visit-ulcinj.com\/blog\/2009\/02\/28\/u-promovua-libri-i-ferhat-dinoshes-%e2%80%9cnje-nene-kane-edhe-bletet%e2%80%9d\/#primaryimage","url":"https:\/\/www.visit-ulcinj.com\/blog\/wp-content\/uploads\/2009\/02\/libri-i-ferhat-dinoshes.jpg","contentUrl":"https:\/\/www.visit-ulcinj.com\/blog\/wp-content\/uploads\/2009\/02\/libri-i-ferhat-dinoshes.jpg","width":"340","height":"453"},{"@type":"WebPage","@id":"https:\/\/www.visit-ulcinj.com\/blog\/2009\/02\/28\/u-promovua-libri-i-ferhat-dinoshes-%e2%80%9cnje-nene-kane-edhe-bletet%e2%80%9d\/#webpage","url":"https:\/\/www.visit-ulcinj.com\/blog\/2009\/02\/28\/u-promovua-libri-i-ferhat-dinoshes-%e2%80%9cnje-nene-kane-edhe-bletet%e2%80%9d\/","name":"U promovua libri i Ferhat Dinosh\u00ebs \u201cNj\u00eb n\u00ebn\u00eb kan\u00eb edhe blet\u00ebt\u201d - Lajme nga Ulqini","isPartOf":{"@id":"https:\/\/www.visit-ulcinj.com\/blog\/#website"},"primaryImageOfPage":{"@id":"https:\/\/www.visit-ulcinj.com\/blog\/2009\/02\/28\/u-promovua-libri-i-ferhat-dinoshes-%e2%80%9cnje-nene-kane-edhe-bletet%e2%80%9d\/#primaryimage"},"datePublished":"2009-02-28T17:27:57+00:00","dateModified":"2009-02-28T17:27:57+00:00","author":{"@id":"https:\/\/www.visit-ulcinj.com\/blog\/#\/schema\/person\/dcab619c614d3038751c63bc2aadc06d"},"description":"Lib\u00ebr me frym\u00eb bashk\u00ebpunimi dhe mir\u00ebkuptimi Presidenti i Akademis\u00eb Diplomatike Shqiptare, dr. Lisen Bashkurti, tha se \u201cFerhat Dinosha \u00ebsht\u00eb nj\u00eb jet\u00eb","breadcrumb":{"@id":"https:\/\/www.visit-ulcinj.com\/blog\/2009\/02\/28\/u-promovua-libri-i-ferhat-dinoshes-%e2%80%9cnje-nene-kane-edhe-bletet%e2%80%9d\/#breadcrumb"},"inLanguage":"en-US","potentialAction":[{"@type":"ReadAction","target":["https:\/\/www.visit-ulcinj.com\/blog\/2009\/02\/28\/u-promovua-libri-i-ferhat-dinoshes-%e2%80%9cnje-nene-kane-edhe-bletet%e2%80%9d\/"]}]},{"@type":"BreadcrumbList","@id":"https:\/\/www.visit-ulcinj.com\/blog\/2009\/02\/28\/u-promovua-libri-i-ferhat-dinoshes-%e2%80%9cnje-nene-kane-edhe-bletet%e2%80%9d\/#breadcrumb","itemListElement":[{"@type":"ListItem","position":1,"name":"U promovua libri i Ferhat Dinosh\u00ebs \u201cNj\u00eb n\u00ebn\u00eb kan\u00eb edhe blet\u00ebt\u201d"}]},{"@type":"Person","@id":"https:\/\/www.visit-ulcinj.com\/blog\/#\/schema\/person\/dcab619c614d3038751c63bc2aadc06d","name":"ulqini","sameAs":["http:\/\/www.visit-ulcinj.com"],"url":"https:\/\/www.visit-ulcinj.com\/blog\/author\/admin\/"}]}},"jetpack_featured_media_url":"","jetpack_sharing_enabled":true,"jetpack_shortlink":"https:\/\/wp.me\/pe6lTn-3gl","_links":{"self":[{"href":"https:\/\/www.visit-ulcinj.com\/blog\/wp-json\/wp\/v2\/posts\/12545"}],"collection":[{"href":"https:\/\/www.visit-ulcinj.com\/blog\/wp-json\/wp\/v2\/posts"}],"about":[{"href":"https:\/\/www.visit-ulcinj.com\/blog\/wp-json\/wp\/v2\/types\/post"}],"author":[{"embeddable":true,"href":"https:\/\/www.visit-ulcinj.com\/blog\/wp-json\/wp\/v2\/users\/1"}],"replies":[{"embeddable":true,"href":"https:\/\/www.visit-ulcinj.com\/blog\/wp-json\/wp\/v2\/comments?post=12545"}],"version-history":[{"count":0,"href":"https:\/\/www.visit-ulcinj.com\/blog\/wp-json\/wp\/v2\/posts\/12545\/revisions"}],"wp:attachment":[{"href":"https:\/\/www.visit-ulcinj.com\/blog\/wp-json\/wp\/v2\/media?parent=12545"}],"wp:term":[{"taxonomy":"category","embeddable":true,"href":"https:\/\/www.visit-ulcinj.com\/blog\/wp-json\/wp\/v2\/categories?post=12545"},{"taxonomy":"post_tag","embeddable":true,"href":"https:\/\/www.visit-ulcinj.com\/blog\/wp-json\/wp\/v2\/tags?post=12545"}],"curies":[{"name":"wp","href":"https:\/\/api.w.org\/{rel}","templated":true}]}}