{"id":12548,"date":"2009-02-28T20:10:34","date_gmt":"2009-02-28T19:10:34","guid":{"rendered":"http:\/\/www.visit-ulcinj.com\/blog\/?p=12548"},"modified":"2009-02-28T20:29:54","modified_gmt":"2009-02-28T19:29:54","slug":"bujar-mezini-pse-e-braktisa-tim-bir-20-vite-me-pare","status":"publish","type":"post","link":"https:\/\/www.visit-ulcinj.com\/blog\/2009\/02\/28\/bujar-mezini-pse-e-braktisa-tim-bir-20-vite-me-pare\/","title":{"rendered":"Bujar Mezini: Pse e braktisa tim bir 20 vite m\u00eb par\u00eb"},"content":{"rendered":"<p><a title=\"Bjordi Mezini - Big Brother Albania\" href=\"http:\/\/www.visit-ulcinj.com\/blog\/wp-content\/uploads\/2009\/02\/bjordi-mezini-big-brother-albania.jpg\"><img loading=\"lazy\" class=\"alignleft size-full wp-image-12549\" title=\"bjordi-mezini-big-brother-albania\" src=\"http:\/\/www.visit-ulcinj.com\/blog\/wp-content\/uploads\/2009\/02\/bjordi-mezini-big-brother-albania.jpg\" alt=\"bjordi-mezini-big-brother-albania\" width=\"590\" height=\"378\" \/><\/a>\u00cbsht\u00eb 62 vje\u00e7, dhe nuk e ka shkelur Shqip\u00ebrin\u00eb prej 20 vitesh. N\u00eb apartamentin ku jeton n\u00eb Mynich t\u00eb Gjermanis\u00eb sapo ka p\u00ebrfunduar letr\u00ebn e dyt\u00eb, q\u00eb do t\u2019ia nis\u00eb Bjordit p\u00ebr dit\u00eblindje, m\u00eb 11 mars. P\u00ebr \u201cPanorama Plus\u201d, Bujar Mezini jep nj\u00eb intervist\u00eb ekskluzive me telefon, ku rr\u00ebfen arsyet pse e la t\u00eb birin 20 vite m\u00eb par\u00eb, pasi iku n\u00eb Gjermani:<\/p>\n<p><strong>Letra juaj q\u00eb i d\u00ebrguat Bjordit i preku t\u00eb gjith\u00eb, aq sa shum\u00eb dyshuan n\u00ebse ishte shkruar v\u00ebrtet nga ju. \u00c7\u2019mund t\u00eb na thoni?<\/strong><\/p>\n<p>Ndjenjat p\u00ebr nj\u00eb njeri nuk mund t\u00eb transmetohen n\u00ebp\u00ebrmjet nj\u00eb njeriu tjet\u00ebr. \u00c7do prind q\u00eb k\u00ebrkon t\u00eb njihet me djalin q\u00eb ka 20 vite pa e par\u00eb, nuk mund ta shpreh\u00eb dhembjen n\u00ebp\u00ebrmjet nj\u00eb personi tjet\u00ebr. Un\u00eb jam ai, nuk ka kush t\u00eb jet\u00eb tjet\u00ebr.<\/p>\n<p><strong>N\u00ebse do t\u2019ju a k\u00ebrkonim nj\u00eb fragment t\u00eb letr\u00ebs, a mundeni t\u00eb na e kujtoni?<\/strong><\/p>\n<p>Po, e di p\u00ebrmend\u00ebsh, dhe mund t\u2019ju kujtoj mbylljen: \u201cNdoshta e teproj n\u00eb zgjatjen e k\u00ebsaj letre, por edhe n\u00ebse \u00ebsht\u00eb k\u00ebshtu, e b\u00ebj sepse nuk kam t\u00eb ngopur duke komunikuar me ty\u2026 T\u00eb puth me mall dhe me lot Babi!<\/p>\n<p><strong>Kur e shkruat at\u00eb let\u00ebr, nat\u00ebn apo dit\u00ebn?<\/strong><\/p>\n<p>E kam shkruar n\u00eb mesin e nat\u00ebs. Tani sapo kam p\u00ebrfunduar letr\u00ebn e dyt\u00eb, q\u00eb \u00ebsht\u00eb \u201cn\u00ebna e letrave\u201d t\u00eb mia, n\u00ebse do ta quaj k\u00ebshtu.<\/p>\n<p><strong>Me cilin q\u00ebllim ia keni shkruar Bjordit k\u00ebt\u00eb let\u00ebr t\u00eb dyt\u00eb?<\/strong><\/p>\n<p>Do t\u00eb jet\u00eb nj\u00eb dhurat\u00eb p\u00ebr dit\u00eblindjen e tij m\u00eb 11 mars, dit\u00ebn kur ai mbush 21 vje\u00e7. Pres avokatin tim, me t\u00eb cilin punoj k\u00ebtu n\u00eb Mynich, q\u00eb t\u2019a d\u00ebrgoj n\u00eb \u201cTop Channel\u201d me faksin e tij.<\/p>\n<p><strong>\u00c7far\u00eb do t\u2019i k\u00ebrkoni me at\u00eb let\u00ebr djalit tuaj, q\u00eb nuk ju njeh?<\/strong><\/p>\n<p>Bjordit nuk i k\u00ebrkoj asgj\u00eb, vet\u00ebm po konsumoj mungesat e mia n\u00eb gjith\u00eb k\u00ebto vite pa e par\u00eb.<\/p>\n<p><strong>A mund t\u00eb na zbuloni pak rreshta nga letra e dyt\u00eb?<\/strong><\/p>\n<p>\u201cBjordi, \u00e7do njeri n\u00eb k\u00ebt\u00eb bot\u00eb k\u00ebrkon t\u00eb gjej\u00eb pozicionin e vet, dhe ti dukesh q\u00eb je k\u00ebmb\u00ebngul\u00ebs n\u00eb rrug\u00ebn q\u00eb ke nisur. Gjithmon\u00eb mos harro p\u00ebrpjekjet e mamas\u00eb, q\u00eb me p\u00ebrkushtim pedagogjik ka edukuar djaloshin Bjord, me virtytet m\u00eb t\u00eb mira t\u00eb njeriut t\u00eb shekullit XXI. Bjordi, u b\u00ebn 20 vite q\u00eb s\u2019t\u00eb kam par\u00eb dhe n\u00eb Mars 2009 ti mbush 21 vje\u00e7\u2026\u201d<\/p>\n<p><strong>Shpreheni me respekt p\u00ebr ish-gruan tuaj, \u00e7far\u00eb ju ka penguar ta takonit Bjordin?<\/strong><\/p>\n<p>Edhe k\u00ebt\u00eb e kam shkruar n\u00eb letr\u00ebn n\u00eb fjal\u00eb, dhe ndaj nuk dua ta konsumoj tani sepse kam besimin se \u00ebsht\u00eb shum\u00eb m\u00eb e fort\u00eb se shpjegimi, q\u00eb do t\u2019ju b\u00ebja tani. \u00cbsht\u00eb cil\u00ebsi e stilit tim t\u00eb t\u00eb shkruarit ku shfaqem sa romantik, aq edhe i bazuar n\u00eb realitet.<\/p>\n<p><strong>Realiteti \u00ebsht\u00eb prek\u00ebs, por cila \u00ebsht\u00eb jeta juaj q\u00eb b\u00ebni n\u00eb Gjermani?<\/strong><\/p>\n<p>Jetoj i vet\u00ebm, familje nuk kam. N\u00eb gjith\u00eb k\u00ebto vite kam pasur n\u00eb p\u00ebrfytyrimet e mia Bjordin kudo ku kam ecur. Kam pritur rritjen e tij me q\u00ebllimin q\u00eb; e para t\u2019i p\u00ebrulem n\u00eb kuptimin e mir\u00eb t\u00eb fjal\u00ebs, dhe e dyta t\u2019i k\u00ebrkoj atij t\u00eb falur\u00ebn e madhe t\u00eb nj\u00eb prindi, q\u00eb e la atje n\u00eb Durr\u00ebs, kur iku me ambasadat. Dhe meq\u00ebn\u00ebse un\u00eb u ndava me t\u00eb \u00ebm\u00ebn e tij, nuk pata m\u00eb mund\u00ebsi pasi ne shqiptar\u00ebt i mbajm\u00eb pak gjat\u00eb inatet.<\/p>\n<p><strong>P\u00ebrve\u00e7 letr\u00ebs do i b\u00ebni nj\u00eb dhurat\u00eb tjet\u00ebr Bjordit, sepse ne dim\u00eb q\u00eb gjat\u00eb gjith\u00eb rritjes s\u00eb tij ju nuk e keni b\u00ebr\u00eb nj\u00eb gj\u00eb t\u00eb till\u00eb?<\/strong><\/p>\n<p>Nuk po e quaj si tendenc\u00eb k\u00ebt\u00eb pyetje. Jam pak i holl\u00eb n\u00eb k\u00ebto gj\u00ebra dhe arrij ta perceptoj, se ku doni t\u00eb dilni. Por mund t\u2019ju them se do i b\u00ebj dhurat\u00eb nj\u00eb kartolin\u00eb t\u00eb shkruar italisht me urimin fisnik q\u00eb nj\u00eb baba i b\u00ebn f\u00ebmij\u00ebs. Nd\u00ebrsa p\u00ebrsa i p\u00ebrket pyetjes q\u00eb m\u00eb b\u00ebni, un\u00eb zyrtarisht jam pa pun\u00eb, punoj vet\u00ebm kur m\u00eb th\u00ebrret avokati me t\u00eb cilin jam lidhur k\u00ebtu, kur ka Bjordit, kush \u00ebsht\u00eb fajtori? p\u00ebrkthime nga emigrant\u00eb shqiptar\u00eb. K\u00ebshtu q\u00eb d\u00ebshira apo mosd\u00ebshira n\u00eb k\u00ebt\u00eb \u00e7\u00ebshtje dalin jasht\u00eb loje. Besoj q\u00eb t\u00eb gjitha dhuratat m\u00eb t\u00eb bukura, q\u00eb zbresin nga qiejt\u00eb jan\u00eb n\u00eb letr\u00ebn q\u00eb un\u00eb do i d\u00ebrgoj. Nuk e keni iden\u00eb e k\u00ebsaj letre, po kur ta lexoni do t\u00eb befasoheni.<\/p>\n<p><strong>Mos ndoshta n\u00ebp\u00ebrmjet k\u00ebsaj letre ju k\u00ebrkoni nj\u00eb ribashkim me ish-gruan dhe djalin tuaj?<\/strong><\/p>\n<p>Un\u00eb k\u00ebrkoj sido q\u00eb t\u00eb jet\u00eb puna p\u00ebr Bjordin, q\u00eb t\u00eb mos q\u00ebndrojn\u00eb t\u00eb ngrira marr\u00ebdh\u00ebniet tona, por t\u00eb marrin jet\u00eb. Un\u00eb flas dhe ju duhet t\u00eb m\u00eb n\u00ebnkuptoni\u2026<\/p>\n<p><strong>Dometh\u00ebn\u00eb ju k\u00ebrkoni ribashkimin?<\/strong><\/p>\n<p>Un\u00eb dua q\u00eb Bjordin ta kem pran\u00eb.<\/p>\n<p><strong>Po Antonet\u00ebn a doni ta keni pran\u00eb?<\/strong><\/p>\n<p>P\u00ebr Antonet\u00ebn b\u00ebjeni lidhjen vet\u00eb\u2026<\/p>\n<p><strong>At\u00ebher\u00eb n\u00ebse do t\u00eb k\u00ebrkohej t\u00eb vije ta takoje Bjordin p\u00ebr dit\u00eblindje, a do t\u00eb vije?<\/strong><\/p>\n<p>Po qe s\u2019e \u00ebsht\u00eb fjala p\u00ebr t\u00eb ardhur p\u00ebr t\u00eb takuar Bjordin, un\u00eb vij me k\u00ebmb\u00ebt e shpirtit, por \u00ebsht\u00eb nj\u00eb problem tjet\u00ebr. Kam nj\u00eb muaj q\u00eb vuaj nga stomaku dhe nuk mund t\u00eb vij dot pasi jam n\u00eb trajtim ambulant.<\/p>\n<p><strong>Si e imagjinoni taki<\/strong><strong>min e shum\u00ebpritur me djalin tuaj, Bjordin?<\/strong><\/p>\n<p>Padyshim do t\u00eb jet\u00eb p\u00ebr mua ngjarja m\u00eb e r\u00ebnd\u00ebsishme e jet\u00ebs time, por nuk mund ta imagjinoj dot, pasi ende nuk e kam prekur me dor\u00eb birin tim dhe shqisat e mia ende nuk mund ta perceptojn\u00eb k\u00ebt\u00eb ndjesi. Mezi po e pres takimin e madh.<\/p>\n<p><strong><em>Panorama Plus<\/em><\/strong><\/p>\n","protected":false},"excerpt":{"rendered":"<p>\u00cbsht\u00eb 62 vje\u00e7, dhe nuk e ka shkelur Shqip\u00ebrin\u00eb prej 20 vitesh. N\u00eb apartamentin ku jeton n\u00eb Mynich t\u00eb Gjermanis\u00eb sapo ka p\u00ebrfunduar letr\u00ebn e dyt\u00eb, q\u00eb do t\u2019ia nis\u00eb Bjordit p\u00ebr dit\u00eblindje, m\u00eb 11 mars. P\u00ebr \u201cPanorama Plus\u201d, Bujar Mezini jep nj\u00eb intervist\u00eb ekskluzive me telefon, ku rr\u00ebfen arsyet pse e la t\u00eb birin [&hellip;]<\/p>\n","protected":false},"author":1,"featured_media":0,"comment_status":"open","ping_status":"closed","sticky":false,"template":"","format":"standard","meta":{"spay_email":"","jetpack_publicize_message":"","jetpack_is_tweetstorm":false,"jetpack_publicize_feature_enabled":true},"categories":[6502],"tags":[6760,5057,6506,6712,7129,6665,6522,7293,7292,7294,7295,6891,6693,6887],"jetpack_publicize_connections":[],"yoast_head":"<!-- This site is optimized with the Yoast SEO plugin v19.1 - https:\/\/yoast.com\/wordpress\/plugins\/seo\/ -->\n<title>Bujar Mezini: Pse e braktisa tim bir 20 vite m\u00c3\u00ab par\u00c3\u00ab<\/title>\n<meta name=\"description\" content=\"Big Brother Albania - \u00c3\u2039sht\u00c3\u00ab 62 vje\u00c3\u00a7, dhe nuk e ka shkelur Shqip\u00c3\u00abrin\u00c3\u00ab prej 20 vitesh. N\u00c3\u00ab apartamentin ku jeton n\u00c3\u00ab Mynich t\u00c3\u00ab Gjermanis\u00c3\u00ab sapo ka p\u00c3\u00abrfunduar letr\u00c3\u00abn e dyt\u00c3\u00ab, q\u00c3\u00ab do t\u00e2\u20ac\u2122ia nis\u00c3\u00ab Bjordit p\u00c3\u00abr dit\u00c3\u00ablindje, m\u00c3\u00ab 11 mars.\" \/>\n<meta name=\"robots\" content=\"index, follow, max-snippet:-1, max-image-preview:large, max-video-preview:-1\" \/>\n<link rel=\"canonical\" href=\"https:\/\/www.visit-ulcinj.com\/blog\/2009\/02\/28\/bujar-mezini-pse-e-braktisa-tim-bir-20-vite-me-pare\/\" \/>\n<meta property=\"og:locale\" content=\"en_US\" \/>\n<meta property=\"og:type\" content=\"article\" \/>\n<meta property=\"og:title\" content=\"Bujar Mezini: Pse e braktisa tim bir 20 vite m\u00c3\u00ab par\u00c3\u00ab\" \/>\n<meta property=\"og:description\" content=\"Big Brother Albania - \u00c3\u2039sht\u00c3\u00ab 62 vje\u00c3\u00a7, dhe nuk e ka shkelur Shqip\u00c3\u00abrin\u00c3\u00ab prej 20 vitesh. N\u00c3\u00ab apartamentin ku jeton n\u00c3\u00ab Mynich t\u00c3\u00ab Gjermanis\u00c3\u00ab sapo ka p\u00c3\u00abrfunduar letr\u00c3\u00abn e dyt\u00c3\u00ab, q\u00c3\u00ab do t\u00e2\u20ac\u2122ia nis\u00c3\u00ab Bjordit p\u00c3\u00abr dit\u00c3\u00ablindje, m\u00c3\u00ab 11 mars.\" \/>\n<meta property=\"og:url\" content=\"https:\/\/www.visit-ulcinj.com\/blog\/2009\/02\/28\/bujar-mezini-pse-e-braktisa-tim-bir-20-vite-me-pare\/\" \/>\n<meta property=\"og:site_name\" content=\"Lajme nga Ulqini\" \/>\n<meta property=\"article:published_time\" content=\"2009-02-28T19:10:34+00:00\" \/>\n<meta property=\"article:modified_time\" content=\"2009-02-28T19:29:54+00:00\" \/>\n<meta property=\"og:image\" content=\"http:\/\/www.visit-ulcinj.com\/blog\/wp-content\/uploads\/2009\/02\/bjordi-mezini-big-brother-albania.jpg\" \/>\n<meta name=\"twitter:label1\" content=\"Written by\" \/>\n\t<meta name=\"twitter:data1\" content=\"ulqini\" \/>\n\t<meta name=\"twitter:label2\" content=\"Est. reading time\" \/>\n\t<meta name=\"twitter:data2\" content=\"5 minutes\" \/>\n<script type=\"application\/ld+json\" class=\"yoast-schema-graph\">{\"@context\":\"https:\/\/schema.org\",\"@graph\":[{\"@type\":\"WebSite\",\"@id\":\"https:\/\/www.visit-ulcinj.com\/blog\/#website\",\"url\":\"https:\/\/www.visit-ulcinj.com\/blog\/\",\"name\":\"Lajme nga Ulqini\",\"description\":\"Lajme,Vijesti,Ulqini,Ulqin,Crna Gora,Mali i Zi\",\"potentialAction\":[{\"@type\":\"SearchAction\",\"target\":{\"@type\":\"EntryPoint\",\"urlTemplate\":\"https:\/\/www.visit-ulcinj.com\/blog\/?s={search_term_string}\"},\"query-input\":\"required name=search_term_string\"}],\"inLanguage\":\"en-US\"},{\"@type\":\"ImageObject\",\"inLanguage\":\"en-US\",\"@id\":\"https:\/\/www.visit-ulcinj.com\/blog\/2009\/02\/28\/bujar-mezini-pse-e-braktisa-tim-bir-20-vite-me-pare\/#primaryimage\",\"url\":\"http:\/\/www.visit-ulcinj.com\/blog\/wp-content\/uploads\/2009\/02\/bjordi-mezini-big-brother-albania.jpg\",\"contentUrl\":\"http:\/\/www.visit-ulcinj.com\/blog\/wp-content\/uploads\/2009\/02\/bjordi-mezini-big-brother-albania.jpg\"},{\"@type\":\"WebPage\",\"@id\":\"https:\/\/www.visit-ulcinj.com\/blog\/2009\/02\/28\/bujar-mezini-pse-e-braktisa-tim-bir-20-vite-me-pare\/#webpage\",\"url\":\"https:\/\/www.visit-ulcinj.com\/blog\/2009\/02\/28\/bujar-mezini-pse-e-braktisa-tim-bir-20-vite-me-pare\/\",\"name\":\"Bujar Mezini: Pse e braktisa tim bir 20 vite m\u00c3\u00ab par\u00c3\u00ab\",\"isPartOf\":{\"@id\":\"https:\/\/www.visit-ulcinj.com\/blog\/#website\"},\"primaryImageOfPage\":{\"@id\":\"https:\/\/www.visit-ulcinj.com\/blog\/2009\/02\/28\/bujar-mezini-pse-e-braktisa-tim-bir-20-vite-me-pare\/#primaryimage\"},\"datePublished\":\"2009-02-28T19:10:34+00:00\",\"dateModified\":\"2009-02-28T19:29:54+00:00\",\"author\":{\"@id\":\"https:\/\/www.visit-ulcinj.com\/blog\/#\/schema\/person\/dcab619c614d3038751c63bc2aadc06d\"},\"description\":\"Big Brother Albania - \u00c3\u2039sht\u00c3\u00ab 62 vje\u00c3\u00a7, dhe nuk e ka shkelur Shqip\u00c3\u00abrin\u00c3\u00ab prej 20 vitesh. N\u00c3\u00ab apartamentin ku jeton n\u00c3\u00ab Mynich t\u00c3\u00ab Gjermanis\u00c3\u00ab sapo ka p\u00c3\u00abrfunduar letr\u00c3\u00abn e dyt\u00c3\u00ab, q\u00c3\u00ab do t\u00e2\u20ac\u2122ia nis\u00c3\u00ab Bjordit p\u00c3\u00abr dit\u00c3\u00ablindje, m\u00c3\u00ab 11 mars.\",\"breadcrumb\":{\"@id\":\"https:\/\/www.visit-ulcinj.com\/blog\/2009\/02\/28\/bujar-mezini-pse-e-braktisa-tim-bir-20-vite-me-pare\/#breadcrumb\"},\"inLanguage\":\"en-US\",\"potentialAction\":[{\"@type\":\"ReadAction\",\"target\":[\"https:\/\/www.visit-ulcinj.com\/blog\/2009\/02\/28\/bujar-mezini-pse-e-braktisa-tim-bir-20-vite-me-pare\/\"]}]},{\"@type\":\"BreadcrumbList\",\"@id\":\"https:\/\/www.visit-ulcinj.com\/blog\/2009\/02\/28\/bujar-mezini-pse-e-braktisa-tim-bir-20-vite-me-pare\/#breadcrumb\",\"itemListElement\":[{\"@type\":\"ListItem\",\"position\":1,\"name\":\"Bujar Mezini: Pse e braktisa tim bir 20 vite m\u00eb par\u00eb\"}]},{\"@type\":\"Person\",\"@id\":\"https:\/\/www.visit-ulcinj.com\/blog\/#\/schema\/person\/dcab619c614d3038751c63bc2aadc06d\",\"name\":\"ulqini\",\"sameAs\":[\"http:\/\/www.visit-ulcinj.com\"],\"url\":\"https:\/\/www.visit-ulcinj.com\/blog\/author\/admin\/\"}]}<\/script>\n<!-- \/ Yoast SEO plugin. -->","yoast_head_json":{"title":"Bujar Mezini: Pse e braktisa tim bir 20 vite m\u00c3\u00ab par\u00c3\u00ab","description":"Big Brother Albania - \u00c3\u2039sht\u00c3\u00ab 62 vje\u00c3\u00a7, dhe nuk e ka shkelur Shqip\u00c3\u00abrin\u00c3\u00ab prej 20 vitesh. N\u00c3\u00ab apartamentin ku jeton n\u00c3\u00ab Mynich t\u00c3\u00ab Gjermanis\u00c3\u00ab sapo ka p\u00c3\u00abrfunduar letr\u00c3\u00abn e dyt\u00c3\u00ab, q\u00c3\u00ab do t\u00e2\u20ac\u2122ia nis\u00c3\u00ab Bjordit p\u00c3\u00abr dit\u00c3\u00ablindje, m\u00c3\u00ab 11 mars.","robots":{"index":"index","follow":"follow","max-snippet":"max-snippet:-1","max-image-preview":"max-image-preview:large","max-video-preview":"max-video-preview:-1"},"canonical":"https:\/\/www.visit-ulcinj.com\/blog\/2009\/02\/28\/bujar-mezini-pse-e-braktisa-tim-bir-20-vite-me-pare\/","og_locale":"en_US","og_type":"article","og_title":"Bujar Mezini: Pse e braktisa tim bir 20 vite m\u00c3\u00ab par\u00c3\u00ab","og_description":"Big Brother Albania - \u00c3\u2039sht\u00c3\u00ab 62 vje\u00c3\u00a7, dhe nuk e ka shkelur Shqip\u00c3\u00abrin\u00c3\u00ab prej 20 vitesh. N\u00c3\u00ab apartamentin ku jeton n\u00c3\u00ab Mynich t\u00c3\u00ab Gjermanis\u00c3\u00ab sapo ka p\u00c3\u00abrfunduar letr\u00c3\u00abn e dyt\u00c3\u00ab, q\u00c3\u00ab do t\u00e2\u20ac\u2122ia nis\u00c3\u00ab Bjordit p\u00c3\u00abr dit\u00c3\u00ablindje, m\u00c3\u00ab 11 mars.","og_url":"https:\/\/www.visit-ulcinj.com\/blog\/2009\/02\/28\/bujar-mezini-pse-e-braktisa-tim-bir-20-vite-me-pare\/","og_site_name":"Lajme nga Ulqini","article_published_time":"2009-02-28T19:10:34+00:00","article_modified_time":"2009-02-28T19:29:54+00:00","og_image":[{"url":"http:\/\/www.visit-ulcinj.com\/blog\/wp-content\/uploads\/2009\/02\/bjordi-mezini-big-brother-albania.jpg"}],"twitter_misc":{"Written by":"ulqini","Est. reading time":"5 minutes"},"schema":{"@context":"https:\/\/schema.org","@graph":[{"@type":"WebSite","@id":"https:\/\/www.visit-ulcinj.com\/blog\/#website","url":"https:\/\/www.visit-ulcinj.com\/blog\/","name":"Lajme nga Ulqini","description":"Lajme,Vijesti,Ulqini,Ulqin,Crna Gora,Mali i Zi","potentialAction":[{"@type":"SearchAction","target":{"@type":"EntryPoint","urlTemplate":"https:\/\/www.visit-ulcinj.com\/blog\/?s={search_term_string}"},"query-input":"required name=search_term_string"}],"inLanguage":"en-US"},{"@type":"ImageObject","inLanguage":"en-US","@id":"https:\/\/www.visit-ulcinj.com\/blog\/2009\/02\/28\/bujar-mezini-pse-e-braktisa-tim-bir-20-vite-me-pare\/#primaryimage","url":"http:\/\/www.visit-ulcinj.com\/blog\/wp-content\/uploads\/2009\/02\/bjordi-mezini-big-brother-albania.jpg","contentUrl":"http:\/\/www.visit-ulcinj.com\/blog\/wp-content\/uploads\/2009\/02\/bjordi-mezini-big-brother-albania.jpg"},{"@type":"WebPage","@id":"https:\/\/www.visit-ulcinj.com\/blog\/2009\/02\/28\/bujar-mezini-pse-e-braktisa-tim-bir-20-vite-me-pare\/#webpage","url":"https:\/\/www.visit-ulcinj.com\/blog\/2009\/02\/28\/bujar-mezini-pse-e-braktisa-tim-bir-20-vite-me-pare\/","name":"Bujar Mezini: Pse e braktisa tim bir 20 vite m\u00c3\u00ab par\u00c3\u00ab","isPartOf":{"@id":"https:\/\/www.visit-ulcinj.com\/blog\/#website"},"primaryImageOfPage":{"@id":"https:\/\/www.visit-ulcinj.com\/blog\/2009\/02\/28\/bujar-mezini-pse-e-braktisa-tim-bir-20-vite-me-pare\/#primaryimage"},"datePublished":"2009-02-28T19:10:34+00:00","dateModified":"2009-02-28T19:29:54+00:00","author":{"@id":"https:\/\/www.visit-ulcinj.com\/blog\/#\/schema\/person\/dcab619c614d3038751c63bc2aadc06d"},"description":"Big Brother Albania - \u00c3\u2039sht\u00c3\u00ab 62 vje\u00c3\u00a7, dhe nuk e ka shkelur Shqip\u00c3\u00abrin\u00c3\u00ab prej 20 vitesh. N\u00c3\u00ab apartamentin ku jeton n\u00c3\u00ab Mynich t\u00c3\u00ab Gjermanis\u00c3\u00ab sapo ka p\u00c3\u00abrfunduar letr\u00c3\u00abn e dyt\u00c3\u00ab, q\u00c3\u00ab do t\u00e2\u20ac\u2122ia nis\u00c3\u00ab Bjordit p\u00c3\u00abr dit\u00c3\u00ablindje, m\u00c3\u00ab 11 mars.","breadcrumb":{"@id":"https:\/\/www.visit-ulcinj.com\/blog\/2009\/02\/28\/bujar-mezini-pse-e-braktisa-tim-bir-20-vite-me-pare\/#breadcrumb"},"inLanguage":"en-US","potentialAction":[{"@type":"ReadAction","target":["https:\/\/www.visit-ulcinj.com\/blog\/2009\/02\/28\/bujar-mezini-pse-e-braktisa-tim-bir-20-vite-me-pare\/"]}]},{"@type":"BreadcrumbList","@id":"https:\/\/www.visit-ulcinj.com\/blog\/2009\/02\/28\/bujar-mezini-pse-e-braktisa-tim-bir-20-vite-me-pare\/#breadcrumb","itemListElement":[{"@type":"ListItem","position":1,"name":"Bujar Mezini: Pse e braktisa tim bir 20 vite m\u00eb par\u00eb"}]},{"@type":"Person","@id":"https:\/\/www.visit-ulcinj.com\/blog\/#\/schema\/person\/dcab619c614d3038751c63bc2aadc06d","name":"ulqini","sameAs":["http:\/\/www.visit-ulcinj.com"],"url":"https:\/\/www.visit-ulcinj.com\/blog\/author\/admin\/"}]}},"jetpack_featured_media_url":"","jetpack_sharing_enabled":true,"jetpack_shortlink":"https:\/\/wp.me\/pe6lTn-3go","_links":{"self":[{"href":"https:\/\/www.visit-ulcinj.com\/blog\/wp-json\/wp\/v2\/posts\/12548"}],"collection":[{"href":"https:\/\/www.visit-ulcinj.com\/blog\/wp-json\/wp\/v2\/posts"}],"about":[{"href":"https:\/\/www.visit-ulcinj.com\/blog\/wp-json\/wp\/v2\/types\/post"}],"author":[{"embeddable":true,"href":"https:\/\/www.visit-ulcinj.com\/blog\/wp-json\/wp\/v2\/users\/1"}],"replies":[{"embeddable":true,"href":"https:\/\/www.visit-ulcinj.com\/blog\/wp-json\/wp\/v2\/comments?post=12548"}],"version-history":[{"count":0,"href":"https:\/\/www.visit-ulcinj.com\/blog\/wp-json\/wp\/v2\/posts\/12548\/revisions"}],"wp:attachment":[{"href":"https:\/\/www.visit-ulcinj.com\/blog\/wp-json\/wp\/v2\/media?parent=12548"}],"wp:term":[{"taxonomy":"category","embeddable":true,"href":"https:\/\/www.visit-ulcinj.com\/blog\/wp-json\/wp\/v2\/categories?post=12548"},{"taxonomy":"post_tag","embeddable":true,"href":"https:\/\/www.visit-ulcinj.com\/blog\/wp-json\/wp\/v2\/tags?post=12548"}],"curies":[{"name":"wp","href":"https:\/\/api.w.org\/{rel}","templated":true}]}}