{"id":12557,"date":"2009-02-28T18:53:12","date_gmt":"2009-02-28T17:53:12","guid":{"rendered":"http:\/\/www.visit-ulcinj.com\/blog\/?p=12557"},"modified":"2009-02-28T19:04:11","modified_gmt":"2009-02-28T18:04:11","slug":"minoza-e-adelajda-tashetheme","status":"publish","type":"post","link":"https:\/\/www.visit-ulcinj.com\/blog\/2009\/02\/28\/minoza-e-adelajda-tashetheme\/","title":{"rendered":"Mimoza \u00eb Adelajda : Tashetheme"},"content":{"rendered":"<p><em><span class=\"newsdate\"><span style=\"font-style: normal;\"><a href=\"http:\/\/www.visit-ulcinj.com\/blog\/wp-content\/uploads\/2009\/02\/thashethem-per-arjonin.jpg\"><img loading=\"lazy\" class=\"alignleft size-full wp-image-12558\" title=\"thashethem-per-arjonin-big-brother-albania\" src=\"http:\/\/www.visit-ulcinj.com\/blog\/wp-content\/uploads\/2009\/02\/thashethem-per-arjonin.jpg\" alt=\"thashethem-per-arjonin-big-brother-albania\" width=\"300\" height=\"205\" \/><\/a><\/span>28\/02\/09 04:15<\/span><\/em><\/p>\n<p>Pas fest\u00ebs, Adelajda dhe Moza q\u00ebndrojn\u00eb n\u00eb kuzhin\u00eb dhe flasin p\u00ebr Arjonin. Moza i thot\u00eb se d\u00ebgjoi q\u00eb Arjoni do t\u00eb flej\u00eb n\u00eb dhom\u00ebn e tyre sonte. Adela ja kthen se ky veprim do b\u00ebhet nga ai me nj\u00eb q\u00ebllim. Ajo i thot\u00eb se n\u00eb k\u00ebt\u00eb m\u00ebnyr\u00eb do fitohen votat. Ajo e komenton k\u00ebt\u00eb fakt duke i th\u00ebn\u00eb se ai s\u2019ka ardhur m\u00eb par\u00eb, as mbr\u00ebm\u00eb e as parmbr\u00ebm\u00eb dhe se cdo njeri p\u00ebrdor m\u00ebnyr\u00ebn e vet m\u00eb t\u00eb mir\u00eb t\u00eb mundshme. Moza i thot\u00eb se Arjoni do t\u00eb flej\u00eb n\u00eb nj\u00eb krevat me Zhuljet\u00ebn dhe Adelajda e konfirmon k\u00ebt\u00eb lajm. Ajo thot\u00eb se ai ka ardhur p\u00ebr t\u00eb ndenjur e jo p\u00ebr t\u00eb ikur k\u00ebt\u00eb t\u00eb shtun\u00eb. Adela tregon se edhe Bjordi i k\u00ebrkon ta puth\u00eb n\u00eb faqe kur i uron nat\u00ebn e mir\u00eb, por ajo nuk e ka b\u00ebr\u00eb asnj\u00ebher\u00eb k\u00ebt\u00eb gj\u00eb sepse mendon se do duket keq. \u201cGjithsekush le t\u00eb marr\u00eb at\u00eb q\u00eb meriton\u201d ka p\u00ebrfunduar Adela k\u00ebt\u00eb bised\u00eb.<\/p>\n","protected":false},"excerpt":{"rendered":"<p>28\/02\/09 04:15 Pas fest\u00ebs, Adelajda dhe Moza q\u00ebndrojn\u00eb n\u00eb kuzhin\u00eb dhe flasin p\u00ebr Arjonin. Moza i thot\u00eb se d\u00ebgjoi q\u00eb Arjoni do t\u00eb flej\u00eb n\u00eb dhom\u00ebn e tyre sonte. Adela ja kthen se ky veprim do b\u00ebhet nga ai me nj\u00eb q\u00ebllim. Ajo i thot\u00eb se n\u00eb k\u00ebt\u00eb m\u00ebnyr\u00eb do fitohen votat. Ajo e komenton [&hellip;]<\/p>\n","protected":false},"author":1,"featured_media":0,"comment_status":"open","ping_status":"closed","sticky":false,"template":"","format":"standard","meta":{"spay_email":"","jetpack_publicize_message":"","jetpack_is_tweetstorm":false,"jetpack_publicize_feature_enabled":true},"categories":[6502],"tags":[6562,6738,5057,6506,6712,7129,6568,7299,6891,6693,6887,7300],"jetpack_publicize_connections":[],"yoast_head":"<!-- This site is optimized with the Yoast SEO plugin v19.1 - https:\/\/yoast.com\/wordpress\/plugins\/seo\/ -->\n<title>Mimoza \u00c3\u00ab Adelajda : Tashetheme - Big Brother Albania<\/title>\n<meta name=\"description\" content=\"Big Brother Albania - Pas fest\u00c3\u00abs, Adelajda dhe Moza q\u00c3\u00abndrojn\u00c3\u00ab n\u00c3\u00ab kuzhin\u00c3\u00ab dhe flasin p\u00c3\u00abr Arjonin. Moza i thot\u00c3\u00ab se d\u00c3\u00abgjoi q\u00c3\u00ab Arjoni do t\u00c3\u00ab flej\u00c3\u00ab n\u00c3\u00ab dhom\u00c3\u00abn e tyre sonte\" \/>\n<meta name=\"robots\" content=\"index, follow, max-snippet:-1, max-image-preview:large, max-video-preview:-1\" \/>\n<link rel=\"canonical\" href=\"https:\/\/www.visit-ulcinj.com\/blog\/2009\/02\/28\/minoza-e-adelajda-tashetheme\/\" \/>\n<meta property=\"og:locale\" content=\"en_US\" \/>\n<meta property=\"og:type\" content=\"article\" \/>\n<meta property=\"og:title\" content=\"Mimoza \u00c3\u00ab Adelajda : Tashetheme - Big Brother Albania\" \/>\n<meta property=\"og:description\" content=\"Big Brother Albania - Pas fest\u00c3\u00abs, Adelajda dhe Moza q\u00c3\u00abndrojn\u00c3\u00ab n\u00c3\u00ab kuzhin\u00c3\u00ab dhe flasin p\u00c3\u00abr Arjonin. Moza i thot\u00c3\u00ab se d\u00c3\u00abgjoi q\u00c3\u00ab Arjoni do t\u00c3\u00ab flej\u00c3\u00ab n\u00c3\u00ab dhom\u00c3\u00abn e tyre sonte\" \/>\n<meta property=\"og:url\" content=\"https:\/\/www.visit-ulcinj.com\/blog\/2009\/02\/28\/minoza-e-adelajda-tashetheme\/\" \/>\n<meta property=\"og:site_name\" content=\"Lajme nga Ulqini\" \/>\n<meta property=\"article:published_time\" content=\"2009-02-28T17:53:12+00:00\" \/>\n<meta property=\"article:modified_time\" content=\"2009-02-28T18:04:11+00:00\" \/>\n<meta property=\"og:image\" content=\"http:\/\/www.visit-ulcinj.com\/blog\/wp-content\/uploads\/2009\/02\/thashethem-per-arjonin.jpg\" \/>\n<meta name=\"twitter:label1\" content=\"Written by\" \/>\n\t<meta name=\"twitter:data1\" content=\"ulqini\" \/>\n\t<meta name=\"twitter:label2\" content=\"Est. reading time\" \/>\n\t<meta name=\"twitter:data2\" content=\"1 minute\" \/>\n<script type=\"application\/ld+json\" class=\"yoast-schema-graph\">{\"@context\":\"https:\/\/schema.org\",\"@graph\":[{\"@type\":\"WebSite\",\"@id\":\"https:\/\/www.visit-ulcinj.com\/blog\/#website\",\"url\":\"https:\/\/www.visit-ulcinj.com\/blog\/\",\"name\":\"Lajme nga Ulqini\",\"description\":\"Lajme,Vijesti,Ulqini,Ulqin,Crna Gora,Mali i Zi\",\"potentialAction\":[{\"@type\":\"SearchAction\",\"target\":{\"@type\":\"EntryPoint\",\"urlTemplate\":\"https:\/\/www.visit-ulcinj.com\/blog\/?s={search_term_string}\"},\"query-input\":\"required name=search_term_string\"}],\"inLanguage\":\"en-US\"},{\"@type\":\"ImageObject\",\"inLanguage\":\"en-US\",\"@id\":\"https:\/\/www.visit-ulcinj.com\/blog\/2009\/02\/28\/minoza-e-adelajda-tashetheme\/#primaryimage\",\"url\":\"http:\/\/www.visit-ulcinj.com\/blog\/wp-content\/uploads\/2009\/02\/thashethem-per-arjonin.jpg\",\"contentUrl\":\"http:\/\/www.visit-ulcinj.com\/blog\/wp-content\/uploads\/2009\/02\/thashethem-per-arjonin.jpg\"},{\"@type\":\"WebPage\",\"@id\":\"https:\/\/www.visit-ulcinj.com\/blog\/2009\/02\/28\/minoza-e-adelajda-tashetheme\/#webpage\",\"url\":\"https:\/\/www.visit-ulcinj.com\/blog\/2009\/02\/28\/minoza-e-adelajda-tashetheme\/\",\"name\":\"Mimoza \u00c3\u00ab Adelajda : Tashetheme - Big Brother Albania\",\"isPartOf\":{\"@id\":\"https:\/\/www.visit-ulcinj.com\/blog\/#website\"},\"primaryImageOfPage\":{\"@id\":\"https:\/\/www.visit-ulcinj.com\/blog\/2009\/02\/28\/minoza-e-adelajda-tashetheme\/#primaryimage\"},\"datePublished\":\"2009-02-28T17:53:12+00:00\",\"dateModified\":\"2009-02-28T18:04:11+00:00\",\"author\":{\"@id\":\"https:\/\/www.visit-ulcinj.com\/blog\/#\/schema\/person\/dcab619c614d3038751c63bc2aadc06d\"},\"description\":\"Big Brother Albania - Pas fest\u00c3\u00abs, Adelajda dhe Moza q\u00c3\u00abndrojn\u00c3\u00ab n\u00c3\u00ab kuzhin\u00c3\u00ab dhe flasin p\u00c3\u00abr Arjonin. Moza i thot\u00c3\u00ab se d\u00c3\u00abgjoi q\u00c3\u00ab Arjoni do t\u00c3\u00ab flej\u00c3\u00ab n\u00c3\u00ab dhom\u00c3\u00abn e tyre sonte\",\"breadcrumb\":{\"@id\":\"https:\/\/www.visit-ulcinj.com\/blog\/2009\/02\/28\/minoza-e-adelajda-tashetheme\/#breadcrumb\"},\"inLanguage\":\"en-US\",\"potentialAction\":[{\"@type\":\"ReadAction\",\"target\":[\"https:\/\/www.visit-ulcinj.com\/blog\/2009\/02\/28\/minoza-e-adelajda-tashetheme\/\"]}]},{\"@type\":\"BreadcrumbList\",\"@id\":\"https:\/\/www.visit-ulcinj.com\/blog\/2009\/02\/28\/minoza-e-adelajda-tashetheme\/#breadcrumb\",\"itemListElement\":[{\"@type\":\"ListItem\",\"position\":1,\"name\":\"Mimoza \u00eb Adelajda : Tashetheme\"}]},{\"@type\":\"Person\",\"@id\":\"https:\/\/www.visit-ulcinj.com\/blog\/#\/schema\/person\/dcab619c614d3038751c63bc2aadc06d\",\"name\":\"ulqini\",\"sameAs\":[\"http:\/\/www.visit-ulcinj.com\"],\"url\":\"https:\/\/www.visit-ulcinj.com\/blog\/author\/admin\/\"}]}<\/script>\n<!-- \/ Yoast SEO plugin. -->","yoast_head_json":{"title":"Mimoza \u00c3\u00ab Adelajda : Tashetheme - Big Brother Albania","description":"Big Brother Albania - Pas fest\u00c3\u00abs, Adelajda dhe Moza q\u00c3\u00abndrojn\u00c3\u00ab n\u00c3\u00ab kuzhin\u00c3\u00ab dhe flasin p\u00c3\u00abr Arjonin. Moza i thot\u00c3\u00ab se d\u00c3\u00abgjoi q\u00c3\u00ab Arjoni do t\u00c3\u00ab flej\u00c3\u00ab n\u00c3\u00ab dhom\u00c3\u00abn e tyre sonte","robots":{"index":"index","follow":"follow","max-snippet":"max-snippet:-1","max-image-preview":"max-image-preview:large","max-video-preview":"max-video-preview:-1"},"canonical":"https:\/\/www.visit-ulcinj.com\/blog\/2009\/02\/28\/minoza-e-adelajda-tashetheme\/","og_locale":"en_US","og_type":"article","og_title":"Mimoza \u00c3\u00ab Adelajda : Tashetheme - Big Brother Albania","og_description":"Big Brother Albania - Pas fest\u00c3\u00abs, Adelajda dhe Moza q\u00c3\u00abndrojn\u00c3\u00ab n\u00c3\u00ab kuzhin\u00c3\u00ab dhe flasin p\u00c3\u00abr Arjonin. Moza i thot\u00c3\u00ab se d\u00c3\u00abgjoi q\u00c3\u00ab Arjoni do t\u00c3\u00ab flej\u00c3\u00ab n\u00c3\u00ab dhom\u00c3\u00abn e tyre sonte","og_url":"https:\/\/www.visit-ulcinj.com\/blog\/2009\/02\/28\/minoza-e-adelajda-tashetheme\/","og_site_name":"Lajme nga Ulqini","article_published_time":"2009-02-28T17:53:12+00:00","article_modified_time":"2009-02-28T18:04:11+00:00","og_image":[{"url":"http:\/\/www.visit-ulcinj.com\/blog\/wp-content\/uploads\/2009\/02\/thashethem-per-arjonin.jpg"}],"twitter_misc":{"Written by":"ulqini","Est. reading time":"1 minute"},"schema":{"@context":"https:\/\/schema.org","@graph":[{"@type":"WebSite","@id":"https:\/\/www.visit-ulcinj.com\/blog\/#website","url":"https:\/\/www.visit-ulcinj.com\/blog\/","name":"Lajme nga Ulqini","description":"Lajme,Vijesti,Ulqini,Ulqin,Crna Gora,Mali i Zi","potentialAction":[{"@type":"SearchAction","target":{"@type":"EntryPoint","urlTemplate":"https:\/\/www.visit-ulcinj.com\/blog\/?s={search_term_string}"},"query-input":"required name=search_term_string"}],"inLanguage":"en-US"},{"@type":"ImageObject","inLanguage":"en-US","@id":"https:\/\/www.visit-ulcinj.com\/blog\/2009\/02\/28\/minoza-e-adelajda-tashetheme\/#primaryimage","url":"http:\/\/www.visit-ulcinj.com\/blog\/wp-content\/uploads\/2009\/02\/thashethem-per-arjonin.jpg","contentUrl":"http:\/\/www.visit-ulcinj.com\/blog\/wp-content\/uploads\/2009\/02\/thashethem-per-arjonin.jpg"},{"@type":"WebPage","@id":"https:\/\/www.visit-ulcinj.com\/blog\/2009\/02\/28\/minoza-e-adelajda-tashetheme\/#webpage","url":"https:\/\/www.visit-ulcinj.com\/blog\/2009\/02\/28\/minoza-e-adelajda-tashetheme\/","name":"Mimoza \u00c3\u00ab Adelajda : Tashetheme - Big Brother Albania","isPartOf":{"@id":"https:\/\/www.visit-ulcinj.com\/blog\/#website"},"primaryImageOfPage":{"@id":"https:\/\/www.visit-ulcinj.com\/blog\/2009\/02\/28\/minoza-e-adelajda-tashetheme\/#primaryimage"},"datePublished":"2009-02-28T17:53:12+00:00","dateModified":"2009-02-28T18:04:11+00:00","author":{"@id":"https:\/\/www.visit-ulcinj.com\/blog\/#\/schema\/person\/dcab619c614d3038751c63bc2aadc06d"},"description":"Big Brother Albania - Pas fest\u00c3\u00abs, Adelajda dhe Moza q\u00c3\u00abndrojn\u00c3\u00ab n\u00c3\u00ab kuzhin\u00c3\u00ab dhe flasin p\u00c3\u00abr Arjonin. Moza i thot\u00c3\u00ab se d\u00c3\u00abgjoi q\u00c3\u00ab Arjoni do t\u00c3\u00ab flej\u00c3\u00ab n\u00c3\u00ab dhom\u00c3\u00abn e tyre sonte","breadcrumb":{"@id":"https:\/\/www.visit-ulcinj.com\/blog\/2009\/02\/28\/minoza-e-adelajda-tashetheme\/#breadcrumb"},"inLanguage":"en-US","potentialAction":[{"@type":"ReadAction","target":["https:\/\/www.visit-ulcinj.com\/blog\/2009\/02\/28\/minoza-e-adelajda-tashetheme\/"]}]},{"@type":"BreadcrumbList","@id":"https:\/\/www.visit-ulcinj.com\/blog\/2009\/02\/28\/minoza-e-adelajda-tashetheme\/#breadcrumb","itemListElement":[{"@type":"ListItem","position":1,"name":"Mimoza \u00eb Adelajda : Tashetheme"}]},{"@type":"Person","@id":"https:\/\/www.visit-ulcinj.com\/blog\/#\/schema\/person\/dcab619c614d3038751c63bc2aadc06d","name":"ulqini","sameAs":["http:\/\/www.visit-ulcinj.com"],"url":"https:\/\/www.visit-ulcinj.com\/blog\/author\/admin\/"}]}},"jetpack_featured_media_url":"","jetpack_sharing_enabled":true,"jetpack_shortlink":"https:\/\/wp.me\/pe6lTn-3gx","_links":{"self":[{"href":"https:\/\/www.visit-ulcinj.com\/blog\/wp-json\/wp\/v2\/posts\/12557"}],"collection":[{"href":"https:\/\/www.visit-ulcinj.com\/blog\/wp-json\/wp\/v2\/posts"}],"about":[{"href":"https:\/\/www.visit-ulcinj.com\/blog\/wp-json\/wp\/v2\/types\/post"}],"author":[{"embeddable":true,"href":"https:\/\/www.visit-ulcinj.com\/blog\/wp-json\/wp\/v2\/users\/1"}],"replies":[{"embeddable":true,"href":"https:\/\/www.visit-ulcinj.com\/blog\/wp-json\/wp\/v2\/comments?post=12557"}],"version-history":[{"count":0,"href":"https:\/\/www.visit-ulcinj.com\/blog\/wp-json\/wp\/v2\/posts\/12557\/revisions"}],"wp:attachment":[{"href":"https:\/\/www.visit-ulcinj.com\/blog\/wp-json\/wp\/v2\/media?parent=12557"}],"wp:term":[{"taxonomy":"category","embeddable":true,"href":"https:\/\/www.visit-ulcinj.com\/blog\/wp-json\/wp\/v2\/categories?post=12557"},{"taxonomy":"post_tag","embeddable":true,"href":"https:\/\/www.visit-ulcinj.com\/blog\/wp-json\/wp\/v2\/tags?post=12557"}],"curies":[{"name":"wp","href":"https:\/\/api.w.org\/{rel}","templated":true}]}}