{"id":12560,"date":"2009-02-28T18:56:33","date_gmt":"2009-02-28T17:56:33","guid":{"rendered":"http:\/\/www.visit-ulcinj.com\/blog\/?p=12560"},"modified":"2009-02-28T18:56:33","modified_gmt":"2009-02-28T17:56:33","slug":"adi-e-dritani-ne-mengjes","status":"publish","type":"post","link":"https:\/\/www.visit-ulcinj.com\/blog\/2009\/02\/28\/adi-e-dritani-ne-mengjes\/","title":{"rendered":"Adi \u00eb Dritani : N\u00eb m\u00ebngjes"},"content":{"rendered":"<p><em><span class=\"newsdate\"><span style=\"font-style: normal;\"><a href=\"http:\/\/www.visit-ulcinj.com\/blog\/wp-content\/uploads\/2009\/02\/adi-tani.jpg\"><img loading=\"lazy\" class=\"alignleft size-full wp-image-12561\" title=\"adi-tani-big-brother-albania\" src=\"http:\/\/www.visit-ulcinj.com\/blog\/wp-content\/uploads\/2009\/02\/adi-tani.jpg\" alt=\"adi-tani-big-brother-albania\" width=\"300\" height=\"205\" \/><\/a><\/span>28\/02\/09 10:55<\/span><\/em><\/p>\n<p>Vet\u00ebm Dritani dhe Adi jan\u00eb ngritur k\u00ebt\u00eb m\u00ebngjes. Ata shoq\u00ebrojn\u00eb njeri-tjetrin n\u00eb kop\u00ebsht. T\u00eb dy b\u00ebjn\u00eb biseda t\u00eb shkurtra e me tema t\u00eb ndryshme. Dritani hap bised\u00ebn duke i th\u00ebn\u00eb Adit se do t\u00eb ishte keq n\u00ebse e humbasin prov\u00ebn e k\u00ebsaj jave. Ai thot\u00eb se nga java n\u00eb jav\u00eb loja po b\u00ebhet m\u00eb e fort\u00eb dhe uron q\u00eb njer\u00ebzit q\u00eb kan\u00eb jasht\u00eb t\u2019i mb\u00ebshtesin sa m\u00eb shum\u00eb. Adi ja kthen se edhe jasht\u00eb b\u00ebhet loj\u00eb e fort\u00eb.<br \/>\nDritani i tregon Adit se kur kishte shkuar p\u00ebr t\u00eb nd\u00ebrruar baterit\u00eb e Agonit, kishte v\u00ebn\u00eb re se ai nuk ndodhej n\u00eb shtratin e tij por, kishte shkuar nga dhoma e vajzave si Arjoni.<br \/>\nAdi mendon se jav\u00ebn tjet\u00ebr t\u00eb organizojn\u00eb nj\u00eb \u201charem party\u201d e t\u00eb vishen me callma kurse vajzat t\u00eb mbulohen me shami. Dritani i thot\u00eb se ndoshta zysha nuk do t\u00eb jet\u00eb dakord kurse Adi pa prishur terezin\u00eb i thot\u00eb se ajo mos t\u00eb k\u00ebrcej\u00eb fare.<\/p>\n","protected":false},"excerpt":{"rendered":"<p>28\/02\/09 10:55 Vet\u00ebm Dritani dhe Adi jan\u00eb ngritur k\u00ebt\u00eb m\u00ebngjes. Ata shoq\u00ebrojn\u00eb njeri-tjetrin n\u00eb kop\u00ebsht. T\u00eb dy b\u00ebjn\u00eb biseda t\u00eb shkurtra e me tema t\u00eb ndryshme. Dritani hap bised\u00ebn duke i th\u00ebn\u00eb Adit se do t\u00eb ishte keq n\u00ebse e humbasin prov\u00ebn e k\u00ebsaj jave. Ai thot\u00eb se nga java n\u00eb jav\u00eb loja po b\u00ebhet [&hellip;]<\/p>\n","protected":false},"author":1,"featured_media":0,"comment_status":"open","ping_status":"closed","sticky":false,"template":"","format":"standard","meta":{"spay_email":"","jetpack_publicize_message":"","jetpack_is_tweetstorm":false,"jetpack_publicize_feature_enabled":true},"categories":[6502],"tags":[1414,7191,6541,5057,6506,6712,7129,6538,7301,1389,6891,6693,6887],"jetpack_publicize_connections":[],"yoast_head":"<!-- This site is optimized with the Yoast SEO plugin v19.1 - https:\/\/yoast.com\/wordpress\/plugins\/seo\/ -->\n<title>Adi \u00c3\u00ab Dritani : N\u00c3\u00ab m\u00c3\u00abngjes - Big Brother Albania<\/title>\n<meta name=\"description\" content=\"Big Brother Albania - Vet\u00c3\u00abm Dritani dhe Adi jan\u00c3\u00ab ngritur k\u00c3\u00abt\u00c3\u00ab m\u00c3\u00abngjes. Ata shoq\u00c3\u00abrojn\u00c3\u00ab njeri-tjetrin n\u00c3\u00ab kop\u00c3\u00absht.\" \/>\n<meta name=\"robots\" content=\"index, follow, max-snippet:-1, max-image-preview:large, max-video-preview:-1\" \/>\n<link rel=\"canonical\" href=\"https:\/\/www.visit-ulcinj.com\/blog\/2009\/02\/28\/adi-e-dritani-ne-mengjes\/\" \/>\n<meta property=\"og:locale\" content=\"en_US\" \/>\n<meta property=\"og:type\" content=\"article\" \/>\n<meta property=\"og:title\" content=\"Adi \u00c3\u00ab Dritani : N\u00c3\u00ab m\u00c3\u00abngjes - Big Brother Albania\" \/>\n<meta property=\"og:description\" content=\"Big Brother Albania - Vet\u00c3\u00abm Dritani dhe Adi jan\u00c3\u00ab ngritur k\u00c3\u00abt\u00c3\u00ab m\u00c3\u00abngjes. Ata shoq\u00c3\u00abrojn\u00c3\u00ab njeri-tjetrin n\u00c3\u00ab kop\u00c3\u00absht.\" \/>\n<meta property=\"og:url\" content=\"https:\/\/www.visit-ulcinj.com\/blog\/2009\/02\/28\/adi-e-dritani-ne-mengjes\/\" \/>\n<meta property=\"og:site_name\" content=\"Lajme nga Ulqini\" \/>\n<meta property=\"article:published_time\" content=\"2009-02-28T17:56:33+00:00\" \/>\n<meta property=\"og:image\" content=\"http:\/\/www.visit-ulcinj.com\/blog\/wp-content\/uploads\/2009\/02\/adi-tani.jpg\" \/>\n<meta name=\"twitter:label1\" content=\"Written by\" \/>\n\t<meta name=\"twitter:data1\" content=\"ulqini\" \/>\n\t<meta name=\"twitter:label2\" content=\"Est. reading time\" \/>\n\t<meta name=\"twitter:data2\" content=\"1 minute\" \/>\n<script type=\"application\/ld+json\" class=\"yoast-schema-graph\">{\"@context\":\"https:\/\/schema.org\",\"@graph\":[{\"@type\":\"WebSite\",\"@id\":\"https:\/\/www.visit-ulcinj.com\/blog\/#website\",\"url\":\"https:\/\/www.visit-ulcinj.com\/blog\/\",\"name\":\"Lajme nga Ulqini\",\"description\":\"Lajme,Vijesti,Ulqini,Ulqin,Crna Gora,Mali i Zi\",\"potentialAction\":[{\"@type\":\"SearchAction\",\"target\":{\"@type\":\"EntryPoint\",\"urlTemplate\":\"https:\/\/www.visit-ulcinj.com\/blog\/?s={search_term_string}\"},\"query-input\":\"required name=search_term_string\"}],\"inLanguage\":\"en-US\"},{\"@type\":\"ImageObject\",\"inLanguage\":\"en-US\",\"@id\":\"https:\/\/www.visit-ulcinj.com\/blog\/2009\/02\/28\/adi-e-dritani-ne-mengjes\/#primaryimage\",\"url\":\"http:\/\/www.visit-ulcinj.com\/blog\/wp-content\/uploads\/2009\/02\/adi-tani.jpg\",\"contentUrl\":\"http:\/\/www.visit-ulcinj.com\/blog\/wp-content\/uploads\/2009\/02\/adi-tani.jpg\"},{\"@type\":\"WebPage\",\"@id\":\"https:\/\/www.visit-ulcinj.com\/blog\/2009\/02\/28\/adi-e-dritani-ne-mengjes\/#webpage\",\"url\":\"https:\/\/www.visit-ulcinj.com\/blog\/2009\/02\/28\/adi-e-dritani-ne-mengjes\/\",\"name\":\"Adi \u00c3\u00ab Dritani : N\u00c3\u00ab m\u00c3\u00abngjes - Big Brother Albania\",\"isPartOf\":{\"@id\":\"https:\/\/www.visit-ulcinj.com\/blog\/#website\"},\"primaryImageOfPage\":{\"@id\":\"https:\/\/www.visit-ulcinj.com\/blog\/2009\/02\/28\/adi-e-dritani-ne-mengjes\/#primaryimage\"},\"datePublished\":\"2009-02-28T17:56:33+00:00\",\"dateModified\":\"2009-02-28T17:56:33+00:00\",\"author\":{\"@id\":\"https:\/\/www.visit-ulcinj.com\/blog\/#\/schema\/person\/dcab619c614d3038751c63bc2aadc06d\"},\"description\":\"Big Brother Albania - Vet\u00c3\u00abm Dritani dhe Adi jan\u00c3\u00ab ngritur k\u00c3\u00abt\u00c3\u00ab m\u00c3\u00abngjes. Ata shoq\u00c3\u00abrojn\u00c3\u00ab njeri-tjetrin n\u00c3\u00ab kop\u00c3\u00absht.\",\"breadcrumb\":{\"@id\":\"https:\/\/www.visit-ulcinj.com\/blog\/2009\/02\/28\/adi-e-dritani-ne-mengjes\/#breadcrumb\"},\"inLanguage\":\"en-US\",\"potentialAction\":[{\"@type\":\"ReadAction\",\"target\":[\"https:\/\/www.visit-ulcinj.com\/blog\/2009\/02\/28\/adi-e-dritani-ne-mengjes\/\"]}]},{\"@type\":\"BreadcrumbList\",\"@id\":\"https:\/\/www.visit-ulcinj.com\/blog\/2009\/02\/28\/adi-e-dritani-ne-mengjes\/#breadcrumb\",\"itemListElement\":[{\"@type\":\"ListItem\",\"position\":1,\"name\":\"Adi \u00eb Dritani : N\u00eb m\u00ebngjes\"}]},{\"@type\":\"Person\",\"@id\":\"https:\/\/www.visit-ulcinj.com\/blog\/#\/schema\/person\/dcab619c614d3038751c63bc2aadc06d\",\"name\":\"ulqini\",\"sameAs\":[\"http:\/\/www.visit-ulcinj.com\"],\"url\":\"https:\/\/www.visit-ulcinj.com\/blog\/author\/admin\/\"}]}<\/script>\n<!-- \/ Yoast SEO plugin. -->","yoast_head_json":{"title":"Adi \u00c3\u00ab Dritani : N\u00c3\u00ab m\u00c3\u00abngjes - Big Brother Albania","description":"Big Brother Albania - Vet\u00c3\u00abm Dritani dhe Adi jan\u00c3\u00ab ngritur k\u00c3\u00abt\u00c3\u00ab m\u00c3\u00abngjes. Ata shoq\u00c3\u00abrojn\u00c3\u00ab njeri-tjetrin n\u00c3\u00ab kop\u00c3\u00absht.","robots":{"index":"index","follow":"follow","max-snippet":"max-snippet:-1","max-image-preview":"max-image-preview:large","max-video-preview":"max-video-preview:-1"},"canonical":"https:\/\/www.visit-ulcinj.com\/blog\/2009\/02\/28\/adi-e-dritani-ne-mengjes\/","og_locale":"en_US","og_type":"article","og_title":"Adi \u00c3\u00ab Dritani : N\u00c3\u00ab m\u00c3\u00abngjes - Big Brother Albania","og_description":"Big Brother Albania - Vet\u00c3\u00abm Dritani dhe Adi jan\u00c3\u00ab ngritur k\u00c3\u00abt\u00c3\u00ab m\u00c3\u00abngjes. Ata shoq\u00c3\u00abrojn\u00c3\u00ab njeri-tjetrin n\u00c3\u00ab kop\u00c3\u00absht.","og_url":"https:\/\/www.visit-ulcinj.com\/blog\/2009\/02\/28\/adi-e-dritani-ne-mengjes\/","og_site_name":"Lajme nga Ulqini","article_published_time":"2009-02-28T17:56:33+00:00","og_image":[{"url":"http:\/\/www.visit-ulcinj.com\/blog\/wp-content\/uploads\/2009\/02\/adi-tani.jpg"}],"twitter_misc":{"Written by":"ulqini","Est. reading time":"1 minute"},"schema":{"@context":"https:\/\/schema.org","@graph":[{"@type":"WebSite","@id":"https:\/\/www.visit-ulcinj.com\/blog\/#website","url":"https:\/\/www.visit-ulcinj.com\/blog\/","name":"Lajme nga Ulqini","description":"Lajme,Vijesti,Ulqini,Ulqin,Crna Gora,Mali i Zi","potentialAction":[{"@type":"SearchAction","target":{"@type":"EntryPoint","urlTemplate":"https:\/\/www.visit-ulcinj.com\/blog\/?s={search_term_string}"},"query-input":"required name=search_term_string"}],"inLanguage":"en-US"},{"@type":"ImageObject","inLanguage":"en-US","@id":"https:\/\/www.visit-ulcinj.com\/blog\/2009\/02\/28\/adi-e-dritani-ne-mengjes\/#primaryimage","url":"http:\/\/www.visit-ulcinj.com\/blog\/wp-content\/uploads\/2009\/02\/adi-tani.jpg","contentUrl":"http:\/\/www.visit-ulcinj.com\/blog\/wp-content\/uploads\/2009\/02\/adi-tani.jpg"},{"@type":"WebPage","@id":"https:\/\/www.visit-ulcinj.com\/blog\/2009\/02\/28\/adi-e-dritani-ne-mengjes\/#webpage","url":"https:\/\/www.visit-ulcinj.com\/blog\/2009\/02\/28\/adi-e-dritani-ne-mengjes\/","name":"Adi \u00c3\u00ab Dritani : N\u00c3\u00ab m\u00c3\u00abngjes - Big Brother Albania","isPartOf":{"@id":"https:\/\/www.visit-ulcinj.com\/blog\/#website"},"primaryImageOfPage":{"@id":"https:\/\/www.visit-ulcinj.com\/blog\/2009\/02\/28\/adi-e-dritani-ne-mengjes\/#primaryimage"},"datePublished":"2009-02-28T17:56:33+00:00","dateModified":"2009-02-28T17:56:33+00:00","author":{"@id":"https:\/\/www.visit-ulcinj.com\/blog\/#\/schema\/person\/dcab619c614d3038751c63bc2aadc06d"},"description":"Big Brother Albania - Vet\u00c3\u00abm Dritani dhe Adi jan\u00c3\u00ab ngritur k\u00c3\u00abt\u00c3\u00ab m\u00c3\u00abngjes. Ata shoq\u00c3\u00abrojn\u00c3\u00ab njeri-tjetrin n\u00c3\u00ab kop\u00c3\u00absht.","breadcrumb":{"@id":"https:\/\/www.visit-ulcinj.com\/blog\/2009\/02\/28\/adi-e-dritani-ne-mengjes\/#breadcrumb"},"inLanguage":"en-US","potentialAction":[{"@type":"ReadAction","target":["https:\/\/www.visit-ulcinj.com\/blog\/2009\/02\/28\/adi-e-dritani-ne-mengjes\/"]}]},{"@type":"BreadcrumbList","@id":"https:\/\/www.visit-ulcinj.com\/blog\/2009\/02\/28\/adi-e-dritani-ne-mengjes\/#breadcrumb","itemListElement":[{"@type":"ListItem","position":1,"name":"Adi \u00eb Dritani : N\u00eb m\u00ebngjes"}]},{"@type":"Person","@id":"https:\/\/www.visit-ulcinj.com\/blog\/#\/schema\/person\/dcab619c614d3038751c63bc2aadc06d","name":"ulqini","sameAs":["http:\/\/www.visit-ulcinj.com"],"url":"https:\/\/www.visit-ulcinj.com\/blog\/author\/admin\/"}]}},"jetpack_featured_media_url":"","jetpack_sharing_enabled":true,"jetpack_shortlink":"https:\/\/wp.me\/pe6lTn-3gA","_links":{"self":[{"href":"https:\/\/www.visit-ulcinj.com\/blog\/wp-json\/wp\/v2\/posts\/12560"}],"collection":[{"href":"https:\/\/www.visit-ulcinj.com\/blog\/wp-json\/wp\/v2\/posts"}],"about":[{"href":"https:\/\/www.visit-ulcinj.com\/blog\/wp-json\/wp\/v2\/types\/post"}],"author":[{"embeddable":true,"href":"https:\/\/www.visit-ulcinj.com\/blog\/wp-json\/wp\/v2\/users\/1"}],"replies":[{"embeddable":true,"href":"https:\/\/www.visit-ulcinj.com\/blog\/wp-json\/wp\/v2\/comments?post=12560"}],"version-history":[{"count":0,"href":"https:\/\/www.visit-ulcinj.com\/blog\/wp-json\/wp\/v2\/posts\/12560\/revisions"}],"wp:attachment":[{"href":"https:\/\/www.visit-ulcinj.com\/blog\/wp-json\/wp\/v2\/media?parent=12560"}],"wp:term":[{"taxonomy":"category","embeddable":true,"href":"https:\/\/www.visit-ulcinj.com\/blog\/wp-json\/wp\/v2\/categories?post=12560"},{"taxonomy":"post_tag","embeddable":true,"href":"https:\/\/www.visit-ulcinj.com\/blog\/wp-json\/wp\/v2\/tags?post=12560"}],"curies":[{"name":"wp","href":"https:\/\/api.w.org\/{rel}","templated":true}]}}